{"id":3585,"date":"2018-03-20T22:29:29","date_gmt":"2018-03-20T22:29:29","guid":{"rendered":"https:\/\/laprensacristiana.com\/?p=3585"},"modified":"2020-07-02T00:13:54","modified_gmt":"2020-07-02T00:13:54","slug":"pablo-rosales-lanza-video-oficial-abran-las-puertas","status":"publish","type":"post","link":"https:\/\/laprensacristiana.com\/?p=3585","title":{"rendered":"Pablo Rosales lanza video oficial \u00abAbran las puertas\u00bb"},"content":{"rendered":"<p>El d\u00eda de hoy el cantante salvadore\u00f1o Pablo Rosales public\u00f3 en su canal de youtube el video oficial de su m\u00e1s reciente producci\u00f3n \u00abAbran las puertas\u00bb.<\/p>\n<p>\u00abAbran las puertas es el tema principal del disco y da nombre a todo el \u00e1lbum. Est\u00e1 basado en Salmos 24 y Mateo 6:10.\u00a0Y proclama el se\u00f1or\u00edo de Cristo por eso exhorta al pa\u00eds a la ciudad y a cada uno de nosotros para abrir las puertas de nuestro coraz\u00f3n al Rey de Gloria. Cuenta con la participaci\u00f3n de Thrazo haciendo unos versos de rap y es un tema que ya se encuentra en las primeras posiciones de algunas radios\u00bb Expres\u00f3 Rosales.<\/p>\n<p>Seg\u00fan nos informa muy pronto estar\u00e1n\u00a0disponibles las secuencias para que los equipos de alabanza pueden usarlas en las iglesias.<\/p>\n<p><iframe loading=\"lazy\" title=\"Abran las puertas (Video Oficial ) Pablo Rosales Feat THRAZO\" width=\"696\" height=\"392\" src=\"https:\/\/www.youtube.com\/embed\/9ZqGPkbUxVU?feature=oembed\" frameborder=\"0\" allow=\"accelerometer; autoplay; encrypted-media; gyroscope; picture-in-picture\" allowfullscreen><\/iframe><\/p>\n","protected":false},"excerpt":{"rendered":"<p>El d\u00eda de hoy el cantante salvadore\u00f1o Pablo Rosales public\u00f3 en su canal de youtube el video oficial de su m\u00e1s reciente producci\u00f3n \u00abAbran las puertas\u00bb. \u00abAbran las puertas es el tema principal del disco y da nombre a todo el \u00e1lbum. Est\u00e1 basado en Salmos 24 y Mateo 6:10.\u00a0Y proclama el se\u00f1or\u00edo de Cristo [&hellip;]<\/p>\n","protected":false},"author":3,"featured_media":3586,"comment_status":"open","ping_status":"open","sticky":false,"template":"","format":"standard","meta":[],"categories":[101],"tags":[],"yoast_head":"<!-- This site is optimized with the Yoast SEO plugin v20.8 - https:\/\/yoast.com\/wordpress\/plugins\/seo\/ -->\n<title>Pablo Rosales lanza video oficial &quot;Abran las puertas&quot; - La Prensa Cristiana<\/title>\n<meta name=\"robots\" content=\"index, follow, max-snippet:-1, max-image-preview:large, max-video-preview:-1\" \/>\n<link rel=\"canonical\" href=\"https:\/\/laprensacristiana.com\/?p=3585\" \/>\n<meta property=\"og:locale\" content=\"es_ES\" \/>\n<meta property=\"og:type\" content=\"article\" \/>\n<meta property=\"og:title\" content=\"Pablo Rosales lanza video oficial &quot;Abran las puertas&quot; - La Prensa Cristiana\" \/>\n<meta property=\"og:description\" content=\"El d\u00eda de hoy el cantante salvadore\u00f1o Pablo Rosales public\u00f3 en su canal de youtube el video oficial de su m\u00e1s reciente producci\u00f3n \u00abAbran las puertas\u00bb. \u00abAbran las puertas es el tema principal del disco y da nombre a todo el \u00e1lbum. Est\u00e1 basado en Salmos 24 y Mateo 6:10.\u00a0Y proclama el se\u00f1or\u00edo de Cristo [&hellip;]\" \/>\n<meta property=\"og:url\" content=\"https:\/\/laprensacristiana.com\/?p=3585\" \/>\n<meta property=\"og:site_name\" content=\"La Prensa Cristiana\" \/>\n<meta property=\"article:published_time\" content=\"2018-03-20T22:29:29+00:00\" \/>\n<meta property=\"article:modified_time\" content=\"2020-07-02T00:13:54+00:00\" \/>\n<meta property=\"og:image\" content=\"https:\/\/laprensacristiana.com\/wp-content\/uploads\/2018\/03\/pablo-rosales.jpg\" \/>\n\t<meta property=\"og:image:width\" content=\"632\" \/>\n\t<meta property=\"og:image:height\" content=\"354\" \/>\n\t<meta property=\"og:image:type\" content=\"image\/jpeg\" \/>\n<meta name=\"author\" content=\"EDITOR\" \/>\n<meta name=\"twitter:card\" content=\"summary_large_image\" \/>\n<meta name=\"twitter:label1\" content=\"Escrito por\" \/>\n\t<meta name=\"twitter:data1\" content=\"EDITOR\" \/>\n\t<meta name=\"twitter:label2\" content=\"Tiempo de lectura\" \/>\n\t<meta name=\"twitter:data2\" content=\"1 minuto\" \/>\n<script type=\"application\/ld+json\" class=\"yoast-schema-graph\">{\"@context\":\"https:\/\/schema.org\",\"@graph\":[{\"@type\":\"WebPage\",\"@id\":\"https:\/\/laprensacristiana.com\/?p=3585\",\"url\":\"https:\/\/laprensacristiana.com\/?p=3585\",\"name\":\"Pablo Rosales lanza video oficial \\\"Abran las puertas\\\" - La Prensa Cristiana\",\"isPartOf\":{\"@id\":\"https:\/\/laprensacristiana.com\/#website\"},\"datePublished\":\"2018-03-20T22:29:29+00:00\",\"dateModified\":\"2020-07-02T00:13:54+00:00\",\"author\":{\"@id\":\"https:\/\/laprensacristiana.com\/#\/schema\/person\/3e7d82c6bfd6b1fa67010f8f7cd5256e\"},\"breadcrumb\":{\"@id\":\"https:\/\/laprensacristiana.com\/?p=3585#breadcrumb\"},\"inLanguage\":\"es\",\"potentialAction\":[{\"@type\":\"ReadAction\",\"target\":[\"https:\/\/laprensacristiana.com\/?p=3585\"]}]},{\"@type\":\"BreadcrumbList\",\"@id\":\"https:\/\/laprensacristiana.com\/?p=3585#breadcrumb\",\"itemListElement\":[{\"@type\":\"ListItem\",\"position\":1,\"name\":\"Portada\",\"item\":\"https:\/\/laprensacristiana.com\/\"},{\"@type\":\"ListItem\",\"position\":2,\"name\":\"Pablo Rosales lanza video oficial \u00abAbran las puertas\u00bb\"}]},{\"@type\":\"WebSite\",\"@id\":\"https:\/\/laprensacristiana.com\/#website\",\"url\":\"https:\/\/laprensacristiana.com\/\",\"name\":\"La Prensa Cristiana\",\"description\":\"Anunciando Las Buenas Nuevas\",\"potentialAction\":[{\"@type\":\"SearchAction\",\"target\":{\"@type\":\"EntryPoint\",\"urlTemplate\":\"https:\/\/laprensacristiana.com\/?s={search_term_string}\"},\"query-input\":\"required name=search_term_string\"}],\"inLanguage\":\"es\"},{\"@type\":\"Person\",\"@id\":\"https:\/\/laprensacristiana.com\/#\/schema\/person\/3e7d82c6bfd6b1fa67010f8f7cd5256e\",\"name\":\"EDITOR\",\"image\":{\"@type\":\"ImageObject\",\"inLanguage\":\"es\",\"@id\":\"https:\/\/laprensacristiana.com\/#\/schema\/person\/image\/\",\"url\":\"https:\/\/secure.gravatar.com\/avatar\/72069dfb6c13772d9e8381e3638666d2?s=96&d=mm&r=g\",\"contentUrl\":\"https:\/\/secure.gravatar.com\/avatar\/72069dfb6c13772d9e8381e3638666d2?s=96&d=mm&r=g\",\"caption\":\"EDITOR\"},\"url\":\"https:\/\/laprensacristiana.com\/?author=3\"}]}<\/script>\n<!-- \/ Yoast SEO plugin. -->","yoast_head_json":{"title":"Pablo Rosales lanza video oficial \"Abran las puertas\" - La Prensa Cristiana","robots":{"index":"index","follow":"follow","max-snippet":"max-snippet:-1","max-image-preview":"max-image-preview:large","max-video-preview":"max-video-preview:-1"},"canonical":"https:\/\/laprensacristiana.com\/?p=3585","og_locale":"es_ES","og_type":"article","og_title":"Pablo Rosales lanza video oficial \"Abran las puertas\" - La Prensa Cristiana","og_description":"El d\u00eda de hoy el cantante salvadore\u00f1o Pablo Rosales public\u00f3 en su canal de youtube el video oficial de su m\u00e1s reciente producci\u00f3n \u00abAbran las puertas\u00bb. \u00abAbran las puertas es el tema principal del disco y da nombre a todo el \u00e1lbum. Est\u00e1 basado en Salmos 24 y Mateo 6:10.\u00a0Y proclama el se\u00f1or\u00edo de Cristo [&hellip;]","og_url":"https:\/\/laprensacristiana.com\/?p=3585","og_site_name":"La Prensa Cristiana","article_published_time":"2018-03-20T22:29:29+00:00","article_modified_time":"2020-07-02T00:13:54+00:00","og_image":[{"width":632,"height":354,"url":"https:\/\/laprensacristiana.com\/wp-content\/uploads\/2018\/03\/pablo-rosales.jpg","type":"image\/jpeg"}],"author":"EDITOR","twitter_card":"summary_large_image","twitter_misc":{"Escrito por":"EDITOR","Tiempo de lectura":"1 minuto"},"schema":{"@context":"https:\/\/schema.org","@graph":[{"@type":"WebPage","@id":"https:\/\/laprensacristiana.com\/?p=3585","url":"https:\/\/laprensacristiana.com\/?p=3585","name":"Pablo Rosales lanza video oficial \"Abran las puertas\" - La Prensa Cristiana","isPartOf":{"@id":"https:\/\/laprensacristiana.com\/#website"},"datePublished":"2018-03-20T22:29:29+00:00","dateModified":"2020-07-02T00:13:54+00:00","author":{"@id":"https:\/\/laprensacristiana.com\/#\/schema\/person\/3e7d82c6bfd6b1fa67010f8f7cd5256e"},"breadcrumb":{"@id":"https:\/\/laprensacristiana.com\/?p=3585#breadcrumb"},"inLanguage":"es","potentialAction":[{"@type":"ReadAction","target":["https:\/\/laprensacristiana.com\/?p=3585"]}]},{"@type":"BreadcrumbList","@id":"https:\/\/laprensacristiana.com\/?p=3585#breadcrumb","itemListElement":[{"@type":"ListItem","position":1,"name":"Portada","item":"https:\/\/laprensacristiana.com\/"},{"@type":"ListItem","position":2,"name":"Pablo Rosales lanza video oficial \u00abAbran las puertas\u00bb"}]},{"@type":"WebSite","@id":"https:\/\/laprensacristiana.com\/#website","url":"https:\/\/laprensacristiana.com\/","name":"La Prensa Cristiana","description":"Anunciando Las Buenas Nuevas","potentialAction":[{"@type":"SearchAction","target":{"@type":"EntryPoint","urlTemplate":"https:\/\/laprensacristiana.com\/?s={search_term_string}"},"query-input":"required name=search_term_string"}],"inLanguage":"es"},{"@type":"Person","@id":"https:\/\/laprensacristiana.com\/#\/schema\/person\/3e7d82c6bfd6b1fa67010f8f7cd5256e","name":"EDITOR","image":{"@type":"ImageObject","inLanguage":"es","@id":"https:\/\/laprensacristiana.com\/#\/schema\/person\/image\/","url":"https:\/\/secure.gravatar.com\/avatar\/72069dfb6c13772d9e8381e3638666d2?s=96&d=mm&r=g","contentUrl":"https:\/\/secure.gravatar.com\/avatar\/72069dfb6c13772d9e8381e3638666d2?s=96&d=mm&r=g","caption":"EDITOR"},"url":"https:\/\/laprensacristiana.com\/?author=3"}]}},"_links":{"self":[{"href":"https:\/\/laprensacristiana.com\/index.php?rest_route=\/wp\/v2\/posts\/3585"}],"collection":[{"href":"https:\/\/laprensacristiana.com\/index.php?rest_route=\/wp\/v2\/posts"}],"about":[{"href":"https:\/\/laprensacristiana.com\/index.php?rest_route=\/wp\/v2\/types\/post"}],"author":[{"embeddable":true,"href":"https:\/\/laprensacristiana.com\/index.php?rest_route=\/wp\/v2\/users\/3"}],"replies":[{"embeddable":true,"href":"https:\/\/laprensacristiana.com\/index.php?rest_route=%2Fwp%2Fv2%2Fcomments&post=3585"}],"version-history":[{"count":1,"href":"https:\/\/laprensacristiana.com\/index.php?rest_route=\/wp\/v2\/posts\/3585\/revisions"}],"predecessor-version":[{"id":3587,"href":"https:\/\/laprensacristiana.com\/index.php?rest_route=\/wp\/v2\/posts\/3585\/revisions\/3587"}],"wp:featuredmedia":[{"embeddable":true,"href":"https:\/\/laprensacristiana.com\/index.php?rest_route=\/wp\/v2\/media\/3586"}],"wp:attachment":[{"href":"https:\/\/laprensacristiana.com\/index.php?rest_route=%2Fwp%2Fv2%2Fmedia&parent=3585"}],"wp:term":[{"taxonomy":"category","embeddable":true,"href":"https:\/\/laprensacristiana.com\/index.php?rest_route=%2Fwp%2Fv2%2Fcategories&post=3585"},{"taxonomy":"post_tag","embeddable":true,"href":"https:\/\/laprensacristiana.com\/index.php?rest_route=%2Fwp%2Fv2%2Ftags&post=3585"}],"curies":[{"name":"wp","href":"https:\/\/api.w.org\/{rel}","templated":true}]}}