{"id":3597,"date":"2018-03-22T22:37:51","date_gmt":"2018-03-22T22:37:51","guid":{"rendered":"https:\/\/laprensacristiana.com\/?p=3597"},"modified":"2018-03-22T22:37:51","modified_gmt":"2018-03-22T22:37:51","slug":"el-aborto-es-asesinato","status":"publish","type":"post","link":"https:\/\/laprensacristiana.com\/?p=3597","title":{"rendered":"\u00bfEl aborto es asesinato?"},"content":{"rendered":"<div class=\"_2cuy _3dgx _2vxa\" style=\"text-align: justify;\"><em>Pastor Javier Dom\u00ednguez &#8211; iglesia Gracia Sobre Gracia<\/em><\/div>\n<div class=\"_2cuy _3dgx _2vxa\" style=\"text-align: justify;\"><\/div>\n<div class=\"_2cuy _3dgx _2vxa\" style=\"text-align: justify;\"><span class=\"_4yxo\">Una respuesta B\u00edblica Teol\u00f3gica a la intenci\u00f3n de despenalizar el aborto en El Salvador<\/span><\/div>\n<div class=\"_2cuy _3dgx _2vxa\" style=\"text-align: justify;\">La traici\u00f3n a la vida en apoyo a la cultura de la muerte por parte de algunos diputados que anunciaron su deseo de aprobar la despenalizaci\u00f3n del aborto antes de finalizar su per\u00edodo como legisladores; as\u00ed como la pasividad de algunos cristianos hacia esta tem\u00e1tica, es lo que me motiva a escribir este art\u00edculo.<\/div>\n<div class=\"_2cuy _3dgx _2vxa\" style=\"text-align: justify;\"><\/div>\n<div class=\"_2cuy _3dgx _2vxa\" style=\"text-align: justify;\">En esta ocasi\u00f3n mi aporte al tema es sobre si el aborto es considerado un asesinato desde la cosmovisi\u00f3n b\u00edblica. Los defensores de la vida responden contundentemente que s\u00ed, que el aborto es un asesinato. Presentan argumentos cient\u00edficos que demuestran que el no nacido es una persona viva y en crecimiento desde su concepci\u00f3n, por tanto, como toda persona tiene derecho a vivir. Pero \u00bfqu\u00e9 dice la Biblia? \u00bfacaso guarda silencio en este tema? \u00bfse considera al no-nato una persona? \u00bfLas Sagradas Escrituras contemplan el aborto como asesinato? La Biblia es la Palabra de Dios, fuente de la cual bebemos para crecer en la fe. La Biblia es autoridad para todo cristiano, no una autoridad, sino la \u00fanica y verdadera para las cuestiones de fe, pero tambi\u00e9n de la vida. Por eso debemos prestar atenci\u00f3n a lo que nos ense\u00f1a sobre este tema.<\/div>\n<div class=\"_2cuy _3dgx _2vxa\" style=\"text-align: justify;\">En este articulo abordar\u00e9 dos verdades b\u00edblicas de manera teol\u00f3gica para responder esas preguntas. En primer lugar, argumentar\u00e9 que seg\u00fan la Biblia todo embri\u00f3n dentro del vientre materno es una persona con alma y cuerpo; y en segundo lugar que, en consecuencia, el aborto no natural es considerado asesinato. Concluir\u00e9 haciendo un llamado a los cristianos verdaderos a dar una respuesta clara y b\u00edblica al tema de la despenalizaci\u00f3n del aborto en nuestro pa\u00eds.<\/div>\n<div class=\"_2cuy _3dgx _2vxa\" style=\"text-align: justify;\">\u00bfLA VIDA HUMANA COMIENZA CON LA CONCEPCION?<\/div>\n<div class=\"_2cuy _3dgx _2vxa\" style=\"text-align: justify;\"><span class=\"_4yxp\">Sal 139:13-16 Porque t\u00fa formaste mis entra\u00f1as; me hiciste en el seno de mi madre. 14 Te alabar\u00e9, porque asombrosa y maravillosamente he sido hecho; maravillosas son tus obras, y mi alma lo sabe muy bien. 15 No estaba oculto de ti mi cuerpo, cuando en secreto fui formado, y entretejido en las profundidades de la tierra. 16 Tus ojos vieron mi embri\u00f3n, y en tu libro se escribieron todos los d\u00edas que me fueron dados, cuando no exist\u00eda ni uno solo de ellos.<\/span><\/div>\n<div class=\"_2cuy _3dgx _2vxa\" style=\"text-align: justify;\">En el Salmo 139 David es acusado falsamente de idolatr\u00eda. \u00c9l clama a Dios para que le ayude a mostrar su inocencia, sobre la base de la omnisciencia y omnipresencia del Dios Creador, quien conoce al salmista desde antes de crearlo en el vientre de su madre, porque como un alfarero lo hizo en el vientre de su madre, y como un tejedor lo teji\u00f3 dentro de ella. En este texto encuentro tres verdades relevantes a la discusi\u00f3n sobre si b\u00edblicamente el aborto es asesinato o no:<\/div>\n<div class=\"_2cuy _3dgx _2vxa\" style=\"text-align: justify;\"><span class=\"_4yxo\">La vida humana comienza desde el d\u00eda de la concepci\u00f3n<\/span>. Para que alguien sea considerado un ser humano se requiere que posea una parte material o \u201ccuerpo\u201d unido a su parte inmaterial consciente o \u201calma\u201d. En este texto vemos que Dios le asigna ambas condiciones a David desde el momento de su concepci\u00f3n. En la frase \u201cformaste mis entra\u00f1as\u201d, el verbo \u201cformaste\u201d en el idioma original, tiene el sentido de ser \u201ccreado\u201d o \u201ctra\u00eddo a existencia\u201d. La palabra en hebreo correspondiente para entra\u00f1as es \u201cri\u00f1ones\u201d, un modismo com\u00fan usado para referirse a la conciencia del hombre, a la parte m\u00e1s profunda del ser humano, donde se experimentan los sentimientos y la conciencia del bien o del mal o \u201cmoralidad\u201d de la persona; funciones exclusivas del alma humana. (vea el uso de este modismo en Ap. 2:23). As\u00ed el salmista David reconoce que \u00e9l es una persona desde su concepci\u00f3n. Desde antes de nacer, durante su crecimiento dentro del vientre, en su nacimiento y hasta su vejez, \u00e9l fue y ser\u00eda una persona en cada etapa de su vida. La Biblia por tanto est\u00e1 afirmando que desde la concepci\u00f3n todos somos personas completas, pues no solo tenemos un cuerpo en formaci\u00f3n dado por Dios, sino tambi\u00e9n un alma funcionando.<\/div>\n<ol class=\"_5a_q _509r\" dir=\"ltr\" style=\"text-align: justify;\">\n<li class=\"_2cuy _509s _2vxa\"><span class=\"_4yxo\">El \u201cembri\u00f3n\u201d dentro del vientre es considerado una persona, aun cuando su cuerpo no se ha desarrollado plenamente. <\/span>David escribe en este salmo \u201c<span class=\"_4yxp\">tus ojos vieron mi embri\u00f3n<\/span>\u201d. La palabra para embri\u00f3n es \u201cgolem\u201d, tiene el sentido de una materia o sustancia viva, pero sin forma, es decir, es una etapa antes de que se considere un feto. Esto equivale a lo que hoy llamamos embri\u00f3n. As\u00ed al escribir esto, el salmista se\u00f1ala que vino a ser una persona desde el d\u00eda uno de su concepci\u00f3n, y desde ese momento en el libro de Dios se escribieron \u201c<span class=\"_4yxp\">todos los d\u00edas<\/span>\u201d que le fueron dados para vivir como hombre, a\u00fan \u201ccuando no exist\u00eda ni uno solo de ellos\u201d.<\/li>\n<li class=\"_2cuy _509s _2vxa\">El salmista confirma esta idea al decir \u201c<span class=\"_4yxp\">no estaba oculto de ti mi cuerpo, cuando en secreto fui formado<\/span>\u201d. Lo que est\u00e1 diciendo David es que desde que era un embri\u00f3n, a\u00fan sin forma humana, fue considerado por Dios, su Creador, como cuerpo y alma a la vez, como una persona completa desde el vientre de su madre. El embri\u00f3n mismo como sustancia material en formaci\u00f3n, es considerada cuerpo-alma, una persona real a la cual Dios, habiendo creado, est\u00e1 desarrollando, har\u00e1 nacer y crecer para luego relacionarse con \u00e9l como su Creador. Esto es maravilloso.<\/li>\n<li class=\"_2cuy _509s _2vxa\"><span class=\"_4yxo\">Dios es nuestro Creador, \u00c9l es due\u00f1o de cada persona<\/span>. David dice \u201c<span class=\"_4yxp\">Te alabar\u00e9, porque asombrosa y maravillosamente he sido hecho; maravillosas son tus obras, y mi alma lo sabe muy bien<\/span>\u201d. Reconoce que \u00e9l mismo, como persona, es una maravillosa \u201cobra\u201d de Dios. Alma y cuerpo fueron \u201chechos\u201d por \u00c9l. As\u00ed, por tanto, el derecho definitivo al uso del cuerpo no corresponde a David, sino a su Creador, al dador de la vida, a quien alaba porque asombrosa y maravillosamente le hizo persona.<\/li>\n<\/ol>\n<div class=\"_2cuy _3dgx _2vxa\" style=\"text-align: justify;\">El Salmo 139 nos ense\u00f1a que la vida humana surge desde el d\u00eda uno de la concepci\u00f3n, pero este no es el \u00fanico pasaje que lo afirma, aunque probablemente s\u00ed sea el m\u00e1s contundente. En el libro de Job vemos que a causa de su profundo sufrimiento lleg\u00f3 a decir \u201c<span class=\"_4yxp\">Perezca el d\u00eda en que yo nac\u00ed, y la noche que dijo: Un var\u00f3n ha sido concebido<\/span>.\u201d (Job 3:3). En hebreo el sustantivo var\u00f3n significa \u201chombre adulto\u201d, mientras que el verbo en tiempo pasado \u201cconcebido\u201d significa \u201cfue pre\u00f1ada\u201d. As\u00ed vemos que para las Sagradas Escrituras el hombre adulto es considerado una persona desde el d\u00eda en que fue concebido en el vientre de su madre. El no-nato es un ser humano, poseedor de alma-cuerpo, una persona.<\/div>\n<div class=\"_2cuy _3dgx _2vxa\" style=\"text-align: justify;\">Otro texto que nos muestra esta verdad es Lucas 1:39-45. Aqu\u00ed se nos narra la visita de Mar\u00eda, mientras estaba embarazada, a su prima Elisabet, qui\u00e9n en ese momento ten\u00eda 6 meses de embarazo. Dice <span class=\"_4yxp\">Luc 1:39 \u201cEn<\/span> <span class=\"_4yxp\">esos d\u00edas Mar\u00eda se levant\u00f3 y fue apresuradamente a la regi\u00f3n monta\u00f1osa, a una ciudad de<\/span> <span class=\"_4yxp\">Jud\u00e1\u201d<\/span>. Esto es importante porque fue durante los primeros d\u00edas de su concepci\u00f3n. Hoy sabemos que un embri\u00f3n se implanta en el \u00fatero de la mujer entre el cuarto y s\u00e9ptimo d\u00eda despu\u00e9s de haber sido concebido. Por tanto, es muy probable que fue dentro de ese rango de tiempo que Mar\u00eda visitara a su prima. Lucas nos narra lo que sucedi\u00f3 cuando lleg\u00f3 <span class=\"_4yxp\">Luc<\/span> <span class=\"_4yxp\">1:41-43 \u201cY aconteci\u00f3 que cuando Elisabet oy\u00f3 el saludo de Mar\u00eda, la criatura salt\u00f3 en su<\/span> <span class=\"_4yxp\">vientre; y Elisabet fue llena del Esp\u00edritu Santo, 42 y exclam\u00f3 a gran voz y dijo: \u00a1Bendita t\u00fa entre<\/span> <span class=\"_4yxp\">las mujeres, y bendito el fruto de tu vientre! 43 \u00bfPor qu\u00e9 me ha acontecido esto a m\u00ed, que la<\/span> <span class=\"_4yxp\">madre de mi Se\u00f1or venga a m\u00ed?\u201d <\/span>Elisabet, llena del Esp\u00edritu Santo, exclam\u00f3 \u201cbendito el fruto de tu vientre\u201d. La palabra \u201c<span class=\"_4yxp\">karpos<\/span>\u201d puede significar \u201cfruto\u201d, \u201cproducto\u201d o \u201ccosecha\u201d; pero a su vez los jud\u00edos la usaban para referirse al \u201cbeb\u00e9\u201d. Esto lo vemos en Hechos 2:30 traducido como \u201cdescendencia\u201d. As\u00ed cuando Elisabet exclama \u201c<span class=\"_4yxp\">fruto de tu vientre<\/span>\u201d est\u00e1 se\u00f1alando al embri\u00f3n reci\u00e9n plantado en el \u00fatero de Mar\u00eda, al cual llama \u201cmi Se\u00f1or\u201d. Esto es impresionante. Elisabet reconoce ese embri\u00f3n como el Se\u00f1or Soberano de todas las cosas, el Cristo profetizado, aun cuando faltaban 9 meses para que Jes\u00fas naciera. As\u00ed, cuando el Esp\u00edritu Santo testifica como \u201cSe\u00f1or\u00bb al embri\u00f3n reci\u00e9n implantado en el vientre de Mar\u00eda, est\u00e1 a su vez demostrando que ya era una persona con alma y cuerpo desde antes de nacer.<\/div>\n<div class=\"_2cuy _3dgx _2vxa\" style=\"text-align: justify;\">Dios encarn\u00f3 en la persona de Jes\u00fas, vino a ser humano a partir del momento de su concepci\u00f3n. En este punto de la argumentaci\u00f3n podr\u00eda concluir de manera l\u00f3gica que por cuanto la Biblia ha demostrado que la vida humana comienza desde la concepci\u00f3n, el aborto en cualquier etapa del embarazo debe ser considerado asesinato. Pero aun as\u00ed quiero dejar que la Biblia nos hable de eso.<\/div>\n<div class=\"_2cuy _3dgx _2vxa\" style=\"text-align: justify;\">\u00bfES EL ABORTO UN ASESINATO?<\/div>\n<div class=\"_2cuy _3dgx _2vxa\" style=\"text-align: justify;\">Dentro de las leyes que Dios dio a Mois\u00e9s Ex 21:22-23 dice <span class=\"_4yxp\">\u201csi unos hombres ri\u00f1en, y hieren a una mujer encinta, y sus hijos salen sin haber m\u00e1s da\u00f1o, ciertamente ser\u00e1n multados seg\u00fan lo que el marido de la mujer imponga sobre ellos y les sea impuesto por los jueces. 23 Pero si se produce una desgracia, entonces dar\u00e1s vida por vida\u201d<\/span>. El vers\u00edculo 22 afirma que, si accidentalmente alguien causaba un parto prematuro a una mujer embarazada, pero si sus hijos salen sin da\u00f1o y ella no muere, el agresor deb\u00eda dar una compensaci\u00f3n impuesta por las autoridades. Pero el vers\u00edculo 23 dice que, aunque fuera un accidente, si alguna desgracia se produjera, refiri\u00e9ndose a la muerte ya sea de los hijos abortados o de la mujer por causa del aborto, el agresor deb\u00eda de pagar con su propia vida.<\/div>\n<div class=\"_2cuy _3dgx _2vxa\" style=\"text-align: justify;\">Esta es la aplicaci\u00f3n del principio \u201cojo por ojo\u201d conocido como Ley del Tali\u00f3n, una ley que solo pod\u00eda ser impuesta y ejecutada por las autoridades. Este texto nos ense\u00f1a dos verdades importantes:<\/div>\n<div class=\"_2cuy _3dgx _2vxa\" style=\"text-align: justify;\">1. <span class=\"_4yxo\">Los beb\u00e9s no nacidos son personas en cualquier etapa de gestaci\u00f3n.<\/span> La aplicaci\u00f3n de la Ley del Tali\u00f3n contra el causante que llevara a la pr\u00e1ctica, a\u00fan accidental, de un aborto, nos confirma que consideraban al bebe no-nacido una persona con derecho a la vida, que deb\u00eda ser protegido por las autoridades.<\/div>\n<div class=\"_2cuy _3dgx _2vxa\" style=\"text-align: justify;\">2.<span class=\"_4yxo\"> Cualquier da\u00f1o mortal contra la mujer embarazada o contra sus embriones a causa de un aborto no natural, constitu\u00eda una negligencia criminal que implicaba responsabilidades penales<\/span>. Es decir que, para Dios, ante Dios y en su Ley, el aborto no natural siempre ha sido y ser\u00e1 asesinato, pues el no nacido es una persona con alma y cuerpo desde su concepci\u00f3n.<\/div>\n<div class=\"_2cuy _3dgx _2vxa\" style=\"text-align: justify;\">Vemos en la Biblia que el aborto es considerado un pecado de asesinato por cuanto desde el momento de la concepci\u00f3n ya se es persona, ser humano, individuo con alma y cuerpo, aunque \u00e9ste \u00faltimo est\u00e1 en formaci\u00f3n.<\/div>\n<div class=\"_2cuy _3dgx _2vxa\" style=\"text-align: justify;\">La iglesia primitiva tambi\u00e9n lo vio as\u00ed. En la Didach\u00e9 o Ense\u00f1anza de los doce ap\u00f3stoles, libro escrito en el 70 d.C aproximadamente, a\u00fan \u00e9poca de los ap\u00f3stoles, se ordena en el segundo mandamiento <span class=\"_4yxp\">\u201cNo matar\u00e1s,\u2026 ni matar\u00e1s a un ni\u00f1o con un aborto, ni matar\u00e1s al reci\u00e9n<\/span> <span class=\"_4yxp\">nacido\u2026\u201d (2,2).<\/span><\/div>\n<div class=\"_2cuy _3dgx _2vxa\" style=\"text-align: justify;\">En la ep\u00edstola de Bernab\u00e9, escrita entre el 70-79 d.C, en el p\u00e1rrafo 17 titulado \u201cEl camino de la luz\u201d, este padre de la iglesia escribi\u00f3 <span class=\"_4yxp\">\u201cNo estar\u00e1s indeciso sobre si una cosa es o no es. No<\/span> <span class=\"_4yxp\">tomar\u00e1s el nombre del Se\u00f1or en vano. Amar\u00e1s a tu pr\u00f3jimo m\u00e1s que a tu propia alma. No<\/span> <span class=\"_4yxp\">matar\u00e1s a un ni\u00f1o en un aborto, ni tampoco lo matar\u00e1s cuando haya nacido\u201d.<\/span><\/div>\n<div class=\"_2cuy _3dgx _2vxa\" style=\"text-align: justify;\">En la ep\u00edstola de Diogneto, probablemente escrita en el siglo II, en el p\u00e1rrafo 5 donde escribe acerca de las diferencias en la pr\u00e1ctica de vida entre los creyentes y de los que no lo son, dice acerca de los cristianos <span class=\"_4yxp\">\u201cSe casan como todos los dem\u00e1s hombres y engendran hijos; pero no se<\/span> <span class=\"_4yxp\">desembarazan de su descendencia\u2026\u201d<\/span><\/div>\n<div class=\"_2cuy _3dgx _2vxa\" style=\"text-align: justify;\">Tertuliano en su libro Apolog\u00eda escrito a finales del s. II d.C., en el cap\u00edtulo 9:8 escribe <span class=\"_4yxp\">\u201cEl asesinato, estando una vez y para siempre prohibido, no permite destruir ni siquiera el feto en el vientre&#8230; Obstaculizar un nacimiento es meramente una forma m\u00e1s r\u00e1pida de matar; no importa si tomas una vida nacida o destruyes una que va a nacer. Ese es un hombre que va a ser; tienes la fruta ya en la semilla<\/span>\u201d.<\/div>\n<div class=\"_2cuy _3dgx _2vxa\" style=\"text-align: justify;\">Todo esto ofrece una evidencia de que para la Biblia y para los cristianos comprometidos con el evangelio de Jesucristo, el aborto no natural es considerado asesinato y conlleva responsabilidad penal a quien lo realiza.<\/div>\n<div class=\"_2cuy _3dgx _2vxa\" style=\"text-align: justify;\">UN LLAMADO A LOS VERDADEROS CRISTIANOS<\/div>\n<div class=\"_2cuy _3dgx _2vxa\" style=\"text-align: justify;\">Lamentablemente, algunos diputados de nuestro pa\u00eds, en compromiso con la agenda pro-aborto, quieren despenalizarlo en este mes, antes de dejar sus funciones legislativas. Esto no solo es un retroceso en t\u00e9rminos morales, sino una traici\u00f3n a la voluntad de la mayor\u00eda de los salvadore\u00f1os, as\u00ed como un claro respaldo a la cultura de muerte que en el mundo se busca legitimar.<\/div>\n<div class=\"_2cuy _3dgx _2vxa\" style=\"text-align: justify;\">Pero si somos honestos no podemos esperar menos de qui\u00e9nes no han cre\u00eddo a\u00fan en el evangelio. Sabemos que su sabidur\u00eda no proviene de Dios, sino del mundo. Su cosmovisi\u00f3n, acerca de cualquier aspecto de la realidad y de la vida no es b\u00edblica, sino anti-Biblia, y con ello anti-Cristo, pues de \u00c9l habla la Escritura. As\u00ed que no deber\u00edan sorprendernos estas iniciativas y la fuerza con que las quieren llevar a cabo.<\/div>\n<div class=\"_2cuy _3dgx _2vxa\" style=\"text-align: justify;\">Pero lo que si nos debe sorprender es la pasividad y el silencio que adoptan los que dicen ser cristianos, ante esta iniciativa que tendr\u00eda un efecto nocivo en nuestra sociedad. El temor al hombre y no a Dios ha invadido el coraz\u00f3n de muchos cristianos nominales de nuestro pa\u00eds. Temen lo que el hombre les pueda hacer si ellos protestan o se oponen a sus agendas culturales, pero no temen ofender al verdadero Dios mientras lo hacen. Se ven m\u00e1s preocupados por su propio bienestar que por la gloria de Dios en medio de nuestra naci\u00f3n. Eso no puede ser as\u00ed.<\/div>\n<div class=\"_2cuy _3dgx _2vxa\" style=\"text-align: justify;\">Los cristianos somos protestantes, testificamos a favor de la fe en medio de una naci\u00f3n pagana, a\u00fan cuando eso represente ser odiados por ellos. Somos evang\u00e9licos no solo porque creemos en el evangelio, sino porque lo predicamos, lo hablamos, lo ense\u00f1amos y lo vivimos en medio de la sociedad. El evangelio siempre ha sido contra-cultura en cada generaci\u00f3n. Jes\u00fas dijo que los que son amigos del mundo se constituyen enemigos de Dios. Hablo entonces de que si a \u00c9l lo persiguieron entonces a nosotros tambi\u00e9n. Por esto, si el mundo ama a alguien que se autodenomina cristiano, posiblemente sea porque no lo es. Por eso Pablo anima a la iglesia a examinar si est\u00e1n verdaderamente en la fe.<\/div>\n<div class=\"_2cuy _3dgx _2vxa\" style=\"text-align: justify;\">Ante el tema de la despenalizaci\u00f3n del aborto, como otras agendas mal llamadas progresistas, que en verdad son \u201cregresistas\u201d, el cristiano debe hablar, levantar su voz, testificar el evangelio hablando a favor de lo que la Biblia ense\u00f1a por encima de lo que las otras voces dicen para hacerlo callar. El aborto no natural es asesinato, y asesino quien lo inflige, as\u00ed lo ense\u00f1a la Biblia y as\u00ed debemos ense\u00f1arlo tambi\u00e9n nosotros.<\/div>\n<div class=\"_2cuy _3dgx _2vxa\" style=\"text-align: justify;\">Hermanos y hermanas, debemos oponernos a la despenalizaci\u00f3n del aborto, proclamar el evangelio a todos los que lo apoyan, pues esa es nuestra misi\u00f3n real; pero a su vez debemos ense\u00f1arles con amor, sabidur\u00eda y firmeza que el aborto es asesinato y un serio da\u00f1o a la familia y a la sociedad. La iglesia cristiana es la conciencia de toda cultura, siempre lo ha sido y siempre deber\u00eda de serlo.<\/div>\n<div class=\"_2cuy _3dgx _2vxa\" style=\"text-align: justify;\">Que la gracia de Dios sea con todos nosotros y que Dios nos d\u00e9 denuedo para hacer lo que tenemos que hacer en nuestro tiempo.<\/div>\n","protected":false},"excerpt":{"rendered":"<p>Pastor Javier Dom\u00ednguez &#8211; iglesia Gracia Sobre Gracia Una respuesta B\u00edblica Teol\u00f3gica a la intenci\u00f3n de despenalizar el aborto en El Salvador La traici\u00f3n a la vida en apoyo a la cultura de la muerte por parte de algunos diputados que anunciaron su deseo de aprobar la despenalizaci\u00f3n del aborto antes de finalizar su per\u00edodo [&hellip;]<\/p>\n","protected":false},"author":3,"featured_media":3276,"comment_status":"open","ping_status":"open","sticky":false,"template":"","format":"standard","meta":[],"categories":[23],"tags":[],"yoast_head":"<!-- This site is optimized with the Yoast SEO plugin v20.8 - https:\/\/yoast.com\/wordpress\/plugins\/seo\/ -->\n<title>\u00bfEl aborto es asesinato? - La Prensa Cristiana<\/title>\n<meta name=\"robots\" content=\"index, follow, max-snippet:-1, max-image-preview:large, max-video-preview:-1\" \/>\n<link rel=\"canonical\" href=\"https:\/\/laprensacristiana.com\/?p=3597\" \/>\n<meta property=\"og:locale\" content=\"es_ES\" \/>\n<meta property=\"og:type\" content=\"article\" \/>\n<meta property=\"og:title\" content=\"\u00bfEl aborto es asesinato? - La Prensa Cristiana\" \/>\n<meta property=\"og:description\" content=\"Pastor Javier Dom\u00ednguez &#8211; iglesia Gracia Sobre Gracia Una respuesta B\u00edblica Teol\u00f3gica a la intenci\u00f3n de despenalizar el aborto en El Salvador La traici\u00f3n a la vida en apoyo a la cultura de la muerte por parte de algunos diputados que anunciaron su deseo de aprobar la despenalizaci\u00f3n del aborto antes de finalizar su per\u00edodo [&hellip;]\" \/>\n<meta property=\"og:url\" content=\"https:\/\/laprensacristiana.com\/?p=3597\" \/>\n<meta property=\"og:site_name\" content=\"La Prensa Cristiana\" \/>\n<meta property=\"article:published_time\" content=\"2018-03-22T22:37:51+00:00\" \/>\n<meta property=\"og:image\" content=\"https:\/\/laprensacristiana.com\/wp-content\/uploads\/2017\/10\/OPINION-PASTOR-DOMINGUEZ-01-scaled.jpg\" \/>\n\t<meta property=\"og:image:width\" content=\"2560\" \/>\n\t<meta property=\"og:image:height\" content=\"1429\" \/>\n\t<meta property=\"og:image:type\" content=\"image\/jpeg\" \/>\n<meta name=\"author\" content=\"EDITOR\" \/>\n<meta name=\"twitter:card\" content=\"summary_large_image\" \/>\n<meta name=\"twitter:label1\" content=\"Escrito por\" \/>\n\t<meta name=\"twitter:data1\" content=\"EDITOR\" \/>\n\t<meta name=\"twitter:label2\" content=\"Tiempo de lectura\" \/>\n\t<meta name=\"twitter:data2\" content=\"14 minutos\" \/>\n<script type=\"application\/ld+json\" class=\"yoast-schema-graph\">{\"@context\":\"https:\/\/schema.org\",\"@graph\":[{\"@type\":\"WebPage\",\"@id\":\"https:\/\/laprensacristiana.com\/?p=3597\",\"url\":\"https:\/\/laprensacristiana.com\/?p=3597\",\"name\":\"\u00bfEl aborto es asesinato? - La Prensa Cristiana\",\"isPartOf\":{\"@id\":\"https:\/\/laprensacristiana.com\/#website\"},\"datePublished\":\"2018-03-22T22:37:51+00:00\",\"dateModified\":\"2018-03-22T22:37:51+00:00\",\"author\":{\"@id\":\"https:\/\/laprensacristiana.com\/#\/schema\/person\/3e7d82c6bfd6b1fa67010f8f7cd5256e\"},\"breadcrumb\":{\"@id\":\"https:\/\/laprensacristiana.com\/?p=3597#breadcrumb\"},\"inLanguage\":\"es\",\"potentialAction\":[{\"@type\":\"ReadAction\",\"target\":[\"https:\/\/laprensacristiana.com\/?p=3597\"]}]},{\"@type\":\"BreadcrumbList\",\"@id\":\"https:\/\/laprensacristiana.com\/?p=3597#breadcrumb\",\"itemListElement\":[{\"@type\":\"ListItem\",\"position\":1,\"name\":\"Portada\",\"item\":\"https:\/\/laprensacristiana.com\/\"},{\"@type\":\"ListItem\",\"position\":2,\"name\":\"\u00bfEl aborto es asesinato?\"}]},{\"@type\":\"WebSite\",\"@id\":\"https:\/\/laprensacristiana.com\/#website\",\"url\":\"https:\/\/laprensacristiana.com\/\",\"name\":\"La Prensa Cristiana\",\"description\":\"Anunciando Las Buenas Nuevas\",\"potentialAction\":[{\"@type\":\"SearchAction\",\"target\":{\"@type\":\"EntryPoint\",\"urlTemplate\":\"https:\/\/laprensacristiana.com\/?s={search_term_string}\"},\"query-input\":\"required name=search_term_string\"}],\"inLanguage\":\"es\"},{\"@type\":\"Person\",\"@id\":\"https:\/\/laprensacristiana.com\/#\/schema\/person\/3e7d82c6bfd6b1fa67010f8f7cd5256e\",\"name\":\"EDITOR\",\"image\":{\"@type\":\"ImageObject\",\"inLanguage\":\"es\",\"@id\":\"https:\/\/laprensacristiana.com\/#\/schema\/person\/image\/\",\"url\":\"https:\/\/secure.gravatar.com\/avatar\/72069dfb6c13772d9e8381e3638666d2?s=96&d=mm&r=g\",\"contentUrl\":\"https:\/\/secure.gravatar.com\/avatar\/72069dfb6c13772d9e8381e3638666d2?s=96&d=mm&r=g\",\"caption\":\"EDITOR\"},\"url\":\"https:\/\/laprensacristiana.com\/?author=3\"}]}<\/script>\n<!-- \/ Yoast SEO plugin. -->","yoast_head_json":{"title":"\u00bfEl aborto es asesinato? - La Prensa Cristiana","robots":{"index":"index","follow":"follow","max-snippet":"max-snippet:-1","max-image-preview":"max-image-preview:large","max-video-preview":"max-video-preview:-1"},"canonical":"https:\/\/laprensacristiana.com\/?p=3597","og_locale":"es_ES","og_type":"article","og_title":"\u00bfEl aborto es asesinato? - La Prensa Cristiana","og_description":"Pastor Javier Dom\u00ednguez &#8211; iglesia Gracia Sobre Gracia Una respuesta B\u00edblica Teol\u00f3gica a la intenci\u00f3n de despenalizar el aborto en El Salvador La traici\u00f3n a la vida en apoyo a la cultura de la muerte por parte de algunos diputados que anunciaron su deseo de aprobar la despenalizaci\u00f3n del aborto antes de finalizar su per\u00edodo [&hellip;]","og_url":"https:\/\/laprensacristiana.com\/?p=3597","og_site_name":"La Prensa Cristiana","article_published_time":"2018-03-22T22:37:51+00:00","og_image":[{"width":2560,"height":1429,"url":"https:\/\/laprensacristiana.com\/wp-content\/uploads\/2017\/10\/OPINION-PASTOR-DOMINGUEZ-01-scaled.jpg","type":"image\/jpeg"}],"author":"EDITOR","twitter_card":"summary_large_image","twitter_misc":{"Escrito por":"EDITOR","Tiempo de lectura":"14 minutos"},"schema":{"@context":"https:\/\/schema.org","@graph":[{"@type":"WebPage","@id":"https:\/\/laprensacristiana.com\/?p=3597","url":"https:\/\/laprensacristiana.com\/?p=3597","name":"\u00bfEl aborto es asesinato? - La Prensa Cristiana","isPartOf":{"@id":"https:\/\/laprensacristiana.com\/#website"},"datePublished":"2018-03-22T22:37:51+00:00","dateModified":"2018-03-22T22:37:51+00:00","author":{"@id":"https:\/\/laprensacristiana.com\/#\/schema\/person\/3e7d82c6bfd6b1fa67010f8f7cd5256e"},"breadcrumb":{"@id":"https:\/\/laprensacristiana.com\/?p=3597#breadcrumb"},"inLanguage":"es","potentialAction":[{"@type":"ReadAction","target":["https:\/\/laprensacristiana.com\/?p=3597"]}]},{"@type":"BreadcrumbList","@id":"https:\/\/laprensacristiana.com\/?p=3597#breadcrumb","itemListElement":[{"@type":"ListItem","position":1,"name":"Portada","item":"https:\/\/laprensacristiana.com\/"},{"@type":"ListItem","position":2,"name":"\u00bfEl aborto es asesinato?"}]},{"@type":"WebSite","@id":"https:\/\/laprensacristiana.com\/#website","url":"https:\/\/laprensacristiana.com\/","name":"La Prensa Cristiana","description":"Anunciando Las Buenas Nuevas","potentialAction":[{"@type":"SearchAction","target":{"@type":"EntryPoint","urlTemplate":"https:\/\/laprensacristiana.com\/?s={search_term_string}"},"query-input":"required name=search_term_string"}],"inLanguage":"es"},{"@type":"Person","@id":"https:\/\/laprensacristiana.com\/#\/schema\/person\/3e7d82c6bfd6b1fa67010f8f7cd5256e","name":"EDITOR","image":{"@type":"ImageObject","inLanguage":"es","@id":"https:\/\/laprensacristiana.com\/#\/schema\/person\/image\/","url":"https:\/\/secure.gravatar.com\/avatar\/72069dfb6c13772d9e8381e3638666d2?s=96&d=mm&r=g","contentUrl":"https:\/\/secure.gravatar.com\/avatar\/72069dfb6c13772d9e8381e3638666d2?s=96&d=mm&r=g","caption":"EDITOR"},"url":"https:\/\/laprensacristiana.com\/?author=3"}]}},"_links":{"self":[{"href":"https:\/\/laprensacristiana.com\/index.php?rest_route=\/wp\/v2\/posts\/3597"}],"collection":[{"href":"https:\/\/laprensacristiana.com\/index.php?rest_route=\/wp\/v2\/posts"}],"about":[{"href":"https:\/\/laprensacristiana.com\/index.php?rest_route=\/wp\/v2\/types\/post"}],"author":[{"embeddable":true,"href":"https:\/\/laprensacristiana.com\/index.php?rest_route=\/wp\/v2\/users\/3"}],"replies":[{"embeddable":true,"href":"https:\/\/laprensacristiana.com\/index.php?rest_route=%2Fwp%2Fv2%2Fcomments&post=3597"}],"version-history":[{"count":1,"href":"https:\/\/laprensacristiana.com\/index.php?rest_route=\/wp\/v2\/posts\/3597\/revisions"}],"predecessor-version":[{"id":3598,"href":"https:\/\/laprensacristiana.com\/index.php?rest_route=\/wp\/v2\/posts\/3597\/revisions\/3598"}],"wp:featuredmedia":[{"embeddable":true,"href":"https:\/\/laprensacristiana.com\/index.php?rest_route=\/wp\/v2\/media\/3276"}],"wp:attachment":[{"href":"https:\/\/laprensacristiana.com\/index.php?rest_route=%2Fwp%2Fv2%2Fmedia&parent=3597"}],"wp:term":[{"taxonomy":"category","embeddable":true,"href":"https:\/\/laprensacristiana.com\/index.php?rest_route=%2Fwp%2Fv2%2Fcategories&post=3597"},{"taxonomy":"post_tag","embeddable":true,"href":"https:\/\/laprensacristiana.com\/index.php?rest_route=%2Fwp%2Fv2%2Ftags&post=3597"}],"curies":[{"name":"wp","href":"https:\/\/api.w.org\/{rel}","templated":true}]}}