{"id":3599,"date":"2018-03-22T22:52:04","date_gmt":"2018-03-22T22:52:04","guid":{"rendered":"https:\/\/laprensacristiana.com\/?p=3599"},"modified":"2020-07-02T00:13:20","modified_gmt":"2020-07-02T00:13:20","slug":"world-vision-en-conjunto-con-otras-instituciones-se-unen-para-la-proteccion-de-la-ninez","status":"publish","type":"post","link":"https:\/\/laprensacristiana.com\/?p=3599","title":{"rendered":"Instituciones se unen para la protecci\u00f3n de la ni\u00f1ez"},"content":{"rendered":"<p>Por: Erika Menjivar<\/p>\n<p>Un grupo de organizaciones se unen con el objetivo de promover una respuesta colectiva con un sentido de concientizaci\u00f3n para una mayor atenci\u00f3n en la protecci\u00f3n para ni\u00f1as y ni\u00f1os en el tema de violencia, las pandillas y el crimen organizado en el Tri\u00e1ngulo Norte y M\u00e9xico.<\/p>\n<p>Entre las instituciones que son parte de este movimiento de compromiso con la ni\u00f1ez est\u00e1n: La red Global de Religiones a favor de la Ni\u00f1ez, Centro Bartolom\u00e9 de las Casas, Centro Episcopal Latinoamericano, la Federaci\u00f3n Luterana Mundial y World Vision.<\/p>\n<p>Adem\u00e1s, se han implementado una serie de piezas publicitarias difundidas en diferentes medios de comunicaci\u00f3n, que contienen mensajes de concientizaci\u00f3n en tema de protecci\u00f3n de la violencia y el involucramiento de ni\u00f1as y ni\u00f1os en las pandillas y el crimen organizado. Este contenido pretende crear un cambio en la poblaci\u00f3n para erradicar el aumento de violencia en la ni\u00f1ez y tambi\u00e9n los adolecentes.<\/p>\n<p>Seg\u00fan un estudio realizado por Save The Children en 2017, en el que se consideraron indicadores como la salud, protecci\u00f3n y el respeto a los derechos de la ni\u00f1ez, El Salvador se encuentra en la tercera posici\u00f3n m\u00e1s extrema de Am\u00e9rica Latina. Este informe present\u00f3 que las expresiones de violencia contra la ni\u00f1ez salvadore\u00f1a son los altos \u00edndices de embarazos de ni\u00f1as y adolecentes producto de violaciones, homicidios infantiles y trabajo infantil.<\/p>\n<p>Algunas de las recomendaciones que este movimiento promueve para erradicar la violencia en la ni\u00f1ez son:<\/p>\n<ul>\n<li>Establecer relaciones de amor incondicional, comunicaci\u00f3n, afecto y respeto.<\/li>\n<li>Guiar el crecimiento de las ni\u00f1as y ni\u00f1os con empat\u00eda y comprensi\u00f3n.<\/li>\n<li>Abr\u00e1zalos, b\u00e9salos y acaricialos todos los d\u00edas.<\/li>\n<\/ul>\n<p>Los temas a desarrollar son: el rol de las comunidades basadas en la fe en la prevenci\u00f3n de la violencia y el involucramiento de las ni\u00f1as y ni\u00f1os en las pandillas y el crimen organizado, la espiritualidad como factor protector y de \u00e9xito para la reintegraci\u00f3n y rehabilitaci\u00f3n de j\u00f3venes en conflicto con la ley.<\/p>\n<p>\u00a8La invitaci\u00f3n, es que todas las instituciones basadas en la fe se sumen a esta iniciativa. Necesitamos m\u00e1s esfuerzos en la prevenci\u00f3n y protecci\u00f3n de la infancia\u201d, coment\u00f3 Silvia Mazzarelli, coordinadora de Arigatou International para Am\u00e9rica Latina y El Caribe.<\/p>\n<p>Con esta iniciativa se estima un mayor compromiso en el respeto a los derechos de ni\u00f1as y ni\u00f1os y que las altas estad\u00edsticas de violencia infantil a nivel nacional y latinoamericano se regulen y posteriormente se erradique, empezando con la concientizaci\u00f3n de padres de familia hasta las instituciones correspondientes a tomar las medidas pertinentes ante la preocupante situaci\u00f3n.<\/p>\n<p>&nbsp;<\/p>\n<p>&nbsp;<\/p>\n<p>&nbsp;<\/p>\n","protected":false},"excerpt":{"rendered":"<p>Por: Erika Menjivar Un grupo de organizaciones se unen con el objetivo de promover una respuesta colectiva con un sentido de concientizaci\u00f3n para una mayor atenci\u00f3n en la protecci\u00f3n para ni\u00f1as y ni\u00f1os en el tema de violencia, las pandillas y el crimen organizado en el Tri\u00e1ngulo Norte y M\u00e9xico. Entre las instituciones que son [&hellip;]<\/p>\n","protected":false},"author":3,"featured_media":3600,"comment_status":"open","ping_status":"open","sticky":false,"template":"","format":"standard","meta":[],"categories":[56],"tags":[],"yoast_head":"<!-- This site is optimized with the Yoast SEO plugin v20.8 - https:\/\/yoast.com\/wordpress\/plugins\/seo\/ -->\n<title>Instituciones se unen para la protecci\u00f3n de la ni\u00f1ez - La Prensa Cristiana<\/title>\n<meta name=\"robots\" content=\"index, follow, max-snippet:-1, max-image-preview:large, max-video-preview:-1\" \/>\n<link rel=\"canonical\" href=\"https:\/\/laprensacristiana.com\/?p=3599\" \/>\n<meta property=\"og:locale\" content=\"es_ES\" \/>\n<meta property=\"og:type\" content=\"article\" \/>\n<meta property=\"og:title\" content=\"Instituciones se unen para la protecci\u00f3n de la ni\u00f1ez - La Prensa Cristiana\" \/>\n<meta property=\"og:description\" content=\"Por: Erika Menjivar Un grupo de organizaciones se unen con el objetivo de promover una respuesta colectiva con un sentido de concientizaci\u00f3n para una mayor atenci\u00f3n en la protecci\u00f3n para ni\u00f1as y ni\u00f1os en el tema de violencia, las pandillas y el crimen organizado en el Tri\u00e1ngulo Norte y M\u00e9xico. Entre las instituciones que son [&hellip;]\" \/>\n<meta property=\"og:url\" content=\"https:\/\/laprensacristiana.com\/?p=3599\" \/>\n<meta property=\"og:site_name\" content=\"La Prensa Cristiana\" \/>\n<meta property=\"article:published_time\" content=\"2018-03-22T22:52:04+00:00\" \/>\n<meta property=\"article:modified_time\" content=\"2020-07-02T00:13:20+00:00\" \/>\n<meta property=\"og:image\" content=\"https:\/\/laprensacristiana.com\/wp-content\/uploads\/2018\/03\/WhatsApp-Image-2018-03-22-at-4.35.02-PM.jpeg\" \/>\n\t<meta property=\"og:image:width\" content=\"1280\" \/>\n\t<meta property=\"og:image:height\" content=\"851\" \/>\n\t<meta property=\"og:image:type\" content=\"image\/jpeg\" \/>\n<meta name=\"author\" content=\"EDITOR\" \/>\n<meta name=\"twitter:card\" content=\"summary_large_image\" \/>\n<meta name=\"twitter:label1\" content=\"Escrito por\" \/>\n\t<meta name=\"twitter:data1\" content=\"EDITOR\" \/>\n\t<meta name=\"twitter:label2\" content=\"Tiempo de lectura\" \/>\n\t<meta name=\"twitter:data2\" content=\"2 minutos\" \/>\n<script type=\"application\/ld+json\" class=\"yoast-schema-graph\">{\"@context\":\"https:\/\/schema.org\",\"@graph\":[{\"@type\":\"WebPage\",\"@id\":\"https:\/\/laprensacristiana.com\/?p=3599\",\"url\":\"https:\/\/laprensacristiana.com\/?p=3599\",\"name\":\"Instituciones se unen para la protecci\u00f3n de la ni\u00f1ez - La Prensa Cristiana\",\"isPartOf\":{\"@id\":\"https:\/\/laprensacristiana.com\/#website\"},\"datePublished\":\"2018-03-22T22:52:04+00:00\",\"dateModified\":\"2020-07-02T00:13:20+00:00\",\"author\":{\"@id\":\"https:\/\/laprensacristiana.com\/#\/schema\/person\/3e7d82c6bfd6b1fa67010f8f7cd5256e\"},\"breadcrumb\":{\"@id\":\"https:\/\/laprensacristiana.com\/?p=3599#breadcrumb\"},\"inLanguage\":\"es\",\"potentialAction\":[{\"@type\":\"ReadAction\",\"target\":[\"https:\/\/laprensacristiana.com\/?p=3599\"]}]},{\"@type\":\"BreadcrumbList\",\"@id\":\"https:\/\/laprensacristiana.com\/?p=3599#breadcrumb\",\"itemListElement\":[{\"@type\":\"ListItem\",\"position\":1,\"name\":\"Portada\",\"item\":\"https:\/\/laprensacristiana.com\/\"},{\"@type\":\"ListItem\",\"position\":2,\"name\":\"Instituciones se unen para la protecci\u00f3n de la ni\u00f1ez\"}]},{\"@type\":\"WebSite\",\"@id\":\"https:\/\/laprensacristiana.com\/#website\",\"url\":\"https:\/\/laprensacristiana.com\/\",\"name\":\"La Prensa Cristiana\",\"description\":\"Anunciando Las Buenas Nuevas\",\"potentialAction\":[{\"@type\":\"SearchAction\",\"target\":{\"@type\":\"EntryPoint\",\"urlTemplate\":\"https:\/\/laprensacristiana.com\/?s={search_term_string}\"},\"query-input\":\"required name=search_term_string\"}],\"inLanguage\":\"es\"},{\"@type\":\"Person\",\"@id\":\"https:\/\/laprensacristiana.com\/#\/schema\/person\/3e7d82c6bfd6b1fa67010f8f7cd5256e\",\"name\":\"EDITOR\",\"image\":{\"@type\":\"ImageObject\",\"inLanguage\":\"es\",\"@id\":\"https:\/\/laprensacristiana.com\/#\/schema\/person\/image\/\",\"url\":\"https:\/\/secure.gravatar.com\/avatar\/72069dfb6c13772d9e8381e3638666d2?s=96&d=mm&r=g\",\"contentUrl\":\"https:\/\/secure.gravatar.com\/avatar\/72069dfb6c13772d9e8381e3638666d2?s=96&d=mm&r=g\",\"caption\":\"EDITOR\"},\"url\":\"https:\/\/laprensacristiana.com\/?author=3\"}]}<\/script>\n<!-- \/ Yoast SEO plugin. -->","yoast_head_json":{"title":"Instituciones se unen para la protecci\u00f3n de la ni\u00f1ez - La Prensa Cristiana","robots":{"index":"index","follow":"follow","max-snippet":"max-snippet:-1","max-image-preview":"max-image-preview:large","max-video-preview":"max-video-preview:-1"},"canonical":"https:\/\/laprensacristiana.com\/?p=3599","og_locale":"es_ES","og_type":"article","og_title":"Instituciones se unen para la protecci\u00f3n de la ni\u00f1ez - La Prensa Cristiana","og_description":"Por: Erika Menjivar Un grupo de organizaciones se unen con el objetivo de promover una respuesta colectiva con un sentido de concientizaci\u00f3n para una mayor atenci\u00f3n en la protecci\u00f3n para ni\u00f1as y ni\u00f1os en el tema de violencia, las pandillas y el crimen organizado en el Tri\u00e1ngulo Norte y M\u00e9xico. Entre las instituciones que son [&hellip;]","og_url":"https:\/\/laprensacristiana.com\/?p=3599","og_site_name":"La Prensa Cristiana","article_published_time":"2018-03-22T22:52:04+00:00","article_modified_time":"2020-07-02T00:13:20+00:00","og_image":[{"width":1280,"height":851,"url":"https:\/\/laprensacristiana.com\/wp-content\/uploads\/2018\/03\/WhatsApp-Image-2018-03-22-at-4.35.02-PM.jpeg","type":"image\/jpeg"}],"author":"EDITOR","twitter_card":"summary_large_image","twitter_misc":{"Escrito por":"EDITOR","Tiempo de lectura":"2 minutos"},"schema":{"@context":"https:\/\/schema.org","@graph":[{"@type":"WebPage","@id":"https:\/\/laprensacristiana.com\/?p=3599","url":"https:\/\/laprensacristiana.com\/?p=3599","name":"Instituciones se unen para la protecci\u00f3n de la ni\u00f1ez - La Prensa Cristiana","isPartOf":{"@id":"https:\/\/laprensacristiana.com\/#website"},"datePublished":"2018-03-22T22:52:04+00:00","dateModified":"2020-07-02T00:13:20+00:00","author":{"@id":"https:\/\/laprensacristiana.com\/#\/schema\/person\/3e7d82c6bfd6b1fa67010f8f7cd5256e"},"breadcrumb":{"@id":"https:\/\/laprensacristiana.com\/?p=3599#breadcrumb"},"inLanguage":"es","potentialAction":[{"@type":"ReadAction","target":["https:\/\/laprensacristiana.com\/?p=3599"]}]},{"@type":"BreadcrumbList","@id":"https:\/\/laprensacristiana.com\/?p=3599#breadcrumb","itemListElement":[{"@type":"ListItem","position":1,"name":"Portada","item":"https:\/\/laprensacristiana.com\/"},{"@type":"ListItem","position":2,"name":"Instituciones se unen para la protecci\u00f3n de la ni\u00f1ez"}]},{"@type":"WebSite","@id":"https:\/\/laprensacristiana.com\/#website","url":"https:\/\/laprensacristiana.com\/","name":"La Prensa Cristiana","description":"Anunciando Las Buenas Nuevas","potentialAction":[{"@type":"SearchAction","target":{"@type":"EntryPoint","urlTemplate":"https:\/\/laprensacristiana.com\/?s={search_term_string}"},"query-input":"required name=search_term_string"}],"inLanguage":"es"},{"@type":"Person","@id":"https:\/\/laprensacristiana.com\/#\/schema\/person\/3e7d82c6bfd6b1fa67010f8f7cd5256e","name":"EDITOR","image":{"@type":"ImageObject","inLanguage":"es","@id":"https:\/\/laprensacristiana.com\/#\/schema\/person\/image\/","url":"https:\/\/secure.gravatar.com\/avatar\/72069dfb6c13772d9e8381e3638666d2?s=96&d=mm&r=g","contentUrl":"https:\/\/secure.gravatar.com\/avatar\/72069dfb6c13772d9e8381e3638666d2?s=96&d=mm&r=g","caption":"EDITOR"},"url":"https:\/\/laprensacristiana.com\/?author=3"}]}},"_links":{"self":[{"href":"https:\/\/laprensacristiana.com\/index.php?rest_route=\/wp\/v2\/posts\/3599"}],"collection":[{"href":"https:\/\/laprensacristiana.com\/index.php?rest_route=\/wp\/v2\/posts"}],"about":[{"href":"https:\/\/laprensacristiana.com\/index.php?rest_route=\/wp\/v2\/types\/post"}],"author":[{"embeddable":true,"href":"https:\/\/laprensacristiana.com\/index.php?rest_route=\/wp\/v2\/users\/3"}],"replies":[{"embeddable":true,"href":"https:\/\/laprensacristiana.com\/index.php?rest_route=%2Fwp%2Fv2%2Fcomments&post=3599"}],"version-history":[{"count":4,"href":"https:\/\/laprensacristiana.com\/index.php?rest_route=\/wp\/v2\/posts\/3599\/revisions"}],"predecessor-version":[{"id":3604,"href":"https:\/\/laprensacristiana.com\/index.php?rest_route=\/wp\/v2\/posts\/3599\/revisions\/3604"}],"wp:featuredmedia":[{"embeddable":true,"href":"https:\/\/laprensacristiana.com\/index.php?rest_route=\/wp\/v2\/media\/3600"}],"wp:attachment":[{"href":"https:\/\/laprensacristiana.com\/index.php?rest_route=%2Fwp%2Fv2%2Fmedia&parent=3599"}],"wp:term":[{"taxonomy":"category","embeddable":true,"href":"https:\/\/laprensacristiana.com\/index.php?rest_route=%2Fwp%2Fv2%2Fcategories&post=3599"},{"taxonomy":"post_tag","embeddable":true,"href":"https:\/\/laprensacristiana.com\/index.php?rest_route=%2Fwp%2Fv2%2Ftags&post=3599"}],"curies":[{"name":"wp","href":"https:\/\/api.w.org\/{rel}","templated":true}]}}