{"id":3609,"date":"2018-03-23T22:58:43","date_gmt":"2018-03-23T22:58:43","guid":{"rendered":"https:\/\/laprensacristiana.com\/?p=3609"},"modified":"2020-07-02T00:12:49","modified_gmt":"2020-07-02T00:12:49","slug":"elcaso-la-tristeza-y-la-soledad","status":"publish","type":"post","link":"https:\/\/laprensacristiana.com\/?p=3609","title":{"rendered":"#ElCaso: La tristeza y la soledad"},"content":{"rendered":"<p>#El Caso:<\/p>\n<p><strong><em>Issa Felicidades ser\u00e9 tu fiel seguidora. La tristeza y la soledad me llegan muy a menudo. \u00bfQu\u00e9 hago?<\/em><\/strong><\/p>\n<p>Querida lectora:<\/p>\n<p>Todos los sentimientos y emociones Dios no los ha dado, lo importante es c\u00f3mo respondemos ante ellos.<\/p>\n<p>Tristeza y soledad frecuente, son ingredientes de la depresi\u00f3n, y esta puede deberse a varios factores, f\u00edsicos o emocionales que producen un estado psicol\u00f3gico.<\/p>\n<p>Te sugiero que te hagas una evaluaci\u00f3n general de c\u00f3mo esta tu salud f\u00edsica, una vez descartado cualquier d\u00e9ficit, nos centrar\u00edamos en tu calidad de vida, c\u00f3mo estas viviendo, c\u00f3mo est\u00e1n siendo tus relaciones interpersonales, tus actividades, qu\u00e9 tan gratificante esta siendo tu diario vivir\u2026 el ser humano necesita sentirse auto realizado con su d\u00eda a d\u00eda, esto le da motivaci\u00f3n para existir\u2026<\/p>\n<p>Te invito a que hagas una auto-reflexi\u00f3n de tu vida, y todo aquello que te incomoda, como culpas, resentimientos, verg\u00fcenza, ira, venganza, enojo, lo botes, su\u00e9ltalo, olv\u00eddalo, perdona a quien tengas que perdonar y lo m\u00e1s importante \u201cperd\u00f3nate a ti misma\u201d, recuerda que la respuesta que diste en cada situaci\u00f3n de tu vida era la que pod\u00edas dar en ese momento, solo Dios es perfecto!!!<\/p>\n<p>Y si alguien te se\u00f1ala, te reclama por lo que hiciste o dejaste de hacer, p\u00eddele perd\u00f3n y expr\u00e9sale que no pod\u00edas hacer otra cosa. Cuando tu coraz\u00f3n empiece a sanar, al ir soltando los rencores y las culpas, empezaras a encontrar el prop\u00f3sito que Dios tiene para tu vida, su amada hija.<\/p>\n<p>Recuerda\u2026. \u201cImagina una nueva historia en tu vida, ponle toda la fuerza de tu coraz\u00f3n, una actitud positiva y ser\u00e1 tu historia\u201d.<\/p>\n<p>Puedes escribir tu caso al correo\u00a0<a href=\"mailto:concamarena@laprensacristiana.com\">concamarena@laprensacristiana.com<\/a>\u00a0, e ir\u00e9 dando respuesta a cada uno de los casos en esta secci\u00f3n, reservando el nombre del emisor.<\/p>\n<p>Dios te bendiga.<\/p>\n<p>Camarena.<\/p>\n","protected":false},"excerpt":{"rendered":"<p>#El Caso: Issa Felicidades ser\u00e9 tu fiel seguidora. La tristeza y la soledad me llegan muy a menudo. \u00bfQu\u00e9 hago? Querida lectora: Todos los sentimientos y emociones Dios no los ha dado, lo importante es c\u00f3mo respondemos ante ellos. Tristeza y soledad frecuente, son ingredientes de la depresi\u00f3n, y esta puede deberse a varios factores, [&hellip;]<\/p>\n","protected":false},"author":3,"featured_media":3571,"comment_status":"open","ping_status":"open","sticky":false,"template":"","format":"standard","meta":[],"categories":[26],"tags":[],"yoast_head":"<!-- This site is optimized with the Yoast SEO plugin v20.8 - https:\/\/yoast.com\/wordpress\/plugins\/seo\/ -->\n<title>#ElCaso: La tristeza y la soledad - La Prensa Cristiana<\/title>\n<meta name=\"robots\" content=\"index, follow, max-snippet:-1, max-image-preview:large, max-video-preview:-1\" \/>\n<link rel=\"canonical\" href=\"https:\/\/laprensacristiana.com\/?p=3609\" \/>\n<meta property=\"og:locale\" content=\"es_ES\" \/>\n<meta property=\"og:type\" content=\"article\" \/>\n<meta property=\"og:title\" content=\"#ElCaso: La tristeza y la soledad - La Prensa Cristiana\" \/>\n<meta property=\"og:description\" content=\"#El Caso: Issa Felicidades ser\u00e9 tu fiel seguidora. La tristeza y la soledad me llegan muy a menudo. \u00bfQu\u00e9 hago? Querida lectora: Todos los sentimientos y emociones Dios no los ha dado, lo importante es c\u00f3mo respondemos ante ellos. Tristeza y soledad frecuente, son ingredientes de la depresi\u00f3n, y esta puede deberse a varios factores, [&hellip;]\" \/>\n<meta property=\"og:url\" content=\"https:\/\/laprensacristiana.com\/?p=3609\" \/>\n<meta property=\"og:site_name\" content=\"La Prensa Cristiana\" \/>\n<meta property=\"article:published_time\" content=\"2018-03-23T22:58:43+00:00\" \/>\n<meta property=\"article:modified_time\" content=\"2020-07-02T00:12:49+00:00\" \/>\n<meta property=\"og:image\" content=\"https:\/\/laprensacristiana.com\/wp-content\/uploads\/2018\/03\/WhatsApp-Image-2018-03-14-at-14.40.01.jpeg\" \/>\n\t<meta property=\"og:image:width\" content=\"1280\" \/>\n\t<meta property=\"og:image:height\" content=\"714\" \/>\n\t<meta property=\"og:image:type\" content=\"image\/jpeg\" \/>\n<meta name=\"author\" content=\"EDITOR\" \/>\n<meta name=\"twitter:card\" content=\"summary_large_image\" \/>\n<meta name=\"twitter:label1\" content=\"Escrito por\" \/>\n\t<meta name=\"twitter:data1\" content=\"EDITOR\" \/>\n\t<meta name=\"twitter:label2\" content=\"Tiempo de lectura\" \/>\n\t<meta name=\"twitter:data2\" content=\"2 minutos\" \/>\n<script type=\"application\/ld+json\" class=\"yoast-schema-graph\">{\"@context\":\"https:\/\/schema.org\",\"@graph\":[{\"@type\":\"WebPage\",\"@id\":\"https:\/\/laprensacristiana.com\/?p=3609\",\"url\":\"https:\/\/laprensacristiana.com\/?p=3609\",\"name\":\"#ElCaso: La tristeza y la soledad - La Prensa Cristiana\",\"isPartOf\":{\"@id\":\"https:\/\/laprensacristiana.com\/#website\"},\"datePublished\":\"2018-03-23T22:58:43+00:00\",\"dateModified\":\"2020-07-02T00:12:49+00:00\",\"author\":{\"@id\":\"https:\/\/laprensacristiana.com\/#\/schema\/person\/3e7d82c6bfd6b1fa67010f8f7cd5256e\"},\"breadcrumb\":{\"@id\":\"https:\/\/laprensacristiana.com\/?p=3609#breadcrumb\"},\"inLanguage\":\"es\",\"potentialAction\":[{\"@type\":\"ReadAction\",\"target\":[\"https:\/\/laprensacristiana.com\/?p=3609\"]}]},{\"@type\":\"BreadcrumbList\",\"@id\":\"https:\/\/laprensacristiana.com\/?p=3609#breadcrumb\",\"itemListElement\":[{\"@type\":\"ListItem\",\"position\":1,\"name\":\"Portada\",\"item\":\"https:\/\/laprensacristiana.com\/\"},{\"@type\":\"ListItem\",\"position\":2,\"name\":\"#ElCaso: La tristeza y la soledad\"}]},{\"@type\":\"WebSite\",\"@id\":\"https:\/\/laprensacristiana.com\/#website\",\"url\":\"https:\/\/laprensacristiana.com\/\",\"name\":\"La Prensa Cristiana\",\"description\":\"Anunciando Las Buenas Nuevas\",\"potentialAction\":[{\"@type\":\"SearchAction\",\"target\":{\"@type\":\"EntryPoint\",\"urlTemplate\":\"https:\/\/laprensacristiana.com\/?s={search_term_string}\"},\"query-input\":\"required name=search_term_string\"}],\"inLanguage\":\"es\"},{\"@type\":\"Person\",\"@id\":\"https:\/\/laprensacristiana.com\/#\/schema\/person\/3e7d82c6bfd6b1fa67010f8f7cd5256e\",\"name\":\"EDITOR\",\"image\":{\"@type\":\"ImageObject\",\"inLanguage\":\"es\",\"@id\":\"https:\/\/laprensacristiana.com\/#\/schema\/person\/image\/\",\"url\":\"https:\/\/secure.gravatar.com\/avatar\/72069dfb6c13772d9e8381e3638666d2?s=96&d=mm&r=g\",\"contentUrl\":\"https:\/\/secure.gravatar.com\/avatar\/72069dfb6c13772d9e8381e3638666d2?s=96&d=mm&r=g\",\"caption\":\"EDITOR\"},\"url\":\"https:\/\/laprensacristiana.com\/?author=3\"}]}<\/script>\n<!-- \/ Yoast SEO plugin. -->","yoast_head_json":{"title":"#ElCaso: La tristeza y la soledad - La Prensa Cristiana","robots":{"index":"index","follow":"follow","max-snippet":"max-snippet:-1","max-image-preview":"max-image-preview:large","max-video-preview":"max-video-preview:-1"},"canonical":"https:\/\/laprensacristiana.com\/?p=3609","og_locale":"es_ES","og_type":"article","og_title":"#ElCaso: La tristeza y la soledad - La Prensa Cristiana","og_description":"#El Caso: Issa Felicidades ser\u00e9 tu fiel seguidora. La tristeza y la soledad me llegan muy a menudo. \u00bfQu\u00e9 hago? Querida lectora: Todos los sentimientos y emociones Dios no los ha dado, lo importante es c\u00f3mo respondemos ante ellos. Tristeza y soledad frecuente, son ingredientes de la depresi\u00f3n, y esta puede deberse a varios factores, [&hellip;]","og_url":"https:\/\/laprensacristiana.com\/?p=3609","og_site_name":"La Prensa Cristiana","article_published_time":"2018-03-23T22:58:43+00:00","article_modified_time":"2020-07-02T00:12:49+00:00","og_image":[{"width":1280,"height":714,"url":"https:\/\/laprensacristiana.com\/wp-content\/uploads\/2018\/03\/WhatsApp-Image-2018-03-14-at-14.40.01.jpeg","type":"image\/jpeg"}],"author":"EDITOR","twitter_card":"summary_large_image","twitter_misc":{"Escrito por":"EDITOR","Tiempo de lectura":"2 minutos"},"schema":{"@context":"https:\/\/schema.org","@graph":[{"@type":"WebPage","@id":"https:\/\/laprensacristiana.com\/?p=3609","url":"https:\/\/laprensacristiana.com\/?p=3609","name":"#ElCaso: La tristeza y la soledad - La Prensa Cristiana","isPartOf":{"@id":"https:\/\/laprensacristiana.com\/#website"},"datePublished":"2018-03-23T22:58:43+00:00","dateModified":"2020-07-02T00:12:49+00:00","author":{"@id":"https:\/\/laprensacristiana.com\/#\/schema\/person\/3e7d82c6bfd6b1fa67010f8f7cd5256e"},"breadcrumb":{"@id":"https:\/\/laprensacristiana.com\/?p=3609#breadcrumb"},"inLanguage":"es","potentialAction":[{"@type":"ReadAction","target":["https:\/\/laprensacristiana.com\/?p=3609"]}]},{"@type":"BreadcrumbList","@id":"https:\/\/laprensacristiana.com\/?p=3609#breadcrumb","itemListElement":[{"@type":"ListItem","position":1,"name":"Portada","item":"https:\/\/laprensacristiana.com\/"},{"@type":"ListItem","position":2,"name":"#ElCaso: La tristeza y la soledad"}]},{"@type":"WebSite","@id":"https:\/\/laprensacristiana.com\/#website","url":"https:\/\/laprensacristiana.com\/","name":"La Prensa Cristiana","description":"Anunciando Las Buenas Nuevas","potentialAction":[{"@type":"SearchAction","target":{"@type":"EntryPoint","urlTemplate":"https:\/\/laprensacristiana.com\/?s={search_term_string}"},"query-input":"required name=search_term_string"}],"inLanguage":"es"},{"@type":"Person","@id":"https:\/\/laprensacristiana.com\/#\/schema\/person\/3e7d82c6bfd6b1fa67010f8f7cd5256e","name":"EDITOR","image":{"@type":"ImageObject","inLanguage":"es","@id":"https:\/\/laprensacristiana.com\/#\/schema\/person\/image\/","url":"https:\/\/secure.gravatar.com\/avatar\/72069dfb6c13772d9e8381e3638666d2?s=96&d=mm&r=g","contentUrl":"https:\/\/secure.gravatar.com\/avatar\/72069dfb6c13772d9e8381e3638666d2?s=96&d=mm&r=g","caption":"EDITOR"},"url":"https:\/\/laprensacristiana.com\/?author=3"}]}},"_links":{"self":[{"href":"https:\/\/laprensacristiana.com\/index.php?rest_route=\/wp\/v2\/posts\/3609"}],"collection":[{"href":"https:\/\/laprensacristiana.com\/index.php?rest_route=\/wp\/v2\/posts"}],"about":[{"href":"https:\/\/laprensacristiana.com\/index.php?rest_route=\/wp\/v2\/types\/post"}],"author":[{"embeddable":true,"href":"https:\/\/laprensacristiana.com\/index.php?rest_route=\/wp\/v2\/users\/3"}],"replies":[{"embeddable":true,"href":"https:\/\/laprensacristiana.com\/index.php?rest_route=%2Fwp%2Fv2%2Fcomments&post=3609"}],"version-history":[{"count":2,"href":"https:\/\/laprensacristiana.com\/index.php?rest_route=\/wp\/v2\/posts\/3609\/revisions"}],"predecessor-version":[{"id":3611,"href":"https:\/\/laprensacristiana.com\/index.php?rest_route=\/wp\/v2\/posts\/3609\/revisions\/3611"}],"wp:featuredmedia":[{"embeddable":true,"href":"https:\/\/laprensacristiana.com\/index.php?rest_route=\/wp\/v2\/media\/3571"}],"wp:attachment":[{"href":"https:\/\/laprensacristiana.com\/index.php?rest_route=%2Fwp%2Fv2%2Fmedia&parent=3609"}],"wp:term":[{"taxonomy":"category","embeddable":true,"href":"https:\/\/laprensacristiana.com\/index.php?rest_route=%2Fwp%2Fv2%2Fcategories&post=3609"},{"taxonomy":"post_tag","embeddable":true,"href":"https:\/\/laprensacristiana.com\/index.php?rest_route=%2Fwp%2Fv2%2Ftags&post=3609"}],"curies":[{"name":"wp","href":"https:\/\/api.w.org\/{rel}","templated":true}]}}