{"id":3614,"date":"2018-03-28T14:35:06","date_gmt":"2018-03-28T14:35:06","guid":{"rendered":"https:\/\/laprensacristiana.com\/?p=3614"},"modified":"2020-07-02T00:12:31","modified_gmt":"2020-07-02T00:12:31","slug":"algo-mas-por-hacer-en-semana-santa","status":"publish","type":"post","link":"https:\/\/laprensacristiana.com\/?p=3614","title":{"rendered":"Algo m\u00e1s por hacer en Semana Santa"},"content":{"rendered":"<p>POR JULY DE SOSA<\/p>\n<p>Llego la esperada semana mayor, o semana santa, la mayor\u00eda de las personas la esperamos por diferentes motivos; unos, ser\u00e1 por el descanso laboral, otros para participar de celebraciones religiosas propias de la fecha, y otros para disfrutar de paseos con familia o amigos, a la playa, campo, o cualquier destino tur\u00edstico dentro y fuera de nuestro pa\u00eds. En esta semana se conmemora la \u00faltima semana de vida de Jes\u00fas, comenzando con su entrada triunfante a Jerusal\u00e9n hasta su crucifixi\u00f3n, y resurrecci\u00f3n. En el marco de esta conmemoraci\u00f3n, no pueden faltar las criticas de quienes dicen que lo que menos se hace, es pensar en el amor de Dios para la humanidad y agradecer el sacrificio de su \u00fanico hijo Jes\u00fas en la cruz. Y en modo sarc\u00e1stico la llaman \u201csemana z\u00e1ngana\u201d. Lo cierto es que independientemente de c\u00f3mo usted decida gastarse este tiempo de vacaci\u00f3n, me permito sugerir a los creyentes, algo por hacer en esta semana. Lo primero es recordar que somos \u201ctripartitos\u201d cuerpo, alma y esp\u00edritu; y es nuestra responsabilidad nutrir y cuidar estas tres partes de nuestro ser. Por eso considero oportuno gastar parte de este tiempo ocup\u00e1ndonos en descansar y desconectar nuestro cuerpo de las rutinas propias de cada d\u00eda. Esta ma\u00f1ana mi hija adolescente se levant\u00f3 m\u00e1s tarde de lo acostumbrado, aprovechando su vacaci\u00f3n de colegio, muchos j\u00f3venes al igual que ella aprovecharan dormir un poco m\u00e1s en esta semana, para recargar sus energ\u00edas, pienso que a los adultos bien nos har\u00eda imitar este comportamiento en tanto nos sea posible hacerlo, los expertos de la salud dicen que dormir es lo que m\u00e1s agradece nuestro cuerpo, adem\u00e1s de una alimentaci\u00f3n balaceada, y un poco de ejercicio; esto sin duda nutrir\u00e1 nuestro cuerpo.<\/p>\n<p>Para alimentar el alma, nada mejor que disponer parte de este tiempo, para buscar estar en paz con todos, y principalmente con los de nuestra propia familia, hay hogares en los cuales la comunicaci\u00f3n esta deteriorada, por diferentes motivos, siendo el principal de estos la falta de tiempo e inter\u00e9s. Este es un buen tiempo para restaurar la comunicaci\u00f3n con nuestra pareja e hijos, hacer uso de los dos o\u00eddos, que tenemos para escuchar acerca de sus sue\u00f1os, proyectos, o frustraciones; y de nuestra lengua, para expresar nuestros propios sue\u00f1os y proyectos, adem\u00e1s de dar la disculpa que podr\u00edamos estar debiendo. En nuestra alma se alojan nuestras emociones, si nuestra alma esta sana y nutrida, nuestras emociones lo reflejaran, ciertamente considero que no hay mayor felicidad que la que produce el estar en paz con los dem\u00e1s y con nosotros mismos.<\/p>\n<p>Lo \u00faltimo, pero no menos importante es ocuparnos de nutrir nuestro esp\u00edritu, leyendo para nosotros mismos o como lectura diaria con nuestra familia, en los evangelios, como vivi\u00f3 su ultima semana Jes\u00fas el salvador del mundo; recordar ese hecho sin precedentes seguramente har\u00e1 que nuestro esp\u00edritu se agite, porque la palabra de Dios dice que su santo Esp\u00edritu, habita en el nuestro, afirmar eso da vida a todo nuestro ser. Sumado a esto considero vivificante, hablar con Dios m\u00e1s largo y profundo, de lo que lo hacemos en d\u00eda de trabajo, por falta de lo que en esta semana nos sobrar\u00e1 \u201ctiempo\u201d. Nada mas nutre nuestro Esp\u00edritu, que hablar con nuestro creador y se\u00f1or.<\/p>\n<p>Lo anterior es con el prop\u00f3sito de brindarle algo m\u00e1s por hacer en esta semana santa, que seguramente adem\u00e1s de recargarnos de energ\u00eda, dar\u00e1 nuevo brillo a nuestra vida para retomar nuestras obligaciones laborales y de estudios, la pr\u00f3xima semana.<\/p>\n<p>Dios le bendiga y conceda d\u00edas, de descanso para su cuerpo, alma, y esp\u00edritu.<br \/>\n\u00a1Feliz semana de descanso laboral!<\/p>\n","protected":false},"excerpt":{"rendered":"<p>POR JULY DE SOSA Llego la esperada semana mayor, o semana santa, la mayor\u00eda de las personas la esperamos por diferentes motivos; unos, ser\u00e1 por el descanso laboral, otros para participar de celebraciones religiosas propias de la fecha, y otros para disfrutar de paseos con familia o amigos, a la playa, campo, o cualquier destino [&hellip;]<\/p>\n","protected":false},"author":3,"featured_media":3096,"comment_status":"open","ping_status":"open","sticky":false,"template":"","format":"standard","meta":[],"categories":[36],"tags":[],"yoast_head":"<!-- This site is optimized with the Yoast SEO plugin v20.8 - https:\/\/yoast.com\/wordpress\/plugins\/seo\/ -->\n<title>Algo m\u00e1s por hacer en Semana Santa - La Prensa Cristiana<\/title>\n<meta name=\"robots\" content=\"index, follow, max-snippet:-1, max-image-preview:large, max-video-preview:-1\" \/>\n<link rel=\"canonical\" href=\"https:\/\/laprensacristiana.com\/?p=3614\" \/>\n<meta property=\"og:locale\" content=\"es_ES\" \/>\n<meta property=\"og:type\" content=\"article\" \/>\n<meta property=\"og:title\" content=\"Algo m\u00e1s por hacer en Semana Santa - La Prensa Cristiana\" \/>\n<meta property=\"og:description\" content=\"POR JULY DE SOSA Llego la esperada semana mayor, o semana santa, la mayor\u00eda de las personas la esperamos por diferentes motivos; unos, ser\u00e1 por el descanso laboral, otros para participar de celebraciones religiosas propias de la fecha, y otros para disfrutar de paseos con familia o amigos, a la playa, campo, o cualquier destino [&hellip;]\" \/>\n<meta property=\"og:url\" content=\"https:\/\/laprensacristiana.com\/?p=3614\" \/>\n<meta property=\"og:site_name\" content=\"La Prensa Cristiana\" \/>\n<meta property=\"article:published_time\" content=\"2018-03-28T14:35:06+00:00\" \/>\n<meta property=\"article:modified_time\" content=\"2020-07-02T00:12:31+00:00\" \/>\n<meta property=\"og:image\" content=\"https:\/\/laprensacristiana.com\/wp-content\/uploads\/2017\/08\/JULY-LPG-2017.jpg\" \/>\n\t<meta property=\"og:image:width\" content=\"1240\" \/>\n\t<meta property=\"og:image:height\" content=\"692\" \/>\n\t<meta property=\"og:image:type\" content=\"image\/jpeg\" \/>\n<meta name=\"author\" content=\"EDITOR\" \/>\n<meta name=\"twitter:card\" content=\"summary_large_image\" \/>\n<meta name=\"twitter:label1\" content=\"Escrito por\" \/>\n\t<meta name=\"twitter:data1\" content=\"EDITOR\" \/>\n\t<meta name=\"twitter:label2\" content=\"Tiempo de lectura\" \/>\n\t<meta name=\"twitter:data2\" content=\"3 minutos\" \/>\n<script type=\"application\/ld+json\" class=\"yoast-schema-graph\">{\"@context\":\"https:\/\/schema.org\",\"@graph\":[{\"@type\":\"WebPage\",\"@id\":\"https:\/\/laprensacristiana.com\/?p=3614\",\"url\":\"https:\/\/laprensacristiana.com\/?p=3614\",\"name\":\"Algo m\u00e1s por hacer en Semana Santa - La Prensa Cristiana\",\"isPartOf\":{\"@id\":\"https:\/\/laprensacristiana.com\/#website\"},\"datePublished\":\"2018-03-28T14:35:06+00:00\",\"dateModified\":\"2020-07-02T00:12:31+00:00\",\"author\":{\"@id\":\"https:\/\/laprensacristiana.com\/#\/schema\/person\/3e7d82c6bfd6b1fa67010f8f7cd5256e\"},\"breadcrumb\":{\"@id\":\"https:\/\/laprensacristiana.com\/?p=3614#breadcrumb\"},\"inLanguage\":\"es\",\"potentialAction\":[{\"@type\":\"ReadAction\",\"target\":[\"https:\/\/laprensacristiana.com\/?p=3614\"]}]},{\"@type\":\"BreadcrumbList\",\"@id\":\"https:\/\/laprensacristiana.com\/?p=3614#breadcrumb\",\"itemListElement\":[{\"@type\":\"ListItem\",\"position\":1,\"name\":\"Portada\",\"item\":\"https:\/\/laprensacristiana.com\/\"},{\"@type\":\"ListItem\",\"position\":2,\"name\":\"Algo m\u00e1s por hacer en Semana Santa\"}]},{\"@type\":\"WebSite\",\"@id\":\"https:\/\/laprensacristiana.com\/#website\",\"url\":\"https:\/\/laprensacristiana.com\/\",\"name\":\"La Prensa Cristiana\",\"description\":\"Anunciando Las Buenas Nuevas\",\"potentialAction\":[{\"@type\":\"SearchAction\",\"target\":{\"@type\":\"EntryPoint\",\"urlTemplate\":\"https:\/\/laprensacristiana.com\/?s={search_term_string}\"},\"query-input\":\"required name=search_term_string\"}],\"inLanguage\":\"es\"},{\"@type\":\"Person\",\"@id\":\"https:\/\/laprensacristiana.com\/#\/schema\/person\/3e7d82c6bfd6b1fa67010f8f7cd5256e\",\"name\":\"EDITOR\",\"image\":{\"@type\":\"ImageObject\",\"inLanguage\":\"es\",\"@id\":\"https:\/\/laprensacristiana.com\/#\/schema\/person\/image\/\",\"url\":\"https:\/\/secure.gravatar.com\/avatar\/72069dfb6c13772d9e8381e3638666d2?s=96&d=mm&r=g\",\"contentUrl\":\"https:\/\/secure.gravatar.com\/avatar\/72069dfb6c13772d9e8381e3638666d2?s=96&d=mm&r=g\",\"caption\":\"EDITOR\"},\"url\":\"https:\/\/laprensacristiana.com\/?author=3\"}]}<\/script>\n<!-- \/ Yoast SEO plugin. -->","yoast_head_json":{"title":"Algo m\u00e1s por hacer en Semana Santa - La Prensa Cristiana","robots":{"index":"index","follow":"follow","max-snippet":"max-snippet:-1","max-image-preview":"max-image-preview:large","max-video-preview":"max-video-preview:-1"},"canonical":"https:\/\/laprensacristiana.com\/?p=3614","og_locale":"es_ES","og_type":"article","og_title":"Algo m\u00e1s por hacer en Semana Santa - La Prensa Cristiana","og_description":"POR JULY DE SOSA Llego la esperada semana mayor, o semana santa, la mayor\u00eda de las personas la esperamos por diferentes motivos; unos, ser\u00e1 por el descanso laboral, otros para participar de celebraciones religiosas propias de la fecha, y otros para disfrutar de paseos con familia o amigos, a la playa, campo, o cualquier destino [&hellip;]","og_url":"https:\/\/laprensacristiana.com\/?p=3614","og_site_name":"La Prensa Cristiana","article_published_time":"2018-03-28T14:35:06+00:00","article_modified_time":"2020-07-02T00:12:31+00:00","og_image":[{"width":1240,"height":692,"url":"https:\/\/laprensacristiana.com\/wp-content\/uploads\/2017\/08\/JULY-LPG-2017.jpg","type":"image\/jpeg"}],"author":"EDITOR","twitter_card":"summary_large_image","twitter_misc":{"Escrito por":"EDITOR","Tiempo de lectura":"3 minutos"},"schema":{"@context":"https:\/\/schema.org","@graph":[{"@type":"WebPage","@id":"https:\/\/laprensacristiana.com\/?p=3614","url":"https:\/\/laprensacristiana.com\/?p=3614","name":"Algo m\u00e1s por hacer en Semana Santa - La Prensa Cristiana","isPartOf":{"@id":"https:\/\/laprensacristiana.com\/#website"},"datePublished":"2018-03-28T14:35:06+00:00","dateModified":"2020-07-02T00:12:31+00:00","author":{"@id":"https:\/\/laprensacristiana.com\/#\/schema\/person\/3e7d82c6bfd6b1fa67010f8f7cd5256e"},"breadcrumb":{"@id":"https:\/\/laprensacristiana.com\/?p=3614#breadcrumb"},"inLanguage":"es","potentialAction":[{"@type":"ReadAction","target":["https:\/\/laprensacristiana.com\/?p=3614"]}]},{"@type":"BreadcrumbList","@id":"https:\/\/laprensacristiana.com\/?p=3614#breadcrumb","itemListElement":[{"@type":"ListItem","position":1,"name":"Portada","item":"https:\/\/laprensacristiana.com\/"},{"@type":"ListItem","position":2,"name":"Algo m\u00e1s por hacer en Semana Santa"}]},{"@type":"WebSite","@id":"https:\/\/laprensacristiana.com\/#website","url":"https:\/\/laprensacristiana.com\/","name":"La Prensa Cristiana","description":"Anunciando Las Buenas Nuevas","potentialAction":[{"@type":"SearchAction","target":{"@type":"EntryPoint","urlTemplate":"https:\/\/laprensacristiana.com\/?s={search_term_string}"},"query-input":"required name=search_term_string"}],"inLanguage":"es"},{"@type":"Person","@id":"https:\/\/laprensacristiana.com\/#\/schema\/person\/3e7d82c6bfd6b1fa67010f8f7cd5256e","name":"EDITOR","image":{"@type":"ImageObject","inLanguage":"es","@id":"https:\/\/laprensacristiana.com\/#\/schema\/person\/image\/","url":"https:\/\/secure.gravatar.com\/avatar\/72069dfb6c13772d9e8381e3638666d2?s=96&d=mm&r=g","contentUrl":"https:\/\/secure.gravatar.com\/avatar\/72069dfb6c13772d9e8381e3638666d2?s=96&d=mm&r=g","caption":"EDITOR"},"url":"https:\/\/laprensacristiana.com\/?author=3"}]}},"_links":{"self":[{"href":"https:\/\/laprensacristiana.com\/index.php?rest_route=\/wp\/v2\/posts\/3614"}],"collection":[{"href":"https:\/\/laprensacristiana.com\/index.php?rest_route=\/wp\/v2\/posts"}],"about":[{"href":"https:\/\/laprensacristiana.com\/index.php?rest_route=\/wp\/v2\/types\/post"}],"author":[{"embeddable":true,"href":"https:\/\/laprensacristiana.com\/index.php?rest_route=\/wp\/v2\/users\/3"}],"replies":[{"embeddable":true,"href":"https:\/\/laprensacristiana.com\/index.php?rest_route=%2Fwp%2Fv2%2Fcomments&post=3614"}],"version-history":[{"count":1,"href":"https:\/\/laprensacristiana.com\/index.php?rest_route=\/wp\/v2\/posts\/3614\/revisions"}],"predecessor-version":[{"id":3615,"href":"https:\/\/laprensacristiana.com\/index.php?rest_route=\/wp\/v2\/posts\/3614\/revisions\/3615"}],"wp:featuredmedia":[{"embeddable":true,"href":"https:\/\/laprensacristiana.com\/index.php?rest_route=\/wp\/v2\/media\/3096"}],"wp:attachment":[{"href":"https:\/\/laprensacristiana.com\/index.php?rest_route=%2Fwp%2Fv2%2Fmedia&parent=3614"}],"wp:term":[{"taxonomy":"category","embeddable":true,"href":"https:\/\/laprensacristiana.com\/index.php?rest_route=%2Fwp%2Fv2%2Fcategories&post=3614"},{"taxonomy":"post_tag","embeddable":true,"href":"https:\/\/laprensacristiana.com\/index.php?rest_route=%2Fwp%2Fv2%2Ftags&post=3614"}],"curies":[{"name":"wp","href":"https:\/\/api.w.org\/{rel}","templated":true}]}}