{"id":3619,"date":"2018-03-29T15:11:08","date_gmt":"2018-03-29T15:11:08","guid":{"rendered":"https:\/\/laprensacristiana.com\/?p=3619"},"modified":"2020-07-02T00:12:01","modified_gmt":"2020-07-02T00:12:01","slug":"la-pasion-de-cristo-impacta-el-salvador","status":"publish","type":"post","link":"https:\/\/laprensacristiana.com\/?p=3619","title":{"rendered":"La Pasi\u00f3n de Cristo impacta El Salvador"},"content":{"rendered":"<p style=\"text-align: justify;\">El pasado fin de semana se desarrollaron las 5 funciones de la obra teatral La Pasi\u00f3n de Cristo, obra que cont\u00f3 con un lleno total en todas sus presentaciones.<\/p>\n<p style=\"text-align: justify;\">\n<img decoding=\"async\" loading=\"lazy\" class=\"alignnone size-full wp-image-3622\" src=\"https:\/\/laprensacristiana.com\/wp-content\/uploads\/2018\/03\/WhatsApp-Image-2018-03-24-at-13.31.59-1.jpeg\" alt=\"\" width=\"1280\" height=\"853\" srcset=\"https:\/\/laprensacristiana.com\/wp-content\/uploads\/2018\/03\/WhatsApp-Image-2018-03-24-at-13.31.59-1.jpeg 1280w, https:\/\/laprensacristiana.com\/wp-content\/uploads\/2018\/03\/WhatsApp-Image-2018-03-24-at-13.31.59-1-600x400.jpeg 600w, https:\/\/laprensacristiana.com\/wp-content\/uploads\/2018\/03\/WhatsApp-Image-2018-03-24-at-13.31.59-1-300x200.jpeg 300w, https:\/\/laprensacristiana.com\/wp-content\/uploads\/2018\/03\/WhatsApp-Image-2018-03-24-at-13.31.59-1-768x512.jpeg 768w, https:\/\/laprensacristiana.com\/wp-content\/uploads\/2018\/03\/WhatsApp-Image-2018-03-24-at-13.31.59-1-1024x682.jpeg 1024w, https:\/\/laprensacristiana.com\/wp-content\/uploads\/2018\/03\/WhatsApp-Image-2018-03-24-at-13.31.59-1-696x464.jpeg 696w, https:\/\/laprensacristiana.com\/wp-content\/uploads\/2018\/03\/WhatsApp-Image-2018-03-24-at-13.31.59-1-1068x712.jpeg 1068w, https:\/\/laprensacristiana.com\/wp-content\/uploads\/2018\/03\/WhatsApp-Image-2018-03-24-at-13.31.59-1-630x420.jpeg 630w\" sizes=\"(max-width: 1280px) 100vw, 1280px\" \/><br \/>\nEs la primera vez que en El Salvador se realiza una obra extra\u00edda de la Biblia a nivel profesional, desde el gui\u00f3n, los actores, la escenograf\u00eda, y todo un consolidado de producci\u00f3n audiovisual que facilitaron la correcta interpretaci\u00f3n de la historia que tuvo lugar en el Teatro Presidente.<\/p>\n<p style=\"text-align: justify;\"><img decoding=\"async\" loading=\"lazy\" class=\"alignnone size-full wp-image-3623\" src=\"https:\/\/laprensacristiana.com\/wp-content\/uploads\/2018\/03\/WhatsApp-Image-2018-03-24-at-13.32.00-2.jpeg\" alt=\"\" width=\"1280\" height=\"853\" srcset=\"https:\/\/laprensacristiana.com\/wp-content\/uploads\/2018\/03\/WhatsApp-Image-2018-03-24-at-13.32.00-2.jpeg 1280w, https:\/\/laprensacristiana.com\/wp-content\/uploads\/2018\/03\/WhatsApp-Image-2018-03-24-at-13.32.00-2-600x400.jpeg 600w, https:\/\/laprensacristiana.com\/wp-content\/uploads\/2018\/03\/WhatsApp-Image-2018-03-24-at-13.32.00-2-300x200.jpeg 300w, https:\/\/laprensacristiana.com\/wp-content\/uploads\/2018\/03\/WhatsApp-Image-2018-03-24-at-13.32.00-2-768x512.jpeg 768w, https:\/\/laprensacristiana.com\/wp-content\/uploads\/2018\/03\/WhatsApp-Image-2018-03-24-at-13.32.00-2-1024x682.jpeg 1024w, https:\/\/laprensacristiana.com\/wp-content\/uploads\/2018\/03\/WhatsApp-Image-2018-03-24-at-13.32.00-2-696x464.jpeg 696w, https:\/\/laprensacristiana.com\/wp-content\/uploads\/2018\/03\/WhatsApp-Image-2018-03-24-at-13.32.00-2-1068x712.jpeg 1068w, https:\/\/laprensacristiana.com\/wp-content\/uploads\/2018\/03\/WhatsApp-Image-2018-03-24-at-13.32.00-2-630x420.jpeg 630w\" sizes=\"(max-width: 1280px) 100vw, 1280px\" \/><\/p>\n<p style=\"text-align: justify;\">La Pasi\u00f3n de Cristo es una expresi\u00f3n de arte que trasciende del entretenimiento a generar en el publico una experiencia sin igual por su contenido, una obra teatral que han producido Jon\u00e1s Herrera y William Alem\u00e1n, contando con \u00a0la participaci\u00f3n de 120 personas que hicieron posible su realizaci\u00f3n.<\/p>\n<p style=\"text-align: justify;\">En el 2019 se tendr\u00e1 una nueva puesta en escena, fueron muchos los casos de personas que preguntaban si habr\u00eda m\u00e1s funciones, pero solo eran 3 d\u00edas que estar\u00eda la obra, habr\u00e1 que seguir todas sus redes sociales @lapasiondecristoelmusical para estar pendientes de informaci\u00f3n de fechas para el pr\u00f3ximo a\u00f1o y todo el trabajo previo que realizan sus productores junto a su equipo.<\/p>\n<p style=\"text-align: justify;\"><img decoding=\"async\" loading=\"lazy\" class=\"alignnone size-full wp-image-3624\" src=\"https:\/\/laprensacristiana.com\/wp-content\/uploads\/2018\/03\/WhatsApp-Image-2018-03-24-at-13.32.00-5.jpeg\" alt=\"\" width=\"1280\" height=\"853\" srcset=\"https:\/\/laprensacristiana.com\/wp-content\/uploads\/2018\/03\/WhatsApp-Image-2018-03-24-at-13.32.00-5.jpeg 1280w, https:\/\/laprensacristiana.com\/wp-content\/uploads\/2018\/03\/WhatsApp-Image-2018-03-24-at-13.32.00-5-600x400.jpeg 600w, https:\/\/laprensacristiana.com\/wp-content\/uploads\/2018\/03\/WhatsApp-Image-2018-03-24-at-13.32.00-5-300x200.jpeg 300w, https:\/\/laprensacristiana.com\/wp-content\/uploads\/2018\/03\/WhatsApp-Image-2018-03-24-at-13.32.00-5-768x512.jpeg 768w, https:\/\/laprensacristiana.com\/wp-content\/uploads\/2018\/03\/WhatsApp-Image-2018-03-24-at-13.32.00-5-1024x682.jpeg 1024w, https:\/\/laprensacristiana.com\/wp-content\/uploads\/2018\/03\/WhatsApp-Image-2018-03-24-at-13.32.00-5-696x464.jpeg 696w, https:\/\/laprensacristiana.com\/wp-content\/uploads\/2018\/03\/WhatsApp-Image-2018-03-24-at-13.32.00-5-1068x712.jpeg 1068w, https:\/\/laprensacristiana.com\/wp-content\/uploads\/2018\/03\/WhatsApp-Image-2018-03-24-at-13.32.00-5-630x420.jpeg 630w\" sizes=\"(max-width: 1280px) 100vw, 1280px\" \/><\/p>\n","protected":false},"excerpt":{"rendered":"<p>El pasado fin de semana se desarrollaron las 5 funciones de la obra teatral La Pasi\u00f3n de Cristo, obra que cont\u00f3 con un lleno total en todas sus presentaciones. Es la primera vez que en El Salvador se realiza una obra extra\u00edda de la Biblia a nivel profesional, desde el gui\u00f3n, los actores, la escenograf\u00eda, [&hellip;]<\/p>\n","protected":false},"author":3,"featured_media":3621,"comment_status":"open","ping_status":"open","sticky":false,"template":"","format":"standard","meta":[],"categories":[56],"tags":[],"yoast_head":"<!-- This site is optimized with the Yoast SEO plugin v20.8 - https:\/\/yoast.com\/wordpress\/plugins\/seo\/ -->\n<title>La Pasi\u00f3n de Cristo impacta El Salvador - La Prensa Cristiana<\/title>\n<meta name=\"robots\" content=\"index, follow, max-snippet:-1, max-image-preview:large, max-video-preview:-1\" \/>\n<link rel=\"canonical\" href=\"https:\/\/laprensacristiana.com\/?p=3619\" \/>\n<meta property=\"og:locale\" content=\"es_ES\" \/>\n<meta property=\"og:type\" content=\"article\" \/>\n<meta property=\"og:title\" content=\"La Pasi\u00f3n de Cristo impacta El Salvador - La Prensa Cristiana\" \/>\n<meta property=\"og:description\" content=\"El pasado fin de semana se desarrollaron las 5 funciones de la obra teatral La Pasi\u00f3n de Cristo, obra que cont\u00f3 con un lleno total en todas sus presentaciones. Es la primera vez que en El Salvador se realiza una obra extra\u00edda de la Biblia a nivel profesional, desde el gui\u00f3n, los actores, la escenograf\u00eda, [&hellip;]\" \/>\n<meta property=\"og:url\" content=\"https:\/\/laprensacristiana.com\/?p=3619\" \/>\n<meta property=\"og:site_name\" content=\"La Prensa Cristiana\" \/>\n<meta property=\"article:published_time\" content=\"2018-03-29T15:11:08+00:00\" \/>\n<meta property=\"article:modified_time\" content=\"2020-07-02T00:12:01+00:00\" \/>\n<meta property=\"og:image\" content=\"https:\/\/laprensacristiana.com\/wp-content\/uploads\/2018\/03\/WhatsApp-Image-2018-03-24-at-13.31.59-3-1.jpeg\" \/>\n\t<meta property=\"og:image:width\" content=\"1280\" \/>\n\t<meta property=\"og:image:height\" content=\"853\" \/>\n\t<meta property=\"og:image:type\" content=\"image\/jpeg\" \/>\n<meta name=\"author\" content=\"EDITOR\" \/>\n<meta name=\"twitter:card\" content=\"summary_large_image\" \/>\n<meta name=\"twitter:label1\" content=\"Escrito por\" \/>\n\t<meta name=\"twitter:data1\" content=\"EDITOR\" \/>\n\t<meta name=\"twitter:label2\" content=\"Tiempo de lectura\" \/>\n\t<meta name=\"twitter:data2\" content=\"1 minuto\" \/>\n<script type=\"application\/ld+json\" class=\"yoast-schema-graph\">{\"@context\":\"https:\/\/schema.org\",\"@graph\":[{\"@type\":\"WebPage\",\"@id\":\"https:\/\/laprensacristiana.com\/?p=3619\",\"url\":\"https:\/\/laprensacristiana.com\/?p=3619\",\"name\":\"La Pasi\u00f3n de Cristo impacta El Salvador - La Prensa Cristiana\",\"isPartOf\":{\"@id\":\"https:\/\/laprensacristiana.com\/#website\"},\"datePublished\":\"2018-03-29T15:11:08+00:00\",\"dateModified\":\"2020-07-02T00:12:01+00:00\",\"author\":{\"@id\":\"https:\/\/laprensacristiana.com\/#\/schema\/person\/3e7d82c6bfd6b1fa67010f8f7cd5256e\"},\"breadcrumb\":{\"@id\":\"https:\/\/laprensacristiana.com\/?p=3619#breadcrumb\"},\"inLanguage\":\"es\",\"potentialAction\":[{\"@type\":\"ReadAction\",\"target\":[\"https:\/\/laprensacristiana.com\/?p=3619\"]}]},{\"@type\":\"BreadcrumbList\",\"@id\":\"https:\/\/laprensacristiana.com\/?p=3619#breadcrumb\",\"itemListElement\":[{\"@type\":\"ListItem\",\"position\":1,\"name\":\"Portada\",\"item\":\"https:\/\/laprensacristiana.com\/\"},{\"@type\":\"ListItem\",\"position\":2,\"name\":\"La Pasi\u00f3n de Cristo impacta El Salvador\"}]},{\"@type\":\"WebSite\",\"@id\":\"https:\/\/laprensacristiana.com\/#website\",\"url\":\"https:\/\/laprensacristiana.com\/\",\"name\":\"La Prensa Cristiana\",\"description\":\"Anunciando Las Buenas Nuevas\",\"potentialAction\":[{\"@type\":\"SearchAction\",\"target\":{\"@type\":\"EntryPoint\",\"urlTemplate\":\"https:\/\/laprensacristiana.com\/?s={search_term_string}\"},\"query-input\":\"required name=search_term_string\"}],\"inLanguage\":\"es\"},{\"@type\":\"Person\",\"@id\":\"https:\/\/laprensacristiana.com\/#\/schema\/person\/3e7d82c6bfd6b1fa67010f8f7cd5256e\",\"name\":\"EDITOR\",\"image\":{\"@type\":\"ImageObject\",\"inLanguage\":\"es\",\"@id\":\"https:\/\/laprensacristiana.com\/#\/schema\/person\/image\/\",\"url\":\"https:\/\/secure.gravatar.com\/avatar\/72069dfb6c13772d9e8381e3638666d2?s=96&d=mm&r=g\",\"contentUrl\":\"https:\/\/secure.gravatar.com\/avatar\/72069dfb6c13772d9e8381e3638666d2?s=96&d=mm&r=g\",\"caption\":\"EDITOR\"},\"url\":\"https:\/\/laprensacristiana.com\/?author=3\"}]}<\/script>\n<!-- \/ Yoast SEO plugin. -->","yoast_head_json":{"title":"La Pasi\u00f3n de Cristo impacta El Salvador - La Prensa Cristiana","robots":{"index":"index","follow":"follow","max-snippet":"max-snippet:-1","max-image-preview":"max-image-preview:large","max-video-preview":"max-video-preview:-1"},"canonical":"https:\/\/laprensacristiana.com\/?p=3619","og_locale":"es_ES","og_type":"article","og_title":"La Pasi\u00f3n de Cristo impacta El Salvador - La Prensa Cristiana","og_description":"El pasado fin de semana se desarrollaron las 5 funciones de la obra teatral La Pasi\u00f3n de Cristo, obra que cont\u00f3 con un lleno total en todas sus presentaciones. Es la primera vez que en El Salvador se realiza una obra extra\u00edda de la Biblia a nivel profesional, desde el gui\u00f3n, los actores, la escenograf\u00eda, [&hellip;]","og_url":"https:\/\/laprensacristiana.com\/?p=3619","og_site_name":"La Prensa Cristiana","article_published_time":"2018-03-29T15:11:08+00:00","article_modified_time":"2020-07-02T00:12:01+00:00","og_image":[{"width":1280,"height":853,"url":"https:\/\/laprensacristiana.com\/wp-content\/uploads\/2018\/03\/WhatsApp-Image-2018-03-24-at-13.31.59-3-1.jpeg","type":"image\/jpeg"}],"author":"EDITOR","twitter_card":"summary_large_image","twitter_misc":{"Escrito por":"EDITOR","Tiempo de lectura":"1 minuto"},"schema":{"@context":"https:\/\/schema.org","@graph":[{"@type":"WebPage","@id":"https:\/\/laprensacristiana.com\/?p=3619","url":"https:\/\/laprensacristiana.com\/?p=3619","name":"La Pasi\u00f3n de Cristo impacta El Salvador - La Prensa Cristiana","isPartOf":{"@id":"https:\/\/laprensacristiana.com\/#website"},"datePublished":"2018-03-29T15:11:08+00:00","dateModified":"2020-07-02T00:12:01+00:00","author":{"@id":"https:\/\/laprensacristiana.com\/#\/schema\/person\/3e7d82c6bfd6b1fa67010f8f7cd5256e"},"breadcrumb":{"@id":"https:\/\/laprensacristiana.com\/?p=3619#breadcrumb"},"inLanguage":"es","potentialAction":[{"@type":"ReadAction","target":["https:\/\/laprensacristiana.com\/?p=3619"]}]},{"@type":"BreadcrumbList","@id":"https:\/\/laprensacristiana.com\/?p=3619#breadcrumb","itemListElement":[{"@type":"ListItem","position":1,"name":"Portada","item":"https:\/\/laprensacristiana.com\/"},{"@type":"ListItem","position":2,"name":"La Pasi\u00f3n de Cristo impacta El Salvador"}]},{"@type":"WebSite","@id":"https:\/\/laprensacristiana.com\/#website","url":"https:\/\/laprensacristiana.com\/","name":"La Prensa Cristiana","description":"Anunciando Las Buenas Nuevas","potentialAction":[{"@type":"SearchAction","target":{"@type":"EntryPoint","urlTemplate":"https:\/\/laprensacristiana.com\/?s={search_term_string}"},"query-input":"required name=search_term_string"}],"inLanguage":"es"},{"@type":"Person","@id":"https:\/\/laprensacristiana.com\/#\/schema\/person\/3e7d82c6bfd6b1fa67010f8f7cd5256e","name":"EDITOR","image":{"@type":"ImageObject","inLanguage":"es","@id":"https:\/\/laprensacristiana.com\/#\/schema\/person\/image\/","url":"https:\/\/secure.gravatar.com\/avatar\/72069dfb6c13772d9e8381e3638666d2?s=96&d=mm&r=g","contentUrl":"https:\/\/secure.gravatar.com\/avatar\/72069dfb6c13772d9e8381e3638666d2?s=96&d=mm&r=g","caption":"EDITOR"},"url":"https:\/\/laprensacristiana.com\/?author=3"}]}},"_links":{"self":[{"href":"https:\/\/laprensacristiana.com\/index.php?rest_route=\/wp\/v2\/posts\/3619"}],"collection":[{"href":"https:\/\/laprensacristiana.com\/index.php?rest_route=\/wp\/v2\/posts"}],"about":[{"href":"https:\/\/laprensacristiana.com\/index.php?rest_route=\/wp\/v2\/types\/post"}],"author":[{"embeddable":true,"href":"https:\/\/laprensacristiana.com\/index.php?rest_route=\/wp\/v2\/users\/3"}],"replies":[{"embeddable":true,"href":"https:\/\/laprensacristiana.com\/index.php?rest_route=%2Fwp%2Fv2%2Fcomments&post=3619"}],"version-history":[{"count":1,"href":"https:\/\/laprensacristiana.com\/index.php?rest_route=\/wp\/v2\/posts\/3619\/revisions"}],"predecessor-version":[{"id":3625,"href":"https:\/\/laprensacristiana.com\/index.php?rest_route=\/wp\/v2\/posts\/3619\/revisions\/3625"}],"wp:featuredmedia":[{"embeddable":true,"href":"https:\/\/laprensacristiana.com\/index.php?rest_route=\/wp\/v2\/media\/3621"}],"wp:attachment":[{"href":"https:\/\/laprensacristiana.com\/index.php?rest_route=%2Fwp%2Fv2%2Fmedia&parent=3619"}],"wp:term":[{"taxonomy":"category","embeddable":true,"href":"https:\/\/laprensacristiana.com\/index.php?rest_route=%2Fwp%2Fv2%2Fcategories&post=3619"},{"taxonomy":"post_tag","embeddable":true,"href":"https:\/\/laprensacristiana.com\/index.php?rest_route=%2Fwp%2Fv2%2Ftags&post=3619"}],"curies":[{"name":"wp","href":"https:\/\/api.w.org\/{rel}","templated":true}]}}