{"id":3629,"date":"2018-04-01T18:31:20","date_gmt":"2018-04-01T18:31:20","guid":{"rendered":"https:\/\/laprensacristiana.com\/?p=3629"},"modified":"2020-07-02T00:11:50","modified_gmt":"2020-07-02T00:11:50","slug":"pentecostes-hoy-llevando-el-mensaje-de-dios-a-mas-vidas","status":"publish","type":"post","link":"https:\/\/laprensacristiana.com\/?p=3629","title":{"rendered":"Pentecost\u00e9s hoy, llevando el mensaje de Dios a m\u00e1s vidas"},"content":{"rendered":"<p>Ser luz en la tiniebla, es el reto de la comunidad cristiana. Iglesia Huellas de Unci\u00f3n llev\u00f3 a cabo su evento denominado: Pentecost\u00e9s Hoy 2018, en el desarrollo de este, se pudo apreciar una serie de plenarias con tem\u00e1ticas que fortalecen la vida espiritual de la iglesia de Dios.<\/p>\n<p><img decoding=\"async\" loading=\"lazy\" class=\"alignnone size-full wp-image-3630\" src=\"https:\/\/laprensacristiana.com\/wp-content\/uploads\/2018\/04\/FB_IMG_1522606395226.jpg\" alt=\"FB_IMG_1522606395226\" width=\"720\" height=\"479\" srcset=\"https:\/\/laprensacristiana.com\/wp-content\/uploads\/2018\/04\/FB_IMG_1522606395226.jpg 720w, https:\/\/laprensacristiana.com\/wp-content\/uploads\/2018\/04\/FB_IMG_1522606395226-600x399.jpg 600w, https:\/\/laprensacristiana.com\/wp-content\/uploads\/2018\/04\/FB_IMG_1522606395226-300x200.jpg 300w, https:\/\/laprensacristiana.com\/wp-content\/uploads\/2018\/04\/FB_IMG_1522606395226-696x463.jpg 696w, https:\/\/laprensacristiana.com\/wp-content\/uploads\/2018\/04\/FB_IMG_1522606395226-631x420.jpg 631w\" sizes=\"(max-width: 720px) 100vw, 720px\" \/><\/p>\n<p>La congregaci\u00f3n se llen\u00f3 de gozo y alegr\u00eda al disfrutar de este gran evento, donde pastores dirigir\u00edan el mensaje dividido en plenarias y con temas que llenan la vida de cristianos y amigos que tambi\u00e9n se hicieron parte en la busca del mes de salvaci\u00f3n.<\/p>\n<p>El evento dio inicio con un momento de alabanza y adoraci\u00f3n, coros de j\u00fabilo que permiti\u00f3 sentir la presencia de Dios en todo el lugar, todas las personas se dispusieron a permitirle al Esp\u00edritu Santo entrar a sus corazones, a sus familias y a apoderarse de su ser.<\/p>\n<p>La primera plenaria se desarrollo con base a las escrituras y que es el camino a un cambio, a algo mejor de la mano de Dios. Esta plenaria estuvo llena de bendici\u00f3n, acompa\u00f1ada de un momento de reflexi\u00f3n y coros de adoraci\u00f3n. \u00a0El Pastor Alberto Picariello coment\u00f3 que: \u201c El pueblo de Dios est\u00e1 pasando un momento dif\u00edcil cuando no est\u00e1 como deber\u00eda de estar, cuando las cosas no salen como nosotros pensamos, cuando todo es adverso, entonces humanamente se dice que estamos en problemas. Pero b\u00edblicamente se cree que estamos a punto de ver la mano poderosa de Dios.\u201d<\/p>\n<p><img decoding=\"async\" loading=\"lazy\" class=\"alignnone size-full wp-image-3631\" src=\"https:\/\/laprensacristiana.com\/wp-content\/uploads\/2018\/04\/FB_IMG_1522606051255.jpg\" alt=\"FB_IMG_1522606051255\" width=\"720\" height=\"479\" srcset=\"https:\/\/laprensacristiana.com\/wp-content\/uploads\/2018\/04\/FB_IMG_1522606051255.jpg 720w, https:\/\/laprensacristiana.com\/wp-content\/uploads\/2018\/04\/FB_IMG_1522606051255-600x399.jpg 600w, https:\/\/laprensacristiana.com\/wp-content\/uploads\/2018\/04\/FB_IMG_1522606051255-300x200.jpg 300w, https:\/\/laprensacristiana.com\/wp-content\/uploads\/2018\/04\/FB_IMG_1522606051255-696x463.jpg 696w, https:\/\/laprensacristiana.com\/wp-content\/uploads\/2018\/04\/FB_IMG_1522606051255-631x420.jpg 631w\" sizes=\"(max-width: 720px) 100vw, 720px\" \/><\/p>\n<p>La segunda plenaria fue desarrollada por el Pastor Eduardo Rodr\u00edguez Matheu, con el tema: Esforzaos y cobrad \u00e1nimo, enfocada a un compromiso con el creador, a no desmayar y esforzarse ante cualquier adversidad, porque el respaldo de \u00e9l nunca desamparar\u00e1 a sus hijos. \u201cEs posible que el Esp\u00edritu Santo los trajiera aqu\u00ed y no hubo ning\u00fan poder malo, ninguna atracci\u00f3n que los cautivara, eso significa ser bienaventurado\u201d dijo el Pastor Rodr\u00edguez.<\/p>\n<p>El evento Pentecost\u00e9s Hoy 2018 fue transmitido en vivo en la fanpage de Iglesia Huellas de Unci\u00f3n y en su canal de YouTube.<\/p>\n<p><a href=\"https:\/\/www.facebook.com\/huellasdeuncion\/\">https:\/\/www.facebook.com\/huellasdeuncion\/<\/a><\/p>\n<p><a href=\"https:\/\/www.youtube.com\/channel\/UCilFVtAeh3U2xg5lhcSQ\/live\">https:\/\/www.youtube.com\/channel\/UCilFVtAeh3U2xg5lhcSQ\/live<\/a><\/p>\n","protected":false},"excerpt":{"rendered":"<p>Ser luz en la tiniebla, es el reto de la comunidad cristiana. Iglesia Huellas de Unci\u00f3n llev\u00f3 a cabo su evento denominado: Pentecost\u00e9s Hoy 2018, en el desarrollo de este, se pudo apreciar una serie de plenarias con tem\u00e1ticas que fortalecen la vida espiritual de la iglesia de Dios. La congregaci\u00f3n se llen\u00f3 de gozo [&hellip;]<\/p>\n","protected":false},"author":3,"featured_media":3632,"comment_status":"open","ping_status":"open","sticky":false,"template":"","format":"standard","meta":[],"categories":[56],"tags":[],"yoast_head":"<!-- This site is optimized with the Yoast SEO plugin v20.8 - https:\/\/yoast.com\/wordpress\/plugins\/seo\/ -->\n<title>Pentecost\u00e9s hoy, llevando el mensaje de Dios a m\u00e1s vidas - La Prensa Cristiana<\/title>\n<meta name=\"robots\" content=\"index, follow, max-snippet:-1, max-image-preview:large, max-video-preview:-1\" \/>\n<link rel=\"canonical\" href=\"https:\/\/laprensacristiana.com\/?p=3629\" \/>\n<meta property=\"og:locale\" content=\"es_ES\" \/>\n<meta property=\"og:type\" content=\"article\" \/>\n<meta property=\"og:title\" content=\"Pentecost\u00e9s hoy, llevando el mensaje de Dios a m\u00e1s vidas - La Prensa Cristiana\" \/>\n<meta property=\"og:description\" content=\"Ser luz en la tiniebla, es el reto de la comunidad cristiana. Iglesia Huellas de Unci\u00f3n llev\u00f3 a cabo su evento denominado: Pentecost\u00e9s Hoy 2018, en el desarrollo de este, se pudo apreciar una serie de plenarias con tem\u00e1ticas que fortalecen la vida espiritual de la iglesia de Dios. La congregaci\u00f3n se llen\u00f3 de gozo [&hellip;]\" \/>\n<meta property=\"og:url\" content=\"https:\/\/laprensacristiana.com\/?p=3629\" \/>\n<meta property=\"og:site_name\" content=\"La Prensa Cristiana\" \/>\n<meta property=\"article:published_time\" content=\"2018-04-01T18:31:20+00:00\" \/>\n<meta property=\"article:modified_time\" content=\"2020-07-02T00:11:50+00:00\" \/>\n<meta property=\"og:image\" content=\"https:\/\/laprensacristiana.com\/wp-content\/uploads\/2018\/04\/FB_IMG_1522606044817.jpg\" \/>\n\t<meta property=\"og:image:width\" content=\"720\" \/>\n\t<meta property=\"og:image:height\" content=\"479\" \/>\n\t<meta property=\"og:image:type\" content=\"image\/jpeg\" \/>\n<meta name=\"author\" content=\"EDITOR\" \/>\n<meta name=\"twitter:card\" content=\"summary_large_image\" \/>\n<meta name=\"twitter:label1\" content=\"Escrito por\" \/>\n\t<meta name=\"twitter:data1\" content=\"EDITOR\" \/>\n\t<meta name=\"twitter:label2\" content=\"Tiempo de lectura\" \/>\n\t<meta name=\"twitter:data2\" content=\"2 minutos\" \/>\n<script type=\"application\/ld+json\" class=\"yoast-schema-graph\">{\"@context\":\"https:\/\/schema.org\",\"@graph\":[{\"@type\":\"WebPage\",\"@id\":\"https:\/\/laprensacristiana.com\/?p=3629\",\"url\":\"https:\/\/laprensacristiana.com\/?p=3629\",\"name\":\"Pentecost\u00e9s hoy, llevando el mensaje de Dios a m\u00e1s vidas - La Prensa Cristiana\",\"isPartOf\":{\"@id\":\"https:\/\/laprensacristiana.com\/#website\"},\"datePublished\":\"2018-04-01T18:31:20+00:00\",\"dateModified\":\"2020-07-02T00:11:50+00:00\",\"author\":{\"@id\":\"https:\/\/laprensacristiana.com\/#\/schema\/person\/3e7d82c6bfd6b1fa67010f8f7cd5256e\"},\"breadcrumb\":{\"@id\":\"https:\/\/laprensacristiana.com\/?p=3629#breadcrumb\"},\"inLanguage\":\"es\",\"potentialAction\":[{\"@type\":\"ReadAction\",\"target\":[\"https:\/\/laprensacristiana.com\/?p=3629\"]}]},{\"@type\":\"BreadcrumbList\",\"@id\":\"https:\/\/laprensacristiana.com\/?p=3629#breadcrumb\",\"itemListElement\":[{\"@type\":\"ListItem\",\"position\":1,\"name\":\"Portada\",\"item\":\"https:\/\/laprensacristiana.com\/\"},{\"@type\":\"ListItem\",\"position\":2,\"name\":\"Pentecost\u00e9s hoy, llevando el mensaje de Dios a m\u00e1s vidas\"}]},{\"@type\":\"WebSite\",\"@id\":\"https:\/\/laprensacristiana.com\/#website\",\"url\":\"https:\/\/laprensacristiana.com\/\",\"name\":\"La Prensa Cristiana\",\"description\":\"Anunciando Las Buenas Nuevas\",\"potentialAction\":[{\"@type\":\"SearchAction\",\"target\":{\"@type\":\"EntryPoint\",\"urlTemplate\":\"https:\/\/laprensacristiana.com\/?s={search_term_string}\"},\"query-input\":\"required name=search_term_string\"}],\"inLanguage\":\"es\"},{\"@type\":\"Person\",\"@id\":\"https:\/\/laprensacristiana.com\/#\/schema\/person\/3e7d82c6bfd6b1fa67010f8f7cd5256e\",\"name\":\"EDITOR\",\"image\":{\"@type\":\"ImageObject\",\"inLanguage\":\"es\",\"@id\":\"https:\/\/laprensacristiana.com\/#\/schema\/person\/image\/\",\"url\":\"https:\/\/secure.gravatar.com\/avatar\/72069dfb6c13772d9e8381e3638666d2?s=96&d=mm&r=g\",\"contentUrl\":\"https:\/\/secure.gravatar.com\/avatar\/72069dfb6c13772d9e8381e3638666d2?s=96&d=mm&r=g\",\"caption\":\"EDITOR\"},\"url\":\"https:\/\/laprensacristiana.com\/?author=3\"}]}<\/script>\n<!-- \/ Yoast SEO plugin. -->","yoast_head_json":{"title":"Pentecost\u00e9s hoy, llevando el mensaje de Dios a m\u00e1s vidas - La Prensa Cristiana","robots":{"index":"index","follow":"follow","max-snippet":"max-snippet:-1","max-image-preview":"max-image-preview:large","max-video-preview":"max-video-preview:-1"},"canonical":"https:\/\/laprensacristiana.com\/?p=3629","og_locale":"es_ES","og_type":"article","og_title":"Pentecost\u00e9s hoy, llevando el mensaje de Dios a m\u00e1s vidas - La Prensa Cristiana","og_description":"Ser luz en la tiniebla, es el reto de la comunidad cristiana. Iglesia Huellas de Unci\u00f3n llev\u00f3 a cabo su evento denominado: Pentecost\u00e9s Hoy 2018, en el desarrollo de este, se pudo apreciar una serie de plenarias con tem\u00e1ticas que fortalecen la vida espiritual de la iglesia de Dios. La congregaci\u00f3n se llen\u00f3 de gozo [&hellip;]","og_url":"https:\/\/laprensacristiana.com\/?p=3629","og_site_name":"La Prensa Cristiana","article_published_time":"2018-04-01T18:31:20+00:00","article_modified_time":"2020-07-02T00:11:50+00:00","og_image":[{"width":720,"height":479,"url":"https:\/\/laprensacristiana.com\/wp-content\/uploads\/2018\/04\/FB_IMG_1522606044817.jpg","type":"image\/jpeg"}],"author":"EDITOR","twitter_card":"summary_large_image","twitter_misc":{"Escrito por":"EDITOR","Tiempo de lectura":"2 minutos"},"schema":{"@context":"https:\/\/schema.org","@graph":[{"@type":"WebPage","@id":"https:\/\/laprensacristiana.com\/?p=3629","url":"https:\/\/laprensacristiana.com\/?p=3629","name":"Pentecost\u00e9s hoy, llevando el mensaje de Dios a m\u00e1s vidas - La Prensa Cristiana","isPartOf":{"@id":"https:\/\/laprensacristiana.com\/#website"},"datePublished":"2018-04-01T18:31:20+00:00","dateModified":"2020-07-02T00:11:50+00:00","author":{"@id":"https:\/\/laprensacristiana.com\/#\/schema\/person\/3e7d82c6bfd6b1fa67010f8f7cd5256e"},"breadcrumb":{"@id":"https:\/\/laprensacristiana.com\/?p=3629#breadcrumb"},"inLanguage":"es","potentialAction":[{"@type":"ReadAction","target":["https:\/\/laprensacristiana.com\/?p=3629"]}]},{"@type":"BreadcrumbList","@id":"https:\/\/laprensacristiana.com\/?p=3629#breadcrumb","itemListElement":[{"@type":"ListItem","position":1,"name":"Portada","item":"https:\/\/laprensacristiana.com\/"},{"@type":"ListItem","position":2,"name":"Pentecost\u00e9s hoy, llevando el mensaje de Dios a m\u00e1s vidas"}]},{"@type":"WebSite","@id":"https:\/\/laprensacristiana.com\/#website","url":"https:\/\/laprensacristiana.com\/","name":"La Prensa Cristiana","description":"Anunciando Las Buenas Nuevas","potentialAction":[{"@type":"SearchAction","target":{"@type":"EntryPoint","urlTemplate":"https:\/\/laprensacristiana.com\/?s={search_term_string}"},"query-input":"required name=search_term_string"}],"inLanguage":"es"},{"@type":"Person","@id":"https:\/\/laprensacristiana.com\/#\/schema\/person\/3e7d82c6bfd6b1fa67010f8f7cd5256e","name":"EDITOR","image":{"@type":"ImageObject","inLanguage":"es","@id":"https:\/\/laprensacristiana.com\/#\/schema\/person\/image\/","url":"https:\/\/secure.gravatar.com\/avatar\/72069dfb6c13772d9e8381e3638666d2?s=96&d=mm&r=g","contentUrl":"https:\/\/secure.gravatar.com\/avatar\/72069dfb6c13772d9e8381e3638666d2?s=96&d=mm&r=g","caption":"EDITOR"},"url":"https:\/\/laprensacristiana.com\/?author=3"}]}},"_links":{"self":[{"href":"https:\/\/laprensacristiana.com\/index.php?rest_route=\/wp\/v2\/posts\/3629"}],"collection":[{"href":"https:\/\/laprensacristiana.com\/index.php?rest_route=\/wp\/v2\/posts"}],"about":[{"href":"https:\/\/laprensacristiana.com\/index.php?rest_route=\/wp\/v2\/types\/post"}],"author":[{"embeddable":true,"href":"https:\/\/laprensacristiana.com\/index.php?rest_route=\/wp\/v2\/users\/3"}],"replies":[{"embeddable":true,"href":"https:\/\/laprensacristiana.com\/index.php?rest_route=%2Fwp%2Fv2%2Fcomments&post=3629"}],"version-history":[{"count":3,"href":"https:\/\/laprensacristiana.com\/index.php?rest_route=\/wp\/v2\/posts\/3629\/revisions"}],"predecessor-version":[{"id":3642,"href":"https:\/\/laprensacristiana.com\/index.php?rest_route=\/wp\/v2\/posts\/3629\/revisions\/3642"}],"wp:featuredmedia":[{"embeddable":true,"href":"https:\/\/laprensacristiana.com\/index.php?rest_route=\/wp\/v2\/media\/3632"}],"wp:attachment":[{"href":"https:\/\/laprensacristiana.com\/index.php?rest_route=%2Fwp%2Fv2%2Fmedia&parent=3629"}],"wp:term":[{"taxonomy":"category","embeddable":true,"href":"https:\/\/laprensacristiana.com\/index.php?rest_route=%2Fwp%2Fv2%2Fcategories&post=3629"},{"taxonomy":"post_tag","embeddable":true,"href":"https:\/\/laprensacristiana.com\/index.php?rest_route=%2Fwp%2Fv2%2Ftags&post=3629"}],"curies":[{"name":"wp","href":"https:\/\/api.w.org\/{rel}","templated":true}]}}