{"id":3638,"date":"2018-04-02T19:46:07","date_gmt":"2018-04-02T19:46:07","guid":{"rendered":"https:\/\/laprensacristiana.com\/?p=3638"},"modified":"2020-07-02T00:11:20","modified_gmt":"2020-07-02T00:11:20","slug":"por-que-la-resurreccion-de-jesus-es-diferente-a-todos-los-que-resucitaron-antes-de-el","status":"publish","type":"post","link":"https:\/\/laprensacristiana.com\/?p=3638","title":{"rendered":"\u00bfPor qu\u00e9 la resurrecci\u00f3n de Jes\u00fas es diferente a todos los que resucitaron antes de \u00c9l?"},"content":{"rendered":"<p>POR JULY DE SOSA<\/p>\n<p>Los cristianos conmemoramos el d\u00eda de ayer la resurrecci\u00f3n de nuestro Se\u00f1or y Salvador Jesucristo, el hijo de Dios. Sin embargo, muchos restan importancia a su resurrecci\u00f3n, afirmando que no fue el primero en resucitar, porque otros resucitaron antes que \u00c9L; lo cual es una verdad innegable, las santas escrituras hablan y\u00a0 afirman ese hecho, con ejemplos tan conocidos como el de Lazaro hermano de Marta y Maria, la hija de Jairo, todos los que se levantaron de sus sepulcros cuando la tierra tembl\u00f3, en la hora que Jes\u00fas entrego su esp\u00edritu, seg\u00fan lo declarado por Mateo, y sumados a estos, todos los mencionados en el antiguo testamento. Son hechos que no podemos ignorar y menos negar que ocurrieron. Pero lo m\u00e1s importante de esto es saber la diferencia que hizo la resurrecci\u00f3n de Cristo. Lo primero es conocer el porque resucito Jes\u00fas, a diferencia de los dem\u00e1s, El lo hizo para demostrar que todo lo declarado acerca del reino de Dios en sus tres a\u00f1os de ministerio era cierto, para que las profec\u00edas acerca de \u00c9L \u00a0se cumplieran, para dar a conocer el poder del Esp\u00edritu que le levanto de los muertos, mismo que mora en cada uno de los creyentes, para exponer y vencer\u00a0 p\u00fablicamente a\u00a0 Satan\u00e1s, para garant\u00eda de todos los creyentes que al igual que \u00c9l resucitaremos en la hora llegada, porque como la muerte no pudo detenerlo tampoco nosotros moriremos para siempre. La muerte de Jes\u00fas pago nuestra deuda de pecado, reconcili\u00e1ndonos con el gran \u00a1Yo soy! Y su resurrecci\u00f3n, abri\u00f3 lugar en el cielo, para que seamos participes de la vida eterna con \u00c9L.<\/p>\n<p>Ninguno de los que resucito antes que \u00c9l, lo hizo por todo lo antes mencionado. Termino marcando la diferencia de los resucitados antes que Cristo diciendo y afirmando: Todos aquellos que un d\u00eda resucitaron antes de Jes\u00fas, volvieron a morir, no as\u00ed mi Se\u00f1or y Salvador \u00a1\u00c9L VIVE Y VIVIR\u00c1 POR LOS SIGLOS DE LOS SIGLOS! Y un d\u00eda todos le veremos tal cual es, ya no m\u00e1s en forma de siervo, sino en forma de rey, pero no \u00fanicamente como rey de los jud\u00edos, sino como \u201cRey\u201d de todos aquellos que le reconozcan como tal, porque ya no hay diferencia entre jud\u00edo ni griego, entre esclavo y libre, entre hombre y mujer, porque todos los creyentes somos uno en CRISTO JESUS. (G\u00e1latas 3:28) (Romanos 10:12)<\/p>\n<p>La resurrecci\u00f3n de Jes\u00fas es \u00fanica y gracias a que \u00c9L resucito nosotros resucitaremos, para vida eterna 1Corintios 15:12-20.<\/p>\n<p>El ep\u00edlogo del evangelio de Juan declara: Jes\u00fas hizo tambi\u00e9n muchas otras cosas, tantas que, si se escribiera cada una de ellas, los libros escritos no cabr\u00edan en el mundo entero.<\/p>\n<p>\u00a1Feliz primer semana del mes de Abril!<\/p>\n<p>&nbsp;<\/p>\n","protected":false},"excerpt":{"rendered":"<p>POR JULY DE SOSA Los cristianos conmemoramos el d\u00eda de ayer la resurrecci\u00f3n de nuestro Se\u00f1or y Salvador Jesucristo, el hijo de Dios. Sin embargo, muchos restan importancia a su resurrecci\u00f3n, afirmando que no fue el primero en resucitar, porque otros resucitaron antes que \u00c9L; lo cual es una verdad innegable, las santas escrituras hablan [&hellip;]<\/p>\n","protected":false},"author":3,"featured_media":3639,"comment_status":"open","ping_status":"open","sticky":false,"template":"","format":"standard","meta":[],"categories":[36],"tags":[],"yoast_head":"<!-- This site is optimized with the Yoast SEO plugin v20.8 - https:\/\/yoast.com\/wordpress\/plugins\/seo\/ -->\n<title>\u00bfPor qu\u00e9 la resurrecci\u00f3n de Jes\u00fas es diferente a todos los que resucitaron antes de \u00c9l? - La Prensa Cristiana<\/title>\n<meta name=\"robots\" content=\"index, follow, max-snippet:-1, max-image-preview:large, max-video-preview:-1\" \/>\n<link rel=\"canonical\" href=\"https:\/\/laprensacristiana.com\/?p=3638\" \/>\n<meta property=\"og:locale\" content=\"es_ES\" \/>\n<meta property=\"og:type\" content=\"article\" \/>\n<meta property=\"og:title\" content=\"\u00bfPor qu\u00e9 la resurrecci\u00f3n de Jes\u00fas es diferente a todos los que resucitaron antes de \u00c9l? - La Prensa Cristiana\" \/>\n<meta property=\"og:description\" content=\"POR JULY DE SOSA Los cristianos conmemoramos el d\u00eda de ayer la resurrecci\u00f3n de nuestro Se\u00f1or y Salvador Jesucristo, el hijo de Dios. Sin embargo, muchos restan importancia a su resurrecci\u00f3n, afirmando que no fue el primero en resucitar, porque otros resucitaron antes que \u00c9L; lo cual es una verdad innegable, las santas escrituras hablan [&hellip;]\" \/>\n<meta property=\"og:url\" content=\"https:\/\/laprensacristiana.com\/?p=3638\" \/>\n<meta property=\"og:site_name\" content=\"La Prensa Cristiana\" \/>\n<meta property=\"article:published_time\" content=\"2018-04-02T19:46:07+00:00\" \/>\n<meta property=\"article:modified_time\" content=\"2020-07-02T00:11:20+00:00\" \/>\n<meta property=\"og:image\" content=\"https:\/\/laprensacristiana.com\/wp-content\/uploads\/2018\/04\/JULY-LPG-2017.jpg\" \/>\n\t<meta property=\"og:image:width\" content=\"1240\" \/>\n\t<meta property=\"og:image:height\" content=\"692\" \/>\n\t<meta property=\"og:image:type\" content=\"image\/jpeg\" \/>\n<meta name=\"author\" content=\"EDITOR\" \/>\n<meta name=\"twitter:card\" content=\"summary_large_image\" \/>\n<meta name=\"twitter:label1\" content=\"Escrito por\" \/>\n\t<meta name=\"twitter:data1\" content=\"EDITOR\" \/>\n\t<meta name=\"twitter:label2\" content=\"Tiempo de lectura\" \/>\n\t<meta name=\"twitter:data2\" content=\"2 minutos\" \/>\n<script type=\"application\/ld+json\" class=\"yoast-schema-graph\">{\"@context\":\"https:\/\/schema.org\",\"@graph\":[{\"@type\":\"WebPage\",\"@id\":\"https:\/\/laprensacristiana.com\/?p=3638\",\"url\":\"https:\/\/laprensacristiana.com\/?p=3638\",\"name\":\"\u00bfPor qu\u00e9 la resurrecci\u00f3n de Jes\u00fas es diferente a todos los que resucitaron antes de \u00c9l? - La Prensa Cristiana\",\"isPartOf\":{\"@id\":\"https:\/\/laprensacristiana.com\/#website\"},\"datePublished\":\"2018-04-02T19:46:07+00:00\",\"dateModified\":\"2020-07-02T00:11:20+00:00\",\"author\":{\"@id\":\"https:\/\/laprensacristiana.com\/#\/schema\/person\/3e7d82c6bfd6b1fa67010f8f7cd5256e\"},\"breadcrumb\":{\"@id\":\"https:\/\/laprensacristiana.com\/?p=3638#breadcrumb\"},\"inLanguage\":\"es\",\"potentialAction\":[{\"@type\":\"ReadAction\",\"target\":[\"https:\/\/laprensacristiana.com\/?p=3638\"]}]},{\"@type\":\"BreadcrumbList\",\"@id\":\"https:\/\/laprensacristiana.com\/?p=3638#breadcrumb\",\"itemListElement\":[{\"@type\":\"ListItem\",\"position\":1,\"name\":\"Portada\",\"item\":\"https:\/\/laprensacristiana.com\/\"},{\"@type\":\"ListItem\",\"position\":2,\"name\":\"\u00bfPor qu\u00e9 la resurrecci\u00f3n de Jes\u00fas es diferente a todos los que resucitaron antes de \u00c9l?\"}]},{\"@type\":\"WebSite\",\"@id\":\"https:\/\/laprensacristiana.com\/#website\",\"url\":\"https:\/\/laprensacristiana.com\/\",\"name\":\"La Prensa Cristiana\",\"description\":\"Anunciando Las Buenas Nuevas\",\"potentialAction\":[{\"@type\":\"SearchAction\",\"target\":{\"@type\":\"EntryPoint\",\"urlTemplate\":\"https:\/\/laprensacristiana.com\/?s={search_term_string}\"},\"query-input\":\"required name=search_term_string\"}],\"inLanguage\":\"es\"},{\"@type\":\"Person\",\"@id\":\"https:\/\/laprensacristiana.com\/#\/schema\/person\/3e7d82c6bfd6b1fa67010f8f7cd5256e\",\"name\":\"EDITOR\",\"image\":{\"@type\":\"ImageObject\",\"inLanguage\":\"es\",\"@id\":\"https:\/\/laprensacristiana.com\/#\/schema\/person\/image\/\",\"url\":\"https:\/\/secure.gravatar.com\/avatar\/72069dfb6c13772d9e8381e3638666d2?s=96&d=mm&r=g\",\"contentUrl\":\"https:\/\/secure.gravatar.com\/avatar\/72069dfb6c13772d9e8381e3638666d2?s=96&d=mm&r=g\",\"caption\":\"EDITOR\"},\"url\":\"https:\/\/laprensacristiana.com\/?author=3\"}]}<\/script>\n<!-- \/ Yoast SEO plugin. -->","yoast_head_json":{"title":"\u00bfPor qu\u00e9 la resurrecci\u00f3n de Jes\u00fas es diferente a todos los que resucitaron antes de \u00c9l? - La Prensa Cristiana","robots":{"index":"index","follow":"follow","max-snippet":"max-snippet:-1","max-image-preview":"max-image-preview:large","max-video-preview":"max-video-preview:-1"},"canonical":"https:\/\/laprensacristiana.com\/?p=3638","og_locale":"es_ES","og_type":"article","og_title":"\u00bfPor qu\u00e9 la resurrecci\u00f3n de Jes\u00fas es diferente a todos los que resucitaron antes de \u00c9l? - La Prensa Cristiana","og_description":"POR JULY DE SOSA Los cristianos conmemoramos el d\u00eda de ayer la resurrecci\u00f3n de nuestro Se\u00f1or y Salvador Jesucristo, el hijo de Dios. Sin embargo, muchos restan importancia a su resurrecci\u00f3n, afirmando que no fue el primero en resucitar, porque otros resucitaron antes que \u00c9L; lo cual es una verdad innegable, las santas escrituras hablan [&hellip;]","og_url":"https:\/\/laprensacristiana.com\/?p=3638","og_site_name":"La Prensa Cristiana","article_published_time":"2018-04-02T19:46:07+00:00","article_modified_time":"2020-07-02T00:11:20+00:00","og_image":[{"width":1240,"height":692,"url":"https:\/\/laprensacristiana.com\/wp-content\/uploads\/2018\/04\/JULY-LPG-2017.jpg","type":"image\/jpeg"}],"author":"EDITOR","twitter_card":"summary_large_image","twitter_misc":{"Escrito por":"EDITOR","Tiempo de lectura":"2 minutos"},"schema":{"@context":"https:\/\/schema.org","@graph":[{"@type":"WebPage","@id":"https:\/\/laprensacristiana.com\/?p=3638","url":"https:\/\/laprensacristiana.com\/?p=3638","name":"\u00bfPor qu\u00e9 la resurrecci\u00f3n de Jes\u00fas es diferente a todos los que resucitaron antes de \u00c9l? - La Prensa Cristiana","isPartOf":{"@id":"https:\/\/laprensacristiana.com\/#website"},"datePublished":"2018-04-02T19:46:07+00:00","dateModified":"2020-07-02T00:11:20+00:00","author":{"@id":"https:\/\/laprensacristiana.com\/#\/schema\/person\/3e7d82c6bfd6b1fa67010f8f7cd5256e"},"breadcrumb":{"@id":"https:\/\/laprensacristiana.com\/?p=3638#breadcrumb"},"inLanguage":"es","potentialAction":[{"@type":"ReadAction","target":["https:\/\/laprensacristiana.com\/?p=3638"]}]},{"@type":"BreadcrumbList","@id":"https:\/\/laprensacristiana.com\/?p=3638#breadcrumb","itemListElement":[{"@type":"ListItem","position":1,"name":"Portada","item":"https:\/\/laprensacristiana.com\/"},{"@type":"ListItem","position":2,"name":"\u00bfPor qu\u00e9 la resurrecci\u00f3n de Jes\u00fas es diferente a todos los que resucitaron antes de \u00c9l?"}]},{"@type":"WebSite","@id":"https:\/\/laprensacristiana.com\/#website","url":"https:\/\/laprensacristiana.com\/","name":"La Prensa Cristiana","description":"Anunciando Las Buenas Nuevas","potentialAction":[{"@type":"SearchAction","target":{"@type":"EntryPoint","urlTemplate":"https:\/\/laprensacristiana.com\/?s={search_term_string}"},"query-input":"required name=search_term_string"}],"inLanguage":"es"},{"@type":"Person","@id":"https:\/\/laprensacristiana.com\/#\/schema\/person\/3e7d82c6bfd6b1fa67010f8f7cd5256e","name":"EDITOR","image":{"@type":"ImageObject","inLanguage":"es","@id":"https:\/\/laprensacristiana.com\/#\/schema\/person\/image\/","url":"https:\/\/secure.gravatar.com\/avatar\/72069dfb6c13772d9e8381e3638666d2?s=96&d=mm&r=g","contentUrl":"https:\/\/secure.gravatar.com\/avatar\/72069dfb6c13772d9e8381e3638666d2?s=96&d=mm&r=g","caption":"EDITOR"},"url":"https:\/\/laprensacristiana.com\/?author=3"}]}},"_links":{"self":[{"href":"https:\/\/laprensacristiana.com\/index.php?rest_route=\/wp\/v2\/posts\/3638"}],"collection":[{"href":"https:\/\/laprensacristiana.com\/index.php?rest_route=\/wp\/v2\/posts"}],"about":[{"href":"https:\/\/laprensacristiana.com\/index.php?rest_route=\/wp\/v2\/types\/post"}],"author":[{"embeddable":true,"href":"https:\/\/laprensacristiana.com\/index.php?rest_route=\/wp\/v2\/users\/3"}],"replies":[{"embeddable":true,"href":"https:\/\/laprensacristiana.com\/index.php?rest_route=%2Fwp%2Fv2%2Fcomments&post=3638"}],"version-history":[{"count":1,"href":"https:\/\/laprensacristiana.com\/index.php?rest_route=\/wp\/v2\/posts\/3638\/revisions"}],"predecessor-version":[{"id":3640,"href":"https:\/\/laprensacristiana.com\/index.php?rest_route=\/wp\/v2\/posts\/3638\/revisions\/3640"}],"wp:featuredmedia":[{"embeddable":true,"href":"https:\/\/laprensacristiana.com\/index.php?rest_route=\/wp\/v2\/media\/3639"}],"wp:attachment":[{"href":"https:\/\/laprensacristiana.com\/index.php?rest_route=%2Fwp%2Fv2%2Fmedia&parent=3638"}],"wp:term":[{"taxonomy":"category","embeddable":true,"href":"https:\/\/laprensacristiana.com\/index.php?rest_route=%2Fwp%2Fv2%2Fcategories&post=3638"},{"taxonomy":"post_tag","embeddable":true,"href":"https:\/\/laprensacristiana.com\/index.php?rest_route=%2Fwp%2Fv2%2Ftags&post=3638"}],"curies":[{"name":"wp","href":"https:\/\/api.w.org\/{rel}","templated":true}]}}