{"id":3643,"date":"2018-04-03T16:16:53","date_gmt":"2018-04-03T16:16:53","guid":{"rendered":"https:\/\/laprensacristiana.com\/?p=3643"},"modified":"2018-04-03T16:16:53","modified_gmt":"2018-04-03T16:16:53","slug":"la-responsabilidad-diluida","status":"publish","type":"post","link":"https:\/\/laprensacristiana.com\/?p=3643","title":{"rendered":"La responsabilidad diluida"},"content":{"rendered":"<p>El ser humano est\u00e1 dotado de una voluntad propia y eso le hace ser responsable de sus decisiones y actuaciones. El sentido com\u00fan le hace prever que cualquier actuaci\u00f3n que ri\u00f1a con la ley le puede llevar a cosechar consecuencias desagradables. La previsi\u00f3n del castigo, la censura p\u00fablica y la conciencia interna le pueden disuadir de realizar acciones incorrectas. Pero, al mismo tiempo, el ejemplo de los dem\u00e1s es un elemento que ejerce influencia en sus decisiones. Esto ocurre no solamente en ni\u00f1os y j\u00f3venes sino tambi\u00e9n en adultos. El fil\u00f3sofo Emmanuel Kant ense\u00f1aba sobre este tema argumentando que cuando los hombres act\u00faan en conjunto y en el \u00e1mbito de los movimientos de masas, muestran sus verdaderas disposiciones nativas, porque en estas acciones concurrentes no est\u00e1n reprimidos por la opini\u00f3n p\u00fablica ni por leyes humanas que limitan las acciones individuales, y no sienten una responsabilidad personal inmediata por lo que hacen.<\/p>\n<p>El problema es que esas acciones concurrentes suelen ser m\u00e1s negativas que positivas. La naturaleza de las personas tiende con mayor facilidad al mal y existe una propensi\u00f3n a cohesionarse para lo destructivo que para lo solidario. Es m\u00e1s frecuente que los seres humanos se confabulen en grupo para incendiar, atacar y destruir que para apoyar las causas nobles. En ello se combina la natural inclinaci\u00f3n al mal con la desinhibici\u00f3n que el \u00e1mbito de la acci\u00f3n colectiva brinda. Esto explica por qu\u00e9 puede existir excesiva crueldad en las acciones violentas de las pandillas. Ellas muestran lo que realmente es el coraz\u00f3n humano. Aunque haya ni\u00f1os o j\u00f3venes dentro de ellas que posean conceptos de lo justo y lo correcto, al lado del grupo, no renunciar\u00e1n a una ventajosa agresi\u00f3n hacia otro m\u00e1s d\u00e9bil o vulnerable solamente porque ella sea incorrecta. Si nos preguntamos si ellos no se dan cuenta del mal que hacen, la respuesta es que no se sienten directamente responsables. Al tomar decisiones colectivas o al ejecutar violencia de grupo su responsabilidad es disminuida y no se ven como autores de una atrocidad. La acci\u00f3n adopta un sentido impersonal y se percibe como un hecho de la fatalidad que no tiene relaci\u00f3n directa con su voluntad o decisi\u00f3n personal.<\/p>\n<p>La manera de corregir tal conducta destructiva es fomentando en los ni\u00f1os y j\u00f3venes los factores de protecci\u00f3n. Uno de los m\u00e1s importantes es el que tiene que ver con la formaci\u00f3n de valores. En la medida que a un ni\u00f1o se le dota con las herramientas para hacer frente a las frustraciones e inequidades de la vida poseer\u00e1 m\u00e1s elementos que le permitan tener un criterio personal, capaz de disentir con el grupo. La voluntad debe ser entrenada para colocar las reacciones instintivas bajo el dominio de la racionalidad. Eso implica un proceso educativo que debe ir desde la infancia hasta la juventud. Una menci\u00f3n espor\u00e1dica del tema de los valores no producir\u00e1 los frutos que se necesitan. En esto, tambi\u00e9n se debe tener presente que los valores no se adquieren por una ense\u00f1anza conceptual sino cuando se modelan con el ejemplo de las personas que rodean al ni\u00f1o. Las definiciones y las ilustraciones no tienen el impacto que s\u00ed posee un ejemplo, especialmente si el mismo es parte del entorno del menor. De all\u00ed que el papel de la familia resulta determinante; ella puede forjar un car\u00e1cter responsable o anular las recomendaciones positivas que otras personas pudieran ofrecer. Todo comienza y termina con la familia.<\/p>\n<p>&nbsp;<\/p>\n","protected":false},"excerpt":{"rendered":"<p>El ser humano est\u00e1 dotado de una voluntad propia y eso le hace ser responsable de sus decisiones y actuaciones. El sentido com\u00fan le hace prever que cualquier actuaci\u00f3n que ri\u00f1a con la ley le puede llevar a cosechar consecuencias desagradables. La previsi\u00f3n del castigo, la censura p\u00fablica y la conciencia interna le pueden disuadir [&hellip;]<\/p>\n","protected":false},"author":3,"featured_media":3170,"comment_status":"open","ping_status":"open","sticky":false,"template":"","format":"standard","meta":[],"categories":[23],"tags":[],"yoast_head":"<!-- This site is optimized with the Yoast SEO plugin v20.8 - https:\/\/yoast.com\/wordpress\/plugins\/seo\/ -->\n<title>La responsabilidad diluida - La Prensa Cristiana<\/title>\n<meta name=\"robots\" content=\"index, follow, max-snippet:-1, max-image-preview:large, max-video-preview:-1\" \/>\n<link rel=\"canonical\" href=\"https:\/\/laprensacristiana.com\/?p=3643\" \/>\n<meta property=\"og:locale\" content=\"es_ES\" \/>\n<meta property=\"og:type\" content=\"article\" \/>\n<meta property=\"og:title\" content=\"La responsabilidad diluida - La Prensa Cristiana\" \/>\n<meta property=\"og:description\" content=\"El ser humano est\u00e1 dotado de una voluntad propia y eso le hace ser responsable de sus decisiones y actuaciones. El sentido com\u00fan le hace prever que cualquier actuaci\u00f3n que ri\u00f1a con la ley le puede llevar a cosechar consecuencias desagradables. La previsi\u00f3n del castigo, la censura p\u00fablica y la conciencia interna le pueden disuadir [&hellip;]\" \/>\n<meta property=\"og:url\" content=\"https:\/\/laprensacristiana.com\/?p=3643\" \/>\n<meta property=\"og:site_name\" content=\"La Prensa Cristiana\" \/>\n<meta property=\"article:published_time\" content=\"2018-04-03T16:16:53+00:00\" \/>\n<meta property=\"og:image\" content=\"https:\/\/laprensacristiana.com\/wp-content\/uploads\/2017\/09\/OPINION-01-scaled.jpg\" \/>\n\t<meta property=\"og:image:width\" content=\"2560\" \/>\n\t<meta property=\"og:image:height\" content=\"1429\" \/>\n\t<meta property=\"og:image:type\" content=\"image\/jpeg\" \/>\n<meta name=\"author\" content=\"EDITOR\" \/>\n<meta name=\"twitter:card\" content=\"summary_large_image\" \/>\n<meta name=\"twitter:label1\" content=\"Escrito por\" \/>\n\t<meta name=\"twitter:data1\" content=\"EDITOR\" \/>\n\t<meta name=\"twitter:label2\" content=\"Tiempo de lectura\" \/>\n\t<meta name=\"twitter:data2\" content=\"3 minutos\" \/>\n<script type=\"application\/ld+json\" class=\"yoast-schema-graph\">{\"@context\":\"https:\/\/schema.org\",\"@graph\":[{\"@type\":\"WebPage\",\"@id\":\"https:\/\/laprensacristiana.com\/?p=3643\",\"url\":\"https:\/\/laprensacristiana.com\/?p=3643\",\"name\":\"La responsabilidad diluida - La Prensa Cristiana\",\"isPartOf\":{\"@id\":\"https:\/\/laprensacristiana.com\/#website\"},\"datePublished\":\"2018-04-03T16:16:53+00:00\",\"dateModified\":\"2018-04-03T16:16:53+00:00\",\"author\":{\"@id\":\"https:\/\/laprensacristiana.com\/#\/schema\/person\/3e7d82c6bfd6b1fa67010f8f7cd5256e\"},\"breadcrumb\":{\"@id\":\"https:\/\/laprensacristiana.com\/?p=3643#breadcrumb\"},\"inLanguage\":\"es\",\"potentialAction\":[{\"@type\":\"ReadAction\",\"target\":[\"https:\/\/laprensacristiana.com\/?p=3643\"]}]},{\"@type\":\"BreadcrumbList\",\"@id\":\"https:\/\/laprensacristiana.com\/?p=3643#breadcrumb\",\"itemListElement\":[{\"@type\":\"ListItem\",\"position\":1,\"name\":\"Portada\",\"item\":\"https:\/\/laprensacristiana.com\/\"},{\"@type\":\"ListItem\",\"position\":2,\"name\":\"La responsabilidad diluida\"}]},{\"@type\":\"WebSite\",\"@id\":\"https:\/\/laprensacristiana.com\/#website\",\"url\":\"https:\/\/laprensacristiana.com\/\",\"name\":\"La Prensa Cristiana\",\"description\":\"Anunciando Las Buenas Nuevas\",\"potentialAction\":[{\"@type\":\"SearchAction\",\"target\":{\"@type\":\"EntryPoint\",\"urlTemplate\":\"https:\/\/laprensacristiana.com\/?s={search_term_string}\"},\"query-input\":\"required name=search_term_string\"}],\"inLanguage\":\"es\"},{\"@type\":\"Person\",\"@id\":\"https:\/\/laprensacristiana.com\/#\/schema\/person\/3e7d82c6bfd6b1fa67010f8f7cd5256e\",\"name\":\"EDITOR\",\"image\":{\"@type\":\"ImageObject\",\"inLanguage\":\"es\",\"@id\":\"https:\/\/laprensacristiana.com\/#\/schema\/person\/image\/\",\"url\":\"https:\/\/secure.gravatar.com\/avatar\/72069dfb6c13772d9e8381e3638666d2?s=96&d=mm&r=g\",\"contentUrl\":\"https:\/\/secure.gravatar.com\/avatar\/72069dfb6c13772d9e8381e3638666d2?s=96&d=mm&r=g\",\"caption\":\"EDITOR\"},\"url\":\"https:\/\/laprensacristiana.com\/?author=3\"}]}<\/script>\n<!-- \/ Yoast SEO plugin. -->","yoast_head_json":{"title":"La responsabilidad diluida - La Prensa Cristiana","robots":{"index":"index","follow":"follow","max-snippet":"max-snippet:-1","max-image-preview":"max-image-preview:large","max-video-preview":"max-video-preview:-1"},"canonical":"https:\/\/laprensacristiana.com\/?p=3643","og_locale":"es_ES","og_type":"article","og_title":"La responsabilidad diluida - La Prensa Cristiana","og_description":"El ser humano est\u00e1 dotado de una voluntad propia y eso le hace ser responsable de sus decisiones y actuaciones. El sentido com\u00fan le hace prever que cualquier actuaci\u00f3n que ri\u00f1a con la ley le puede llevar a cosechar consecuencias desagradables. La previsi\u00f3n del castigo, la censura p\u00fablica y la conciencia interna le pueden disuadir [&hellip;]","og_url":"https:\/\/laprensacristiana.com\/?p=3643","og_site_name":"La Prensa Cristiana","article_published_time":"2018-04-03T16:16:53+00:00","og_image":[{"width":2560,"height":1429,"url":"https:\/\/laprensacristiana.com\/wp-content\/uploads\/2017\/09\/OPINION-01-scaled.jpg","type":"image\/jpeg"}],"author":"EDITOR","twitter_card":"summary_large_image","twitter_misc":{"Escrito por":"EDITOR","Tiempo de lectura":"3 minutos"},"schema":{"@context":"https:\/\/schema.org","@graph":[{"@type":"WebPage","@id":"https:\/\/laprensacristiana.com\/?p=3643","url":"https:\/\/laprensacristiana.com\/?p=3643","name":"La responsabilidad diluida - La Prensa Cristiana","isPartOf":{"@id":"https:\/\/laprensacristiana.com\/#website"},"datePublished":"2018-04-03T16:16:53+00:00","dateModified":"2018-04-03T16:16:53+00:00","author":{"@id":"https:\/\/laprensacristiana.com\/#\/schema\/person\/3e7d82c6bfd6b1fa67010f8f7cd5256e"},"breadcrumb":{"@id":"https:\/\/laprensacristiana.com\/?p=3643#breadcrumb"},"inLanguage":"es","potentialAction":[{"@type":"ReadAction","target":["https:\/\/laprensacristiana.com\/?p=3643"]}]},{"@type":"BreadcrumbList","@id":"https:\/\/laprensacristiana.com\/?p=3643#breadcrumb","itemListElement":[{"@type":"ListItem","position":1,"name":"Portada","item":"https:\/\/laprensacristiana.com\/"},{"@type":"ListItem","position":2,"name":"La responsabilidad diluida"}]},{"@type":"WebSite","@id":"https:\/\/laprensacristiana.com\/#website","url":"https:\/\/laprensacristiana.com\/","name":"La Prensa Cristiana","description":"Anunciando Las Buenas Nuevas","potentialAction":[{"@type":"SearchAction","target":{"@type":"EntryPoint","urlTemplate":"https:\/\/laprensacristiana.com\/?s={search_term_string}"},"query-input":"required name=search_term_string"}],"inLanguage":"es"},{"@type":"Person","@id":"https:\/\/laprensacristiana.com\/#\/schema\/person\/3e7d82c6bfd6b1fa67010f8f7cd5256e","name":"EDITOR","image":{"@type":"ImageObject","inLanguage":"es","@id":"https:\/\/laprensacristiana.com\/#\/schema\/person\/image\/","url":"https:\/\/secure.gravatar.com\/avatar\/72069dfb6c13772d9e8381e3638666d2?s=96&d=mm&r=g","contentUrl":"https:\/\/secure.gravatar.com\/avatar\/72069dfb6c13772d9e8381e3638666d2?s=96&d=mm&r=g","caption":"EDITOR"},"url":"https:\/\/laprensacristiana.com\/?author=3"}]}},"_links":{"self":[{"href":"https:\/\/laprensacristiana.com\/index.php?rest_route=\/wp\/v2\/posts\/3643"}],"collection":[{"href":"https:\/\/laprensacristiana.com\/index.php?rest_route=\/wp\/v2\/posts"}],"about":[{"href":"https:\/\/laprensacristiana.com\/index.php?rest_route=\/wp\/v2\/types\/post"}],"author":[{"embeddable":true,"href":"https:\/\/laprensacristiana.com\/index.php?rest_route=\/wp\/v2\/users\/3"}],"replies":[{"embeddable":true,"href":"https:\/\/laprensacristiana.com\/index.php?rest_route=%2Fwp%2Fv2%2Fcomments&post=3643"}],"version-history":[{"count":1,"href":"https:\/\/laprensacristiana.com\/index.php?rest_route=\/wp\/v2\/posts\/3643\/revisions"}],"predecessor-version":[{"id":3644,"href":"https:\/\/laprensacristiana.com\/index.php?rest_route=\/wp\/v2\/posts\/3643\/revisions\/3644"}],"wp:featuredmedia":[{"embeddable":true,"href":"https:\/\/laprensacristiana.com\/index.php?rest_route=\/wp\/v2\/media\/3170"}],"wp:attachment":[{"href":"https:\/\/laprensacristiana.com\/index.php?rest_route=%2Fwp%2Fv2%2Fmedia&parent=3643"}],"wp:term":[{"taxonomy":"category","embeddable":true,"href":"https:\/\/laprensacristiana.com\/index.php?rest_route=%2Fwp%2Fv2%2Fcategories&post=3643"},{"taxonomy":"post_tag","embeddable":true,"href":"https:\/\/laprensacristiana.com\/index.php?rest_route=%2Fwp%2Fv2%2Ftags&post=3643"}],"curies":[{"name":"wp","href":"https:\/\/api.w.org\/{rel}","templated":true}]}}