{"id":3654,"date":"2018-04-07T00:41:10","date_gmt":"2018-04-07T00:41:10","guid":{"rendered":"https:\/\/laprensacristiana.com\/?p=3654"},"modified":"2020-07-02T00:10:46","modified_gmt":"2020-07-02T00:10:46","slug":"el-caso-de-la-semana-3","status":"publish","type":"post","link":"https:\/\/laprensacristiana.com\/?p=3654","title":{"rendered":"El Caso de la Semana"},"content":{"rendered":"<p>Tengo 29 a\u00f1os de casada siempre he tenido diferencias con mi esposo por su car\u00e1cter. \u00c9l es una persona obstinada, terca que solo el tiene la raz\u00f3n y \u00faltimamente estoy pasando una etapa de bipolaridad con \u00e9l. Podemos estar tranquilos hablando, de repente digo algo o comento alguna cosa, y comienza a decir que por el lo he dicho y se molesta tanto, ya no me dirige la palabra&#8230; y tengo que tener mucho cuidado con lo que comentamos con mi hija para que no se moleste. El casi no se congrega yo soy servidora con mi hija. No s\u00e9 como sobrellevar esta situaci\u00f3n. Gracias por su consejo. Bendiciones.<\/p>\n<p>Querida lectora:<\/p>\n<p>No me dice la edad de su esposo, pero puedo suponer por los a\u00f1os de matrimonio que est\u00e1 entre los 50 a 60 a\u00f1os. Que es el inicio de la tercera parte de la vida en la que los sue\u00f1os han sido alcanzados, el ser humano se siente realizado, las cosas que le importaban en \u00e9pocas atr\u00e1s ya no son relevantes, esta deber\u00eda de ser una de las etapas m\u00e1s bonita.<\/p>\n<p>Por lo que usted. describe su esposo siempre ha tenido un car\u00e1cter dominante, a\u00fan no ha aprendido a soltar el control, y con el pasar de los a\u00f1os las personas que no han madurado espiritual y emocionalmente no pueden sentirse auto-realizadas, a\u00fan son beb\u00e9s espirituales y emocionales.<\/p>\n<p>Qu\u00e9 hacer para ayudarlo:<\/p>\n<ol>\n<li>\u00c1melo: d\u00edgaselo con palabras, con acciones y caricias.<\/li>\n<li>Priorice su vida: dele tiempo exclusivo a \u00e9l, solo ustedes. dos.<\/li>\n<li>Converse: preg\u00fantele a diario c\u00f3mo estuvo su d\u00eda.<\/li>\n<li>Propicie el sexo: por lo menos una vez semanal.<\/li>\n<li>Recuerden juntos su historia de amor.<\/li>\n<li>No lo critique, no lo juzgue, no le diga qu\u00e9 hacer.<\/li>\n<li>Inv\u00edtelo a que vaya a la Iglesia con usted.<\/li>\n<li>Oren juntos.<\/li>\n<\/ol>\n<p>Y va a ver que su esposo ir\u00e1 teniendo un cambio de car\u00e1cter paulatino, sabe por qu\u00e9\u2026 porque necesita sentirse amado, aceptado y afirmado. Seguramente a trav\u00e9s de su historia personal desarrollo esta personalidad para defenderse del medio donde creci\u00f3 y su autoestima no se desarrollo\u2026 siempre hay una posibilidad de crecer y la pareja puede ser el medio para alcanzarlo. Y usted tiene a Dios en su coraz\u00f3n, El le dar\u00e1 la sabidur\u00eda, humildad y paciencias para lograrlo.<\/p>\n<p>\u201cImagina una nueva historia en tu vida, ponle toda la fuerza de tu coraz\u00f3n, una actitud positiva y ser\u00e1 tu historia\u201d.<\/p>\n<p>Dios te bendiga.<\/p>\n<p>Camarena.<\/p>\n<p>Fan page: camarenapsicologia<\/p>\n<p>Tel\u00e9fonos: 2264-3745<\/p>\n<p>Whatsapp: 7746-0188<\/p>\n<p>&nbsp;<\/p>\n<p>&nbsp;<\/p>\n<p>&nbsp;<\/p>\n<p>&nbsp;<\/p>\n","protected":false},"excerpt":{"rendered":"<p>Tengo 29 a\u00f1os de casada siempre he tenido diferencias con mi esposo por su car\u00e1cter. \u00c9l es una persona obstinada, terca que solo el tiene la raz\u00f3n y \u00faltimamente estoy pasando una etapa de bipolaridad con \u00e9l. Podemos estar tranquilos hablando, de repente digo algo o comento alguna cosa, y comienza a decir que por [&hellip;]<\/p>\n","protected":false},"author":3,"featured_media":3571,"comment_status":"open","ping_status":"open","sticky":false,"template":"","format":"standard","meta":[],"categories":[26],"tags":[],"yoast_head":"<!-- This site is optimized with the Yoast SEO plugin v20.8 - https:\/\/yoast.com\/wordpress\/plugins\/seo\/ -->\n<title>El Caso de la Semana - La Prensa Cristiana<\/title>\n<meta name=\"robots\" content=\"index, follow, max-snippet:-1, max-image-preview:large, max-video-preview:-1\" \/>\n<link rel=\"canonical\" href=\"https:\/\/laprensacristiana.com\/?p=3654\" \/>\n<meta property=\"og:locale\" content=\"es_ES\" \/>\n<meta property=\"og:type\" content=\"article\" \/>\n<meta property=\"og:title\" content=\"El Caso de la Semana - La Prensa Cristiana\" \/>\n<meta property=\"og:description\" content=\"Tengo 29 a\u00f1os de casada siempre he tenido diferencias con mi esposo por su car\u00e1cter. \u00c9l es una persona obstinada, terca que solo el tiene la raz\u00f3n y \u00faltimamente estoy pasando una etapa de bipolaridad con \u00e9l. Podemos estar tranquilos hablando, de repente digo algo o comento alguna cosa, y comienza a decir que por [&hellip;]\" \/>\n<meta property=\"og:url\" content=\"https:\/\/laprensacristiana.com\/?p=3654\" \/>\n<meta property=\"og:site_name\" content=\"La Prensa Cristiana\" \/>\n<meta property=\"article:published_time\" content=\"2018-04-07T00:41:10+00:00\" \/>\n<meta property=\"article:modified_time\" content=\"2020-07-02T00:10:46+00:00\" \/>\n<meta property=\"og:image\" content=\"https:\/\/laprensacristiana.com\/wp-content\/uploads\/2018\/03\/WhatsApp-Image-2018-03-14-at-14.40.01.jpeg\" \/>\n\t<meta property=\"og:image:width\" content=\"1280\" \/>\n\t<meta property=\"og:image:height\" content=\"714\" \/>\n\t<meta property=\"og:image:type\" content=\"image\/jpeg\" \/>\n<meta name=\"author\" content=\"EDITOR\" \/>\n<meta name=\"twitter:card\" content=\"summary_large_image\" \/>\n<meta name=\"twitter:label1\" content=\"Escrito por\" \/>\n\t<meta name=\"twitter:data1\" content=\"EDITOR\" \/>\n\t<meta name=\"twitter:label2\" content=\"Tiempo de lectura\" \/>\n\t<meta name=\"twitter:data2\" content=\"2 minutos\" \/>\n<script type=\"application\/ld+json\" class=\"yoast-schema-graph\">{\"@context\":\"https:\/\/schema.org\",\"@graph\":[{\"@type\":\"WebPage\",\"@id\":\"https:\/\/laprensacristiana.com\/?p=3654\",\"url\":\"https:\/\/laprensacristiana.com\/?p=3654\",\"name\":\"El Caso de la Semana - La Prensa Cristiana\",\"isPartOf\":{\"@id\":\"https:\/\/laprensacristiana.com\/#website\"},\"datePublished\":\"2018-04-07T00:41:10+00:00\",\"dateModified\":\"2020-07-02T00:10:46+00:00\",\"author\":{\"@id\":\"https:\/\/laprensacristiana.com\/#\/schema\/person\/3e7d82c6bfd6b1fa67010f8f7cd5256e\"},\"breadcrumb\":{\"@id\":\"https:\/\/laprensacristiana.com\/?p=3654#breadcrumb\"},\"inLanguage\":\"es\",\"potentialAction\":[{\"@type\":\"ReadAction\",\"target\":[\"https:\/\/laprensacristiana.com\/?p=3654\"]}]},{\"@type\":\"BreadcrumbList\",\"@id\":\"https:\/\/laprensacristiana.com\/?p=3654#breadcrumb\",\"itemListElement\":[{\"@type\":\"ListItem\",\"position\":1,\"name\":\"Portada\",\"item\":\"https:\/\/laprensacristiana.com\/\"},{\"@type\":\"ListItem\",\"position\":2,\"name\":\"El Caso de la Semana\"}]},{\"@type\":\"WebSite\",\"@id\":\"https:\/\/laprensacristiana.com\/#website\",\"url\":\"https:\/\/laprensacristiana.com\/\",\"name\":\"La Prensa Cristiana\",\"description\":\"Anunciando Las Buenas Nuevas\",\"potentialAction\":[{\"@type\":\"SearchAction\",\"target\":{\"@type\":\"EntryPoint\",\"urlTemplate\":\"https:\/\/laprensacristiana.com\/?s={search_term_string}\"},\"query-input\":\"required name=search_term_string\"}],\"inLanguage\":\"es\"},{\"@type\":\"Person\",\"@id\":\"https:\/\/laprensacristiana.com\/#\/schema\/person\/3e7d82c6bfd6b1fa67010f8f7cd5256e\",\"name\":\"EDITOR\",\"image\":{\"@type\":\"ImageObject\",\"inLanguage\":\"es\",\"@id\":\"https:\/\/laprensacristiana.com\/#\/schema\/person\/image\/\",\"url\":\"https:\/\/secure.gravatar.com\/avatar\/72069dfb6c13772d9e8381e3638666d2?s=96&d=mm&r=g\",\"contentUrl\":\"https:\/\/secure.gravatar.com\/avatar\/72069dfb6c13772d9e8381e3638666d2?s=96&d=mm&r=g\",\"caption\":\"EDITOR\"},\"url\":\"https:\/\/laprensacristiana.com\/?author=3\"}]}<\/script>\n<!-- \/ Yoast SEO plugin. -->","yoast_head_json":{"title":"El Caso de la Semana - La Prensa Cristiana","robots":{"index":"index","follow":"follow","max-snippet":"max-snippet:-1","max-image-preview":"max-image-preview:large","max-video-preview":"max-video-preview:-1"},"canonical":"https:\/\/laprensacristiana.com\/?p=3654","og_locale":"es_ES","og_type":"article","og_title":"El Caso de la Semana - La Prensa Cristiana","og_description":"Tengo 29 a\u00f1os de casada siempre he tenido diferencias con mi esposo por su car\u00e1cter. \u00c9l es una persona obstinada, terca que solo el tiene la raz\u00f3n y \u00faltimamente estoy pasando una etapa de bipolaridad con \u00e9l. Podemos estar tranquilos hablando, de repente digo algo o comento alguna cosa, y comienza a decir que por [&hellip;]","og_url":"https:\/\/laprensacristiana.com\/?p=3654","og_site_name":"La Prensa Cristiana","article_published_time":"2018-04-07T00:41:10+00:00","article_modified_time":"2020-07-02T00:10:46+00:00","og_image":[{"width":1280,"height":714,"url":"https:\/\/laprensacristiana.com\/wp-content\/uploads\/2018\/03\/WhatsApp-Image-2018-03-14-at-14.40.01.jpeg","type":"image\/jpeg"}],"author":"EDITOR","twitter_card":"summary_large_image","twitter_misc":{"Escrito por":"EDITOR","Tiempo de lectura":"2 minutos"},"schema":{"@context":"https:\/\/schema.org","@graph":[{"@type":"WebPage","@id":"https:\/\/laprensacristiana.com\/?p=3654","url":"https:\/\/laprensacristiana.com\/?p=3654","name":"El Caso de la Semana - La Prensa Cristiana","isPartOf":{"@id":"https:\/\/laprensacristiana.com\/#website"},"datePublished":"2018-04-07T00:41:10+00:00","dateModified":"2020-07-02T00:10:46+00:00","author":{"@id":"https:\/\/laprensacristiana.com\/#\/schema\/person\/3e7d82c6bfd6b1fa67010f8f7cd5256e"},"breadcrumb":{"@id":"https:\/\/laprensacristiana.com\/?p=3654#breadcrumb"},"inLanguage":"es","potentialAction":[{"@type":"ReadAction","target":["https:\/\/laprensacristiana.com\/?p=3654"]}]},{"@type":"BreadcrumbList","@id":"https:\/\/laprensacristiana.com\/?p=3654#breadcrumb","itemListElement":[{"@type":"ListItem","position":1,"name":"Portada","item":"https:\/\/laprensacristiana.com\/"},{"@type":"ListItem","position":2,"name":"El Caso de la Semana"}]},{"@type":"WebSite","@id":"https:\/\/laprensacristiana.com\/#website","url":"https:\/\/laprensacristiana.com\/","name":"La Prensa Cristiana","description":"Anunciando Las Buenas Nuevas","potentialAction":[{"@type":"SearchAction","target":{"@type":"EntryPoint","urlTemplate":"https:\/\/laprensacristiana.com\/?s={search_term_string}"},"query-input":"required name=search_term_string"}],"inLanguage":"es"},{"@type":"Person","@id":"https:\/\/laprensacristiana.com\/#\/schema\/person\/3e7d82c6bfd6b1fa67010f8f7cd5256e","name":"EDITOR","image":{"@type":"ImageObject","inLanguage":"es","@id":"https:\/\/laprensacristiana.com\/#\/schema\/person\/image\/","url":"https:\/\/secure.gravatar.com\/avatar\/72069dfb6c13772d9e8381e3638666d2?s=96&d=mm&r=g","contentUrl":"https:\/\/secure.gravatar.com\/avatar\/72069dfb6c13772d9e8381e3638666d2?s=96&d=mm&r=g","caption":"EDITOR"},"url":"https:\/\/laprensacristiana.com\/?author=3"}]}},"_links":{"self":[{"href":"https:\/\/laprensacristiana.com\/index.php?rest_route=\/wp\/v2\/posts\/3654"}],"collection":[{"href":"https:\/\/laprensacristiana.com\/index.php?rest_route=\/wp\/v2\/posts"}],"about":[{"href":"https:\/\/laprensacristiana.com\/index.php?rest_route=\/wp\/v2\/types\/post"}],"author":[{"embeddable":true,"href":"https:\/\/laprensacristiana.com\/index.php?rest_route=\/wp\/v2\/users\/3"}],"replies":[{"embeddable":true,"href":"https:\/\/laprensacristiana.com\/index.php?rest_route=%2Fwp%2Fv2%2Fcomments&post=3654"}],"version-history":[{"count":1,"href":"https:\/\/laprensacristiana.com\/index.php?rest_route=\/wp\/v2\/posts\/3654\/revisions"}],"predecessor-version":[{"id":3655,"href":"https:\/\/laprensacristiana.com\/index.php?rest_route=\/wp\/v2\/posts\/3654\/revisions\/3655"}],"wp:featuredmedia":[{"embeddable":true,"href":"https:\/\/laprensacristiana.com\/index.php?rest_route=\/wp\/v2\/media\/3571"}],"wp:attachment":[{"href":"https:\/\/laprensacristiana.com\/index.php?rest_route=%2Fwp%2Fv2%2Fmedia&parent=3654"}],"wp:term":[{"taxonomy":"category","embeddable":true,"href":"https:\/\/laprensacristiana.com\/index.php?rest_route=%2Fwp%2Fv2%2Fcategories&post=3654"},{"taxonomy":"post_tag","embeddable":true,"href":"https:\/\/laprensacristiana.com\/index.php?rest_route=%2Fwp%2Fv2%2Ftags&post=3654"}],"curies":[{"name":"wp","href":"https:\/\/api.w.org\/{rel}","templated":true}]}}