{"id":3656,"date":"2018-04-08T17:44:16","date_gmt":"2018-04-08T17:44:16","guid":{"rendered":"https:\/\/laprensacristiana.com\/?p=3656"},"modified":"2020-07-02T00:10:35","modified_gmt":"2020-07-02T00:10:35","slug":"si-a-la-vida-marcha-en-contra-de-la-despenalizacion-del-aborto","status":"publish","type":"post","link":"https:\/\/laprensacristiana.com\/?p=3656","title":{"rendered":"S\u00ed a la vida, marcha en contra de la despenalizaci\u00f3n del aborto"},"content":{"rendered":"<p>Por: Erika Menjivar<\/p>\n<p style=\"text-align: justify;\">Cientos de personas salieron a las calles este s\u00e1bado 07 de abril, para manifestar su descontento e indignaci\u00f3n por la despenalizaci\u00f3n del aborto, tema que est\u00e1 siendo considerado en la Asamblea Legislativa de El Salvador.<\/p>\n<p style=\"text-align: justify;\">En dicha marcha, participaron asociaciones en pro de la vida, iglesias evang\u00e9licas y cat\u00f3lica, organizaciones no religiosas, diputados y todas aquellas personas que tienen una convicci\u00f3n en pro de la vida, que son casi el 95% de la poblaci\u00f3n seg\u00fan las estad\u00edsticas.<\/p>\n<p><img decoding=\"async\" loading=\"lazy\" class=\"alignnone size-full wp-image-3657\" src=\"https:\/\/laprensacristiana.com\/wp-content\/uploads\/2018\/04\/MARCHA01.jpg\" alt=\"MARCHA01\" width=\"4272\" height=\"2848\" \/><\/p>\n<p style=\"text-align: justify;\">Los manifestantes hacen el llamado a la Asamblea Legislativa a que no legalice el aborto, \u201cNo podemos violentar ese derecho, es un derecho de vida y tenemos que asistirlo, no condenarlo, no se debe legalizar la muerte en un pa\u00eds que est\u00e1 lleno de una cultura de muerte\u201d dijo el Pastor de Iglesia Jerusalen Adan Mej\u00eda. Adem\u00e1s comenta que son cuatro las causales que quienes est\u00e1n a favor del aborto sostienen, las cuales son: violaci\u00f3n, en caso que el feto tenga deformaciones f\u00edsicas, riesgo de vida de la madre y finalmente, la postura de algunas personas y organizaciones que sostienen que la penalizaci\u00f3n del aborto es una expresi\u00f3n en contra de los derechos de la mujer.<\/p>\n<p style=\"text-align: justify;\">La marcha tuvo como punto de partida la Plaza Divino Salvador del Mundo\u00a0y culmin\u00f3 en la Plaza Libertad en el centro de San Salvador.<\/p>\n<p><img decoding=\"async\" loading=\"lazy\" class=\"alignnone size-full wp-image-3658\" src=\"https:\/\/laprensacristiana.com\/wp-content\/uploads\/2018\/04\/MARCHA02.jpg\" alt=\"MARCHA02\" width=\"4272\" height=\"2848\" \/><\/p>\n<p style=\"text-align: justify;\">Tambi\u00e9n a este movimiento se hicieron presente diputados y pol\u00edticos como: Milena Mayorga, Jorge Velado, Eeileen Romero y otros. Quienes mostraron su apoyo. \u201cEsta actividad me motiva agradecimiento a Dios, a la Constituci\u00f3n y a la Biblia, porque ellos han sido el freno para que yo est\u00e9 viva, si mi madre hubiera hecho un aborto terap\u00e9utico, yo no estuviera ac\u00e1 sirvi\u00e9ndole al pueblo salvadore\u00f1o\u201d expres\u00f3 la diputada electa, Eeileen Romero.<\/p>\n<p style=\"text-align: justify;\">La despenalizaci\u00f3n del aborto sigue en pie en la Asamblea Legislativa de El Salvador, y hay presiones de organismos internacionales por su aprobaci\u00f3n\u00a0antes que termine este periodo y entre en funciones la nueva asamblea electa en las recientes votaciones.<\/p>\n<p><img decoding=\"async\" loading=\"lazy\" class=\"alignnone size-full wp-image-3660\" src=\"https:\/\/laprensacristiana.com\/wp-content\/uploads\/2018\/04\/IMG_3045.jpg\" alt=\"IMG_3045\" width=\"4272\" height=\"2848\" \/><\/p>\n<p style=\"text-align: justify;\">Seg\u00fan las organizaciones que luchan porque el aborto no se legalice, sostienen que el aborto ser\u00eda el paso a matar seres inocentes, que no se les est\u00e1 dando siquiera la oportunidad de venir al mundo, de vivir. Por tanto, proponen medidas preventivas para conllevar casos de embarazos de alto riesgo, violaciones y otros. Esto desde un punto de vista humanista, de salud y espiritual para que las mujeres en estas situaciones se sientan apoyadas y no consideren como una opci\u00f3n abortar.<\/p>\n<p style=\"text-align: justify;\">\u00abEstamos aqu\u00ed para crear conciencia porque la se\u00f1ora diputada Lorena Pe\u00f1a est\u00e1 proponiendo que se despenalice el aborto, ese el peligro que nosotros vemos, el temor no nos motiva a manifestarnos, lo que nos motiva es el deseo que una legislaci\u00f3n responda a los principios eternos de Dios sobre la faz de la tierra, Dios dice No Matar\u00e1s, no debemos ensuciarnos las manos con sangre inocente, es una maldici\u00f3n, no queremos esa maldici\u00f3n sobre nuestro pa\u00eds\u00bb expres\u00f3 el pastor de Iglesia Comunidad Cristiana Numa Rodezno.<\/p>\n<p style=\"text-align: justify;\">Cabe destacar que en el cierre de la marcha los asistentes doblaron sus rodillas y oraron por sabidur\u00eda para las autoridades legislativas para que tengan entendimiento, tomando las mejores decisiones de forma que no vayan en contra de la vida, acto que tuvo lugar en la Plaza Libertad en el centro capitalino.<\/p>\n<p><img decoding=\"async\" loading=\"lazy\" class=\"alignnone size-full wp-image-3659\" src=\"https:\/\/laprensacristiana.com\/wp-content\/uploads\/2018\/04\/IMG_3069.jpg\" alt=\"IMG_3069\" width=\"4272\" height=\"2848\" \/><\/p>\n","protected":false},"excerpt":{"rendered":"<p>Por: Erika Menjivar Cientos de personas salieron a las calles este s\u00e1bado 07 de abril, para manifestar su descontento e indignaci\u00f3n por la despenalizaci\u00f3n del aborto, tema que est\u00e1 siendo considerado en la Asamblea Legislativa de El Salvador. En dicha marcha, participaron asociaciones en pro de la vida, iglesias evang\u00e9licas y cat\u00f3lica, organizaciones no religiosas, [&hellip;]<\/p>\n","protected":false},"author":3,"featured_media":3661,"comment_status":"open","ping_status":"open","sticky":false,"template":"","format":"standard","meta":[],"categories":[56],"tags":[],"yoast_head":"<!-- This site is optimized with the Yoast SEO plugin v20.8 - https:\/\/yoast.com\/wordpress\/plugins\/seo\/ -->\n<title>S\u00ed a la vida, marcha en contra de la despenalizaci\u00f3n del aborto - La Prensa Cristiana<\/title>\n<meta name=\"robots\" content=\"index, follow, max-snippet:-1, max-image-preview:large, max-video-preview:-1\" \/>\n<link rel=\"canonical\" href=\"https:\/\/laprensacristiana.com\/?p=3656\" \/>\n<meta property=\"og:locale\" content=\"es_ES\" \/>\n<meta property=\"og:type\" content=\"article\" \/>\n<meta property=\"og:title\" content=\"S\u00ed a la vida, marcha en contra de la despenalizaci\u00f3n del aborto - La Prensa Cristiana\" \/>\n<meta property=\"og:description\" content=\"Por: Erika Menjivar Cientos de personas salieron a las calles este s\u00e1bado 07 de abril, para manifestar su descontento e indignaci\u00f3n por la despenalizaci\u00f3n del aborto, tema que est\u00e1 siendo considerado en la Asamblea Legislativa de El Salvador. En dicha marcha, participaron asociaciones en pro de la vida, iglesias evang\u00e9licas y cat\u00f3lica, organizaciones no religiosas, [&hellip;]\" \/>\n<meta property=\"og:url\" content=\"https:\/\/laprensacristiana.com\/?p=3656\" \/>\n<meta property=\"og:site_name\" content=\"La Prensa Cristiana\" \/>\n<meta property=\"article:published_time\" content=\"2018-04-08T17:44:16+00:00\" \/>\n<meta property=\"article:modified_time\" content=\"2020-07-02T00:10:35+00:00\" \/>\n<meta property=\"og:image\" content=\"https:\/\/laprensacristiana.com\/wp-content\/uploads\/2018\/04\/SI-scaled.jpg\" \/>\n\t<meta property=\"og:image:width\" content=\"2560\" \/>\n\t<meta property=\"og:image:height\" content=\"1353\" \/>\n\t<meta property=\"og:image:type\" content=\"image\/jpeg\" \/>\n<meta name=\"author\" content=\"EDITOR\" \/>\n<meta name=\"twitter:card\" content=\"summary_large_image\" \/>\n<meta name=\"twitter:label1\" content=\"Escrito por\" \/>\n\t<meta name=\"twitter:data1\" content=\"EDITOR\" \/>\n\t<meta name=\"twitter:label2\" content=\"Tiempo de lectura\" \/>\n\t<meta name=\"twitter:data2\" content=\"3 minutos\" \/>\n<script type=\"application\/ld+json\" class=\"yoast-schema-graph\">{\"@context\":\"https:\/\/schema.org\",\"@graph\":[{\"@type\":\"WebPage\",\"@id\":\"https:\/\/laprensacristiana.com\/?p=3656\",\"url\":\"https:\/\/laprensacristiana.com\/?p=3656\",\"name\":\"S\u00ed a la vida, marcha en contra de la despenalizaci\u00f3n del aborto - La Prensa Cristiana\",\"isPartOf\":{\"@id\":\"https:\/\/laprensacristiana.com\/#website\"},\"datePublished\":\"2018-04-08T17:44:16+00:00\",\"dateModified\":\"2020-07-02T00:10:35+00:00\",\"author\":{\"@id\":\"https:\/\/laprensacristiana.com\/#\/schema\/person\/3e7d82c6bfd6b1fa67010f8f7cd5256e\"},\"breadcrumb\":{\"@id\":\"https:\/\/laprensacristiana.com\/?p=3656#breadcrumb\"},\"inLanguage\":\"es\",\"potentialAction\":[{\"@type\":\"ReadAction\",\"target\":[\"https:\/\/laprensacristiana.com\/?p=3656\"]}]},{\"@type\":\"BreadcrumbList\",\"@id\":\"https:\/\/laprensacristiana.com\/?p=3656#breadcrumb\",\"itemListElement\":[{\"@type\":\"ListItem\",\"position\":1,\"name\":\"Portada\",\"item\":\"https:\/\/laprensacristiana.com\/\"},{\"@type\":\"ListItem\",\"position\":2,\"name\":\"S\u00ed a la vida, marcha en contra de la despenalizaci\u00f3n del aborto\"}]},{\"@type\":\"WebSite\",\"@id\":\"https:\/\/laprensacristiana.com\/#website\",\"url\":\"https:\/\/laprensacristiana.com\/\",\"name\":\"La Prensa Cristiana\",\"description\":\"Anunciando Las Buenas Nuevas\",\"potentialAction\":[{\"@type\":\"SearchAction\",\"target\":{\"@type\":\"EntryPoint\",\"urlTemplate\":\"https:\/\/laprensacristiana.com\/?s={search_term_string}\"},\"query-input\":\"required name=search_term_string\"}],\"inLanguage\":\"es\"},{\"@type\":\"Person\",\"@id\":\"https:\/\/laprensacristiana.com\/#\/schema\/person\/3e7d82c6bfd6b1fa67010f8f7cd5256e\",\"name\":\"EDITOR\",\"image\":{\"@type\":\"ImageObject\",\"inLanguage\":\"es\",\"@id\":\"https:\/\/laprensacristiana.com\/#\/schema\/person\/image\/\",\"url\":\"https:\/\/secure.gravatar.com\/avatar\/72069dfb6c13772d9e8381e3638666d2?s=96&d=mm&r=g\",\"contentUrl\":\"https:\/\/secure.gravatar.com\/avatar\/72069dfb6c13772d9e8381e3638666d2?s=96&d=mm&r=g\",\"caption\":\"EDITOR\"},\"url\":\"https:\/\/laprensacristiana.com\/?author=3\"}]}<\/script>\n<!-- \/ Yoast SEO plugin. -->","yoast_head_json":{"title":"S\u00ed a la vida, marcha en contra de la despenalizaci\u00f3n del aborto - La Prensa Cristiana","robots":{"index":"index","follow":"follow","max-snippet":"max-snippet:-1","max-image-preview":"max-image-preview:large","max-video-preview":"max-video-preview:-1"},"canonical":"https:\/\/laprensacristiana.com\/?p=3656","og_locale":"es_ES","og_type":"article","og_title":"S\u00ed a la vida, marcha en contra de la despenalizaci\u00f3n del aborto - La Prensa Cristiana","og_description":"Por: Erika Menjivar Cientos de personas salieron a las calles este s\u00e1bado 07 de abril, para manifestar su descontento e indignaci\u00f3n por la despenalizaci\u00f3n del aborto, tema que est\u00e1 siendo considerado en la Asamblea Legislativa de El Salvador. En dicha marcha, participaron asociaciones en pro de la vida, iglesias evang\u00e9licas y cat\u00f3lica, organizaciones no religiosas, [&hellip;]","og_url":"https:\/\/laprensacristiana.com\/?p=3656","og_site_name":"La Prensa Cristiana","article_published_time":"2018-04-08T17:44:16+00:00","article_modified_time":"2020-07-02T00:10:35+00:00","og_image":[{"width":2560,"height":1353,"url":"https:\/\/laprensacristiana.com\/wp-content\/uploads\/2018\/04\/SI-scaled.jpg","type":"image\/jpeg"}],"author":"EDITOR","twitter_card":"summary_large_image","twitter_misc":{"Escrito por":"EDITOR","Tiempo de lectura":"3 minutos"},"schema":{"@context":"https:\/\/schema.org","@graph":[{"@type":"WebPage","@id":"https:\/\/laprensacristiana.com\/?p=3656","url":"https:\/\/laprensacristiana.com\/?p=3656","name":"S\u00ed a la vida, marcha en contra de la despenalizaci\u00f3n del aborto - La Prensa Cristiana","isPartOf":{"@id":"https:\/\/laprensacristiana.com\/#website"},"datePublished":"2018-04-08T17:44:16+00:00","dateModified":"2020-07-02T00:10:35+00:00","author":{"@id":"https:\/\/laprensacristiana.com\/#\/schema\/person\/3e7d82c6bfd6b1fa67010f8f7cd5256e"},"breadcrumb":{"@id":"https:\/\/laprensacristiana.com\/?p=3656#breadcrumb"},"inLanguage":"es","potentialAction":[{"@type":"ReadAction","target":["https:\/\/laprensacristiana.com\/?p=3656"]}]},{"@type":"BreadcrumbList","@id":"https:\/\/laprensacristiana.com\/?p=3656#breadcrumb","itemListElement":[{"@type":"ListItem","position":1,"name":"Portada","item":"https:\/\/laprensacristiana.com\/"},{"@type":"ListItem","position":2,"name":"S\u00ed a la vida, marcha en contra de la despenalizaci\u00f3n del aborto"}]},{"@type":"WebSite","@id":"https:\/\/laprensacristiana.com\/#website","url":"https:\/\/laprensacristiana.com\/","name":"La Prensa Cristiana","description":"Anunciando Las Buenas Nuevas","potentialAction":[{"@type":"SearchAction","target":{"@type":"EntryPoint","urlTemplate":"https:\/\/laprensacristiana.com\/?s={search_term_string}"},"query-input":"required name=search_term_string"}],"inLanguage":"es"},{"@type":"Person","@id":"https:\/\/laprensacristiana.com\/#\/schema\/person\/3e7d82c6bfd6b1fa67010f8f7cd5256e","name":"EDITOR","image":{"@type":"ImageObject","inLanguage":"es","@id":"https:\/\/laprensacristiana.com\/#\/schema\/person\/image\/","url":"https:\/\/secure.gravatar.com\/avatar\/72069dfb6c13772d9e8381e3638666d2?s=96&d=mm&r=g","contentUrl":"https:\/\/secure.gravatar.com\/avatar\/72069dfb6c13772d9e8381e3638666d2?s=96&d=mm&r=g","caption":"EDITOR"},"url":"https:\/\/laprensacristiana.com\/?author=3"}]}},"_links":{"self":[{"href":"https:\/\/laprensacristiana.com\/index.php?rest_route=\/wp\/v2\/posts\/3656"}],"collection":[{"href":"https:\/\/laprensacristiana.com\/index.php?rest_route=\/wp\/v2\/posts"}],"about":[{"href":"https:\/\/laprensacristiana.com\/index.php?rest_route=\/wp\/v2\/types\/post"}],"author":[{"embeddable":true,"href":"https:\/\/laprensacristiana.com\/index.php?rest_route=\/wp\/v2\/users\/3"}],"replies":[{"embeddable":true,"href":"https:\/\/laprensacristiana.com\/index.php?rest_route=%2Fwp%2Fv2%2Fcomments&post=3656"}],"version-history":[{"count":15,"href":"https:\/\/laprensacristiana.com\/index.php?rest_route=\/wp\/v2\/posts\/3656\/revisions"}],"predecessor-version":[{"id":3676,"href":"https:\/\/laprensacristiana.com\/index.php?rest_route=\/wp\/v2\/posts\/3656\/revisions\/3676"}],"wp:featuredmedia":[{"embeddable":true,"href":"https:\/\/laprensacristiana.com\/index.php?rest_route=\/wp\/v2\/media\/3661"}],"wp:attachment":[{"href":"https:\/\/laprensacristiana.com\/index.php?rest_route=%2Fwp%2Fv2%2Fmedia&parent=3656"}],"wp:term":[{"taxonomy":"category","embeddable":true,"href":"https:\/\/laprensacristiana.com\/index.php?rest_route=%2Fwp%2Fv2%2Fcategories&post=3656"},{"taxonomy":"post_tag","embeddable":true,"href":"https:\/\/laprensacristiana.com\/index.php?rest_route=%2Fwp%2Fv2%2Ftags&post=3656"}],"curies":[{"name":"wp","href":"https:\/\/api.w.org\/{rel}","templated":true}]}}