{"id":3690,"date":"2018-04-10T21:00:20","date_gmt":"2018-04-10T21:00:20","guid":{"rendered":"https:\/\/laprensacristiana.com\/?p=3690"},"modified":"2018-04-10T21:00:20","modified_gmt":"2018-04-10T21:00:20","slug":"peleando-en-unidad","status":"publish","type":"post","link":"https:\/\/laprensacristiana.com\/?p=3690","title":{"rendered":"\u00a1Peleando en Unidad!"},"content":{"rendered":"<p>Tres candidatos por la derecha \u201cDerecha Salvadore\u00f1a ARENA\u201d pretenden llevar a su partido a las presidencia en este 2019, los candidatos son admirables como personas Padres, Empresarios, Estudiantes, pero su mayor debilidad en mi humilde y ne\u00f3fita opini\u00f3n es su arrogancia al decretar que ellos son las mejores opciones para el Pais.<\/p>\n<p>En lo personal creo que existe gente mucho mas preparada para dicho cargo, el problema es que ellos o ellas no tienen las\u00a0oportunidades que ellos tienen dentro de su partido pol\u00edtico quien ya tiene varios presidentes en la historia de El Salvador: la verdad es que todos tenemos a alguien que nos supera en muchas \u00e1reas de nuestras vidas pero no tuvieron las oportunidades<br \/>\nque se nos dieron a nosotros en estas etapas de la vida.<\/p>\n<p>Una dosis de humildad nunca est\u00e1 de m\u00e1s, en especial cuando en un pa\u00eds que muchos llaman tercermundista hemos tenido presidentes nefastos y arrogantes, de los cuales la poblaci\u00f3n afirma aun no olvidar todo el da\u00f1o colateral recibido por sus actitudes\u00a0y excesos en su \u00e9poca de gobierno o dictadura.<\/p>\n<p>La derecha no podr\u00e1 tener un partido fuerte y unido con las actitudes de los actuales diputados y alcaldes, como tambi\u00e9n \u00a0los encargados de las decisiones de partido lo que ellos llaman COENA decisiones que ser\u00e1n reflejadas en la urnas el pr\u00f3ximo 2019 en la presidenciales: el presidente<br \/>\nde dicha organizaci\u00f3n pol\u00edtica debe retomar el control de sus subalternos y dar lineamientos claros que sumen y no resten en dicho partido pol\u00edtico.<\/p>\n<p>Hace unos d\u00edas fui invitado a un evento llamado \u201cA quema ropa\u201d. Fue la primera vez que como religioso participaba en un evento de este tipo,\u00a0para mi sorpresa no tardaron los contrincantes de dicho candidato en comunicar su malestar a trav\u00e9s de publicaciones maliciosas donde hac\u00edan<br \/>\nnotar su malestar por la participaci\u00f3n que ellos calificaron de apoyo para con el candidato protagonista del evento; otro fue mas all\u00e1 y mando a un emisario\u00a0a recordarme que el ganador seria otro y que no cometiera el error de apoyar a quien me hab\u00eda invitado a este evento.<\/p>\n<p>Pienso que parecen maras luchando territorio, que con su mucha plata est\u00e1n acostumbrados a hacer con la gente lo que bien les parece; es por ello que hoy\u00a0me doy a la tarea de motivarles a trabajar unidos en contra de todas las cosas que afectan a nuestro pa\u00eds El Salvador. A recordar que como lo dijo mi Maestro\u00a0Roberto Ca\u00f1as \u201cen este avi\u00f3n estamos todos involucrados y no importa de que partido sea el piloto si el falla nos morimos todos\u201d.<\/p>\n<p>Demos un verdadero espacio a la democracia, no pitemos lo goles antes que inicie el partido, no coman ansias si su deseo es servir, no tendr\u00e1n\u00a0problema en dar espacio al mas calificado o mejor preparado; no saldr\u00e1n en publico buscando alianzas con los que ya lograron asegurar un espacio<br \/>\nen la actual legislatura. Como Salvadore\u00f1os estamos obligados a luchar en unidad en contra de los verdaderos enemigos del pa\u00eds que no son los dem\u00e1s pol\u00edticos o candidatos sino la corrupci\u00f3n, la pobreza, la falta de seguridad, el pleno o nulo crecimiento econ\u00f3mico.<\/p>\n<p>Se\u00f1ores , \u00a1Debemos pelear en unidad!<\/p>\n","protected":false},"excerpt":{"rendered":"<p>Tres candidatos por la derecha \u201cDerecha Salvadore\u00f1a ARENA\u201d pretenden llevar a su partido a las presidencia en este 2019, los candidatos son admirables como personas Padres, Empresarios, Estudiantes, pero su mayor debilidad en mi humilde y ne\u00f3fita opini\u00f3n es su arrogancia al decretar que ellos son las mejores opciones para el Pais. En lo personal [&hellip;]<\/p>\n","protected":false},"author":3,"featured_media":3691,"comment_status":"open","ping_status":"open","sticky":false,"template":"","format":"standard","meta":[],"categories":[23],"tags":[],"yoast_head":"<!-- This site is optimized with the Yoast SEO plugin v20.8 - https:\/\/yoast.com\/wordpress\/plugins\/seo\/ -->\n<title>\u00a1Peleando en Unidad! - La Prensa Cristiana<\/title>\n<meta name=\"robots\" content=\"index, follow, max-snippet:-1, max-image-preview:large, max-video-preview:-1\" \/>\n<link rel=\"canonical\" href=\"https:\/\/laprensacristiana.com\/?p=3690\" \/>\n<meta property=\"og:locale\" content=\"es_ES\" \/>\n<meta property=\"og:type\" content=\"article\" \/>\n<meta property=\"og:title\" content=\"\u00a1Peleando en Unidad! - La Prensa Cristiana\" \/>\n<meta property=\"og:description\" content=\"Tres candidatos por la derecha \u201cDerecha Salvadore\u00f1a ARENA\u201d pretenden llevar a su partido a las presidencia en este 2019, los candidatos son admirables como personas Padres, Empresarios, Estudiantes, pero su mayor debilidad en mi humilde y ne\u00f3fita opini\u00f3n es su arrogancia al decretar que ellos son las mejores opciones para el Pais. En lo personal [&hellip;]\" \/>\n<meta property=\"og:url\" content=\"https:\/\/laprensacristiana.com\/?p=3690\" \/>\n<meta property=\"og:site_name\" content=\"La Prensa Cristiana\" \/>\n<meta property=\"article:published_time\" content=\"2018-04-10T21:00:20+00:00\" \/>\n<meta property=\"og:image\" content=\"https:\/\/laprensacristiana.com\/wp-content\/uploads\/2018\/04\/OPINION-PASTOR-TOBY-JR-01-696x389.jpg\" \/>\n\t<meta property=\"og:image:width\" content=\"696\" \/>\n\t<meta property=\"og:image:height\" content=\"389\" \/>\n\t<meta property=\"og:image:type\" content=\"image\/jpeg\" \/>\n<meta name=\"author\" content=\"EDITOR\" \/>\n<meta name=\"twitter:card\" content=\"summary_large_image\" \/>\n<meta name=\"twitter:label1\" content=\"Escrito por\" \/>\n\t<meta name=\"twitter:data1\" content=\"EDITOR\" \/>\n\t<meta name=\"twitter:label2\" content=\"Tiempo de lectura\" \/>\n\t<meta name=\"twitter:data2\" content=\"3 minutos\" \/>\n<script type=\"application\/ld+json\" class=\"yoast-schema-graph\">{\"@context\":\"https:\/\/schema.org\",\"@graph\":[{\"@type\":\"WebPage\",\"@id\":\"https:\/\/laprensacristiana.com\/?p=3690\",\"url\":\"https:\/\/laprensacristiana.com\/?p=3690\",\"name\":\"\u00a1Peleando en Unidad! - La Prensa Cristiana\",\"isPartOf\":{\"@id\":\"https:\/\/laprensacristiana.com\/#website\"},\"datePublished\":\"2018-04-10T21:00:20+00:00\",\"dateModified\":\"2018-04-10T21:00:20+00:00\",\"author\":{\"@id\":\"https:\/\/laprensacristiana.com\/#\/schema\/person\/3e7d82c6bfd6b1fa67010f8f7cd5256e\"},\"breadcrumb\":{\"@id\":\"https:\/\/laprensacristiana.com\/?p=3690#breadcrumb\"},\"inLanguage\":\"es\",\"potentialAction\":[{\"@type\":\"ReadAction\",\"target\":[\"https:\/\/laprensacristiana.com\/?p=3690\"]}]},{\"@type\":\"BreadcrumbList\",\"@id\":\"https:\/\/laprensacristiana.com\/?p=3690#breadcrumb\",\"itemListElement\":[{\"@type\":\"ListItem\",\"position\":1,\"name\":\"Portada\",\"item\":\"https:\/\/laprensacristiana.com\/\"},{\"@type\":\"ListItem\",\"position\":2,\"name\":\"\u00a1Peleando en Unidad!\"}]},{\"@type\":\"WebSite\",\"@id\":\"https:\/\/laprensacristiana.com\/#website\",\"url\":\"https:\/\/laprensacristiana.com\/\",\"name\":\"La Prensa Cristiana\",\"description\":\"Anunciando Las Buenas Nuevas\",\"potentialAction\":[{\"@type\":\"SearchAction\",\"target\":{\"@type\":\"EntryPoint\",\"urlTemplate\":\"https:\/\/laprensacristiana.com\/?s={search_term_string}\"},\"query-input\":\"required name=search_term_string\"}],\"inLanguage\":\"es\"},{\"@type\":\"Person\",\"@id\":\"https:\/\/laprensacristiana.com\/#\/schema\/person\/3e7d82c6bfd6b1fa67010f8f7cd5256e\",\"name\":\"EDITOR\",\"image\":{\"@type\":\"ImageObject\",\"inLanguage\":\"es\",\"@id\":\"https:\/\/laprensacristiana.com\/#\/schema\/person\/image\/\",\"url\":\"https:\/\/secure.gravatar.com\/avatar\/72069dfb6c13772d9e8381e3638666d2?s=96&d=mm&r=g\",\"contentUrl\":\"https:\/\/secure.gravatar.com\/avatar\/72069dfb6c13772d9e8381e3638666d2?s=96&d=mm&r=g\",\"caption\":\"EDITOR\"},\"url\":\"https:\/\/laprensacristiana.com\/?author=3\"}]}<\/script>\n<!-- \/ Yoast SEO plugin. -->","yoast_head_json":{"title":"\u00a1Peleando en Unidad! - La Prensa Cristiana","robots":{"index":"index","follow":"follow","max-snippet":"max-snippet:-1","max-image-preview":"max-image-preview:large","max-video-preview":"max-video-preview:-1"},"canonical":"https:\/\/laprensacristiana.com\/?p=3690","og_locale":"es_ES","og_type":"article","og_title":"\u00a1Peleando en Unidad! - La Prensa Cristiana","og_description":"Tres candidatos por la derecha \u201cDerecha Salvadore\u00f1a ARENA\u201d pretenden llevar a su partido a las presidencia en este 2019, los candidatos son admirables como personas Padres, Empresarios, Estudiantes, pero su mayor debilidad en mi humilde y ne\u00f3fita opini\u00f3n es su arrogancia al decretar que ellos son las mejores opciones para el Pais. En lo personal [&hellip;]","og_url":"https:\/\/laprensacristiana.com\/?p=3690","og_site_name":"La Prensa Cristiana","article_published_time":"2018-04-10T21:00:20+00:00","og_image":[{"width":696,"height":389,"url":"https:\/\/laprensacristiana.com\/wp-content\/uploads\/2018\/04\/OPINION-PASTOR-TOBY-JR-01-696x389.jpg","type":"image\/jpeg"}],"author":"EDITOR","twitter_card":"summary_large_image","twitter_misc":{"Escrito por":"EDITOR","Tiempo de lectura":"3 minutos"},"schema":{"@context":"https:\/\/schema.org","@graph":[{"@type":"WebPage","@id":"https:\/\/laprensacristiana.com\/?p=3690","url":"https:\/\/laprensacristiana.com\/?p=3690","name":"\u00a1Peleando en Unidad! - La Prensa Cristiana","isPartOf":{"@id":"https:\/\/laprensacristiana.com\/#website"},"datePublished":"2018-04-10T21:00:20+00:00","dateModified":"2018-04-10T21:00:20+00:00","author":{"@id":"https:\/\/laprensacristiana.com\/#\/schema\/person\/3e7d82c6bfd6b1fa67010f8f7cd5256e"},"breadcrumb":{"@id":"https:\/\/laprensacristiana.com\/?p=3690#breadcrumb"},"inLanguage":"es","potentialAction":[{"@type":"ReadAction","target":["https:\/\/laprensacristiana.com\/?p=3690"]}]},{"@type":"BreadcrumbList","@id":"https:\/\/laprensacristiana.com\/?p=3690#breadcrumb","itemListElement":[{"@type":"ListItem","position":1,"name":"Portada","item":"https:\/\/laprensacristiana.com\/"},{"@type":"ListItem","position":2,"name":"\u00a1Peleando en Unidad!"}]},{"@type":"WebSite","@id":"https:\/\/laprensacristiana.com\/#website","url":"https:\/\/laprensacristiana.com\/","name":"La Prensa Cristiana","description":"Anunciando Las Buenas Nuevas","potentialAction":[{"@type":"SearchAction","target":{"@type":"EntryPoint","urlTemplate":"https:\/\/laprensacristiana.com\/?s={search_term_string}"},"query-input":"required name=search_term_string"}],"inLanguage":"es"},{"@type":"Person","@id":"https:\/\/laprensacristiana.com\/#\/schema\/person\/3e7d82c6bfd6b1fa67010f8f7cd5256e","name":"EDITOR","image":{"@type":"ImageObject","inLanguage":"es","@id":"https:\/\/laprensacristiana.com\/#\/schema\/person\/image\/","url":"https:\/\/secure.gravatar.com\/avatar\/72069dfb6c13772d9e8381e3638666d2?s=96&d=mm&r=g","contentUrl":"https:\/\/secure.gravatar.com\/avatar\/72069dfb6c13772d9e8381e3638666d2?s=96&d=mm&r=g","caption":"EDITOR"},"url":"https:\/\/laprensacristiana.com\/?author=3"}]}},"_links":{"self":[{"href":"https:\/\/laprensacristiana.com\/index.php?rest_route=\/wp\/v2\/posts\/3690"}],"collection":[{"href":"https:\/\/laprensacristiana.com\/index.php?rest_route=\/wp\/v2\/posts"}],"about":[{"href":"https:\/\/laprensacristiana.com\/index.php?rest_route=\/wp\/v2\/types\/post"}],"author":[{"embeddable":true,"href":"https:\/\/laprensacristiana.com\/index.php?rest_route=\/wp\/v2\/users\/3"}],"replies":[{"embeddable":true,"href":"https:\/\/laprensacristiana.com\/index.php?rest_route=%2Fwp%2Fv2%2Fcomments&post=3690"}],"version-history":[{"count":1,"href":"https:\/\/laprensacristiana.com\/index.php?rest_route=\/wp\/v2\/posts\/3690\/revisions"}],"predecessor-version":[{"id":3692,"href":"https:\/\/laprensacristiana.com\/index.php?rest_route=\/wp\/v2\/posts\/3690\/revisions\/3692"}],"wp:featuredmedia":[{"embeddable":true,"href":"https:\/\/laprensacristiana.com\/index.php?rest_route=\/wp\/v2\/media\/3691"}],"wp:attachment":[{"href":"https:\/\/laprensacristiana.com\/index.php?rest_route=%2Fwp%2Fv2%2Fmedia&parent=3690"}],"wp:term":[{"taxonomy":"category","embeddable":true,"href":"https:\/\/laprensacristiana.com\/index.php?rest_route=%2Fwp%2Fv2%2Fcategories&post=3690"},{"taxonomy":"post_tag","embeddable":true,"href":"https:\/\/laprensacristiana.com\/index.php?rest_route=%2Fwp%2Fv2%2Ftags&post=3690"}],"curies":[{"name":"wp","href":"https:\/\/api.w.org\/{rel}","templated":true}]}}