{"id":3693,"date":"2018-04-11T01:42:08","date_gmt":"2018-04-11T01:42:08","guid":{"rendered":"https:\/\/laprensacristiana.com\/?p=3693"},"modified":"2020-07-02T00:09:49","modified_gmt":"2020-07-02T00:09:49","slug":"dr-josue-anaya-su-vida-y-su-llamado","status":"publish","type":"post","link":"https:\/\/laprensacristiana.com\/?p=3693","title":{"rendered":"Dr. Josue Anaya, su vida y su llamado."},"content":{"rendered":"<p style=\"text-align: justify;\">Por: Erika Menjivar<\/p>\n<p style=\"text-align: justify;\">Me cri\u00e9 entre juguetes de medicina, siempre supe a lo que me quer\u00eda dedicar.<\/p>\n<p style=\"text-align: justify;\">Dr Jos\u00fae Anaya, nace un 14 de febrero de 1972, en San Salvador. Sus padres lo criaron bajo creencias religiosas, se congreg\u00f3 en la Iglesia Montecarmelo del Pastor Luis Ricardo Paname\u00f1o, de Las Asambleas de Dios, sus padres sufrieron pruebas grandes para continuar con la misi\u00f3n de evangelizar en aquel entonces.<\/p>\n<p style=\"text-align: justify;\">Desde su infancia se vio influido por su madre, quien lo motivaba desde muy corta edad a que en el futuro fuera un m\u00e9dico que se preocupara por la gente, que hiciera un cambio en el sector de la salud.\u00a0 Cuando lleg\u00f3 el momento de decidir qu\u00e9 estudiar, en noveno grado, cuando cursaba la materia de Vocaci\u00f3n Profesional, solo pens\u00f3 en ser doctor.<\/p>\n<p style=\"text-align: justify;\">Cuando cumpli\u00f3 sus 12 a\u00f1os de vida, \u00e9l junto a su familia se mudaron a la primera Colonia en Merliot, donde fundaron una iglesia. En su adolescencia se vio implicado en consumo de drogas lo que provoc\u00f3 el alejamiento de los caminos del evangelio, rara vez asist\u00eda a la iglesia por invitaci\u00f3n de sus padres.<\/p>\n<p style=\"text-align: justify;\">\u00a0\u201cCuando entr\u00e9 a la universidad no quise poner segunda, ni tercera opci\u00f3n, por m\u00e1s que me obligaran\u201d, Estudi\u00f3 su doctorado en la Universidad Nacional de El Salvador, posteriormente una maestr\u00eda en Salud P\u00fablica, imparti\u00f3 clases en la Universidad Jos\u00e9 Mat\u00edas Delgado.<\/p>\n<p style=\"text-align: justify;\">Pas\u00f3 alrededor de 6 a 8 a\u00f1os lejos del evangelio, cuando cursaba el sexto a\u00f1o en la universidad, le detectaron c\u00e1ncer, se pregunt\u00f3, qu\u00e9 estaba haciendo con su vida, lejos de Dios, en una vida desagradable ante sus ojos. Al ser diagnosticado tuvo que ser operado lo m\u00e1s pronto posible. El siguiente d\u00eda vuelve a la Iglesia arrepentido, \u201cfue ah\u00ed donde tome una fe tremenda, porque sab\u00eda que Dios me iba a sanar\u201d.<\/p>\n<p style=\"text-align: justify;\">Cuando lleg\u00f3 el momento de someterse a la cirug\u00eda, en la biopsia se enteraron que era c\u00e1ncer maligno, que ten\u00eda que someterse a un nuevo proceso quir\u00fargico. La decisi\u00f3n estaba tomada, d\u00edas antes de la operaci\u00f3n, Dios le habl\u00f3 a trav\u00e9s de unas hermanas de la iglesia \u201cDice el Se\u00f1or, que ahorita te va a sanar eso que tienes en la cara y dice que no te operes, que \u00e9l ya te san\u00f3\u201d fueron las palabras de Dios, mientras las manos de las hermanas estaban en su rostro. Fue as\u00ed como el c\u00e1ncer desapareci\u00f3 de su cuerpo.<\/p>\n<p style=\"text-align: justify;\">\u201cLuego de eso, continu\u00e9 estudiando pero ahora tomado de la mano de Dios, \u00e9l respald\u00f3 mi vida\u201d. Empez\u00f3 a servir en brigadas m\u00e9dicas del Tabern\u00e1culo B\u00edblico Bautista Amigos de Israel, luego se cas\u00f3, naci\u00f3 su primer hijo, nace con una enfermedad respiratoria que los doctores desconoc\u00edan, no fue hasta que un d\u00eda una hermana de la iglesia les invit\u00f3 a asistir a un viernes de milagro, en esa ocasi\u00f3n el Pastor Toby hablaba de la poca fe que a veces tenemos, en la oraci\u00f3n final,\u00a0 comenta que crey\u00f3 y efectivamente Dios san\u00f3 a su hijo.<\/p>\n<p style=\"text-align: justify;\">En su trayectoria profesional, fue director de la Unidad de Salud en San Juan Opico, tambi\u00e9n en San Vicente, ejerci\u00f3 en el Hospital San Rafael y Hospital de Santo Tom\u00e1s.\u00a0 Mientras que en el Hospital San Juan de Dios, en Santa Ana hizo pasant\u00edas durante 2 a\u00f1os, ha tenido la oportunidad de ejercer en varios lugares a trav\u00e9s del pa\u00eds, lo que le ayud\u00f3 a formarse profesionalmente.<\/p>\n<p style=\"text-align: justify;\">El nacimiento de su tercer beb\u00e9 implic\u00f3 nuevamente\u00a0 complicaciones de salud en su familia, hab\u00eda nacido con una malformaci\u00f3n,\u00a0 m\u00e1s de 33 especialistas tratando de sostener su vida, operaci\u00f3n tras operaci\u00f3n. No hab\u00eda diagn\u00f3stico, una extra\u00f1a enfermedad, el ni\u00f1o no ten\u00eda esperanza de vida. Luego de una oraci\u00f3n junto a su esposa la noche donde iba a ser desconectado de los aparatos que manten\u00edan con vida a su hijo, en esa noche Anaya junto a su esposa hizo un pacto con Dios, que si sanaba a su hijo \u00e9l se convertir\u00eda en instrumento de su obra, el siguiente d\u00eda, empez\u00f3 a respirar solo, sobrevivi\u00f3.<\/p>\n<p style=\"text-align: justify;\">Empezaron con una casa de oraci\u00f3n en su hogar, as\u00ed empez\u00f3 su vida pastoral, como una iglesia independiente desde el 2005 hasta convertirse en la Iglesia Rey David, fund\u00f3 un ministerio llamado \u201cLucas\u201d que es atenci\u00f3n a pastores\u00a0 y sus esposas, referente a la necesidad que existe de brindarles asistencia m\u00e9dica, con el cual ha atendido a m\u00e1s de 800 pastores a nivel nacional de diferentes denominaciones, alterno a ello fund\u00f3 la asociaci\u00f3n pastoral SANTO (Santa Tecla Organizada para Cristo) \u201cEmpezamos a visitar pastores, primero \u00e9ramos diez, luego \u00e9ramos 20, as\u00ed fue que nos \u00edbamos uniendo y comenzamos a hacer marchas, eventos en parques\u201d, Es como empezaron con la misi\u00f3n hasta llegar a reunir m\u00e1s de 30 mil personas por medio de una campa\u00f1a evangelistica.<\/p>\n<p style=\"text-align: justify;\">El Dr. Anaya junto a su familia reciben de Dios el llamado de expandir su ministerio hacia Estados Unidos, en la iglesia New Life oraban para que Dios enviar\u00e1 a la persona indicada para pastorear el \u00e1rea hispana de la congregaci\u00f3n, tambi\u00e9n iran a fundar una misi\u00f3n de pastores denominada: Sacramento para Cristo. Su nueva temporada hacia tierras norteamericanas inicia el 20 de abril del presente a\u00f1o.<\/p>\n<p style=\"text-align: justify;\">Si usted muriera hoy \u00bfc\u00f3mo le gustar\u00eda ser recordado?<\/p>\n<p style=\"text-align: justify;\"><strong>\u201cMe gustar\u00eda ser recordado como alguien que luch\u00f3 por la iglesia, que se desgast\u00f3, que invirti\u00f3 su tiempo, sus recursos en buscar la unidad del Cuerpo de Cristo. Si muriera hoy, morir\u00eda feliz\u201d.<\/strong><\/p>\n<p>&nbsp;<\/p>\n","protected":false},"excerpt":{"rendered":"<p>Por: Erika Menjivar Me cri\u00e9 entre juguetes de medicina, siempre supe a lo que me quer\u00eda dedicar. Dr Jos\u00fae Anaya, nace un 14 de febrero de 1972, en San Salvador. Sus padres lo criaron bajo creencias religiosas, se congreg\u00f3 en la Iglesia Montecarmelo del Pastor Luis Ricardo Paname\u00f1o, de Las Asambleas de Dios, sus padres [&hellip;]<\/p>\n","protected":false},"author":3,"featured_media":3694,"comment_status":"open","ping_status":"open","sticky":false,"template":"","format":"standard","meta":[],"categories":[103],"tags":[],"yoast_head":"<!-- This site is optimized with the Yoast SEO plugin v20.8 - https:\/\/yoast.com\/wordpress\/plugins\/seo\/ -->\n<title>Dr. Josue Anaya, su vida y su llamado. - La Prensa Cristiana<\/title>\n<meta name=\"robots\" content=\"index, follow, max-snippet:-1, max-image-preview:large, max-video-preview:-1\" \/>\n<link rel=\"canonical\" href=\"https:\/\/laprensacristiana.com\/?p=3693\" \/>\n<meta property=\"og:locale\" content=\"es_ES\" \/>\n<meta property=\"og:type\" content=\"article\" \/>\n<meta property=\"og:title\" content=\"Dr. Josue Anaya, su vida y su llamado. - La Prensa Cristiana\" \/>\n<meta property=\"og:description\" content=\"Por: Erika Menjivar Me cri\u00e9 entre juguetes de medicina, siempre supe a lo que me quer\u00eda dedicar. Dr Jos\u00fae Anaya, nace un 14 de febrero de 1972, en San Salvador. Sus padres lo criaron bajo creencias religiosas, se congreg\u00f3 en la Iglesia Montecarmelo del Pastor Luis Ricardo Paname\u00f1o, de Las Asambleas de Dios, sus padres [&hellip;]\" \/>\n<meta property=\"og:url\" content=\"https:\/\/laprensacristiana.com\/?p=3693\" \/>\n<meta property=\"og:site_name\" content=\"La Prensa Cristiana\" \/>\n<meta property=\"article:published_time\" content=\"2018-04-11T01:42:08+00:00\" \/>\n<meta property=\"article:modified_time\" content=\"2020-07-02T00:09:49+00:00\" \/>\n<meta property=\"og:image\" content=\"https:\/\/laprensacristiana.com\/wp-content\/uploads\/2018\/04\/JOSUE-ANAYA-web-scaled.jpg\" \/>\n\t<meta property=\"og:image:width\" content=\"2560\" \/>\n\t<meta property=\"og:image:height\" content=\"1439\" \/>\n\t<meta property=\"og:image:type\" content=\"image\/jpeg\" \/>\n<meta name=\"author\" content=\"EDITOR\" \/>\n<meta name=\"twitter:card\" content=\"summary_large_image\" \/>\n<meta name=\"twitter:label1\" content=\"Escrito por\" \/>\n\t<meta name=\"twitter:data1\" content=\"EDITOR\" \/>\n\t<meta name=\"twitter:label2\" content=\"Tiempo de lectura\" \/>\n\t<meta name=\"twitter:data2\" content=\"5 minutos\" \/>\n<script type=\"application\/ld+json\" class=\"yoast-schema-graph\">{\"@context\":\"https:\/\/schema.org\",\"@graph\":[{\"@type\":\"WebPage\",\"@id\":\"https:\/\/laprensacristiana.com\/?p=3693\",\"url\":\"https:\/\/laprensacristiana.com\/?p=3693\",\"name\":\"Dr. Josue Anaya, su vida y su llamado. - La Prensa Cristiana\",\"isPartOf\":{\"@id\":\"https:\/\/laprensacristiana.com\/#website\"},\"datePublished\":\"2018-04-11T01:42:08+00:00\",\"dateModified\":\"2020-07-02T00:09:49+00:00\",\"author\":{\"@id\":\"https:\/\/laprensacristiana.com\/#\/schema\/person\/3e7d82c6bfd6b1fa67010f8f7cd5256e\"},\"breadcrumb\":{\"@id\":\"https:\/\/laprensacristiana.com\/?p=3693#breadcrumb\"},\"inLanguage\":\"es\",\"potentialAction\":[{\"@type\":\"ReadAction\",\"target\":[\"https:\/\/laprensacristiana.com\/?p=3693\"]}]},{\"@type\":\"BreadcrumbList\",\"@id\":\"https:\/\/laprensacristiana.com\/?p=3693#breadcrumb\",\"itemListElement\":[{\"@type\":\"ListItem\",\"position\":1,\"name\":\"Portada\",\"item\":\"https:\/\/laprensacristiana.com\/\"},{\"@type\":\"ListItem\",\"position\":2,\"name\":\"Dr. Josue Anaya, su vida y su llamado.\"}]},{\"@type\":\"WebSite\",\"@id\":\"https:\/\/laprensacristiana.com\/#website\",\"url\":\"https:\/\/laprensacristiana.com\/\",\"name\":\"La Prensa Cristiana\",\"description\":\"Anunciando Las Buenas Nuevas\",\"potentialAction\":[{\"@type\":\"SearchAction\",\"target\":{\"@type\":\"EntryPoint\",\"urlTemplate\":\"https:\/\/laprensacristiana.com\/?s={search_term_string}\"},\"query-input\":\"required name=search_term_string\"}],\"inLanguage\":\"es\"},{\"@type\":\"Person\",\"@id\":\"https:\/\/laprensacristiana.com\/#\/schema\/person\/3e7d82c6bfd6b1fa67010f8f7cd5256e\",\"name\":\"EDITOR\",\"image\":{\"@type\":\"ImageObject\",\"inLanguage\":\"es\",\"@id\":\"https:\/\/laprensacristiana.com\/#\/schema\/person\/image\/\",\"url\":\"https:\/\/secure.gravatar.com\/avatar\/72069dfb6c13772d9e8381e3638666d2?s=96&d=mm&r=g\",\"contentUrl\":\"https:\/\/secure.gravatar.com\/avatar\/72069dfb6c13772d9e8381e3638666d2?s=96&d=mm&r=g\",\"caption\":\"EDITOR\"},\"url\":\"https:\/\/laprensacristiana.com\/?author=3\"}]}<\/script>\n<!-- \/ Yoast SEO plugin. -->","yoast_head_json":{"title":"Dr. Josue Anaya, su vida y su llamado. - La Prensa Cristiana","robots":{"index":"index","follow":"follow","max-snippet":"max-snippet:-1","max-image-preview":"max-image-preview:large","max-video-preview":"max-video-preview:-1"},"canonical":"https:\/\/laprensacristiana.com\/?p=3693","og_locale":"es_ES","og_type":"article","og_title":"Dr. Josue Anaya, su vida y su llamado. - La Prensa Cristiana","og_description":"Por: Erika Menjivar Me cri\u00e9 entre juguetes de medicina, siempre supe a lo que me quer\u00eda dedicar. Dr Jos\u00fae Anaya, nace un 14 de febrero de 1972, en San Salvador. Sus padres lo criaron bajo creencias religiosas, se congreg\u00f3 en la Iglesia Montecarmelo del Pastor Luis Ricardo Paname\u00f1o, de Las Asambleas de Dios, sus padres [&hellip;]","og_url":"https:\/\/laprensacristiana.com\/?p=3693","og_site_name":"La Prensa Cristiana","article_published_time":"2018-04-11T01:42:08+00:00","article_modified_time":"2020-07-02T00:09:49+00:00","og_image":[{"width":2560,"height":1439,"url":"https:\/\/laprensacristiana.com\/wp-content\/uploads\/2018\/04\/JOSUE-ANAYA-web-scaled.jpg","type":"image\/jpeg"}],"author":"EDITOR","twitter_card":"summary_large_image","twitter_misc":{"Escrito por":"EDITOR","Tiempo de lectura":"5 minutos"},"schema":{"@context":"https:\/\/schema.org","@graph":[{"@type":"WebPage","@id":"https:\/\/laprensacristiana.com\/?p=3693","url":"https:\/\/laprensacristiana.com\/?p=3693","name":"Dr. Josue Anaya, su vida y su llamado. - La Prensa Cristiana","isPartOf":{"@id":"https:\/\/laprensacristiana.com\/#website"},"datePublished":"2018-04-11T01:42:08+00:00","dateModified":"2020-07-02T00:09:49+00:00","author":{"@id":"https:\/\/laprensacristiana.com\/#\/schema\/person\/3e7d82c6bfd6b1fa67010f8f7cd5256e"},"breadcrumb":{"@id":"https:\/\/laprensacristiana.com\/?p=3693#breadcrumb"},"inLanguage":"es","potentialAction":[{"@type":"ReadAction","target":["https:\/\/laprensacristiana.com\/?p=3693"]}]},{"@type":"BreadcrumbList","@id":"https:\/\/laprensacristiana.com\/?p=3693#breadcrumb","itemListElement":[{"@type":"ListItem","position":1,"name":"Portada","item":"https:\/\/laprensacristiana.com\/"},{"@type":"ListItem","position":2,"name":"Dr. Josue Anaya, su vida y su llamado."}]},{"@type":"WebSite","@id":"https:\/\/laprensacristiana.com\/#website","url":"https:\/\/laprensacristiana.com\/","name":"La Prensa Cristiana","description":"Anunciando Las Buenas Nuevas","potentialAction":[{"@type":"SearchAction","target":{"@type":"EntryPoint","urlTemplate":"https:\/\/laprensacristiana.com\/?s={search_term_string}"},"query-input":"required name=search_term_string"}],"inLanguage":"es"},{"@type":"Person","@id":"https:\/\/laprensacristiana.com\/#\/schema\/person\/3e7d82c6bfd6b1fa67010f8f7cd5256e","name":"EDITOR","image":{"@type":"ImageObject","inLanguage":"es","@id":"https:\/\/laprensacristiana.com\/#\/schema\/person\/image\/","url":"https:\/\/secure.gravatar.com\/avatar\/72069dfb6c13772d9e8381e3638666d2?s=96&d=mm&r=g","contentUrl":"https:\/\/secure.gravatar.com\/avatar\/72069dfb6c13772d9e8381e3638666d2?s=96&d=mm&r=g","caption":"EDITOR"},"url":"https:\/\/laprensacristiana.com\/?author=3"}]}},"_links":{"self":[{"href":"https:\/\/laprensacristiana.com\/index.php?rest_route=\/wp\/v2\/posts\/3693"}],"collection":[{"href":"https:\/\/laprensacristiana.com\/index.php?rest_route=\/wp\/v2\/posts"}],"about":[{"href":"https:\/\/laprensacristiana.com\/index.php?rest_route=\/wp\/v2\/types\/post"}],"author":[{"embeddable":true,"href":"https:\/\/laprensacristiana.com\/index.php?rest_route=\/wp\/v2\/users\/3"}],"replies":[{"embeddable":true,"href":"https:\/\/laprensacristiana.com\/index.php?rest_route=%2Fwp%2Fv2%2Fcomments&post=3693"}],"version-history":[{"count":3,"href":"https:\/\/laprensacristiana.com\/index.php?rest_route=\/wp\/v2\/posts\/3693\/revisions"}],"predecessor-version":[{"id":3697,"href":"https:\/\/laprensacristiana.com\/index.php?rest_route=\/wp\/v2\/posts\/3693\/revisions\/3697"}],"wp:featuredmedia":[{"embeddable":true,"href":"https:\/\/laprensacristiana.com\/index.php?rest_route=\/wp\/v2\/media\/3694"}],"wp:attachment":[{"href":"https:\/\/laprensacristiana.com\/index.php?rest_route=%2Fwp%2Fv2%2Fmedia&parent=3693"}],"wp:term":[{"taxonomy":"category","embeddable":true,"href":"https:\/\/laprensacristiana.com\/index.php?rest_route=%2Fwp%2Fv2%2Fcategories&post=3693"},{"taxonomy":"post_tag","embeddable":true,"href":"https:\/\/laprensacristiana.com\/index.php?rest_route=%2Fwp%2Fv2%2Ftags&post=3693"}],"curies":[{"name":"wp","href":"https:\/\/api.w.org\/{rel}","templated":true}]}}