{"id":3698,"date":"2018-04-11T22:54:16","date_gmt":"2018-04-11T22:54:16","guid":{"rendered":"https:\/\/laprensacristiana.com\/?p=3698"},"modified":"2020-07-02T00:09:27","modified_gmt":"2020-07-02T00:09:27","slug":"tomando-la-nacion-por-amor-a-el-salvador-muy-pronto","status":"publish","type":"post","link":"https:\/\/laprensacristiana.com\/?p=3698","title":{"rendered":"Tomando Mi Naci\u00f3n, Unidos Con Amor Por El Salvador"},"content":{"rendered":"<p>&nbsp;<\/p>\n<p style=\"text-align: justify;\">Por: Erika Menjivar<\/p>\n<p style=\"text-align: justify;\">La ma\u00f1ana de este mi\u00e9rcoles 11 de abril, se llev\u00f3 a cabo la presentaci\u00f3n del Movimiento de oraci\u00f3n y unidad \u00abTomando Mi Naci\u00f3n\u00bb, organizada por diferentes iglesias evang\u00e9licas para clamar por las problem\u00e1ticas que afectan al pa\u00eds.<\/p>\n<p style=\"text-align: justify;\">\u201cSi vemos las sagradas escrituras, vamos a ver cuanto \u00e9xito y cuantas victorias se tuvieron a trav\u00e9s del ayuno y la oraci\u00f3n\u201d expresa el Dr. Mauricio Navas Guzm\u00e1n, Pastor de Iglesia Del Camino y representante en El Salvador del movimiento, comenta que todos estos hechos que se encuentran en la Biblia los motivan a realizar este evento que tendr\u00e1 como duraci\u00f3n los d\u00edas viernes 20, s\u00e1bado 21 y domingo 22 de abril del presente a\u00f1o. Con la participaci\u00f3n especial, de Marcos Vidal, Pedro Feliciano, Damaso Marte, Mauricio Navas y del Pastor, David Valle.<\/p>\n<p style=\"text-align: justify;\">El Pastor Joel Rodr\u00edguez ve la mano de Dios en todas las actividades que se realizan a nivel nacional en su nombre: \u201cEl Se\u00f1or est\u00e1 guardando nuestras iglesias, el Se\u00f1or est\u00e1 guardando a nuestros j\u00f3venes, \u00c9l est\u00e1 bendiciendo y cuidando los negocios de los hermanos. Hay dos noticias, la mala es la situaci\u00f3n en la que el pa\u00eds est\u00e1 y la buena es que nosotros como gente de fe estamos disfrutando las bendiciones del Se\u00f1or\u201d acot\u00f3. Comenta tambi\u00e9n, sentirse motivado a ser parte del evento Tomando mi Naci\u00f3n, porque las bendiciones de Dios son reales, que estar en constante ayuno y oraci\u00f3n ayuda a que la mano de \u00c9l guarde a quienes les claman con fe.<\/p>\n<p style=\"text-align: justify;\">Seg\u00fan comenta el pastor Navas, el evento se dividir\u00e1 en 3 d\u00edas, los cuales est\u00e1n organizados de la siguiente forma: d\u00eda viernes, ayuno, desde cualquier lugar donde se encuentren, que la iglesia se una en ayuno y oraci\u00f3n para pedirle a Dios la soluci\u00f3n a problemas en el pa\u00eds como la situaci\u00f3n econ\u00f3mica, la violencia y otros.<\/p>\n<p style=\"text-align: justify;\">El d\u00eda s\u00e1bado 21 de abril, est\u00e1 destinado a salir a las calles, tomando la naci\u00f3n, hablando de las buenas nuevas y desde las 2:00 de la tarde en adelante se desarrollar\u00e1 una concentraci\u00f3n de iglesias de diferentes denominaciones en el Centro Internacional de Ferias y Convenciones (CIFCO), en este evento\u00a0se contar\u00e1 con la participaci\u00f3n del cantante Marcos Vidal, predicaciones con\u00a0el evangelista\u00a0David Valle y el Dr. Mauricio Navas Guzm\u00e1n y testimoniales de los deportistas cristianos Pedro Feliciano y Damaso Marte.El d\u00eda domingo, el evento dar\u00e1 fin tomando cada iglesia unos minutos en los cultos de ese d\u00eda para que los pastores junto a sus congregaciones clamen a Dios con un mismo fin paz por el El Salvador.<\/p>\n<p style=\"text-align: justify;\">El llamado es a que todas las iglesias se unan en oraci\u00f3n por amor a El Salvador, que se han tomado ya varias medidas en tema de violencia y otros, pero que solo la misericordia de Dios podr\u00e1 dar una respuesta a todas estas problem\u00e1ticas. \u201cLa invitaci\u00f3n es a participar, habr\u00e1n quienes no nos podr\u00e1n acompa\u00f1ar en el anfiteatro el s\u00e1bado por la tarde, pero pueden participar con Tomando mi naci\u00f3n; ayunando, orando y todos con la misma intenci\u00f3n, es decir; pidiendo por la paz de nuestro pa\u00eds\u201d, mencion\u00f3 el Pastor Mauricio Navas.<\/p>\n<p>&nbsp;<\/p>\n","protected":false},"excerpt":{"rendered":"<p>&nbsp; Por: Erika Menjivar La ma\u00f1ana de este mi\u00e9rcoles 11 de abril, se llev\u00f3 a cabo la presentaci\u00f3n del Movimiento de oraci\u00f3n y unidad \u00abTomando Mi Naci\u00f3n\u00bb, organizada por diferentes iglesias evang\u00e9licas para clamar por las problem\u00e1ticas que afectan al pa\u00eds. \u201cSi vemos las sagradas escrituras, vamos a ver cuanto \u00e9xito y cuantas victorias se [&hellip;]<\/p>\n","protected":false},"author":3,"featured_media":3699,"comment_status":"open","ping_status":"open","sticky":false,"template":"","format":"standard","meta":[],"categories":[56],"tags":[],"yoast_head":"<!-- This site is optimized with the Yoast SEO plugin v20.8 - https:\/\/yoast.com\/wordpress\/plugins\/seo\/ -->\n<title>Tomando Mi Naci\u00f3n, Unidos Con Amor Por El Salvador - La Prensa Cristiana<\/title>\n<meta name=\"robots\" content=\"index, follow, max-snippet:-1, max-image-preview:large, max-video-preview:-1\" \/>\n<link rel=\"canonical\" href=\"https:\/\/laprensacristiana.com\/?p=3698\" \/>\n<meta property=\"og:locale\" content=\"es_ES\" \/>\n<meta property=\"og:type\" content=\"article\" \/>\n<meta property=\"og:title\" content=\"Tomando Mi Naci\u00f3n, Unidos Con Amor Por El Salvador - La Prensa Cristiana\" \/>\n<meta property=\"og:description\" content=\"&nbsp; Por: Erika Menjivar La ma\u00f1ana de este mi\u00e9rcoles 11 de abril, se llev\u00f3 a cabo la presentaci\u00f3n del Movimiento de oraci\u00f3n y unidad \u00abTomando Mi Naci\u00f3n\u00bb, organizada por diferentes iglesias evang\u00e9licas para clamar por las problem\u00e1ticas que afectan al pa\u00eds. \u201cSi vemos las sagradas escrituras, vamos a ver cuanto \u00e9xito y cuantas victorias se [&hellip;]\" \/>\n<meta property=\"og:url\" content=\"https:\/\/laprensacristiana.com\/?p=3698\" \/>\n<meta property=\"og:site_name\" content=\"La Prensa Cristiana\" \/>\n<meta property=\"article:published_time\" content=\"2018-04-11T22:54:16+00:00\" \/>\n<meta property=\"article:modified_time\" content=\"2020-07-02T00:09:27+00:00\" \/>\n<meta property=\"og:image\" content=\"https:\/\/laprensacristiana.com\/wp-content\/uploads\/2018\/04\/DSC_0398-scaled.jpg\" \/>\n\t<meta property=\"og:image:width\" content=\"2560\" \/>\n\t<meta property=\"og:image:height\" content=\"1536\" \/>\n\t<meta property=\"og:image:type\" content=\"image\/jpeg\" \/>\n<meta name=\"author\" content=\"EDITOR\" \/>\n<meta name=\"twitter:card\" content=\"summary_large_image\" \/>\n<meta name=\"twitter:label1\" content=\"Escrito por\" \/>\n\t<meta name=\"twitter:data1\" content=\"EDITOR\" \/>\n\t<meta name=\"twitter:label2\" content=\"Tiempo de lectura\" \/>\n\t<meta name=\"twitter:data2\" content=\"3 minutos\" \/>\n<script type=\"application\/ld+json\" class=\"yoast-schema-graph\">{\"@context\":\"https:\/\/schema.org\",\"@graph\":[{\"@type\":\"WebPage\",\"@id\":\"https:\/\/laprensacristiana.com\/?p=3698\",\"url\":\"https:\/\/laprensacristiana.com\/?p=3698\",\"name\":\"Tomando Mi Naci\u00f3n, Unidos Con Amor Por El Salvador - La Prensa Cristiana\",\"isPartOf\":{\"@id\":\"https:\/\/laprensacristiana.com\/#website\"},\"datePublished\":\"2018-04-11T22:54:16+00:00\",\"dateModified\":\"2020-07-02T00:09:27+00:00\",\"author\":{\"@id\":\"https:\/\/laprensacristiana.com\/#\/schema\/person\/3e7d82c6bfd6b1fa67010f8f7cd5256e\"},\"breadcrumb\":{\"@id\":\"https:\/\/laprensacristiana.com\/?p=3698#breadcrumb\"},\"inLanguage\":\"es\",\"potentialAction\":[{\"@type\":\"ReadAction\",\"target\":[\"https:\/\/laprensacristiana.com\/?p=3698\"]}]},{\"@type\":\"BreadcrumbList\",\"@id\":\"https:\/\/laprensacristiana.com\/?p=3698#breadcrumb\",\"itemListElement\":[{\"@type\":\"ListItem\",\"position\":1,\"name\":\"Portada\",\"item\":\"https:\/\/laprensacristiana.com\/\"},{\"@type\":\"ListItem\",\"position\":2,\"name\":\"Tomando Mi Naci\u00f3n, Unidos Con Amor Por El Salvador\"}]},{\"@type\":\"WebSite\",\"@id\":\"https:\/\/laprensacristiana.com\/#website\",\"url\":\"https:\/\/laprensacristiana.com\/\",\"name\":\"La Prensa Cristiana\",\"description\":\"Anunciando Las Buenas Nuevas\",\"potentialAction\":[{\"@type\":\"SearchAction\",\"target\":{\"@type\":\"EntryPoint\",\"urlTemplate\":\"https:\/\/laprensacristiana.com\/?s={search_term_string}\"},\"query-input\":\"required name=search_term_string\"}],\"inLanguage\":\"es\"},{\"@type\":\"Person\",\"@id\":\"https:\/\/laprensacristiana.com\/#\/schema\/person\/3e7d82c6bfd6b1fa67010f8f7cd5256e\",\"name\":\"EDITOR\",\"image\":{\"@type\":\"ImageObject\",\"inLanguage\":\"es\",\"@id\":\"https:\/\/laprensacristiana.com\/#\/schema\/person\/image\/\",\"url\":\"https:\/\/secure.gravatar.com\/avatar\/72069dfb6c13772d9e8381e3638666d2?s=96&d=mm&r=g\",\"contentUrl\":\"https:\/\/secure.gravatar.com\/avatar\/72069dfb6c13772d9e8381e3638666d2?s=96&d=mm&r=g\",\"caption\":\"EDITOR\"},\"url\":\"https:\/\/laprensacristiana.com\/?author=3\"}]}<\/script>\n<!-- \/ Yoast SEO plugin. -->","yoast_head_json":{"title":"Tomando Mi Naci\u00f3n, Unidos Con Amor Por El Salvador - La Prensa Cristiana","robots":{"index":"index","follow":"follow","max-snippet":"max-snippet:-1","max-image-preview":"max-image-preview:large","max-video-preview":"max-video-preview:-1"},"canonical":"https:\/\/laprensacristiana.com\/?p=3698","og_locale":"es_ES","og_type":"article","og_title":"Tomando Mi Naci\u00f3n, Unidos Con Amor Por El Salvador - La Prensa Cristiana","og_description":"&nbsp; Por: Erika Menjivar La ma\u00f1ana de este mi\u00e9rcoles 11 de abril, se llev\u00f3 a cabo la presentaci\u00f3n del Movimiento de oraci\u00f3n y unidad \u00abTomando Mi Naci\u00f3n\u00bb, organizada por diferentes iglesias evang\u00e9licas para clamar por las problem\u00e1ticas que afectan al pa\u00eds. \u201cSi vemos las sagradas escrituras, vamos a ver cuanto \u00e9xito y cuantas victorias se [&hellip;]","og_url":"https:\/\/laprensacristiana.com\/?p=3698","og_site_name":"La Prensa Cristiana","article_published_time":"2018-04-11T22:54:16+00:00","article_modified_time":"2020-07-02T00:09:27+00:00","og_image":[{"width":2560,"height":1536,"url":"https:\/\/laprensacristiana.com\/wp-content\/uploads\/2018\/04\/DSC_0398-scaled.jpg","type":"image\/jpeg"}],"author":"EDITOR","twitter_card":"summary_large_image","twitter_misc":{"Escrito por":"EDITOR","Tiempo de lectura":"3 minutos"},"schema":{"@context":"https:\/\/schema.org","@graph":[{"@type":"WebPage","@id":"https:\/\/laprensacristiana.com\/?p=3698","url":"https:\/\/laprensacristiana.com\/?p=3698","name":"Tomando Mi Naci\u00f3n, Unidos Con Amor Por El Salvador - La Prensa Cristiana","isPartOf":{"@id":"https:\/\/laprensacristiana.com\/#website"},"datePublished":"2018-04-11T22:54:16+00:00","dateModified":"2020-07-02T00:09:27+00:00","author":{"@id":"https:\/\/laprensacristiana.com\/#\/schema\/person\/3e7d82c6bfd6b1fa67010f8f7cd5256e"},"breadcrumb":{"@id":"https:\/\/laprensacristiana.com\/?p=3698#breadcrumb"},"inLanguage":"es","potentialAction":[{"@type":"ReadAction","target":["https:\/\/laprensacristiana.com\/?p=3698"]}]},{"@type":"BreadcrumbList","@id":"https:\/\/laprensacristiana.com\/?p=3698#breadcrumb","itemListElement":[{"@type":"ListItem","position":1,"name":"Portada","item":"https:\/\/laprensacristiana.com\/"},{"@type":"ListItem","position":2,"name":"Tomando Mi Naci\u00f3n, Unidos Con Amor Por El Salvador"}]},{"@type":"WebSite","@id":"https:\/\/laprensacristiana.com\/#website","url":"https:\/\/laprensacristiana.com\/","name":"La Prensa Cristiana","description":"Anunciando Las Buenas Nuevas","potentialAction":[{"@type":"SearchAction","target":{"@type":"EntryPoint","urlTemplate":"https:\/\/laprensacristiana.com\/?s={search_term_string}"},"query-input":"required name=search_term_string"}],"inLanguage":"es"},{"@type":"Person","@id":"https:\/\/laprensacristiana.com\/#\/schema\/person\/3e7d82c6bfd6b1fa67010f8f7cd5256e","name":"EDITOR","image":{"@type":"ImageObject","inLanguage":"es","@id":"https:\/\/laprensacristiana.com\/#\/schema\/person\/image\/","url":"https:\/\/secure.gravatar.com\/avatar\/72069dfb6c13772d9e8381e3638666d2?s=96&d=mm&r=g","contentUrl":"https:\/\/secure.gravatar.com\/avatar\/72069dfb6c13772d9e8381e3638666d2?s=96&d=mm&r=g","caption":"EDITOR"},"url":"https:\/\/laprensacristiana.com\/?author=3"}]}},"_links":{"self":[{"href":"https:\/\/laprensacristiana.com\/index.php?rest_route=\/wp\/v2\/posts\/3698"}],"collection":[{"href":"https:\/\/laprensacristiana.com\/index.php?rest_route=\/wp\/v2\/posts"}],"about":[{"href":"https:\/\/laprensacristiana.com\/index.php?rest_route=\/wp\/v2\/types\/post"}],"author":[{"embeddable":true,"href":"https:\/\/laprensacristiana.com\/index.php?rest_route=\/wp\/v2\/users\/3"}],"replies":[{"embeddable":true,"href":"https:\/\/laprensacristiana.com\/index.php?rest_route=%2Fwp%2Fv2%2Fcomments&post=3698"}],"version-history":[{"count":8,"href":"https:\/\/laprensacristiana.com\/index.php?rest_route=\/wp\/v2\/posts\/3698\/revisions"}],"predecessor-version":[{"id":3707,"href":"https:\/\/laprensacristiana.com\/index.php?rest_route=\/wp\/v2\/posts\/3698\/revisions\/3707"}],"wp:featuredmedia":[{"embeddable":true,"href":"https:\/\/laprensacristiana.com\/index.php?rest_route=\/wp\/v2\/media\/3699"}],"wp:attachment":[{"href":"https:\/\/laprensacristiana.com\/index.php?rest_route=%2Fwp%2Fv2%2Fmedia&parent=3698"}],"wp:term":[{"taxonomy":"category","embeddable":true,"href":"https:\/\/laprensacristiana.com\/index.php?rest_route=%2Fwp%2Fv2%2Fcategories&post=3698"},{"taxonomy":"post_tag","embeddable":true,"href":"https:\/\/laprensacristiana.com\/index.php?rest_route=%2Fwp%2Fv2%2Ftags&post=3698"}],"curies":[{"name":"wp","href":"https:\/\/api.w.org\/{rel}","templated":true}]}}