{"id":3708,"date":"2018-04-12T18:42:05","date_gmt":"2018-04-12T18:42:05","guid":{"rendered":"https:\/\/laprensacristiana.com\/?p=3708"},"modified":"2020-07-02T00:09:05","modified_gmt":"2020-07-02T00:09:05","slug":"inauguran-undecima-sucursal-de-variedades-genesis","status":"publish","type":"post","link":"https:\/\/laprensacristiana.com\/?p=3708","title":{"rendered":"Inauguran und\u00e9cima sucursal de Variedades G\u00e9nesis"},"content":{"rendered":"<p>En esta ocasi\u00f3n, Variedades G\u00e9nesis inaugura su nueva sucursal que se une a la cadena de establecimientos con los que cuentan a nivel nacional, est\u00e1 ubicada en el centro de San Salvador, sobre la Calle Arce, en el edificio Gamaliel. Y pone a disposici\u00f3n de sus clientes m\u00e1s de 50,000 productos.<\/p>\n<p>La inauguraci\u00f3n inici\u00f3 con un acci\u00f3n de gracias, el momento de reflexi\u00f3n estuvo dirigido por el Pastor Jorge Galindo, quien expres\u00f3 sentirse motivado a apoyar todas las actividades que genere bienestar para El Salvador.<\/p>\n<p>\u201cEsta es una fuente de empleo, es una manera de ver como muchas familias se ven abastecidas de los bienes necesarios por la fuente de empleo. Tambi\u00e9n por los productos que Variedades G\u00e9nesis comercializa muchas personas son beneficiadas\u201d expres\u00f3 el Pastor Galindo.<\/p>\n<p>\u201cLa intenci\u00f3n de seguir abriendo sucursales es cumplir la visi\u00f3n que Dios ha dado a nuestros accionistas, que es vestir y calzar a El Salvador por un bajo costo\u201d, mencion\u00f3 Jaime Alonso, Gerente de Variedades G\u00e9nesis.<\/p>\n<p>Comenta tambi\u00e9n, que la apertura de m\u00e1s sucursales brinda m\u00e1s plazas de trabajo como un aporte a la sociedad y a la situaci\u00f3n econ\u00f3mica del pa\u00eds. Son m\u00e1s de 50 personas quienes han sido contratadas para que esta sucursal cumpla sus funciones.<\/p>\n<p>Variedades G\u00e9nesis es distinguido por sus productos de calidad a precios accesibles y con sucursales ubicados en lugares estrat\u00e9gicos para que sus clientes les visiten con la mayor comodidad. Adem\u00e1s, esperan con la ayuda de Dios\u00a0poder expandirse a las cabeceras departamentales del pa\u00eds y a Centroam\u00e9rica para promover m\u00e1s empleos y beneficiar a m\u00e1s personas con los productos que distribuyen.<\/p>\n<p>Jaime Alonso, Gerente de Variedades G\u00e9nesis, finaliza haciendo la invitaci\u00f3n a todas las personas, a que se acerquen y visiten las instalaciones de la nueva sucursal en el centro de San Salvador, compuesta por una serie de departamentos donde siempre encuentras \u201cm\u00e1s de lo que te imaginas\u201d.<\/p>\n<p>&nbsp;<\/p>\n<p>&nbsp;<\/p>\n<p>&nbsp;<\/p>\n<p>&nbsp;<\/p>\n<p>&nbsp;<\/p>\n<p>&nbsp;<\/p>\n","protected":false},"excerpt":{"rendered":"<p>En esta ocasi\u00f3n, Variedades G\u00e9nesis inaugura su nueva sucursal que se une a la cadena de establecimientos con los que cuentan a nivel nacional, est\u00e1 ubicada en el centro de San Salvador, sobre la Calle Arce, en el edificio Gamaliel. Y pone a disposici\u00f3n de sus clientes m\u00e1s de 50,000 productos. La inauguraci\u00f3n inici\u00f3 con [&hellip;]<\/p>\n","protected":false},"author":3,"featured_media":3709,"comment_status":"open","ping_status":"open","sticky":false,"template":"","format":"standard","meta":[],"categories":[56],"tags":[],"yoast_head":"<!-- This site is optimized with the Yoast SEO plugin v20.8 - https:\/\/yoast.com\/wordpress\/plugins\/seo\/ -->\n<title>Inauguran und\u00e9cima sucursal de Variedades G\u00e9nesis - La Prensa Cristiana<\/title>\n<meta name=\"robots\" content=\"index, follow, max-snippet:-1, max-image-preview:large, max-video-preview:-1\" \/>\n<link rel=\"canonical\" href=\"https:\/\/laprensacristiana.com\/?p=3708\" \/>\n<meta property=\"og:locale\" content=\"es_ES\" \/>\n<meta property=\"og:type\" content=\"article\" \/>\n<meta property=\"og:title\" content=\"Inauguran und\u00e9cima sucursal de Variedades G\u00e9nesis - La Prensa Cristiana\" \/>\n<meta property=\"og:description\" content=\"En esta ocasi\u00f3n, Variedades G\u00e9nesis inaugura su nueva sucursal que se une a la cadena de establecimientos con los que cuentan a nivel nacional, est\u00e1 ubicada en el centro de San Salvador, sobre la Calle Arce, en el edificio Gamaliel. Y pone a disposici\u00f3n de sus clientes m\u00e1s de 50,000 productos. La inauguraci\u00f3n inici\u00f3 con [&hellip;]\" \/>\n<meta property=\"og:url\" content=\"https:\/\/laprensacristiana.com\/?p=3708\" \/>\n<meta property=\"og:site_name\" content=\"La Prensa Cristiana\" \/>\n<meta property=\"article:published_time\" content=\"2018-04-12T18:42:05+00:00\" \/>\n<meta property=\"article:modified_time\" content=\"2020-07-02T00:09:05+00:00\" \/>\n<meta property=\"og:image\" content=\"https:\/\/laprensacristiana.com\/wp-content\/uploads\/2018\/04\/DSC_0001-scaled.jpg\" \/>\n\t<meta property=\"og:image:width\" content=\"2560\" \/>\n\t<meta property=\"og:image:height\" content=\"1702\" \/>\n\t<meta property=\"og:image:type\" content=\"image\/jpeg\" \/>\n<meta name=\"author\" content=\"EDITOR\" \/>\n<meta name=\"twitter:card\" content=\"summary_large_image\" \/>\n<meta name=\"twitter:label1\" content=\"Escrito por\" \/>\n\t<meta name=\"twitter:data1\" content=\"EDITOR\" \/>\n\t<meta name=\"twitter:label2\" content=\"Tiempo de lectura\" \/>\n\t<meta name=\"twitter:data2\" content=\"2 minutos\" \/>\n<script type=\"application\/ld+json\" class=\"yoast-schema-graph\">{\"@context\":\"https:\/\/schema.org\",\"@graph\":[{\"@type\":\"WebPage\",\"@id\":\"https:\/\/laprensacristiana.com\/?p=3708\",\"url\":\"https:\/\/laprensacristiana.com\/?p=3708\",\"name\":\"Inauguran und\u00e9cima sucursal de Variedades G\u00e9nesis - La Prensa Cristiana\",\"isPartOf\":{\"@id\":\"https:\/\/laprensacristiana.com\/#website\"},\"datePublished\":\"2018-04-12T18:42:05+00:00\",\"dateModified\":\"2020-07-02T00:09:05+00:00\",\"author\":{\"@id\":\"https:\/\/laprensacristiana.com\/#\/schema\/person\/3e7d82c6bfd6b1fa67010f8f7cd5256e\"},\"breadcrumb\":{\"@id\":\"https:\/\/laprensacristiana.com\/?p=3708#breadcrumb\"},\"inLanguage\":\"es\",\"potentialAction\":[{\"@type\":\"ReadAction\",\"target\":[\"https:\/\/laprensacristiana.com\/?p=3708\"]}]},{\"@type\":\"BreadcrumbList\",\"@id\":\"https:\/\/laprensacristiana.com\/?p=3708#breadcrumb\",\"itemListElement\":[{\"@type\":\"ListItem\",\"position\":1,\"name\":\"Portada\",\"item\":\"https:\/\/laprensacristiana.com\/\"},{\"@type\":\"ListItem\",\"position\":2,\"name\":\"Inauguran und\u00e9cima sucursal de Variedades G\u00e9nesis\"}]},{\"@type\":\"WebSite\",\"@id\":\"https:\/\/laprensacristiana.com\/#website\",\"url\":\"https:\/\/laprensacristiana.com\/\",\"name\":\"La Prensa Cristiana\",\"description\":\"Anunciando Las Buenas Nuevas\",\"potentialAction\":[{\"@type\":\"SearchAction\",\"target\":{\"@type\":\"EntryPoint\",\"urlTemplate\":\"https:\/\/laprensacristiana.com\/?s={search_term_string}\"},\"query-input\":\"required name=search_term_string\"}],\"inLanguage\":\"es\"},{\"@type\":\"Person\",\"@id\":\"https:\/\/laprensacristiana.com\/#\/schema\/person\/3e7d82c6bfd6b1fa67010f8f7cd5256e\",\"name\":\"EDITOR\",\"image\":{\"@type\":\"ImageObject\",\"inLanguage\":\"es\",\"@id\":\"https:\/\/laprensacristiana.com\/#\/schema\/person\/image\/\",\"url\":\"https:\/\/secure.gravatar.com\/avatar\/72069dfb6c13772d9e8381e3638666d2?s=96&d=mm&r=g\",\"contentUrl\":\"https:\/\/secure.gravatar.com\/avatar\/72069dfb6c13772d9e8381e3638666d2?s=96&d=mm&r=g\",\"caption\":\"EDITOR\"},\"url\":\"https:\/\/laprensacristiana.com\/?author=3\"}]}<\/script>\n<!-- \/ Yoast SEO plugin. -->","yoast_head_json":{"title":"Inauguran und\u00e9cima sucursal de Variedades G\u00e9nesis - La Prensa Cristiana","robots":{"index":"index","follow":"follow","max-snippet":"max-snippet:-1","max-image-preview":"max-image-preview:large","max-video-preview":"max-video-preview:-1"},"canonical":"https:\/\/laprensacristiana.com\/?p=3708","og_locale":"es_ES","og_type":"article","og_title":"Inauguran und\u00e9cima sucursal de Variedades G\u00e9nesis - La Prensa Cristiana","og_description":"En esta ocasi\u00f3n, Variedades G\u00e9nesis inaugura su nueva sucursal que se une a la cadena de establecimientos con los que cuentan a nivel nacional, est\u00e1 ubicada en el centro de San Salvador, sobre la Calle Arce, en el edificio Gamaliel. Y pone a disposici\u00f3n de sus clientes m\u00e1s de 50,000 productos. La inauguraci\u00f3n inici\u00f3 con [&hellip;]","og_url":"https:\/\/laprensacristiana.com\/?p=3708","og_site_name":"La Prensa Cristiana","article_published_time":"2018-04-12T18:42:05+00:00","article_modified_time":"2020-07-02T00:09:05+00:00","og_image":[{"width":2560,"height":1702,"url":"https:\/\/laprensacristiana.com\/wp-content\/uploads\/2018\/04\/DSC_0001-scaled.jpg","type":"image\/jpeg"}],"author":"EDITOR","twitter_card":"summary_large_image","twitter_misc":{"Escrito por":"EDITOR","Tiempo de lectura":"2 minutos"},"schema":{"@context":"https:\/\/schema.org","@graph":[{"@type":"WebPage","@id":"https:\/\/laprensacristiana.com\/?p=3708","url":"https:\/\/laprensacristiana.com\/?p=3708","name":"Inauguran und\u00e9cima sucursal de Variedades G\u00e9nesis - La Prensa Cristiana","isPartOf":{"@id":"https:\/\/laprensacristiana.com\/#website"},"datePublished":"2018-04-12T18:42:05+00:00","dateModified":"2020-07-02T00:09:05+00:00","author":{"@id":"https:\/\/laprensacristiana.com\/#\/schema\/person\/3e7d82c6bfd6b1fa67010f8f7cd5256e"},"breadcrumb":{"@id":"https:\/\/laprensacristiana.com\/?p=3708#breadcrumb"},"inLanguage":"es","potentialAction":[{"@type":"ReadAction","target":["https:\/\/laprensacristiana.com\/?p=3708"]}]},{"@type":"BreadcrumbList","@id":"https:\/\/laprensacristiana.com\/?p=3708#breadcrumb","itemListElement":[{"@type":"ListItem","position":1,"name":"Portada","item":"https:\/\/laprensacristiana.com\/"},{"@type":"ListItem","position":2,"name":"Inauguran und\u00e9cima sucursal de Variedades G\u00e9nesis"}]},{"@type":"WebSite","@id":"https:\/\/laprensacristiana.com\/#website","url":"https:\/\/laprensacristiana.com\/","name":"La Prensa Cristiana","description":"Anunciando Las Buenas Nuevas","potentialAction":[{"@type":"SearchAction","target":{"@type":"EntryPoint","urlTemplate":"https:\/\/laprensacristiana.com\/?s={search_term_string}"},"query-input":"required name=search_term_string"}],"inLanguage":"es"},{"@type":"Person","@id":"https:\/\/laprensacristiana.com\/#\/schema\/person\/3e7d82c6bfd6b1fa67010f8f7cd5256e","name":"EDITOR","image":{"@type":"ImageObject","inLanguage":"es","@id":"https:\/\/laprensacristiana.com\/#\/schema\/person\/image\/","url":"https:\/\/secure.gravatar.com\/avatar\/72069dfb6c13772d9e8381e3638666d2?s=96&d=mm&r=g","contentUrl":"https:\/\/secure.gravatar.com\/avatar\/72069dfb6c13772d9e8381e3638666d2?s=96&d=mm&r=g","caption":"EDITOR"},"url":"https:\/\/laprensacristiana.com\/?author=3"}]}},"_links":{"self":[{"href":"https:\/\/laprensacristiana.com\/index.php?rest_route=\/wp\/v2\/posts\/3708"}],"collection":[{"href":"https:\/\/laprensacristiana.com\/index.php?rest_route=\/wp\/v2\/posts"}],"about":[{"href":"https:\/\/laprensacristiana.com\/index.php?rest_route=\/wp\/v2\/types\/post"}],"author":[{"embeddable":true,"href":"https:\/\/laprensacristiana.com\/index.php?rest_route=\/wp\/v2\/users\/3"}],"replies":[{"embeddable":true,"href":"https:\/\/laprensacristiana.com\/index.php?rest_route=%2Fwp%2Fv2%2Fcomments&post=3708"}],"version-history":[{"count":3,"href":"https:\/\/laprensacristiana.com\/index.php?rest_route=\/wp\/v2\/posts\/3708\/revisions"}],"predecessor-version":[{"id":3712,"href":"https:\/\/laprensacristiana.com\/index.php?rest_route=\/wp\/v2\/posts\/3708\/revisions\/3712"}],"wp:featuredmedia":[{"embeddable":true,"href":"https:\/\/laprensacristiana.com\/index.php?rest_route=\/wp\/v2\/media\/3709"}],"wp:attachment":[{"href":"https:\/\/laprensacristiana.com\/index.php?rest_route=%2Fwp%2Fv2%2Fmedia&parent=3708"}],"wp:term":[{"taxonomy":"category","embeddable":true,"href":"https:\/\/laprensacristiana.com\/index.php?rest_route=%2Fwp%2Fv2%2Fcategories&post=3708"},{"taxonomy":"post_tag","embeddable":true,"href":"https:\/\/laprensacristiana.com\/index.php?rest_route=%2Fwp%2Fv2%2Ftags&post=3708"}],"curies":[{"name":"wp","href":"https:\/\/api.w.org\/{rel}","templated":true}]}}