{"id":3733,"date":"2018-04-13T22:20:23","date_gmt":"2018-04-13T22:20:23","guid":{"rendered":"https:\/\/laprensacristiana.com\/?p=3733"},"modified":"2020-07-02T00:08:20","modified_gmt":"2020-07-02T00:08:20","slug":"seminario-con-la-tematica-trampas-del-tiempo","status":"publish","type":"post","link":"https:\/\/laprensacristiana.com\/?p=3733","title":{"rendered":"Seminario con la tem\u00e1tica \u201cTrampas del Tiempo\u201d"},"content":{"rendered":"<p>Impartido por el pastor y conferencista internacional, Rudis D\u00edaz, el seminario tiene como finalidad darles las herramientas a los participantes; empresarios, estudiantes l\u00edderes religiosos, pastores y altos ejecutivos, para evitar sentirse agobiados porque el tiempo no alcanza para las actividades del d\u00eda a d\u00eda.<\/p>\n<p>\u201cEste seminario est\u00e1 abierto para cualquier persona. Si usted trabaja en una gran empresa, tiene ocupaciones, usted necesita saber qu\u00e9 hacer con el tiempo\u201d, expresa el Pastor Rudis D\u00edaz.<\/p>\n<p>En esta actividad se desarrollar\u00e1n una serie de tem\u00e1ticas, las cuales son: identificar las trampas de tiempo, eliminaci\u00f3n de las trampas y que acciones realizar para no caer en esas trampas, con las que se espera responder las preguntas: \u00bfEst\u00e1s agobiado porque no te alcanza el tiempo?, \u00bfNo logras salir con todos tus compromisos? Y \u00bfNo sabes administrar tu tiempo?<\/p>\n<p>Seg\u00fan el conferencista, mucho se habla de administrar y saber organizar el tiempo, pero no siempre se muestra las trampas que el tiempo puede presentar para la vida de cualquier persona y m\u00e1s si esta tiene demasiadas ocupaciones. Considera adem\u00e1s, que este seminario es la oportunidad para tener m\u00e1s paz en la vida y hacer las actividades que correspondan con la atenci\u00f3n y dedicaci\u00f3n que ameritan, evitando sentirse agobiados por tantas cosas que hay que hacer.<\/p>\n<p>\u201cEl tiempo es solo uno, el tiempo ya lo tenemos, todos lo tenemos, el problema es que hemos ca\u00eddo en esas trampas del tiempo y como no las conocemos ni sentimos.\u201d Coment\u00f3 el Pastor y conferencista D\u00edaz.<\/p>\n<p>El seminario se llevar\u00e1 a cabo el d\u00eda jueves 26 de abril del presente a\u00f1o, en el Centro de Retiros (Km 30, Carretera Tur\u00edstica hacia El Boquer\u00f3n, Quezaltepeque), de 8:30 A.M. a 12:30 del medio d\u00eda, con un valor de $10, incluye almuerzo y materiales. Para mayor informaci\u00f3n comunicarse al n\u00famero 7742 \u2013 2076.<\/p>\n<p>&nbsp;<\/p>\n<p>&nbsp;<\/p>\n","protected":false},"excerpt":{"rendered":"<p>Impartido por el pastor y conferencista internacional, Rudis D\u00edaz, el seminario tiene como finalidad darles las herramientas a los participantes; empresarios, estudiantes l\u00edderes religiosos, pastores y altos ejecutivos, para evitar sentirse agobiados porque el tiempo no alcanza para las actividades del d\u00eda a d\u00eda. \u201cEste seminario est\u00e1 abierto para cualquier persona. Si usted trabaja en [&hellip;]<\/p>\n","protected":false},"author":3,"featured_media":3734,"comment_status":"open","ping_status":"open","sticky":false,"template":"","format":"standard","meta":[],"categories":[56],"tags":[],"yoast_head":"<!-- This site is optimized with the Yoast SEO plugin v20.8 - https:\/\/yoast.com\/wordpress\/plugins\/seo\/ -->\n<title>Seminario con la tem\u00e1tica \u201cTrampas del Tiempo\u201d - La Prensa Cristiana<\/title>\n<meta name=\"robots\" content=\"index, follow, max-snippet:-1, max-image-preview:large, max-video-preview:-1\" \/>\n<link rel=\"canonical\" href=\"https:\/\/laprensacristiana.com\/?p=3733\" \/>\n<meta property=\"og:locale\" content=\"es_ES\" \/>\n<meta property=\"og:type\" content=\"article\" \/>\n<meta property=\"og:title\" content=\"Seminario con la tem\u00e1tica \u201cTrampas del Tiempo\u201d - La Prensa Cristiana\" \/>\n<meta property=\"og:description\" content=\"Impartido por el pastor y conferencista internacional, Rudis D\u00edaz, el seminario tiene como finalidad darles las herramientas a los participantes; empresarios, estudiantes l\u00edderes religiosos, pastores y altos ejecutivos, para evitar sentirse agobiados porque el tiempo no alcanza para las actividades del d\u00eda a d\u00eda. \u201cEste seminario est\u00e1 abierto para cualquier persona. Si usted trabaja en [&hellip;]\" \/>\n<meta property=\"og:url\" content=\"https:\/\/laprensacristiana.com\/?p=3733\" \/>\n<meta property=\"og:site_name\" content=\"La Prensa Cristiana\" \/>\n<meta property=\"article:published_time\" content=\"2018-04-13T22:20:23+00:00\" \/>\n<meta property=\"article:modified_time\" content=\"2020-07-02T00:08:20+00:00\" \/>\n<meta property=\"og:image\" content=\"https:\/\/laprensacristiana.com\/wp-content\/uploads\/2018\/04\/seminario.jpg\" \/>\n\t<meta property=\"og:image:width\" content=\"960\" \/>\n\t<meta property=\"og:image:height\" content=\"720\" \/>\n\t<meta property=\"og:image:type\" content=\"image\/jpeg\" \/>\n<meta name=\"author\" content=\"EDITOR\" \/>\n<meta name=\"twitter:card\" content=\"summary_large_image\" \/>\n<meta name=\"twitter:label1\" content=\"Escrito por\" \/>\n\t<meta name=\"twitter:data1\" content=\"EDITOR\" \/>\n\t<meta name=\"twitter:label2\" content=\"Tiempo de lectura\" \/>\n\t<meta name=\"twitter:data2\" content=\"2 minutos\" \/>\n<script type=\"application\/ld+json\" class=\"yoast-schema-graph\">{\"@context\":\"https:\/\/schema.org\",\"@graph\":[{\"@type\":\"WebPage\",\"@id\":\"https:\/\/laprensacristiana.com\/?p=3733\",\"url\":\"https:\/\/laprensacristiana.com\/?p=3733\",\"name\":\"Seminario con la tem\u00e1tica \u201cTrampas del Tiempo\u201d - La Prensa Cristiana\",\"isPartOf\":{\"@id\":\"https:\/\/laprensacristiana.com\/#website\"},\"datePublished\":\"2018-04-13T22:20:23+00:00\",\"dateModified\":\"2020-07-02T00:08:20+00:00\",\"author\":{\"@id\":\"https:\/\/laprensacristiana.com\/#\/schema\/person\/3e7d82c6bfd6b1fa67010f8f7cd5256e\"},\"breadcrumb\":{\"@id\":\"https:\/\/laprensacristiana.com\/?p=3733#breadcrumb\"},\"inLanguage\":\"es\",\"potentialAction\":[{\"@type\":\"ReadAction\",\"target\":[\"https:\/\/laprensacristiana.com\/?p=3733\"]}]},{\"@type\":\"BreadcrumbList\",\"@id\":\"https:\/\/laprensacristiana.com\/?p=3733#breadcrumb\",\"itemListElement\":[{\"@type\":\"ListItem\",\"position\":1,\"name\":\"Portada\",\"item\":\"https:\/\/laprensacristiana.com\/\"},{\"@type\":\"ListItem\",\"position\":2,\"name\":\"Seminario con la tem\u00e1tica \u201cTrampas del Tiempo\u201d\"}]},{\"@type\":\"WebSite\",\"@id\":\"https:\/\/laprensacristiana.com\/#website\",\"url\":\"https:\/\/laprensacristiana.com\/\",\"name\":\"La Prensa Cristiana\",\"description\":\"Anunciando Las Buenas Nuevas\",\"potentialAction\":[{\"@type\":\"SearchAction\",\"target\":{\"@type\":\"EntryPoint\",\"urlTemplate\":\"https:\/\/laprensacristiana.com\/?s={search_term_string}\"},\"query-input\":\"required name=search_term_string\"}],\"inLanguage\":\"es\"},{\"@type\":\"Person\",\"@id\":\"https:\/\/laprensacristiana.com\/#\/schema\/person\/3e7d82c6bfd6b1fa67010f8f7cd5256e\",\"name\":\"EDITOR\",\"image\":{\"@type\":\"ImageObject\",\"inLanguage\":\"es\",\"@id\":\"https:\/\/laprensacristiana.com\/#\/schema\/person\/image\/\",\"url\":\"https:\/\/secure.gravatar.com\/avatar\/72069dfb6c13772d9e8381e3638666d2?s=96&d=mm&r=g\",\"contentUrl\":\"https:\/\/secure.gravatar.com\/avatar\/72069dfb6c13772d9e8381e3638666d2?s=96&d=mm&r=g\",\"caption\":\"EDITOR\"},\"url\":\"https:\/\/laprensacristiana.com\/?author=3\"}]}<\/script>\n<!-- \/ Yoast SEO plugin. -->","yoast_head_json":{"title":"Seminario con la tem\u00e1tica \u201cTrampas del Tiempo\u201d - La Prensa Cristiana","robots":{"index":"index","follow":"follow","max-snippet":"max-snippet:-1","max-image-preview":"max-image-preview:large","max-video-preview":"max-video-preview:-1"},"canonical":"https:\/\/laprensacristiana.com\/?p=3733","og_locale":"es_ES","og_type":"article","og_title":"Seminario con la tem\u00e1tica \u201cTrampas del Tiempo\u201d - La Prensa Cristiana","og_description":"Impartido por el pastor y conferencista internacional, Rudis D\u00edaz, el seminario tiene como finalidad darles las herramientas a los participantes; empresarios, estudiantes l\u00edderes religiosos, pastores y altos ejecutivos, para evitar sentirse agobiados porque el tiempo no alcanza para las actividades del d\u00eda a d\u00eda. \u201cEste seminario est\u00e1 abierto para cualquier persona. Si usted trabaja en [&hellip;]","og_url":"https:\/\/laprensacristiana.com\/?p=3733","og_site_name":"La Prensa Cristiana","article_published_time":"2018-04-13T22:20:23+00:00","article_modified_time":"2020-07-02T00:08:20+00:00","og_image":[{"width":960,"height":720,"url":"https:\/\/laprensacristiana.com\/wp-content\/uploads\/2018\/04\/seminario.jpg","type":"image\/jpeg"}],"author":"EDITOR","twitter_card":"summary_large_image","twitter_misc":{"Escrito por":"EDITOR","Tiempo de lectura":"2 minutos"},"schema":{"@context":"https:\/\/schema.org","@graph":[{"@type":"WebPage","@id":"https:\/\/laprensacristiana.com\/?p=3733","url":"https:\/\/laprensacristiana.com\/?p=3733","name":"Seminario con la tem\u00e1tica \u201cTrampas del Tiempo\u201d - La Prensa Cristiana","isPartOf":{"@id":"https:\/\/laprensacristiana.com\/#website"},"datePublished":"2018-04-13T22:20:23+00:00","dateModified":"2020-07-02T00:08:20+00:00","author":{"@id":"https:\/\/laprensacristiana.com\/#\/schema\/person\/3e7d82c6bfd6b1fa67010f8f7cd5256e"},"breadcrumb":{"@id":"https:\/\/laprensacristiana.com\/?p=3733#breadcrumb"},"inLanguage":"es","potentialAction":[{"@type":"ReadAction","target":["https:\/\/laprensacristiana.com\/?p=3733"]}]},{"@type":"BreadcrumbList","@id":"https:\/\/laprensacristiana.com\/?p=3733#breadcrumb","itemListElement":[{"@type":"ListItem","position":1,"name":"Portada","item":"https:\/\/laprensacristiana.com\/"},{"@type":"ListItem","position":2,"name":"Seminario con la tem\u00e1tica \u201cTrampas del Tiempo\u201d"}]},{"@type":"WebSite","@id":"https:\/\/laprensacristiana.com\/#website","url":"https:\/\/laprensacristiana.com\/","name":"La Prensa Cristiana","description":"Anunciando Las Buenas Nuevas","potentialAction":[{"@type":"SearchAction","target":{"@type":"EntryPoint","urlTemplate":"https:\/\/laprensacristiana.com\/?s={search_term_string}"},"query-input":"required name=search_term_string"}],"inLanguage":"es"},{"@type":"Person","@id":"https:\/\/laprensacristiana.com\/#\/schema\/person\/3e7d82c6bfd6b1fa67010f8f7cd5256e","name":"EDITOR","image":{"@type":"ImageObject","inLanguage":"es","@id":"https:\/\/laprensacristiana.com\/#\/schema\/person\/image\/","url":"https:\/\/secure.gravatar.com\/avatar\/72069dfb6c13772d9e8381e3638666d2?s=96&d=mm&r=g","contentUrl":"https:\/\/secure.gravatar.com\/avatar\/72069dfb6c13772d9e8381e3638666d2?s=96&d=mm&r=g","caption":"EDITOR"},"url":"https:\/\/laprensacristiana.com\/?author=3"}]}},"_links":{"self":[{"href":"https:\/\/laprensacristiana.com\/index.php?rest_route=\/wp\/v2\/posts\/3733"}],"collection":[{"href":"https:\/\/laprensacristiana.com\/index.php?rest_route=\/wp\/v2\/posts"}],"about":[{"href":"https:\/\/laprensacristiana.com\/index.php?rest_route=\/wp\/v2\/types\/post"}],"author":[{"embeddable":true,"href":"https:\/\/laprensacristiana.com\/index.php?rest_route=\/wp\/v2\/users\/3"}],"replies":[{"embeddable":true,"href":"https:\/\/laprensacristiana.com\/index.php?rest_route=%2Fwp%2Fv2%2Fcomments&post=3733"}],"version-history":[{"count":1,"href":"https:\/\/laprensacristiana.com\/index.php?rest_route=\/wp\/v2\/posts\/3733\/revisions"}],"predecessor-version":[{"id":3735,"href":"https:\/\/laprensacristiana.com\/index.php?rest_route=\/wp\/v2\/posts\/3733\/revisions\/3735"}],"wp:featuredmedia":[{"embeddable":true,"href":"https:\/\/laprensacristiana.com\/index.php?rest_route=\/wp\/v2\/media\/3734"}],"wp:attachment":[{"href":"https:\/\/laprensacristiana.com\/index.php?rest_route=%2Fwp%2Fv2%2Fmedia&parent=3733"}],"wp:term":[{"taxonomy":"category","embeddable":true,"href":"https:\/\/laprensacristiana.com\/index.php?rest_route=%2Fwp%2Fv2%2Fcategories&post=3733"},{"taxonomy":"post_tag","embeddable":true,"href":"https:\/\/laprensacristiana.com\/index.php?rest_route=%2Fwp%2Fv2%2Ftags&post=3733"}],"curies":[{"name":"wp","href":"https:\/\/api.w.org\/{rel}","templated":true}]}}