{"id":3755,"date":"2018-04-19T12:09:21","date_gmt":"2018-04-19T12:09:21","guid":{"rendered":"https:\/\/laprensacristiana.com\/?p=3755"},"modified":"2020-07-02T00:06:56","modified_gmt":"2020-07-02T00:06:56","slug":"mas-de-16-mil-firmas-en-contra-del-aborto-fueron-presentadas-por-pastores-de-iglesias-evangelicas","status":"publish","type":"post","link":"https:\/\/laprensacristiana.com\/?p=3755","title":{"rendered":"M\u00e1s de 16 mil firmas en contra del aborto fueron presentadas por pastores de Iglesias Evang\u00e9licas"},"content":{"rendered":"<p>&nbsp;<\/p>\n<p><strong>Por: Erika Menjivar<\/strong><\/p>\n<p>Con estas son m\u00e1s de 22 mil firmas recolectadas de personas que est\u00e1n en contra de legalizar el aborto en El Salvador.<\/p>\n<p>El mi\u00e9rcoles 18 de abril, fueron presentadas estas firmas en la Asamblea Legislativa de la Rep\u00fablica de El Salvador por pastores de diferentes iglesias evang\u00e9licas del pa\u00eds, con el fin de presentar la opini\u00f3n del pueblo con respecto al tema de la despenalizaci\u00f3n del aborto.<\/p>\n<p><img decoding=\"async\" loading=\"lazy\" class=\"alignnone size-full wp-image-3756\" src=\"https:\/\/laprensacristiana.com\/wp-content\/uploads\/2018\/04\/WhatsApp-Image-2018-04-18-at-3.25.02-PM.jpeg\" alt=\"WhatsApp Image 2018-04-18 at 3.25.02 PM\" width=\"768\" height=\"1024\" srcset=\"https:\/\/laprensacristiana.com\/wp-content\/uploads\/2018\/04\/WhatsApp-Image-2018-04-18-at-3.25.02-PM.jpeg 768w, https:\/\/laprensacristiana.com\/wp-content\/uploads\/2018\/04\/WhatsApp-Image-2018-04-18-at-3.25.02-PM-600x800.jpeg 600w, https:\/\/laprensacristiana.com\/wp-content\/uploads\/2018\/04\/WhatsApp-Image-2018-04-18-at-3.25.02-PM-225x300.jpeg 225w, https:\/\/laprensacristiana.com\/wp-content\/uploads\/2018\/04\/WhatsApp-Image-2018-04-18-at-3.25.02-PM-696x928.jpeg 696w, https:\/\/laprensacristiana.com\/wp-content\/uploads\/2018\/04\/WhatsApp-Image-2018-04-18-at-3.25.02-PM-315x420.jpeg 315w\" sizes=\"(max-width: 768px) 100vw, 768px\" \/><\/p>\n<p>La posici\u00f3n de los pastores con respecto al tema es clara, que no hay suficientes argumentos para que el aborto sea legalizado en el pa\u00eds y que un gran n\u00famero de personas dice estar a favor de la vida.<\/p>\n<p>\u201cEstamos contentos porque la presi\u00f3n que estamos ejerciendo es muy eficaz, porque los diputados responden a nuestras expectativas y las personas que est\u00e1n en contra no expresan mayor cosa\u201d, comenta Numa Rodezno, Pastor de Iglesia Comunidad Cristiana.<\/p>\n<p>Tambi\u00e9n, dicen sentirse positivos porque son m\u00e1s personas quienes est\u00e1n en contra de la despenalizaci\u00f3n del aborto y esto permite un mayor respaldo ante el \u00f3rgano legislativo al momento de la toma de decisi\u00f3n con respecto al caso que ser\u00e1 debatido en los pr\u00f3ximos meses dentro de la Asamblea Legislativa.<\/p>\n<p>La despenalizaci\u00f3n del aborto es tema de discusi\u00f3n actualmente dentro del parlamento legislativo, los representantes de la Iglesia Evang\u00e9lica esperan que se haga un juicio transparente por el gran n\u00famero de personas que est\u00e1n en contra y aseguran sentir la confianza en Dios para que cada vez sean m\u00e1s personas quienes se unan a la causa, en pro de la vida y que las autoridades correspondientes no aprueben una ley que ampare la muerte de m\u00e1s inocentes.<\/p>\n<p>&nbsp;<\/p>\n","protected":false},"excerpt":{"rendered":"<p>&nbsp; Por: Erika Menjivar Con estas son m\u00e1s de 22 mil firmas recolectadas de personas que est\u00e1n en contra de legalizar el aborto en El Salvador. El mi\u00e9rcoles 18 de abril, fueron presentadas estas firmas en la Asamblea Legislativa de la Rep\u00fablica de El Salvador por pastores de diferentes iglesias evang\u00e9licas del pa\u00eds, con el [&hellip;]<\/p>\n","protected":false},"author":3,"featured_media":3757,"comment_status":"open","ping_status":"open","sticky":false,"template":"","format":"standard","meta":[],"categories":[56],"tags":[],"yoast_head":"<!-- This site is optimized with the Yoast SEO plugin v20.8 - https:\/\/yoast.com\/wordpress\/plugins\/seo\/ -->\n<title>M\u00e1s de 16 mil firmas en contra del aborto fueron presentadas por pastores de Iglesias Evang\u00e9licas - La Prensa Cristiana<\/title>\n<meta name=\"robots\" content=\"index, follow, max-snippet:-1, max-image-preview:large, max-video-preview:-1\" \/>\n<link rel=\"canonical\" href=\"https:\/\/laprensacristiana.com\/?p=3755\" \/>\n<meta property=\"og:locale\" content=\"es_ES\" \/>\n<meta property=\"og:type\" content=\"article\" \/>\n<meta property=\"og:title\" content=\"M\u00e1s de 16 mil firmas en contra del aborto fueron presentadas por pastores de Iglesias Evang\u00e9licas - La Prensa Cristiana\" \/>\n<meta property=\"og:description\" content=\"&nbsp; Por: Erika Menjivar Con estas son m\u00e1s de 22 mil firmas recolectadas de personas que est\u00e1n en contra de legalizar el aborto en El Salvador. El mi\u00e9rcoles 18 de abril, fueron presentadas estas firmas en la Asamblea Legislativa de la Rep\u00fablica de El Salvador por pastores de diferentes iglesias evang\u00e9licas del pa\u00eds, con el [&hellip;]\" \/>\n<meta property=\"og:url\" content=\"https:\/\/laprensacristiana.com\/?p=3755\" \/>\n<meta property=\"og:site_name\" content=\"La Prensa Cristiana\" \/>\n<meta property=\"article:published_time\" content=\"2018-04-19T12:09:21+00:00\" \/>\n<meta property=\"article:modified_time\" content=\"2020-07-02T00:06:56+00:00\" \/>\n<meta property=\"og:image\" content=\"https:\/\/laprensacristiana.com\/wp-content\/uploads\/2018\/04\/WhatsApp-Image-2018-04-18-at-3.25.57-PM.jpeg\" \/>\n\t<meta property=\"og:image:width\" content=\"1024\" \/>\n\t<meta property=\"og:image:height\" content=\"576\" \/>\n\t<meta property=\"og:image:type\" content=\"image\/jpeg\" \/>\n<meta name=\"author\" content=\"EDITOR\" \/>\n<meta name=\"twitter:card\" content=\"summary_large_image\" \/>\n<meta name=\"twitter:label1\" content=\"Escrito por\" \/>\n\t<meta name=\"twitter:data1\" content=\"EDITOR\" \/>\n\t<meta name=\"twitter:label2\" content=\"Tiempo de lectura\" \/>\n\t<meta name=\"twitter:data2\" content=\"1 minuto\" \/>\n<script type=\"application\/ld+json\" class=\"yoast-schema-graph\">{\"@context\":\"https:\/\/schema.org\",\"@graph\":[{\"@type\":\"WebPage\",\"@id\":\"https:\/\/laprensacristiana.com\/?p=3755\",\"url\":\"https:\/\/laprensacristiana.com\/?p=3755\",\"name\":\"M\u00e1s de 16 mil firmas en contra del aborto fueron presentadas por pastores de Iglesias Evang\u00e9licas - La Prensa Cristiana\",\"isPartOf\":{\"@id\":\"https:\/\/laprensacristiana.com\/#website\"},\"datePublished\":\"2018-04-19T12:09:21+00:00\",\"dateModified\":\"2020-07-02T00:06:56+00:00\",\"author\":{\"@id\":\"https:\/\/laprensacristiana.com\/#\/schema\/person\/3e7d82c6bfd6b1fa67010f8f7cd5256e\"},\"breadcrumb\":{\"@id\":\"https:\/\/laprensacristiana.com\/?p=3755#breadcrumb\"},\"inLanguage\":\"es\",\"potentialAction\":[{\"@type\":\"ReadAction\",\"target\":[\"https:\/\/laprensacristiana.com\/?p=3755\"]}]},{\"@type\":\"BreadcrumbList\",\"@id\":\"https:\/\/laprensacristiana.com\/?p=3755#breadcrumb\",\"itemListElement\":[{\"@type\":\"ListItem\",\"position\":1,\"name\":\"Portada\",\"item\":\"https:\/\/laprensacristiana.com\/\"},{\"@type\":\"ListItem\",\"position\":2,\"name\":\"M\u00e1s de 16 mil firmas en contra del aborto fueron presentadas por pastores de Iglesias Evang\u00e9licas\"}]},{\"@type\":\"WebSite\",\"@id\":\"https:\/\/laprensacristiana.com\/#website\",\"url\":\"https:\/\/laprensacristiana.com\/\",\"name\":\"La Prensa Cristiana\",\"description\":\"Anunciando Las Buenas Nuevas\",\"potentialAction\":[{\"@type\":\"SearchAction\",\"target\":{\"@type\":\"EntryPoint\",\"urlTemplate\":\"https:\/\/laprensacristiana.com\/?s={search_term_string}\"},\"query-input\":\"required name=search_term_string\"}],\"inLanguage\":\"es\"},{\"@type\":\"Person\",\"@id\":\"https:\/\/laprensacristiana.com\/#\/schema\/person\/3e7d82c6bfd6b1fa67010f8f7cd5256e\",\"name\":\"EDITOR\",\"image\":{\"@type\":\"ImageObject\",\"inLanguage\":\"es\",\"@id\":\"https:\/\/laprensacristiana.com\/#\/schema\/person\/image\/\",\"url\":\"https:\/\/secure.gravatar.com\/avatar\/72069dfb6c13772d9e8381e3638666d2?s=96&d=mm&r=g\",\"contentUrl\":\"https:\/\/secure.gravatar.com\/avatar\/72069dfb6c13772d9e8381e3638666d2?s=96&d=mm&r=g\",\"caption\":\"EDITOR\"},\"url\":\"https:\/\/laprensacristiana.com\/?author=3\"}]}<\/script>\n<!-- \/ Yoast SEO plugin. -->","yoast_head_json":{"title":"M\u00e1s de 16 mil firmas en contra del aborto fueron presentadas por pastores de Iglesias Evang\u00e9licas - La Prensa Cristiana","robots":{"index":"index","follow":"follow","max-snippet":"max-snippet:-1","max-image-preview":"max-image-preview:large","max-video-preview":"max-video-preview:-1"},"canonical":"https:\/\/laprensacristiana.com\/?p=3755","og_locale":"es_ES","og_type":"article","og_title":"M\u00e1s de 16 mil firmas en contra del aborto fueron presentadas por pastores de Iglesias Evang\u00e9licas - La Prensa Cristiana","og_description":"&nbsp; Por: Erika Menjivar Con estas son m\u00e1s de 22 mil firmas recolectadas de personas que est\u00e1n en contra de legalizar el aborto en El Salvador. El mi\u00e9rcoles 18 de abril, fueron presentadas estas firmas en la Asamblea Legislativa de la Rep\u00fablica de El Salvador por pastores de diferentes iglesias evang\u00e9licas del pa\u00eds, con el [&hellip;]","og_url":"https:\/\/laprensacristiana.com\/?p=3755","og_site_name":"La Prensa Cristiana","article_published_time":"2018-04-19T12:09:21+00:00","article_modified_time":"2020-07-02T00:06:56+00:00","og_image":[{"width":1024,"height":576,"url":"https:\/\/laprensacristiana.com\/wp-content\/uploads\/2018\/04\/WhatsApp-Image-2018-04-18-at-3.25.57-PM.jpeg","type":"image\/jpeg"}],"author":"EDITOR","twitter_card":"summary_large_image","twitter_misc":{"Escrito por":"EDITOR","Tiempo de lectura":"1 minuto"},"schema":{"@context":"https:\/\/schema.org","@graph":[{"@type":"WebPage","@id":"https:\/\/laprensacristiana.com\/?p=3755","url":"https:\/\/laprensacristiana.com\/?p=3755","name":"M\u00e1s de 16 mil firmas en contra del aborto fueron presentadas por pastores de Iglesias Evang\u00e9licas - La Prensa Cristiana","isPartOf":{"@id":"https:\/\/laprensacristiana.com\/#website"},"datePublished":"2018-04-19T12:09:21+00:00","dateModified":"2020-07-02T00:06:56+00:00","author":{"@id":"https:\/\/laprensacristiana.com\/#\/schema\/person\/3e7d82c6bfd6b1fa67010f8f7cd5256e"},"breadcrumb":{"@id":"https:\/\/laprensacristiana.com\/?p=3755#breadcrumb"},"inLanguage":"es","potentialAction":[{"@type":"ReadAction","target":["https:\/\/laprensacristiana.com\/?p=3755"]}]},{"@type":"BreadcrumbList","@id":"https:\/\/laprensacristiana.com\/?p=3755#breadcrumb","itemListElement":[{"@type":"ListItem","position":1,"name":"Portada","item":"https:\/\/laprensacristiana.com\/"},{"@type":"ListItem","position":2,"name":"M\u00e1s de 16 mil firmas en contra del aborto fueron presentadas por pastores de Iglesias Evang\u00e9licas"}]},{"@type":"WebSite","@id":"https:\/\/laprensacristiana.com\/#website","url":"https:\/\/laprensacristiana.com\/","name":"La Prensa Cristiana","description":"Anunciando Las Buenas Nuevas","potentialAction":[{"@type":"SearchAction","target":{"@type":"EntryPoint","urlTemplate":"https:\/\/laprensacristiana.com\/?s={search_term_string}"},"query-input":"required name=search_term_string"}],"inLanguage":"es"},{"@type":"Person","@id":"https:\/\/laprensacristiana.com\/#\/schema\/person\/3e7d82c6bfd6b1fa67010f8f7cd5256e","name":"EDITOR","image":{"@type":"ImageObject","inLanguage":"es","@id":"https:\/\/laprensacristiana.com\/#\/schema\/person\/image\/","url":"https:\/\/secure.gravatar.com\/avatar\/72069dfb6c13772d9e8381e3638666d2?s=96&d=mm&r=g","contentUrl":"https:\/\/secure.gravatar.com\/avatar\/72069dfb6c13772d9e8381e3638666d2?s=96&d=mm&r=g","caption":"EDITOR"},"url":"https:\/\/laprensacristiana.com\/?author=3"}]}},"_links":{"self":[{"href":"https:\/\/laprensacristiana.com\/index.php?rest_route=\/wp\/v2\/posts\/3755"}],"collection":[{"href":"https:\/\/laprensacristiana.com\/index.php?rest_route=\/wp\/v2\/posts"}],"about":[{"href":"https:\/\/laprensacristiana.com\/index.php?rest_route=\/wp\/v2\/types\/post"}],"author":[{"embeddable":true,"href":"https:\/\/laprensacristiana.com\/index.php?rest_route=\/wp\/v2\/users\/3"}],"replies":[{"embeddable":true,"href":"https:\/\/laprensacristiana.com\/index.php?rest_route=%2Fwp%2Fv2%2Fcomments&post=3755"}],"version-history":[{"count":1,"href":"https:\/\/laprensacristiana.com\/index.php?rest_route=\/wp\/v2\/posts\/3755\/revisions"}],"predecessor-version":[{"id":3758,"href":"https:\/\/laprensacristiana.com\/index.php?rest_route=\/wp\/v2\/posts\/3755\/revisions\/3758"}],"wp:featuredmedia":[{"embeddable":true,"href":"https:\/\/laprensacristiana.com\/index.php?rest_route=\/wp\/v2\/media\/3757"}],"wp:attachment":[{"href":"https:\/\/laprensacristiana.com\/index.php?rest_route=%2Fwp%2Fv2%2Fmedia&parent=3755"}],"wp:term":[{"taxonomy":"category","embeddable":true,"href":"https:\/\/laprensacristiana.com\/index.php?rest_route=%2Fwp%2Fv2%2Fcategories&post=3755"},{"taxonomy":"post_tag","embeddable":true,"href":"https:\/\/laprensacristiana.com\/index.php?rest_route=%2Fwp%2Fv2%2Ftags&post=3755"}],"curies":[{"name":"wp","href":"https:\/\/api.w.org\/{rel}","templated":true}]}}