{"id":3762,"date":"2018-04-19T23:25:04","date_gmt":"2018-04-19T23:25:04","guid":{"rendered":"https:\/\/laprensacristiana.com\/?p=3762"},"modified":"2020-07-02T00:06:43","modified_gmt":"2020-07-02T00:06:43","slug":"el-salvador-es-uno-de-los-muchos-paises-que-realizan-el-dia-de-evangelismo-global-y-discipulado","status":"publish","type":"post","link":"https:\/\/laprensacristiana.com\/?p=3762","title":{"rendered":"El Salvador es uno de los muchos pa\u00edses que realizan el D\u00eda de Evangelismo Global y Discipulado"},"content":{"rendered":"<p>&nbsp;<\/p>\n<p><strong>Por: Erika Menjivar<\/strong><\/p>\n<p>La ma\u00f1ana de este jueves 19 de abril tuvo espacio una capacitaci\u00f3n del proyecto denominado \u201cD\u00eda de Evangelismo Global y Discipulado\u201d, impartido por Beat Baumann y Alfredo Vallellanes.<\/p>\n<p>\u201cSi Dios permite, vamos a continuar y movilizar m\u00e1s cristianos porque tenemos muchos ministerios alrededor del mundo con el mismo sue\u00f1o de alcanzar a todos los pa\u00edses con el evangelio, especialmente a los pa\u00edses musulmanes\u201d expres\u00f3 Beat Baumann, Presidente Internacional del D\u00eda de Evangelismo Global y Discipulado.<\/p>\n<p>En el marco del D\u00eda de Evangelismo Global y Discipulado, desarrollado en cientos de pa\u00edses a nivel mundial el \u00faltimo s\u00e1bado del mes de mayo de cada a\u00f1o. Beat Baumann y Alfredo Vallellanes visitaron a El Salvador para capacitar a l\u00edderes regiosos y a la iglesia en general para implementar los 3 pasos para un evangelismo individual, los cuales son:<\/p>\n<p>Paso 1: C\u00f3mo empezar una conversaci\u00f3n<\/p>\n<p>Paso 2: C\u00f3mo compartir el evangelio<\/p>\n<p>Paso 3: C\u00f3mo guiar una persona a Cristo<\/p>\n<p><img decoding=\"async\" loading=\"lazy\" class=\"alignnone size-full wp-image-3763\" src=\"https:\/\/laprensacristiana.com\/wp-content\/uploads\/2018\/04\/WhatsApp-Image-2018-04-19-at-5.01.31-PM.jpeg\" alt=\"\" width=\"1280\" height=\"960\" srcset=\"https:\/\/laprensacristiana.com\/wp-content\/uploads\/2018\/04\/WhatsApp-Image-2018-04-19-at-5.01.31-PM.jpeg 1280w, https:\/\/laprensacristiana.com\/wp-content\/uploads\/2018\/04\/WhatsApp-Image-2018-04-19-at-5.01.31-PM-600x450.jpeg 600w, https:\/\/laprensacristiana.com\/wp-content\/uploads\/2018\/04\/WhatsApp-Image-2018-04-19-at-5.01.31-PM-300x225.jpeg 300w, https:\/\/laprensacristiana.com\/wp-content\/uploads\/2018\/04\/WhatsApp-Image-2018-04-19-at-5.01.31-PM-768x576.jpeg 768w, https:\/\/laprensacristiana.com\/wp-content\/uploads\/2018\/04\/WhatsApp-Image-2018-04-19-at-5.01.31-PM-1024x768.jpeg 1024w, https:\/\/laprensacristiana.com\/wp-content\/uploads\/2018\/04\/WhatsApp-Image-2018-04-19-at-5.01.31-PM-80x60.jpeg 80w, https:\/\/laprensacristiana.com\/wp-content\/uploads\/2018\/04\/WhatsApp-Image-2018-04-19-at-5.01.31-PM-265x198.jpeg 265w, https:\/\/laprensacristiana.com\/wp-content\/uploads\/2018\/04\/WhatsApp-Image-2018-04-19-at-5.01.31-PM-696x522.jpeg 696w, https:\/\/laprensacristiana.com\/wp-content\/uploads\/2018\/04\/WhatsApp-Image-2018-04-19-at-5.01.31-PM-1068x801.jpeg 1068w, https:\/\/laprensacristiana.com\/wp-content\/uploads\/2018\/04\/WhatsApp-Image-2018-04-19-at-5.01.31-PM-560x420.jpeg 560w\" sizes=\"(max-width: 1280px) 100vw, 1280px\" \/><\/p>\n<p>La capacitaci\u00f3n se desarroll\u00f3 bajo din\u00e1micas para un mejor entendimiento de los pasos a seguir el D\u00eda de Evangelismo Global y Discipulado, experiencias vividas por pastores de diferentes iglesias evang\u00e9licas y an\u00e9cdotas que los expositores narraban del proyecto en diferentes pa\u00edses.<\/p>\n<p>Varios pastores de diferentes iglesias dieron su testimonio con respecto al D\u00eda del Evangelismo Global y el discipulado en sus iglesias, cuentan que al principio hace a\u00f1os, eran pocas las personas que se un\u00edan, pero que cada a\u00f1o se unen m\u00e1s a esta labor evangel\u00edstica.<\/p>\n<p>Son cientos los pa\u00edses que se han unido, algunos de estos son: Colombia, Espa\u00f1a, Cuba, M\u00e9xico, El Salvador y otros. Y quienes dirigen el proyecto esperan que cada vez m\u00e1s pa\u00edses adopten esta costumbre en sus iglesias.<\/p>\n<p>\u201cLa meta del D\u00eda de Evangelismo Global es liberar y motivar gente, pero tambi\u00e9n establecer un ritmo, una cultura de compartir el evangelio y hacer disc\u00edpulos\u201d dice el Director Internacional de este proyecto, Beat Baumann.<\/p>\n<p>&nbsp;<\/p>\n","protected":false},"excerpt":{"rendered":"<p>&nbsp; Por: Erika Menjivar La ma\u00f1ana de este jueves 19 de abril tuvo espacio una capacitaci\u00f3n del proyecto denominado \u201cD\u00eda de Evangelismo Global y Discipulado\u201d, impartido por Beat Baumann y Alfredo Vallellanes. \u201cSi Dios permite, vamos a continuar y movilizar m\u00e1s cristianos porque tenemos muchos ministerios alrededor del mundo con el mismo sue\u00f1o de alcanzar [&hellip;]<\/p>\n","protected":false},"author":3,"featured_media":3764,"comment_status":"open","ping_status":"open","sticky":false,"template":"","format":"standard","meta":[],"categories":[56],"tags":[],"yoast_head":"<!-- This site is optimized with the Yoast SEO plugin v20.8 - https:\/\/yoast.com\/wordpress\/plugins\/seo\/ -->\n<title>El Salvador es uno de los muchos pa\u00edses que realizan el D\u00eda de Evangelismo Global y Discipulado - La Prensa Cristiana<\/title>\n<meta name=\"robots\" content=\"index, follow, max-snippet:-1, max-image-preview:large, max-video-preview:-1\" \/>\n<link rel=\"canonical\" href=\"https:\/\/laprensacristiana.com\/?p=3762\" \/>\n<meta property=\"og:locale\" content=\"es_ES\" \/>\n<meta property=\"og:type\" content=\"article\" \/>\n<meta property=\"og:title\" content=\"El Salvador es uno de los muchos pa\u00edses que realizan el D\u00eda de Evangelismo Global y Discipulado - La Prensa Cristiana\" \/>\n<meta property=\"og:description\" content=\"&nbsp; Por: Erika Menjivar La ma\u00f1ana de este jueves 19 de abril tuvo espacio una capacitaci\u00f3n del proyecto denominado \u201cD\u00eda de Evangelismo Global y Discipulado\u201d, impartido por Beat Baumann y Alfredo Vallellanes. \u201cSi Dios permite, vamos a continuar y movilizar m\u00e1s cristianos porque tenemos muchos ministerios alrededor del mundo con el mismo sue\u00f1o de alcanzar [&hellip;]\" \/>\n<meta property=\"og:url\" content=\"https:\/\/laprensacristiana.com\/?p=3762\" \/>\n<meta property=\"og:site_name\" content=\"La Prensa Cristiana\" \/>\n<meta property=\"article:published_time\" content=\"2018-04-19T23:25:04+00:00\" \/>\n<meta property=\"article:modified_time\" content=\"2020-07-02T00:06:43+00:00\" \/>\n<meta property=\"og:image\" content=\"https:\/\/laprensacristiana.com\/wp-content\/uploads\/2018\/04\/WhatsApp-Image-2018-04-19-at-5.01.28-PM.jpeg\" \/>\n\t<meta property=\"og:image:width\" content=\"1280\" \/>\n\t<meta property=\"og:image:height\" content=\"960\" \/>\n\t<meta property=\"og:image:type\" content=\"image\/jpeg\" \/>\n<meta name=\"author\" content=\"EDITOR\" \/>\n<meta name=\"twitter:card\" content=\"summary_large_image\" \/>\n<meta name=\"twitter:label1\" content=\"Escrito por\" \/>\n\t<meta name=\"twitter:data1\" content=\"EDITOR\" \/>\n\t<meta name=\"twitter:label2\" content=\"Tiempo de lectura\" \/>\n\t<meta name=\"twitter:data2\" content=\"2 minutos\" \/>\n<script type=\"application\/ld+json\" class=\"yoast-schema-graph\">{\"@context\":\"https:\/\/schema.org\",\"@graph\":[{\"@type\":\"WebPage\",\"@id\":\"https:\/\/laprensacristiana.com\/?p=3762\",\"url\":\"https:\/\/laprensacristiana.com\/?p=3762\",\"name\":\"El Salvador es uno de los muchos pa\u00edses que realizan el D\u00eda de Evangelismo Global y Discipulado - La Prensa Cristiana\",\"isPartOf\":{\"@id\":\"https:\/\/laprensacristiana.com\/#website\"},\"datePublished\":\"2018-04-19T23:25:04+00:00\",\"dateModified\":\"2020-07-02T00:06:43+00:00\",\"author\":{\"@id\":\"https:\/\/laprensacristiana.com\/#\/schema\/person\/3e7d82c6bfd6b1fa67010f8f7cd5256e\"},\"breadcrumb\":{\"@id\":\"https:\/\/laprensacristiana.com\/?p=3762#breadcrumb\"},\"inLanguage\":\"es\",\"potentialAction\":[{\"@type\":\"ReadAction\",\"target\":[\"https:\/\/laprensacristiana.com\/?p=3762\"]}]},{\"@type\":\"BreadcrumbList\",\"@id\":\"https:\/\/laprensacristiana.com\/?p=3762#breadcrumb\",\"itemListElement\":[{\"@type\":\"ListItem\",\"position\":1,\"name\":\"Portada\",\"item\":\"https:\/\/laprensacristiana.com\/\"},{\"@type\":\"ListItem\",\"position\":2,\"name\":\"El Salvador es uno de los muchos pa\u00edses que realizan el D\u00eda de Evangelismo Global y Discipulado\"}]},{\"@type\":\"WebSite\",\"@id\":\"https:\/\/laprensacristiana.com\/#website\",\"url\":\"https:\/\/laprensacristiana.com\/\",\"name\":\"La Prensa Cristiana\",\"description\":\"Anunciando Las Buenas Nuevas\",\"potentialAction\":[{\"@type\":\"SearchAction\",\"target\":{\"@type\":\"EntryPoint\",\"urlTemplate\":\"https:\/\/laprensacristiana.com\/?s={search_term_string}\"},\"query-input\":\"required name=search_term_string\"}],\"inLanguage\":\"es\"},{\"@type\":\"Person\",\"@id\":\"https:\/\/laprensacristiana.com\/#\/schema\/person\/3e7d82c6bfd6b1fa67010f8f7cd5256e\",\"name\":\"EDITOR\",\"image\":{\"@type\":\"ImageObject\",\"inLanguage\":\"es\",\"@id\":\"https:\/\/laprensacristiana.com\/#\/schema\/person\/image\/\",\"url\":\"https:\/\/secure.gravatar.com\/avatar\/72069dfb6c13772d9e8381e3638666d2?s=96&d=mm&r=g\",\"contentUrl\":\"https:\/\/secure.gravatar.com\/avatar\/72069dfb6c13772d9e8381e3638666d2?s=96&d=mm&r=g\",\"caption\":\"EDITOR\"},\"url\":\"https:\/\/laprensacristiana.com\/?author=3\"}]}<\/script>\n<!-- \/ Yoast SEO plugin. -->","yoast_head_json":{"title":"El Salvador es uno de los muchos pa\u00edses que realizan el D\u00eda de Evangelismo Global y Discipulado - La Prensa Cristiana","robots":{"index":"index","follow":"follow","max-snippet":"max-snippet:-1","max-image-preview":"max-image-preview:large","max-video-preview":"max-video-preview:-1"},"canonical":"https:\/\/laprensacristiana.com\/?p=3762","og_locale":"es_ES","og_type":"article","og_title":"El Salvador es uno de los muchos pa\u00edses que realizan el D\u00eda de Evangelismo Global y Discipulado - La Prensa Cristiana","og_description":"&nbsp; Por: Erika Menjivar La ma\u00f1ana de este jueves 19 de abril tuvo espacio una capacitaci\u00f3n del proyecto denominado \u201cD\u00eda de Evangelismo Global y Discipulado\u201d, impartido por Beat Baumann y Alfredo Vallellanes. \u201cSi Dios permite, vamos a continuar y movilizar m\u00e1s cristianos porque tenemos muchos ministerios alrededor del mundo con el mismo sue\u00f1o de alcanzar [&hellip;]","og_url":"https:\/\/laprensacristiana.com\/?p=3762","og_site_name":"La Prensa Cristiana","article_published_time":"2018-04-19T23:25:04+00:00","article_modified_time":"2020-07-02T00:06:43+00:00","og_image":[{"width":1280,"height":960,"url":"https:\/\/laprensacristiana.com\/wp-content\/uploads\/2018\/04\/WhatsApp-Image-2018-04-19-at-5.01.28-PM.jpeg","type":"image\/jpeg"}],"author":"EDITOR","twitter_card":"summary_large_image","twitter_misc":{"Escrito por":"EDITOR","Tiempo de lectura":"2 minutos"},"schema":{"@context":"https:\/\/schema.org","@graph":[{"@type":"WebPage","@id":"https:\/\/laprensacristiana.com\/?p=3762","url":"https:\/\/laprensacristiana.com\/?p=3762","name":"El Salvador es uno de los muchos pa\u00edses que realizan el D\u00eda de Evangelismo Global y Discipulado - La Prensa Cristiana","isPartOf":{"@id":"https:\/\/laprensacristiana.com\/#website"},"datePublished":"2018-04-19T23:25:04+00:00","dateModified":"2020-07-02T00:06:43+00:00","author":{"@id":"https:\/\/laprensacristiana.com\/#\/schema\/person\/3e7d82c6bfd6b1fa67010f8f7cd5256e"},"breadcrumb":{"@id":"https:\/\/laprensacristiana.com\/?p=3762#breadcrumb"},"inLanguage":"es","potentialAction":[{"@type":"ReadAction","target":["https:\/\/laprensacristiana.com\/?p=3762"]}]},{"@type":"BreadcrumbList","@id":"https:\/\/laprensacristiana.com\/?p=3762#breadcrumb","itemListElement":[{"@type":"ListItem","position":1,"name":"Portada","item":"https:\/\/laprensacristiana.com\/"},{"@type":"ListItem","position":2,"name":"El Salvador es uno de los muchos pa\u00edses que realizan el D\u00eda de Evangelismo Global y Discipulado"}]},{"@type":"WebSite","@id":"https:\/\/laprensacristiana.com\/#website","url":"https:\/\/laprensacristiana.com\/","name":"La Prensa Cristiana","description":"Anunciando Las Buenas Nuevas","potentialAction":[{"@type":"SearchAction","target":{"@type":"EntryPoint","urlTemplate":"https:\/\/laprensacristiana.com\/?s={search_term_string}"},"query-input":"required name=search_term_string"}],"inLanguage":"es"},{"@type":"Person","@id":"https:\/\/laprensacristiana.com\/#\/schema\/person\/3e7d82c6bfd6b1fa67010f8f7cd5256e","name":"EDITOR","image":{"@type":"ImageObject","inLanguage":"es","@id":"https:\/\/laprensacristiana.com\/#\/schema\/person\/image\/","url":"https:\/\/secure.gravatar.com\/avatar\/72069dfb6c13772d9e8381e3638666d2?s=96&d=mm&r=g","contentUrl":"https:\/\/secure.gravatar.com\/avatar\/72069dfb6c13772d9e8381e3638666d2?s=96&d=mm&r=g","caption":"EDITOR"},"url":"https:\/\/laprensacristiana.com\/?author=3"}]}},"_links":{"self":[{"href":"https:\/\/laprensacristiana.com\/index.php?rest_route=\/wp\/v2\/posts\/3762"}],"collection":[{"href":"https:\/\/laprensacristiana.com\/index.php?rest_route=\/wp\/v2\/posts"}],"about":[{"href":"https:\/\/laprensacristiana.com\/index.php?rest_route=\/wp\/v2\/types\/post"}],"author":[{"embeddable":true,"href":"https:\/\/laprensacristiana.com\/index.php?rest_route=\/wp\/v2\/users\/3"}],"replies":[{"embeddable":true,"href":"https:\/\/laprensacristiana.com\/index.php?rest_route=%2Fwp%2Fv2%2Fcomments&post=3762"}],"version-history":[{"count":1,"href":"https:\/\/laprensacristiana.com\/index.php?rest_route=\/wp\/v2\/posts\/3762\/revisions"}],"predecessor-version":[{"id":3765,"href":"https:\/\/laprensacristiana.com\/index.php?rest_route=\/wp\/v2\/posts\/3762\/revisions\/3765"}],"wp:featuredmedia":[{"embeddable":true,"href":"https:\/\/laprensacristiana.com\/index.php?rest_route=\/wp\/v2\/media\/3764"}],"wp:attachment":[{"href":"https:\/\/laprensacristiana.com\/index.php?rest_route=%2Fwp%2Fv2%2Fmedia&parent=3762"}],"wp:term":[{"taxonomy":"category","embeddable":true,"href":"https:\/\/laprensacristiana.com\/index.php?rest_route=%2Fwp%2Fv2%2Fcategories&post=3762"},{"taxonomy":"post_tag","embeddable":true,"href":"https:\/\/laprensacristiana.com\/index.php?rest_route=%2Fwp%2Fv2%2Ftags&post=3762"}],"curies":[{"name":"wp","href":"https:\/\/api.w.org\/{rel}","templated":true}]}}