{"id":3766,"date":"2018-04-20T16:25:01","date_gmt":"2018-04-20T16:25:01","guid":{"rendered":"https:\/\/laprensacristiana.com\/?p=3766"},"modified":"2020-07-02T00:06:24","modified_gmt":"2020-07-02T00:06:24","slug":"dos-pastores-de-que-lado-estoy","status":"publish","type":"post","link":"https:\/\/laprensacristiana.com\/?p=3766","title":{"rendered":"Dos pastores, \u00bfDe qu\u00e9 lado estoy\u2026?"},"content":{"rendered":"<p>1 Salmo 9:3 \u201cY las asnas de Cis, padre de Sa\u00fal, se hab\u00edan perdido, por lo cual dijo Cis a su hijo Sa\u00fal: Toma ahora contigo uno de los criados, lev\u00e1ntate, y ve en busca de las asnas\u201d<\/p>\n<p>1 Salmo 16:11 \u201cY Samuel dijo a Isa\u00ed: \u00bfSon \u00e9estos todos tus hijos? Y \u00e9l respondi\u00f3: A\u00fan queda el menor, que est\u00e1 apacentando las ovejas.\u201d<\/p>\n<p>Muchas veces es dif\u00edcil discernir cuando cruzamos la l\u00ednea roja.\u00a0 Los pastores somos tentados a abusar de nuestra autoridad. Tanto en la Iglesia, el ministerio o en el hogar. Todo depende de c\u00f3mo fuimos ense\u00f1ados. O como fuimos formados.<\/p>\n<p>No es un secreto que todos hemos sido formados por alg\u00fan mentor. Alguien que ocup\u00f3 un lugar de autoridad en nuestros comienzos y no solo fuimos engendrados en Cristo sino tambi\u00e9n fuimos influenciados por sus estilos de ense\u00f1anza, predicaci\u00f3n o verborrea.<\/p>\n<p>Es por eso que los evang\u00e9licos no somos muy comprendidos. Por la diversidad de estilos, costumbres o formas de presentar el mensaje de Jesucristo.<\/p>\n<p>Y es que en la religi\u00f3n oficial todos hablan igual. Calladito. Con modales suaves. Quietos. Inm\u00f3viles y otras cosas. En cambio con nosotros los cristianos todos somos diferentes. Hacemos ademanes, nos movemos, nos re\u00edmos, algunos golpean el p\u00falpito, otros gritan, hacen gestos y hasta insultan.<\/p>\n<p>Eso es lo que hace que no nos comprendan.<\/p>\n<p>Pero hay otro motivo por el que no nos entienden y es la forma en que pastoreamos al reba\u00f1o del Se\u00f1or. Pero antes de seguir, tenemos que poner las cartas sobre la mesa y tener en cuenta que estamos hablando de las ovejas del Se\u00f1or. Son las que encarg\u00f3 a trav\u00e9s de Pedro que fueran pastoreadas. Jes\u00fas habl\u00f3 de ovejas, seres tiernos, necesitados de amor, cuidado, disciplina y sobre todo respeto.<\/p>\n<p>Pastorear ovejas no es f\u00e1cil. Todos los pastores lo saben. Requiere una buena dosis de paciencia, sabidur\u00eda y conocimiento de la personalidad para poder llevar un reba\u00f1o de corderos hasta convertirlos en ovejas. Eso es lo que el Se\u00f1or nos encarga.<\/p>\n<p>Pero el t\u00edtulo de mi escrito necesita una explicaci\u00f3n. \u00bfPor qu\u00e9 dos citas de dos reyes diferentes? \u00bfEn donde reside la diferencia entre estos dos pastores que llegaron a ser l\u00edderes del mismo pueblo?<\/p>\n<p>Los mismos textos lo explican: Sa\u00fal pastoreaba asnas. Burros pues. Animales de carga. Animales tercos que a veces solo a palos entienden. Aunque hay algunos que son muy inteligentes y mansos como el que utiliza Jes\u00fas en su entrada triunfal a Jerusal\u00e9n, la mayor\u00eda de las veces ser burro tiene sus connotaciones negativas.<\/p>\n<p>Y hay pastores al estilo de Sa\u00fal. Pastorean con palabras bruscas. A palos. Golpean el alma de los miembros que se sientan en sus congregaciones esperando un poco de b\u00e1lsamo en su mensaje pero solo reciben condenaci\u00f3n, golpes a su dignidad, palos a su autoestima. Insultos y hasta malas palabras. Como Sa\u00fal, esperan que se les rinda pleites\u00eda. Infunden miedo y no respeto. Gritan en vez de consolar. Asustan en lugar de confraternizar. Carecen de empat\u00eda. Se esconden en sus oficinas luego del mensaje y no se dejan ver por el reba\u00f1o que los espera al final del culto para una oraci\u00f3n.<\/p>\n<p>No pastorean ovejas sino asnas. Las convierten en animales de carga. Siempre les est\u00e1n poniendo pesos sobre sus hombros con su legal\u00edsmo. Con sus exigencias que ni ellos pueden cumplir. Son los \u00e9mulos de Sa\u00fal. Les gusta que tiemblen cuando llegan a \u201csu\u201d iglesia y exigen que les atiendan como si fuera su propio har\u00e9n. Adem\u00e1s de todo esto, no est\u00e1n solos. Se rodean de otros \u201csiervos\u201d que los ayuden a encontrar m\u00e1s asnas para aumentar su caudal\u2026<\/p>\n<p>Bueno, eso fue lo que le dijo al pueblo de Israel el profeta Samuel cuando pidieron rey\u2026 Y eso fue lo que hizo el hijo de Cis\u2026<\/p>\n<p>Lo doloroso de esto es saber que en la mayor\u00eda de los casos, estos pastores extienden su ministerio a su hogar. Entonces, ya nos podemos imaginar c\u00f3mo pastorean a su familia. Como deben sufrir su esposa y sus hijos con un pastor acostumbrado a poner apodos, nombres abusivos, exigir lo que no saben dar. Est\u00e1n tan acostumbrados a tratar como asnas al reba\u00f1o del Se\u00f1or que hacen lo mismo con su reba\u00f1o particular que es su familia. No es raro que muchos de esos hijos prefieran estar en la calle y no en la Iglesia.<\/p>\n<p>Pero hay otra clase de pastores. Y es el modelo de David. David es el paradigma que muchos otros buscan realizar. David no solo pastoreaba, tambi\u00e9n apacentaba. Y si mal no recuerdo, eso fue lo que Jes\u00fas le pidi\u00f3 a Pedro: \u201cApacienta\u2026\u201d\u00a0 Este verbo es la diferencia entre estos dos pastores. Uno cuidaba asnas. El otro apacentaba ovejas.<\/p>\n<p>Y todos sabemos el car\u00e1cter de David. Destilaba ternura, protecci\u00f3n, buscaba el mejor alimento para las ovejas que cuidaba, las defend\u00eda de los depredadores del campo, invert\u00eda tiempo y esfuerzo en que ninguna se le perdiera. Las conoc\u00eda por su nombre y no por su apodo. Usaba un lenguaje correcto. Y, como escribi\u00f3 en su salmo, ung\u00eda las cabezas de sus ovejas para que el aceite les protegiera de ara\u00f1as y par\u00e1sitos que da\u00f1aran sus ojos y narices.<\/p>\n<p>Tambi\u00e9n podemos ver a David pastoreando a sus hijos. \u00a1C\u00f3mo derram\u00f3 su coraz\u00f3n con la muerte de Absal\u00f3n a pesar de su traici\u00f3n! \u00a1C\u00f3mo llor\u00f3 con la muerte del mismo Sa\u00fal y su hijo Jonatan! Es cierto, fall\u00f3 en muchas otras cosas, pero podemos ver a este tierno pastor exigiendo a Palti que le devolviera a su esposa Mical que le hab\u00eda ayudado a huir de su padre Sa\u00fal. En David vemos detalles de ternura, respeto y reciprocidad hacia las personas que le fueron fieles adem\u00e1s de los que le fueron infieles.<\/p>\n<p>Dos hombres totalmente opuestos. Uno ant\u00edpoda del otro. Sa\u00fal pastoreaba con ayudantes. David pastoreaba con la compa\u00f1\u00eda de Dios y su lira. Solo \u00e9l y su lira con la que compon\u00eda sus cantos a Dios. Aprovechaba la quietud del prado para entonar sus eleg\u00edas al Creador que le daba la fuerza y sabidur\u00eda para cuidar las ovejas de Isa\u00ed.<\/p>\n<p>Dos pastores. Dos ejemplos. Dos realidades. Nos toca a nosotros saber de qu\u00e9 lado de la balanza queremos estar.<\/p>\n","protected":false},"excerpt":{"rendered":"<p>1 Salmo 9:3 \u201cY las asnas de Cis, padre de Sa\u00fal, se hab\u00edan perdido, por lo cual dijo Cis a su hijo Sa\u00fal: Toma ahora contigo uno de los criados, lev\u00e1ntate, y ve en busca de las asnas\u201d 1 Salmo 16:11 \u201cY Samuel dijo a Isa\u00ed: \u00bfSon \u00e9estos todos tus hijos? Y \u00e9l respondi\u00f3: A\u00fan [&hellip;]<\/p>\n","protected":false},"author":3,"featured_media":3469,"comment_status":"open","ping_status":"open","sticky":false,"template":"","format":"standard","meta":[],"categories":[36],"tags":[],"yoast_head":"<!-- This site is optimized with the Yoast SEO plugin v20.8 - https:\/\/yoast.com\/wordpress\/plugins\/seo\/ -->\n<title>Dos pastores, \u00bfDe qu\u00e9 lado estoy\u2026? - La Prensa Cristiana<\/title>\n<meta name=\"robots\" content=\"index, follow, max-snippet:-1, max-image-preview:large, max-video-preview:-1\" \/>\n<link rel=\"canonical\" href=\"https:\/\/laprensacristiana.com\/?p=3766\" \/>\n<meta property=\"og:locale\" content=\"es_ES\" \/>\n<meta property=\"og:type\" content=\"article\" \/>\n<meta property=\"og:title\" content=\"Dos pastores, \u00bfDe qu\u00e9 lado estoy\u2026? - La Prensa Cristiana\" \/>\n<meta property=\"og:description\" content=\"1 Salmo 9:3 \u201cY las asnas de Cis, padre de Sa\u00fal, se hab\u00edan perdido, por lo cual dijo Cis a su hijo Sa\u00fal: Toma ahora contigo uno de los criados, lev\u00e1ntate, y ve en busca de las asnas\u201d 1 Salmo 16:11 \u201cY Samuel dijo a Isa\u00ed: \u00bfSon \u00e9estos todos tus hijos? Y \u00e9l respondi\u00f3: A\u00fan [&hellip;]\" \/>\n<meta property=\"og:url\" content=\"https:\/\/laprensacristiana.com\/?p=3766\" \/>\n<meta property=\"og:site_name\" content=\"La Prensa Cristiana\" \/>\n<meta property=\"article:published_time\" content=\"2018-04-20T16:25:01+00:00\" \/>\n<meta property=\"article:modified_time\" content=\"2020-07-02T00:06:24+00:00\" \/>\n<meta property=\"og:image\" content=\"https:\/\/laprensacristiana.com\/wp-content\/uploads\/2018\/02\/2017-11-23-PHOTO-00003245-1.jpg\" \/>\n\t<meta property=\"og:image:width\" content=\"1280\" \/>\n\t<meta property=\"og:image:height\" content=\"714\" \/>\n\t<meta property=\"og:image:type\" content=\"image\/jpeg\" \/>\n<meta name=\"author\" content=\"EDITOR\" \/>\n<meta name=\"twitter:card\" content=\"summary_large_image\" \/>\n<meta name=\"twitter:label1\" content=\"Escrito por\" \/>\n\t<meta name=\"twitter:data1\" content=\"EDITOR\" \/>\n\t<meta name=\"twitter:label2\" content=\"Tiempo de lectura\" \/>\n\t<meta name=\"twitter:data2\" content=\"6 minutos\" \/>\n<script type=\"application\/ld+json\" class=\"yoast-schema-graph\">{\"@context\":\"https:\/\/schema.org\",\"@graph\":[{\"@type\":\"WebPage\",\"@id\":\"https:\/\/laprensacristiana.com\/?p=3766\",\"url\":\"https:\/\/laprensacristiana.com\/?p=3766\",\"name\":\"Dos pastores, \u00bfDe qu\u00e9 lado estoy\u2026? - La Prensa Cristiana\",\"isPartOf\":{\"@id\":\"https:\/\/laprensacristiana.com\/#website\"},\"datePublished\":\"2018-04-20T16:25:01+00:00\",\"dateModified\":\"2020-07-02T00:06:24+00:00\",\"author\":{\"@id\":\"https:\/\/laprensacristiana.com\/#\/schema\/person\/3e7d82c6bfd6b1fa67010f8f7cd5256e\"},\"breadcrumb\":{\"@id\":\"https:\/\/laprensacristiana.com\/?p=3766#breadcrumb\"},\"inLanguage\":\"es\",\"potentialAction\":[{\"@type\":\"ReadAction\",\"target\":[\"https:\/\/laprensacristiana.com\/?p=3766\"]}]},{\"@type\":\"BreadcrumbList\",\"@id\":\"https:\/\/laprensacristiana.com\/?p=3766#breadcrumb\",\"itemListElement\":[{\"@type\":\"ListItem\",\"position\":1,\"name\":\"Portada\",\"item\":\"https:\/\/laprensacristiana.com\/\"},{\"@type\":\"ListItem\",\"position\":2,\"name\":\"Dos pastores, \u00bfDe qu\u00e9 lado estoy\u2026?\"}]},{\"@type\":\"WebSite\",\"@id\":\"https:\/\/laprensacristiana.com\/#website\",\"url\":\"https:\/\/laprensacristiana.com\/\",\"name\":\"La Prensa Cristiana\",\"description\":\"Anunciando Las Buenas Nuevas\",\"potentialAction\":[{\"@type\":\"SearchAction\",\"target\":{\"@type\":\"EntryPoint\",\"urlTemplate\":\"https:\/\/laprensacristiana.com\/?s={search_term_string}\"},\"query-input\":\"required name=search_term_string\"}],\"inLanguage\":\"es\"},{\"@type\":\"Person\",\"@id\":\"https:\/\/laprensacristiana.com\/#\/schema\/person\/3e7d82c6bfd6b1fa67010f8f7cd5256e\",\"name\":\"EDITOR\",\"image\":{\"@type\":\"ImageObject\",\"inLanguage\":\"es\",\"@id\":\"https:\/\/laprensacristiana.com\/#\/schema\/person\/image\/\",\"url\":\"https:\/\/secure.gravatar.com\/avatar\/72069dfb6c13772d9e8381e3638666d2?s=96&d=mm&r=g\",\"contentUrl\":\"https:\/\/secure.gravatar.com\/avatar\/72069dfb6c13772d9e8381e3638666d2?s=96&d=mm&r=g\",\"caption\":\"EDITOR\"},\"url\":\"https:\/\/laprensacristiana.com\/?author=3\"}]}<\/script>\n<!-- \/ Yoast SEO plugin. -->","yoast_head_json":{"title":"Dos pastores, \u00bfDe qu\u00e9 lado estoy\u2026? - La Prensa Cristiana","robots":{"index":"index","follow":"follow","max-snippet":"max-snippet:-1","max-image-preview":"max-image-preview:large","max-video-preview":"max-video-preview:-1"},"canonical":"https:\/\/laprensacristiana.com\/?p=3766","og_locale":"es_ES","og_type":"article","og_title":"Dos pastores, \u00bfDe qu\u00e9 lado estoy\u2026? - La Prensa Cristiana","og_description":"1 Salmo 9:3 \u201cY las asnas de Cis, padre de Sa\u00fal, se hab\u00edan perdido, por lo cual dijo Cis a su hijo Sa\u00fal: Toma ahora contigo uno de los criados, lev\u00e1ntate, y ve en busca de las asnas\u201d 1 Salmo 16:11 \u201cY Samuel dijo a Isa\u00ed: \u00bfSon \u00e9estos todos tus hijos? Y \u00e9l respondi\u00f3: A\u00fan [&hellip;]","og_url":"https:\/\/laprensacristiana.com\/?p=3766","og_site_name":"La Prensa Cristiana","article_published_time":"2018-04-20T16:25:01+00:00","article_modified_time":"2020-07-02T00:06:24+00:00","og_image":[{"width":1280,"height":714,"url":"https:\/\/laprensacristiana.com\/wp-content\/uploads\/2018\/02\/2017-11-23-PHOTO-00003245-1.jpg","type":"image\/jpeg"}],"author":"EDITOR","twitter_card":"summary_large_image","twitter_misc":{"Escrito por":"EDITOR","Tiempo de lectura":"6 minutos"},"schema":{"@context":"https:\/\/schema.org","@graph":[{"@type":"WebPage","@id":"https:\/\/laprensacristiana.com\/?p=3766","url":"https:\/\/laprensacristiana.com\/?p=3766","name":"Dos pastores, \u00bfDe qu\u00e9 lado estoy\u2026? - La Prensa Cristiana","isPartOf":{"@id":"https:\/\/laprensacristiana.com\/#website"},"datePublished":"2018-04-20T16:25:01+00:00","dateModified":"2020-07-02T00:06:24+00:00","author":{"@id":"https:\/\/laprensacristiana.com\/#\/schema\/person\/3e7d82c6bfd6b1fa67010f8f7cd5256e"},"breadcrumb":{"@id":"https:\/\/laprensacristiana.com\/?p=3766#breadcrumb"},"inLanguage":"es","potentialAction":[{"@type":"ReadAction","target":["https:\/\/laprensacristiana.com\/?p=3766"]}]},{"@type":"BreadcrumbList","@id":"https:\/\/laprensacristiana.com\/?p=3766#breadcrumb","itemListElement":[{"@type":"ListItem","position":1,"name":"Portada","item":"https:\/\/laprensacristiana.com\/"},{"@type":"ListItem","position":2,"name":"Dos pastores, \u00bfDe qu\u00e9 lado estoy\u2026?"}]},{"@type":"WebSite","@id":"https:\/\/laprensacristiana.com\/#website","url":"https:\/\/laprensacristiana.com\/","name":"La Prensa Cristiana","description":"Anunciando Las Buenas Nuevas","potentialAction":[{"@type":"SearchAction","target":{"@type":"EntryPoint","urlTemplate":"https:\/\/laprensacristiana.com\/?s={search_term_string}"},"query-input":"required name=search_term_string"}],"inLanguage":"es"},{"@type":"Person","@id":"https:\/\/laprensacristiana.com\/#\/schema\/person\/3e7d82c6bfd6b1fa67010f8f7cd5256e","name":"EDITOR","image":{"@type":"ImageObject","inLanguage":"es","@id":"https:\/\/laprensacristiana.com\/#\/schema\/person\/image\/","url":"https:\/\/secure.gravatar.com\/avatar\/72069dfb6c13772d9e8381e3638666d2?s=96&d=mm&r=g","contentUrl":"https:\/\/secure.gravatar.com\/avatar\/72069dfb6c13772d9e8381e3638666d2?s=96&d=mm&r=g","caption":"EDITOR"},"url":"https:\/\/laprensacristiana.com\/?author=3"}]}},"_links":{"self":[{"href":"https:\/\/laprensacristiana.com\/index.php?rest_route=\/wp\/v2\/posts\/3766"}],"collection":[{"href":"https:\/\/laprensacristiana.com\/index.php?rest_route=\/wp\/v2\/posts"}],"about":[{"href":"https:\/\/laprensacristiana.com\/index.php?rest_route=\/wp\/v2\/types\/post"}],"author":[{"embeddable":true,"href":"https:\/\/laprensacristiana.com\/index.php?rest_route=\/wp\/v2\/users\/3"}],"replies":[{"embeddable":true,"href":"https:\/\/laprensacristiana.com\/index.php?rest_route=%2Fwp%2Fv2%2Fcomments&post=3766"}],"version-history":[{"count":1,"href":"https:\/\/laprensacristiana.com\/index.php?rest_route=\/wp\/v2\/posts\/3766\/revisions"}],"predecessor-version":[{"id":3767,"href":"https:\/\/laprensacristiana.com\/index.php?rest_route=\/wp\/v2\/posts\/3766\/revisions\/3767"}],"wp:featuredmedia":[{"embeddable":true,"href":"https:\/\/laprensacristiana.com\/index.php?rest_route=\/wp\/v2\/media\/3469"}],"wp:attachment":[{"href":"https:\/\/laprensacristiana.com\/index.php?rest_route=%2Fwp%2Fv2%2Fmedia&parent=3766"}],"wp:term":[{"taxonomy":"category","embeddable":true,"href":"https:\/\/laprensacristiana.com\/index.php?rest_route=%2Fwp%2Fv2%2Fcategories&post=3766"},{"taxonomy":"post_tag","embeddable":true,"href":"https:\/\/laprensacristiana.com\/index.php?rest_route=%2Fwp%2Fv2%2Ftags&post=3766"}],"curies":[{"name":"wp","href":"https:\/\/api.w.org\/{rel}","templated":true}]}}