{"id":3772,"date":"2018-04-23T00:06:35","date_gmt":"2018-04-23T00:06:35","guid":{"rendered":"https:\/\/laprensacristiana.com\/?p=3772"},"modified":"2020-07-02T00:06:16","modified_gmt":"2020-07-02T00:06:16","slug":"se-concluyen-los-3-dias-de-tomando-mi-nacion-por-amor-a-el-salvador","status":"publish","type":"post","link":"https:\/\/laprensacristiana.com\/?p=3772","title":{"rendered":"Se concluyen los 3 d\u00edas de Tomando Mi Naci\u00f3n, por amor a El Salvador"},"content":{"rendered":"<p>&nbsp;<\/p>\n<p>Por: Leonor Aquino<\/p>\n<p>El evento: Tomando mi Naci\u00f3n, finaliz\u00f3 este domingo 22 de abril junto con las diferentes iglesias evang\u00e9licas; se realiz\u00f3 con el objetivo de luchar por la paz, tranquilidad del pa\u00eds y que el avivamiento del Esp\u00edritu Santo pueda ser derramado, en constante oraci\u00f3n, ayuno, evangelizaci\u00f3n y clamor por paz en El Salvador.<\/p>\n<p>Fueron tres d\u00edas que se dividieron para que todas las personas creyentes y no creyentes se hicieran parte, la actividad se dividi\u00f3 de la siguiente manera: d\u00eda viernes 20, se destin\u00f3 a ayunar desde cualquier lugar donde se encuentren, que la iglesia se una en ayuno y oraci\u00f3n para pedirle a Dios la soluci\u00f3n a problemas en el pa\u00eds como la pobreza, la delincuencia y otros. El del d\u00eda s\u00e1bado 21, se destin\u00f3 a salir a las calles, tomando la naci\u00f3n por diferentes medios para que la palabra de Dios realmente quedara en el coraz\u00f3n de las personas. La tarde, el mismo d\u00eda se desarrollar\u00f3 una concentraci\u00f3n de iglesias de diferentes denominaciones en el Centro Internacional de Ferias y Convenciones (CIFCO), donde se busc\u00f3 pedir a Dios por todas las necesidades del pa\u00eds a trav\u00e9s de la oraci\u00f3n, en esta ocasi\u00f3n la predicaci\u00f3n estuvo \u00a0a cargo del Pastor invitado, David Valle, la alabanza por Marcos Vidal y testimoniales de los deportistas cristianos Pedro Feliciano y Damaso Marte. Finalmente el d\u00eda domingo 22, el evento se finaliz\u00f3 con la uni\u00f3n de las diferencias iglesias evang\u00e9licas que se sumaron a esta iniciativa, tomando unos minutos en los cultos de ese d\u00eda para que los pastores junto a sus congregaciones clamen a Dios por el mismo fin.<\/p>\n<p>A la actividad del d\u00eda s\u00e1bado 21 de abril, en CIFCO, se presentaron Roberto Flores Hidalgo viceministro de prevenci\u00f3n, Milton Salguero subcomisionado y presidente del ministerio cristiano policial, Fredeman Castaneda Inspector de la Delegaci\u00f3n de San Vicente, Mauricio Gutierrez del Consejo Nacional de Seguridad Ciudadana y Leonardo Bonilla diputado electo independiente.<\/p>\n<p><img decoding=\"async\" loading=\"lazy\" class=\"alignnone size-full wp-image-3775\" src=\"https:\/\/laprensacristiana.com\/wp-content\/uploads\/2018\/04\/11111.jpg\" alt=\"11111\" width=\"1280\" height=\"960\" srcset=\"https:\/\/laprensacristiana.com\/wp-content\/uploads\/2018\/04\/11111.jpg 1280w, https:\/\/laprensacristiana.com\/wp-content\/uploads\/2018\/04\/11111-600x450.jpg 600w, https:\/\/laprensacristiana.com\/wp-content\/uploads\/2018\/04\/11111-300x225.jpg 300w, https:\/\/laprensacristiana.com\/wp-content\/uploads\/2018\/04\/11111-768x576.jpg 768w, https:\/\/laprensacristiana.com\/wp-content\/uploads\/2018\/04\/11111-1024x768.jpg 1024w, https:\/\/laprensacristiana.com\/wp-content\/uploads\/2018\/04\/11111-80x60.jpg 80w, https:\/\/laprensacristiana.com\/wp-content\/uploads\/2018\/04\/11111-265x198.jpg 265w, https:\/\/laprensacristiana.com\/wp-content\/uploads\/2018\/04\/11111-696x522.jpg 696w, https:\/\/laprensacristiana.com\/wp-content\/uploads\/2018\/04\/11111-1068x801.jpg 1068w, https:\/\/laprensacristiana.com\/wp-content\/uploads\/2018\/04\/11111-560x420.jpg 560w\" sizes=\"(max-width: 1280px) 100vw, 1280px\" \/><\/p>\n<p>\u201cDios levantar\u00e1 reformadores para transmitir su pa\u00eds a todo el pa\u00eds, lo pudimos ver en esta actividad cuando vez a miles y miles de personas saliendo de sus casas, desafiando temperaturas y distancias, dispuestas a orar por una naci\u00f3n; es s\u00edmbolo de la seguridad que solo Dios puede traer un cambio\u201d, expres\u00f3 el pastor David Valle.<\/p>\n<p>David Valle junior, mencion\u00f3 que Dios ha superado todas las expectativas que ten\u00edan con respecto al evento, esto ya lo ten\u00edan previsto ya que ten\u00edan la confianza del respaldo de \u00e9l.<\/p>\n<p>Tambi\u00e9n dice que es importante proclamar la paz a trav\u00e9s de Dios y que este tipo de eventos permite el levantamiento de reformadores para dar la pauta de un antes y un despu\u00e9s de la realidad del pa\u00eds o de cualquier situaci\u00f3n por la que se le clame a Dios.<\/p>\n<p>Al consultarle al pastor Mauricio Navas cual ha sido el resultado de la actividad, expres\u00f3: \u201cEstamos sintiendo algo que posiblemente lo genera una circunstancia que se est\u00e1 dando en tomando mi naci\u00f3n este a\u00f1o, y que no lo hemos visto tan grande como en esta oportunidad; el que muchas personas de diferentes lugares est\u00e9n aqu\u00ed significa que algo grande est\u00e1 naciendo\u201d.<\/p>\n<p>\u201cPablo dijo est\u00e9n conscientes del tiempo en el que est\u00e1n viviendo y despierten del sue\u00f1o, al\u00e9jense de las tinieblas y v\u00edstanse de la armadura de Dios\u201d fue la cita que el pastor Carlos Navas refiri\u00f3 para aconsejar a toda la iglesia evang\u00e9lica a levantarse y cumplir con el llamado que Dios ha hecho para llevar su palabra a todos los rincones del pa\u00eds y as\u00ed, el avivamiento del Esp\u00edritu Santo pueda ser derramado en toda la naci\u00f3n.<\/p>\n<p><img decoding=\"async\" loading=\"lazy\" class=\"alignnone size-full wp-image-3776\" src=\"https:\/\/laprensacristiana.com\/wp-content\/uploads\/2018\/04\/WhatsApp-Image-2018-04-22-at-1.58.27-PM.jpeg\" alt=\"\" width=\"1280\" height=\"960\" srcset=\"https:\/\/laprensacristiana.com\/wp-content\/uploads\/2018\/04\/WhatsApp-Image-2018-04-22-at-1.58.27-PM.jpeg 1280w, https:\/\/laprensacristiana.com\/wp-content\/uploads\/2018\/04\/WhatsApp-Image-2018-04-22-at-1.58.27-PM-600x450.jpeg 600w, https:\/\/laprensacristiana.com\/wp-content\/uploads\/2018\/04\/WhatsApp-Image-2018-04-22-at-1.58.27-PM-300x225.jpeg 300w, https:\/\/laprensacristiana.com\/wp-content\/uploads\/2018\/04\/WhatsApp-Image-2018-04-22-at-1.58.27-PM-768x576.jpeg 768w, https:\/\/laprensacristiana.com\/wp-content\/uploads\/2018\/04\/WhatsApp-Image-2018-04-22-at-1.58.27-PM-1024x768.jpeg 1024w, https:\/\/laprensacristiana.com\/wp-content\/uploads\/2018\/04\/WhatsApp-Image-2018-04-22-at-1.58.27-PM-80x60.jpeg 80w, https:\/\/laprensacristiana.com\/wp-content\/uploads\/2018\/04\/WhatsApp-Image-2018-04-22-at-1.58.27-PM-265x198.jpeg 265w, https:\/\/laprensacristiana.com\/wp-content\/uploads\/2018\/04\/WhatsApp-Image-2018-04-22-at-1.58.27-PM-696x522.jpeg 696w, https:\/\/laprensacristiana.com\/wp-content\/uploads\/2018\/04\/WhatsApp-Image-2018-04-22-at-1.58.27-PM-1068x801.jpeg 1068w, https:\/\/laprensacristiana.com\/wp-content\/uploads\/2018\/04\/WhatsApp-Image-2018-04-22-at-1.58.27-PM-560x420.jpeg 560w\" sizes=\"(max-width: 1280px) 100vw, 1280px\" \/><\/p>\n<p>M\u00e1s de 3 mil iglesias alrededor del pa\u00eds estuvieron apoyando el desarrollo de la actividad desde sus cantones, colonias, barrios con evangelismo y diversos eventos, fue as\u00ed como el evangelio pudo llegar a muchas vidas y se pudo tomar la Naci\u00f3n por amor a El Salvador.<\/p>\n","protected":false},"excerpt":{"rendered":"<p>&nbsp; Por: Leonor Aquino El evento: Tomando mi Naci\u00f3n, finaliz\u00f3 este domingo 22 de abril junto con las diferentes iglesias evang\u00e9licas; se realiz\u00f3 con el objetivo de luchar por la paz, tranquilidad del pa\u00eds y que el avivamiento del Esp\u00edritu Santo pueda ser derramado, en constante oraci\u00f3n, ayuno, evangelizaci\u00f3n y clamor por paz en El [&hellip;]<\/p>\n","protected":false},"author":3,"featured_media":3774,"comment_status":"open","ping_status":"open","sticky":false,"template":"","format":"standard","meta":[],"categories":[56],"tags":[],"yoast_head":"<!-- This site is optimized with the Yoast SEO plugin v20.8 - https:\/\/yoast.com\/wordpress\/plugins\/seo\/ -->\n<title>Se concluyen los 3 d\u00edas de Tomando Mi Naci\u00f3n, por amor a El Salvador - La Prensa Cristiana<\/title>\n<meta name=\"robots\" content=\"index, follow, max-snippet:-1, max-image-preview:large, max-video-preview:-1\" \/>\n<link rel=\"canonical\" href=\"https:\/\/laprensacristiana.com\/?p=3772\" \/>\n<meta property=\"og:locale\" content=\"es_ES\" \/>\n<meta property=\"og:type\" content=\"article\" \/>\n<meta property=\"og:title\" content=\"Se concluyen los 3 d\u00edas de Tomando Mi Naci\u00f3n, por amor a El Salvador - La Prensa Cristiana\" \/>\n<meta property=\"og:description\" content=\"&nbsp; Por: Leonor Aquino El evento: Tomando mi Naci\u00f3n, finaliz\u00f3 este domingo 22 de abril junto con las diferentes iglesias evang\u00e9licas; se realiz\u00f3 con el objetivo de luchar por la paz, tranquilidad del pa\u00eds y que el avivamiento del Esp\u00edritu Santo pueda ser derramado, en constante oraci\u00f3n, ayuno, evangelizaci\u00f3n y clamor por paz en El [&hellip;]\" \/>\n<meta property=\"og:url\" content=\"https:\/\/laprensacristiana.com\/?p=3772\" \/>\n<meta property=\"og:site_name\" content=\"La Prensa Cristiana\" \/>\n<meta property=\"article:published_time\" content=\"2018-04-23T00:06:35+00:00\" \/>\n<meta property=\"article:modified_time\" content=\"2020-07-02T00:06:16+00:00\" \/>\n<meta property=\"og:image\" content=\"https:\/\/laprensacristiana.com\/wp-content\/uploads\/2018\/04\/ooooo.jpg\" \/>\n\t<meta property=\"og:image:width\" content=\"1172\" \/>\n\t<meta property=\"og:image:height\" content=\"702\" \/>\n\t<meta property=\"og:image:type\" content=\"image\/jpeg\" \/>\n<meta name=\"author\" content=\"EDITOR\" \/>\n<meta name=\"twitter:card\" content=\"summary_large_image\" \/>\n<meta name=\"twitter:label1\" content=\"Escrito por\" \/>\n\t<meta name=\"twitter:data1\" content=\"EDITOR\" \/>\n\t<meta name=\"twitter:label2\" content=\"Tiempo de lectura\" \/>\n\t<meta name=\"twitter:data2\" content=\"3 minutos\" \/>\n<script type=\"application\/ld+json\" class=\"yoast-schema-graph\">{\"@context\":\"https:\/\/schema.org\",\"@graph\":[{\"@type\":\"WebPage\",\"@id\":\"https:\/\/laprensacristiana.com\/?p=3772\",\"url\":\"https:\/\/laprensacristiana.com\/?p=3772\",\"name\":\"Se concluyen los 3 d\u00edas de Tomando Mi Naci\u00f3n, por amor a El Salvador - La Prensa Cristiana\",\"isPartOf\":{\"@id\":\"https:\/\/laprensacristiana.com\/#website\"},\"datePublished\":\"2018-04-23T00:06:35+00:00\",\"dateModified\":\"2020-07-02T00:06:16+00:00\",\"author\":{\"@id\":\"https:\/\/laprensacristiana.com\/#\/schema\/person\/3e7d82c6bfd6b1fa67010f8f7cd5256e\"},\"breadcrumb\":{\"@id\":\"https:\/\/laprensacristiana.com\/?p=3772#breadcrumb\"},\"inLanguage\":\"es\",\"potentialAction\":[{\"@type\":\"ReadAction\",\"target\":[\"https:\/\/laprensacristiana.com\/?p=3772\"]}]},{\"@type\":\"BreadcrumbList\",\"@id\":\"https:\/\/laprensacristiana.com\/?p=3772#breadcrumb\",\"itemListElement\":[{\"@type\":\"ListItem\",\"position\":1,\"name\":\"Portada\",\"item\":\"https:\/\/laprensacristiana.com\/\"},{\"@type\":\"ListItem\",\"position\":2,\"name\":\"Se concluyen los 3 d\u00edas de Tomando Mi Naci\u00f3n, por amor a El Salvador\"}]},{\"@type\":\"WebSite\",\"@id\":\"https:\/\/laprensacristiana.com\/#website\",\"url\":\"https:\/\/laprensacristiana.com\/\",\"name\":\"La Prensa Cristiana\",\"description\":\"Anunciando Las Buenas Nuevas\",\"potentialAction\":[{\"@type\":\"SearchAction\",\"target\":{\"@type\":\"EntryPoint\",\"urlTemplate\":\"https:\/\/laprensacristiana.com\/?s={search_term_string}\"},\"query-input\":\"required name=search_term_string\"}],\"inLanguage\":\"es\"},{\"@type\":\"Person\",\"@id\":\"https:\/\/laprensacristiana.com\/#\/schema\/person\/3e7d82c6bfd6b1fa67010f8f7cd5256e\",\"name\":\"EDITOR\",\"image\":{\"@type\":\"ImageObject\",\"inLanguage\":\"es\",\"@id\":\"https:\/\/laprensacristiana.com\/#\/schema\/person\/image\/\",\"url\":\"https:\/\/secure.gravatar.com\/avatar\/72069dfb6c13772d9e8381e3638666d2?s=96&d=mm&r=g\",\"contentUrl\":\"https:\/\/secure.gravatar.com\/avatar\/72069dfb6c13772d9e8381e3638666d2?s=96&d=mm&r=g\",\"caption\":\"EDITOR\"},\"url\":\"https:\/\/laprensacristiana.com\/?author=3\"}]}<\/script>\n<!-- \/ Yoast SEO plugin. -->","yoast_head_json":{"title":"Se concluyen los 3 d\u00edas de Tomando Mi Naci\u00f3n, por amor a El Salvador - La Prensa Cristiana","robots":{"index":"index","follow":"follow","max-snippet":"max-snippet:-1","max-image-preview":"max-image-preview:large","max-video-preview":"max-video-preview:-1"},"canonical":"https:\/\/laprensacristiana.com\/?p=3772","og_locale":"es_ES","og_type":"article","og_title":"Se concluyen los 3 d\u00edas de Tomando Mi Naci\u00f3n, por amor a El Salvador - La Prensa Cristiana","og_description":"&nbsp; Por: Leonor Aquino El evento: Tomando mi Naci\u00f3n, finaliz\u00f3 este domingo 22 de abril junto con las diferentes iglesias evang\u00e9licas; se realiz\u00f3 con el objetivo de luchar por la paz, tranquilidad del pa\u00eds y que el avivamiento del Esp\u00edritu Santo pueda ser derramado, en constante oraci\u00f3n, ayuno, evangelizaci\u00f3n y clamor por paz en El [&hellip;]","og_url":"https:\/\/laprensacristiana.com\/?p=3772","og_site_name":"La Prensa Cristiana","article_published_time":"2018-04-23T00:06:35+00:00","article_modified_time":"2020-07-02T00:06:16+00:00","og_image":[{"width":1172,"height":702,"url":"https:\/\/laprensacristiana.com\/wp-content\/uploads\/2018\/04\/ooooo.jpg","type":"image\/jpeg"}],"author":"EDITOR","twitter_card":"summary_large_image","twitter_misc":{"Escrito por":"EDITOR","Tiempo de lectura":"3 minutos"},"schema":{"@context":"https:\/\/schema.org","@graph":[{"@type":"WebPage","@id":"https:\/\/laprensacristiana.com\/?p=3772","url":"https:\/\/laprensacristiana.com\/?p=3772","name":"Se concluyen los 3 d\u00edas de Tomando Mi Naci\u00f3n, por amor a El Salvador - La Prensa Cristiana","isPartOf":{"@id":"https:\/\/laprensacristiana.com\/#website"},"datePublished":"2018-04-23T00:06:35+00:00","dateModified":"2020-07-02T00:06:16+00:00","author":{"@id":"https:\/\/laprensacristiana.com\/#\/schema\/person\/3e7d82c6bfd6b1fa67010f8f7cd5256e"},"breadcrumb":{"@id":"https:\/\/laprensacristiana.com\/?p=3772#breadcrumb"},"inLanguage":"es","potentialAction":[{"@type":"ReadAction","target":["https:\/\/laprensacristiana.com\/?p=3772"]}]},{"@type":"BreadcrumbList","@id":"https:\/\/laprensacristiana.com\/?p=3772#breadcrumb","itemListElement":[{"@type":"ListItem","position":1,"name":"Portada","item":"https:\/\/laprensacristiana.com\/"},{"@type":"ListItem","position":2,"name":"Se concluyen los 3 d\u00edas de Tomando Mi Naci\u00f3n, por amor a El Salvador"}]},{"@type":"WebSite","@id":"https:\/\/laprensacristiana.com\/#website","url":"https:\/\/laprensacristiana.com\/","name":"La Prensa Cristiana","description":"Anunciando Las Buenas Nuevas","potentialAction":[{"@type":"SearchAction","target":{"@type":"EntryPoint","urlTemplate":"https:\/\/laprensacristiana.com\/?s={search_term_string}"},"query-input":"required name=search_term_string"}],"inLanguage":"es"},{"@type":"Person","@id":"https:\/\/laprensacristiana.com\/#\/schema\/person\/3e7d82c6bfd6b1fa67010f8f7cd5256e","name":"EDITOR","image":{"@type":"ImageObject","inLanguage":"es","@id":"https:\/\/laprensacristiana.com\/#\/schema\/person\/image\/","url":"https:\/\/secure.gravatar.com\/avatar\/72069dfb6c13772d9e8381e3638666d2?s=96&d=mm&r=g","contentUrl":"https:\/\/secure.gravatar.com\/avatar\/72069dfb6c13772d9e8381e3638666d2?s=96&d=mm&r=g","caption":"EDITOR"},"url":"https:\/\/laprensacristiana.com\/?author=3"}]}},"_links":{"self":[{"href":"https:\/\/laprensacristiana.com\/index.php?rest_route=\/wp\/v2\/posts\/3772"}],"collection":[{"href":"https:\/\/laprensacristiana.com\/index.php?rest_route=\/wp\/v2\/posts"}],"about":[{"href":"https:\/\/laprensacristiana.com\/index.php?rest_route=\/wp\/v2\/types\/post"}],"author":[{"embeddable":true,"href":"https:\/\/laprensacristiana.com\/index.php?rest_route=\/wp\/v2\/users\/3"}],"replies":[{"embeddable":true,"href":"https:\/\/laprensacristiana.com\/index.php?rest_route=%2Fwp%2Fv2%2Fcomments&post=3772"}],"version-history":[{"count":1,"href":"https:\/\/laprensacristiana.com\/index.php?rest_route=\/wp\/v2\/posts\/3772\/revisions"}],"predecessor-version":[{"id":3777,"href":"https:\/\/laprensacristiana.com\/index.php?rest_route=\/wp\/v2\/posts\/3772\/revisions\/3777"}],"wp:featuredmedia":[{"embeddable":true,"href":"https:\/\/laprensacristiana.com\/index.php?rest_route=\/wp\/v2\/media\/3774"}],"wp:attachment":[{"href":"https:\/\/laprensacristiana.com\/index.php?rest_route=%2Fwp%2Fv2%2Fmedia&parent=3772"}],"wp:term":[{"taxonomy":"category","embeddable":true,"href":"https:\/\/laprensacristiana.com\/index.php?rest_route=%2Fwp%2Fv2%2Fcategories&post=3772"},{"taxonomy":"post_tag","embeddable":true,"href":"https:\/\/laprensacristiana.com\/index.php?rest_route=%2Fwp%2Fv2%2Ftags&post=3772"}],"curies":[{"name":"wp","href":"https:\/\/api.w.org\/{rel}","templated":true}]}}