{"id":3779,"date":"2018-04-23T01:45:13","date_gmt":"2018-04-23T01:45:13","guid":{"rendered":"https:\/\/laprensacristiana.com\/?p=3779"},"modified":"2020-07-02T00:05:54","modified_gmt":"2020-07-02T00:05:54","slug":"se-desarrolla-el-primer-congreso-de-educacion-cristiana","status":"publish","type":"post","link":"https:\/\/laprensacristiana.com\/?p=3779","title":{"rendered":"Se desarrolla el primer congreso de Educaci\u00f3n Cristiana"},"content":{"rendered":"<p>&nbsp;<\/p>\n<p><strong>Por: Erika Menjivar<\/strong><\/p>\n<p>El 20 y 21 de abril del presente a\u00f1o se desarroll\u00f3 este congresos dirigido a pastores, directivos de instituciones educativas, maestros y estudiantes de carreras de docencia y desarrollando plenarias y talleres que reforzaron el aprendizaje.<\/p>\n<p>El pastor de Iglesia Gracia sobre Gracia, Javier Dom\u00ednguez, dice que el prop\u00f3sito de este evento es simple; que los pastores no le tengan miedo a ense\u00f1ar teolog\u00eda, la biblia, a todas las personas sin importar su edad, porque la importancia de escudri\u00f1ar la escrituras y compartir el mensaje con la iglesia es para que esta conozca de Dios, porque de ser hijos de \u00e9l, se desee conocer cada vez m\u00e1s de su palabra.<\/p>\n<p><img decoding=\"async\" loading=\"lazy\" class=\"alignnone size-full wp-image-3781\" src=\"https:\/\/laprensacristiana.com\/wp-content\/uploads\/2018\/04\/c3.jpg\" alt=\"\" width=\"6016\" height=\"4000\" \/><\/p>\n<p>El congreso desarrollo tem\u00e1ticas que fortalecieron los conocimientos en el tema de educaci\u00f3n cristiana, los conferencistas invitados fueron: Dr. Jean Seok Nam, Dr. David Casas, pastor Javier Dom\u00ednguez, pastor David Salgado y pastor Carlos leiva. Mientras que las plenarias \u00a0fueron impartidas basadas en tem\u00e1ticas estrat\u00e9gicas con respecto al congreso:<\/p>\n<ul>\n<li>La educaci\u00f3n cristiana: ense\u00f1ando para la vida, instruyendo para la eternidad.<\/li>\n<li>Hablemos de calidad en la educaci\u00f3n<\/li>\n<li>La ense\u00f1anza en una era post verdad<\/li>\n<li>Educaci\u00f3n cristiana en la historia: transformando la educaci\u00f3n<\/li>\n<li>El impacto de la educaci\u00f3n cristiana en la sociedad<\/li>\n<li>Educaci\u00f3n cristiana: su prop\u00f3sito<\/li>\n<li>\u00bfLa educaci\u00f3n b\u00edblica y teol\u00f3gica es para todos?<\/li>\n<\/ul>\n<p>\u201cLos temas han sido orientados con el \u00a0prop\u00f3sito de la educaci\u00f3n cristiana, tambi\u00e9n por una evaluaci\u00f3n personal por instituciones que se tengan que hacer, a las relaciones estrat\u00e9gicas, al \u00e1nimo y al confort del coraz\u00f3n\u201d expres\u00f3 el pastor de Iglesia Gracia sobre Gracia, Javier Dom\u00ednguez.<\/p>\n<p><img decoding=\"async\" loading=\"lazy\" class=\"alignnone size-full wp-image-3780\" src=\"https:\/\/laprensacristiana.com\/wp-content\/uploads\/2018\/04\/c2.jpg\" alt=\"\" width=\"6016\" height=\"4000\" \/><\/p>\n<p>David Casas, pastor invitado y que visita a El Salvador desde Atlanta. Comenta sentirse muy feliz por ser parte de este gran evento y que es la primera vez que participa en uno de esta \u00edndole. Adem\u00e1s, dice que este tipo de actividades le alientan para que la visi\u00f3n del evangelio no se pierda.<\/p>\n<p>\u201cEl que est\u00e1 ense\u00f1ando escuela dominical, el que est\u00e9 ense\u00f1ando a los ni\u00f1os, el que este dirigiendo un estudio b\u00edblico, se tiene que ver que es maestro y no lo podemos hacer solos. Necesitamos el cuerpo de Cristo.\u201d Expresa el pastor Casas.<\/p>\n<p>Por su parte, el pastor Dom\u00ednguez dice que la teolog\u00eda es el estudio o el conocimiento de Dios, por eso la importancia de tocar temas como estos, que edifiquen y muestren alg\u00fan cambio en los educadores al frente de la iglesia.<\/p>\n<p>\u201cLa invitaci\u00f3n es, a que los pastores tomen la biblia y que la realidad de las cosas, de las situaciones personales y la realidad de la familia sean interpretadas por la biblia. Esto significa que vamos a poner a la biblia como primer lugar, como fuente de autoridad\u201d, menciona el pastor Dom\u00ednguez.<\/p>\n<p>&nbsp;<\/p>\n","protected":false},"excerpt":{"rendered":"<p>&nbsp; Por: Erika Menjivar El 20 y 21 de abril del presente a\u00f1o se desarroll\u00f3 este congresos dirigido a pastores, directivos de instituciones educativas, maestros y estudiantes de carreras de docencia y desarrollando plenarias y talleres que reforzaron el aprendizaje. El pastor de Iglesia Gracia sobre Gracia, Javier Dom\u00ednguez, dice que el prop\u00f3sito de este [&hellip;]<\/p>\n","protected":false},"author":3,"featured_media":3782,"comment_status":"open","ping_status":"open","sticky":false,"template":"","format":"standard","meta":[],"categories":[56],"tags":[],"yoast_head":"<!-- This site is optimized with the Yoast SEO plugin v20.8 - https:\/\/yoast.com\/wordpress\/plugins\/seo\/ -->\n<title>Se desarrolla el primer congreso de Educaci\u00f3n Cristiana - La Prensa Cristiana<\/title>\n<meta name=\"robots\" content=\"index, follow, max-snippet:-1, max-image-preview:large, max-video-preview:-1\" \/>\n<link rel=\"canonical\" href=\"https:\/\/laprensacristiana.com\/?p=3779\" \/>\n<meta property=\"og:locale\" content=\"es_ES\" \/>\n<meta property=\"og:type\" content=\"article\" \/>\n<meta property=\"og:title\" content=\"Se desarrolla el primer congreso de Educaci\u00f3n Cristiana - La Prensa Cristiana\" \/>\n<meta property=\"og:description\" content=\"&nbsp; Por: Erika Menjivar El 20 y 21 de abril del presente a\u00f1o se desarroll\u00f3 este congresos dirigido a pastores, directivos de instituciones educativas, maestros y estudiantes de carreras de docencia y desarrollando plenarias y talleres que reforzaron el aprendizaje. El pastor de Iglesia Gracia sobre Gracia, Javier Dom\u00ednguez, dice que el prop\u00f3sito de este [&hellip;]\" \/>\n<meta property=\"og:url\" content=\"https:\/\/laprensacristiana.com\/?p=3779\" \/>\n<meta property=\"og:site_name\" content=\"La Prensa Cristiana\" \/>\n<meta property=\"article:published_time\" content=\"2018-04-23T01:45:13+00:00\" \/>\n<meta property=\"article:modified_time\" content=\"2020-07-02T00:05:54+00:00\" \/>\n<meta property=\"og:image\" content=\"https:\/\/laprensacristiana.com\/wp-content\/uploads\/2018\/04\/c1-scaled.jpg\" \/>\n\t<meta property=\"og:image:width\" content=\"2560\" \/>\n\t<meta property=\"og:image:height\" content=\"1409\" \/>\n\t<meta property=\"og:image:type\" content=\"image\/jpeg\" \/>\n<meta name=\"author\" content=\"EDITOR\" \/>\n<meta name=\"twitter:card\" content=\"summary_large_image\" \/>\n<meta name=\"twitter:label1\" content=\"Escrito por\" \/>\n\t<meta name=\"twitter:data1\" content=\"EDITOR\" \/>\n\t<meta name=\"twitter:label2\" content=\"Tiempo de lectura\" \/>\n\t<meta name=\"twitter:data2\" content=\"2 minutos\" \/>\n<script type=\"application\/ld+json\" class=\"yoast-schema-graph\">{\"@context\":\"https:\/\/schema.org\",\"@graph\":[{\"@type\":\"WebPage\",\"@id\":\"https:\/\/laprensacristiana.com\/?p=3779\",\"url\":\"https:\/\/laprensacristiana.com\/?p=3779\",\"name\":\"Se desarrolla el primer congreso de Educaci\u00f3n Cristiana - La Prensa Cristiana\",\"isPartOf\":{\"@id\":\"https:\/\/laprensacristiana.com\/#website\"},\"datePublished\":\"2018-04-23T01:45:13+00:00\",\"dateModified\":\"2020-07-02T00:05:54+00:00\",\"author\":{\"@id\":\"https:\/\/laprensacristiana.com\/#\/schema\/person\/3e7d82c6bfd6b1fa67010f8f7cd5256e\"},\"breadcrumb\":{\"@id\":\"https:\/\/laprensacristiana.com\/?p=3779#breadcrumb\"},\"inLanguage\":\"es\",\"potentialAction\":[{\"@type\":\"ReadAction\",\"target\":[\"https:\/\/laprensacristiana.com\/?p=3779\"]}]},{\"@type\":\"BreadcrumbList\",\"@id\":\"https:\/\/laprensacristiana.com\/?p=3779#breadcrumb\",\"itemListElement\":[{\"@type\":\"ListItem\",\"position\":1,\"name\":\"Portada\",\"item\":\"https:\/\/laprensacristiana.com\/\"},{\"@type\":\"ListItem\",\"position\":2,\"name\":\"Se desarrolla el primer congreso de Educaci\u00f3n Cristiana\"}]},{\"@type\":\"WebSite\",\"@id\":\"https:\/\/laprensacristiana.com\/#website\",\"url\":\"https:\/\/laprensacristiana.com\/\",\"name\":\"La Prensa Cristiana\",\"description\":\"Anunciando Las Buenas Nuevas\",\"potentialAction\":[{\"@type\":\"SearchAction\",\"target\":{\"@type\":\"EntryPoint\",\"urlTemplate\":\"https:\/\/laprensacristiana.com\/?s={search_term_string}\"},\"query-input\":\"required name=search_term_string\"}],\"inLanguage\":\"es\"},{\"@type\":\"Person\",\"@id\":\"https:\/\/laprensacristiana.com\/#\/schema\/person\/3e7d82c6bfd6b1fa67010f8f7cd5256e\",\"name\":\"EDITOR\",\"image\":{\"@type\":\"ImageObject\",\"inLanguage\":\"es\",\"@id\":\"https:\/\/laprensacristiana.com\/#\/schema\/person\/image\/\",\"url\":\"https:\/\/secure.gravatar.com\/avatar\/72069dfb6c13772d9e8381e3638666d2?s=96&d=mm&r=g\",\"contentUrl\":\"https:\/\/secure.gravatar.com\/avatar\/72069dfb6c13772d9e8381e3638666d2?s=96&d=mm&r=g\",\"caption\":\"EDITOR\"},\"url\":\"https:\/\/laprensacristiana.com\/?author=3\"}]}<\/script>\n<!-- \/ Yoast SEO plugin. -->","yoast_head_json":{"title":"Se desarrolla el primer congreso de Educaci\u00f3n Cristiana - La Prensa Cristiana","robots":{"index":"index","follow":"follow","max-snippet":"max-snippet:-1","max-image-preview":"max-image-preview:large","max-video-preview":"max-video-preview:-1"},"canonical":"https:\/\/laprensacristiana.com\/?p=3779","og_locale":"es_ES","og_type":"article","og_title":"Se desarrolla el primer congreso de Educaci\u00f3n Cristiana - La Prensa Cristiana","og_description":"&nbsp; Por: Erika Menjivar El 20 y 21 de abril del presente a\u00f1o se desarroll\u00f3 este congresos dirigido a pastores, directivos de instituciones educativas, maestros y estudiantes de carreras de docencia y desarrollando plenarias y talleres que reforzaron el aprendizaje. El pastor de Iglesia Gracia sobre Gracia, Javier Dom\u00ednguez, dice que el prop\u00f3sito de este [&hellip;]","og_url":"https:\/\/laprensacristiana.com\/?p=3779","og_site_name":"La Prensa Cristiana","article_published_time":"2018-04-23T01:45:13+00:00","article_modified_time":"2020-07-02T00:05:54+00:00","og_image":[{"width":2560,"height":1409,"url":"https:\/\/laprensacristiana.com\/wp-content\/uploads\/2018\/04\/c1-scaled.jpg","type":"image\/jpeg"}],"author":"EDITOR","twitter_card":"summary_large_image","twitter_misc":{"Escrito por":"EDITOR","Tiempo de lectura":"2 minutos"},"schema":{"@context":"https:\/\/schema.org","@graph":[{"@type":"WebPage","@id":"https:\/\/laprensacristiana.com\/?p=3779","url":"https:\/\/laprensacristiana.com\/?p=3779","name":"Se desarrolla el primer congreso de Educaci\u00f3n Cristiana - La Prensa Cristiana","isPartOf":{"@id":"https:\/\/laprensacristiana.com\/#website"},"datePublished":"2018-04-23T01:45:13+00:00","dateModified":"2020-07-02T00:05:54+00:00","author":{"@id":"https:\/\/laprensacristiana.com\/#\/schema\/person\/3e7d82c6bfd6b1fa67010f8f7cd5256e"},"breadcrumb":{"@id":"https:\/\/laprensacristiana.com\/?p=3779#breadcrumb"},"inLanguage":"es","potentialAction":[{"@type":"ReadAction","target":["https:\/\/laprensacristiana.com\/?p=3779"]}]},{"@type":"BreadcrumbList","@id":"https:\/\/laprensacristiana.com\/?p=3779#breadcrumb","itemListElement":[{"@type":"ListItem","position":1,"name":"Portada","item":"https:\/\/laprensacristiana.com\/"},{"@type":"ListItem","position":2,"name":"Se desarrolla el primer congreso de Educaci\u00f3n Cristiana"}]},{"@type":"WebSite","@id":"https:\/\/laprensacristiana.com\/#website","url":"https:\/\/laprensacristiana.com\/","name":"La Prensa Cristiana","description":"Anunciando Las Buenas Nuevas","potentialAction":[{"@type":"SearchAction","target":{"@type":"EntryPoint","urlTemplate":"https:\/\/laprensacristiana.com\/?s={search_term_string}"},"query-input":"required name=search_term_string"}],"inLanguage":"es"},{"@type":"Person","@id":"https:\/\/laprensacristiana.com\/#\/schema\/person\/3e7d82c6bfd6b1fa67010f8f7cd5256e","name":"EDITOR","image":{"@type":"ImageObject","inLanguage":"es","@id":"https:\/\/laprensacristiana.com\/#\/schema\/person\/image\/","url":"https:\/\/secure.gravatar.com\/avatar\/72069dfb6c13772d9e8381e3638666d2?s=96&d=mm&r=g","contentUrl":"https:\/\/secure.gravatar.com\/avatar\/72069dfb6c13772d9e8381e3638666d2?s=96&d=mm&r=g","caption":"EDITOR"},"url":"https:\/\/laprensacristiana.com\/?author=3"}]}},"_links":{"self":[{"href":"https:\/\/laprensacristiana.com\/index.php?rest_route=\/wp\/v2\/posts\/3779"}],"collection":[{"href":"https:\/\/laprensacristiana.com\/index.php?rest_route=\/wp\/v2\/posts"}],"about":[{"href":"https:\/\/laprensacristiana.com\/index.php?rest_route=\/wp\/v2\/types\/post"}],"author":[{"embeddable":true,"href":"https:\/\/laprensacristiana.com\/index.php?rest_route=\/wp\/v2\/users\/3"}],"replies":[{"embeddable":true,"href":"https:\/\/laprensacristiana.com\/index.php?rest_route=%2Fwp%2Fv2%2Fcomments&post=3779"}],"version-history":[{"count":1,"href":"https:\/\/laprensacristiana.com\/index.php?rest_route=\/wp\/v2\/posts\/3779\/revisions"}],"predecessor-version":[{"id":3783,"href":"https:\/\/laprensacristiana.com\/index.php?rest_route=\/wp\/v2\/posts\/3779\/revisions\/3783"}],"wp:featuredmedia":[{"embeddable":true,"href":"https:\/\/laprensacristiana.com\/index.php?rest_route=\/wp\/v2\/media\/3782"}],"wp:attachment":[{"href":"https:\/\/laprensacristiana.com\/index.php?rest_route=%2Fwp%2Fv2%2Fmedia&parent=3779"}],"wp:term":[{"taxonomy":"category","embeddable":true,"href":"https:\/\/laprensacristiana.com\/index.php?rest_route=%2Fwp%2Fv2%2Fcategories&post=3779"},{"taxonomy":"post_tag","embeddable":true,"href":"https:\/\/laprensacristiana.com\/index.php?rest_route=%2Fwp%2Fv2%2Ftags&post=3779"}],"curies":[{"name":"wp","href":"https:\/\/api.w.org\/{rel}","templated":true}]}}