{"id":3788,"date":"2018-04-25T22:52:26","date_gmt":"2018-04-25T22:52:26","guid":{"rendered":"https:\/\/laprensacristiana.com\/?p=3788"},"modified":"2020-07-02T00:05:30","modified_gmt":"2020-07-02T00:05:30","slug":"la-prensa-cristiana-celebra-dos-anos-de-anunciar-las-buenas-nuevas-a-nivel-nacional-e-internacional","status":"publish","type":"post","link":"https:\/\/laprensacristiana.com\/?p=3788","title":{"rendered":"La Prensa Cristiana celebra dos a\u00f1os de anunciar las buenas nuevas"},"content":{"rendered":"<p>&nbsp;<\/p>\n<p style=\"text-align: justify;\"><strong>\u00a0<\/strong><strong>Por: Leonor Aquino<\/strong><\/p>\n<p style=\"text-align: justify;\">El pasado lunes 23 de abril, La Prensa Cristiana, el \u00fanico peri\u00f3dico cristiano en El Salvador, llega a su segundo aniversario. El equipo de este peri\u00f3dico en conjunto con artistas salvadore\u00f1os como: Marinella Arru\u00e9, Jonathan Rivera Abraham Reyes\u00a0 y Mauricio Benjam\u00edn Sol\u00eds, Director de la Sinf\u00f3nica Cristiana, fueron parte de la celebraci\u00f3n.<\/p>\n<p style=\"text-align: justify;\">Al aniversario se hicieron presente pastores de diferentes iglesias y denominaciones; juntos dieron gracias a Dios por el trabajo que La Prensa Cristiana est\u00e1 realizando y la labor periodistica que hace nacional e internacional.<\/p>\n<p><img decoding=\"async\" loading=\"lazy\" class=\"alignnone size-full wp-image-3790\" src=\"https:\/\/laprensacristiana.com\/wp-content\/uploads\/2018\/04\/a1.jpg\" alt=\"\" width=\"1076\" height=\"787\" srcset=\"https:\/\/laprensacristiana.com\/wp-content\/uploads\/2018\/04\/a1.jpg 1076w, https:\/\/laprensacristiana.com\/wp-content\/uploads\/2018\/04\/a1-600x439.jpg 600w, https:\/\/laprensacristiana.com\/wp-content\/uploads\/2018\/04\/a1-300x219.jpg 300w, https:\/\/laprensacristiana.com\/wp-content\/uploads\/2018\/04\/a1-768x562.jpg 768w, https:\/\/laprensacristiana.com\/wp-content\/uploads\/2018\/04\/a1-1024x749.jpg 1024w, https:\/\/laprensacristiana.com\/wp-content\/uploads\/2018\/04\/a1-80x60.jpg 80w, https:\/\/laprensacristiana.com\/wp-content\/uploads\/2018\/04\/a1-696x509.jpg 696w, https:\/\/laprensacristiana.com\/wp-content\/uploads\/2018\/04\/a1-1068x781.jpg 1068w, https:\/\/laprensacristiana.com\/wp-content\/uploads\/2018\/04\/a1-574x420.jpg 574w\" sizes=\"(max-width: 1076px) 100vw, 1076px\" \/><\/p>\n<p style=\"text-align: justify;\">El director de La Prensa Cristiana, Luis Medina comenta sentirse bendecido y feliz por llegar a los 2 a\u00f1os de este medio, que con ayuda de Dios se ha llegado hasta aqu\u00ed. \u201cDios transform\u00f3 las circunstancias e hizo de lo imposible algo posible, lo que ahora ven nuestros ojos\u201d, agreg\u00f3 Medina.<\/p>\n<p style=\"text-align: justify;\">\u201cDios est\u00e1 haciendo algo grande en ustedes de La Prensa Cristiana en este pa\u00eds, dan vida en las noticias y deseo puedan cumplir m\u00e1s de dos a\u00f1os; ver\u00e1n que con el d\u00eda a d\u00eda que desarrollen van a ir teniendo mayor capacidad para ver m\u00e1s all\u00e1 de lo que quieren hacer, c\u00f3mo y hasta que momento realizarlo; les animo para que puedan seguir adelante y crecer en \u00e9sta \u00e1rea de prensa\u201d, fueron los comentarios por parte del pastor Tony Alvarenga, de la Iglesia Bautista La Trinidad.<\/p>\n<p style=\"text-align: justify;\">Ren\u00e9 Araujo, Director de Radio Progreso 90.5 FM, se mostr\u00f3 agradecido con Dios por lo que est\u00e1 haciendo en los medios de comunicaci\u00f3n en el pa\u00eds y en el caso de La Prensa Cristiana, mencion\u00f3 que, a pesar de ser un esfuerzo, es un desaf\u00edo diario de poder hacer las cosas para la gloria del Se\u00f1or; a trav\u00e9s de los reportajes y todo lo que se presenta en el medio.<\/p>\n<p><img decoding=\"async\" loading=\"lazy\" class=\"alignnone size-full wp-image-3791\" src=\"https:\/\/laprensacristiana.com\/wp-content\/uploads\/2018\/04\/WhatsApp-Image-2018-04-25-at-4.06.31-PM.jpeg\" alt=\"\" width=\"1280\" height=\"853\" srcset=\"https:\/\/laprensacristiana.com\/wp-content\/uploads\/2018\/04\/WhatsApp-Image-2018-04-25-at-4.06.31-PM.jpeg 1280w, https:\/\/laprensacristiana.com\/wp-content\/uploads\/2018\/04\/WhatsApp-Image-2018-04-25-at-4.06.31-PM-600x400.jpeg 600w, https:\/\/laprensacristiana.com\/wp-content\/uploads\/2018\/04\/WhatsApp-Image-2018-04-25-at-4.06.31-PM-300x200.jpeg 300w, https:\/\/laprensacristiana.com\/wp-content\/uploads\/2018\/04\/WhatsApp-Image-2018-04-25-at-4.06.31-PM-768x512.jpeg 768w, https:\/\/laprensacristiana.com\/wp-content\/uploads\/2018\/04\/WhatsApp-Image-2018-04-25-at-4.06.31-PM-1024x682.jpeg 1024w, https:\/\/laprensacristiana.com\/wp-content\/uploads\/2018\/04\/WhatsApp-Image-2018-04-25-at-4.06.31-PM-696x464.jpeg 696w, https:\/\/laprensacristiana.com\/wp-content\/uploads\/2018\/04\/WhatsApp-Image-2018-04-25-at-4.06.31-PM-1068x712.jpeg 1068w, https:\/\/laprensacristiana.com\/wp-content\/uploads\/2018\/04\/WhatsApp-Image-2018-04-25-at-4.06.31-PM-630x420.jpeg 630w\" sizes=\"(max-width: 1280px) 100vw, 1280px\" \/><\/p>\n<p style=\"text-align: justify;\">\u201cEste ministerio es de valientes, requiere tener mucha fe, estar aferrados a Dios sobre todas las cosas y creerle a \u00e9l, creer que esto le pertenece a \u00e9l. Mi coraz\u00f3n se alegra enormemente que ya lleven dos a\u00f1os guerreando y tomando los medios de comunicaci\u00f3n para el Se\u00f1or; sigan adelante les amo much\u00edsimo en el Se\u00f1or y s\u00e9 que Dios va abrir m\u00e1s puertas, los har\u00e1 m\u00e1s grande de lo que son ahora\u201d, expres\u00f3 Marinella Arru\u00e9.<\/p>\n<p style=\"text-align: justify;\">Luis Ricardo Paname\u00f1o de la Iglesia Monte Carmelo de las Asambleas de Dios,\u00a0mencion\u00f3\u00a0que hab\u00eda sido una bendici\u00f3n el haber estado presente en el aniversario, conocer el reto y las fuerzas que se necesitan para hacer lo que el Director Luis Medina y el equipo de La Prensa Cristiana realizan para que la informaci\u00f3n pueda hacerse llegar.<\/p>\n<p style=\"text-align: justify;\">\u201cEstamos muy contentos y emocionados, porque hemos visto que el Se\u00f1or est\u00e1 bendiciendo desde la primera etapa; es un medio que hace falta en nuestro pa\u00eds, ya que siempre vemos en las noticias, en los medios seculares que no tienen nada que ver con lo que hace la iglesia cristiana y los ministerios; creo que es un espacio que vale la pena apoyar, y el Se\u00f1or los va a bendecir mucho m\u00e1s; puesto que es un medio que hac\u00eda falta en nuestro pa\u00eds\u201d, asegur\u00f3 Mauricio Benjam\u00edn Sol\u00eds Director de la Orquesta Sinf\u00f3nica Cristiana y Presidente de la Fundaci\u00f3n Valores y Arte.<\/p>\n","protected":false},"excerpt":{"rendered":"<p>&nbsp; \u00a0Por: Leonor Aquino El pasado lunes 23 de abril, La Prensa Cristiana, el \u00fanico peri\u00f3dico cristiano en El Salvador, llega a su segundo aniversario. El equipo de este peri\u00f3dico en conjunto con artistas salvadore\u00f1os como: Marinella Arru\u00e9, Jonathan Rivera Abraham Reyes\u00a0 y Mauricio Benjam\u00edn Sol\u00eds, Director de la Sinf\u00f3nica Cristiana, fueron parte de la [&hellip;]<\/p>\n","protected":false},"author":3,"featured_media":3789,"comment_status":"open","ping_status":"open","sticky":false,"template":"","format":"standard","meta":[],"categories":[56],"tags":[],"yoast_head":"<!-- This site is optimized with the Yoast SEO plugin v20.8 - https:\/\/yoast.com\/wordpress\/plugins\/seo\/ -->\n<title>La Prensa Cristiana celebra dos a\u00f1os de anunciar las buenas nuevas - La Prensa Cristiana<\/title>\n<meta name=\"robots\" content=\"index, follow, max-snippet:-1, max-image-preview:large, max-video-preview:-1\" \/>\n<link rel=\"canonical\" href=\"https:\/\/laprensacristiana.com\/?p=3788\" \/>\n<meta property=\"og:locale\" content=\"es_ES\" \/>\n<meta property=\"og:type\" content=\"article\" \/>\n<meta property=\"og:title\" content=\"La Prensa Cristiana celebra dos a\u00f1os de anunciar las buenas nuevas - La Prensa Cristiana\" \/>\n<meta property=\"og:description\" content=\"&nbsp; \u00a0Por: Leonor Aquino El pasado lunes 23 de abril, La Prensa Cristiana, el \u00fanico peri\u00f3dico cristiano en El Salvador, llega a su segundo aniversario. El equipo de este peri\u00f3dico en conjunto con artistas salvadore\u00f1os como: Marinella Arru\u00e9, Jonathan Rivera Abraham Reyes\u00a0 y Mauricio Benjam\u00edn Sol\u00eds, Director de la Sinf\u00f3nica Cristiana, fueron parte de la [&hellip;]\" \/>\n<meta property=\"og:url\" content=\"https:\/\/laprensacristiana.com\/?p=3788\" \/>\n<meta property=\"og:site_name\" content=\"La Prensa Cristiana\" \/>\n<meta property=\"article:published_time\" content=\"2018-04-25T22:52:26+00:00\" \/>\n<meta property=\"article:modified_time\" content=\"2020-07-02T00:05:30+00:00\" \/>\n<meta property=\"og:image\" content=\"https:\/\/laprensacristiana.com\/wp-content\/uploads\/2018\/04\/WhatsApp-Image-2018-04-25-at-4.06.32-PM.jpeg\" \/>\n\t<meta property=\"og:image:width\" content=\"1280\" \/>\n\t<meta property=\"og:image:height\" content=\"853\" \/>\n\t<meta property=\"og:image:type\" content=\"image\/jpeg\" \/>\n<meta name=\"author\" content=\"EDITOR\" \/>\n<meta name=\"twitter:card\" content=\"summary_large_image\" \/>\n<meta name=\"twitter:label1\" content=\"Escrito por\" \/>\n\t<meta name=\"twitter:data1\" content=\"EDITOR\" \/>\n\t<meta name=\"twitter:label2\" content=\"Tiempo de lectura\" \/>\n\t<meta name=\"twitter:data2\" content=\"3 minutos\" \/>\n<script type=\"application\/ld+json\" class=\"yoast-schema-graph\">{\"@context\":\"https:\/\/schema.org\",\"@graph\":[{\"@type\":\"WebPage\",\"@id\":\"https:\/\/laprensacristiana.com\/?p=3788\",\"url\":\"https:\/\/laprensacristiana.com\/?p=3788\",\"name\":\"La Prensa Cristiana celebra dos a\u00f1os de anunciar las buenas nuevas - La Prensa Cristiana\",\"isPartOf\":{\"@id\":\"https:\/\/laprensacristiana.com\/#website\"},\"datePublished\":\"2018-04-25T22:52:26+00:00\",\"dateModified\":\"2020-07-02T00:05:30+00:00\",\"author\":{\"@id\":\"https:\/\/laprensacristiana.com\/#\/schema\/person\/3e7d82c6bfd6b1fa67010f8f7cd5256e\"},\"breadcrumb\":{\"@id\":\"https:\/\/laprensacristiana.com\/?p=3788#breadcrumb\"},\"inLanguage\":\"es\",\"potentialAction\":[{\"@type\":\"ReadAction\",\"target\":[\"https:\/\/laprensacristiana.com\/?p=3788\"]}]},{\"@type\":\"BreadcrumbList\",\"@id\":\"https:\/\/laprensacristiana.com\/?p=3788#breadcrumb\",\"itemListElement\":[{\"@type\":\"ListItem\",\"position\":1,\"name\":\"Portada\",\"item\":\"https:\/\/laprensacristiana.com\/\"},{\"@type\":\"ListItem\",\"position\":2,\"name\":\"La Prensa Cristiana celebra dos a\u00f1os de anunciar las buenas nuevas\"}]},{\"@type\":\"WebSite\",\"@id\":\"https:\/\/laprensacristiana.com\/#website\",\"url\":\"https:\/\/laprensacristiana.com\/\",\"name\":\"La Prensa Cristiana\",\"description\":\"Anunciando Las Buenas Nuevas\",\"potentialAction\":[{\"@type\":\"SearchAction\",\"target\":{\"@type\":\"EntryPoint\",\"urlTemplate\":\"https:\/\/laprensacristiana.com\/?s={search_term_string}\"},\"query-input\":\"required name=search_term_string\"}],\"inLanguage\":\"es\"},{\"@type\":\"Person\",\"@id\":\"https:\/\/laprensacristiana.com\/#\/schema\/person\/3e7d82c6bfd6b1fa67010f8f7cd5256e\",\"name\":\"EDITOR\",\"image\":{\"@type\":\"ImageObject\",\"inLanguage\":\"es\",\"@id\":\"https:\/\/laprensacristiana.com\/#\/schema\/person\/image\/\",\"url\":\"https:\/\/secure.gravatar.com\/avatar\/72069dfb6c13772d9e8381e3638666d2?s=96&d=mm&r=g\",\"contentUrl\":\"https:\/\/secure.gravatar.com\/avatar\/72069dfb6c13772d9e8381e3638666d2?s=96&d=mm&r=g\",\"caption\":\"EDITOR\"},\"url\":\"https:\/\/laprensacristiana.com\/?author=3\"}]}<\/script>\n<!-- \/ Yoast SEO plugin. -->","yoast_head_json":{"title":"La Prensa Cristiana celebra dos a\u00f1os de anunciar las buenas nuevas - La Prensa Cristiana","robots":{"index":"index","follow":"follow","max-snippet":"max-snippet:-1","max-image-preview":"max-image-preview:large","max-video-preview":"max-video-preview:-1"},"canonical":"https:\/\/laprensacristiana.com\/?p=3788","og_locale":"es_ES","og_type":"article","og_title":"La Prensa Cristiana celebra dos a\u00f1os de anunciar las buenas nuevas - La Prensa Cristiana","og_description":"&nbsp; \u00a0Por: Leonor Aquino El pasado lunes 23 de abril, La Prensa Cristiana, el \u00fanico peri\u00f3dico cristiano en El Salvador, llega a su segundo aniversario. El equipo de este peri\u00f3dico en conjunto con artistas salvadore\u00f1os como: Marinella Arru\u00e9, Jonathan Rivera Abraham Reyes\u00a0 y Mauricio Benjam\u00edn Sol\u00eds, Director de la Sinf\u00f3nica Cristiana, fueron parte de la [&hellip;]","og_url":"https:\/\/laprensacristiana.com\/?p=3788","og_site_name":"La Prensa Cristiana","article_published_time":"2018-04-25T22:52:26+00:00","article_modified_time":"2020-07-02T00:05:30+00:00","og_image":[{"width":1280,"height":853,"url":"https:\/\/laprensacristiana.com\/wp-content\/uploads\/2018\/04\/WhatsApp-Image-2018-04-25-at-4.06.32-PM.jpeg","type":"image\/jpeg"}],"author":"EDITOR","twitter_card":"summary_large_image","twitter_misc":{"Escrito por":"EDITOR","Tiempo de lectura":"3 minutos"},"schema":{"@context":"https:\/\/schema.org","@graph":[{"@type":"WebPage","@id":"https:\/\/laprensacristiana.com\/?p=3788","url":"https:\/\/laprensacristiana.com\/?p=3788","name":"La Prensa Cristiana celebra dos a\u00f1os de anunciar las buenas nuevas - La Prensa Cristiana","isPartOf":{"@id":"https:\/\/laprensacristiana.com\/#website"},"datePublished":"2018-04-25T22:52:26+00:00","dateModified":"2020-07-02T00:05:30+00:00","author":{"@id":"https:\/\/laprensacristiana.com\/#\/schema\/person\/3e7d82c6bfd6b1fa67010f8f7cd5256e"},"breadcrumb":{"@id":"https:\/\/laprensacristiana.com\/?p=3788#breadcrumb"},"inLanguage":"es","potentialAction":[{"@type":"ReadAction","target":["https:\/\/laprensacristiana.com\/?p=3788"]}]},{"@type":"BreadcrumbList","@id":"https:\/\/laprensacristiana.com\/?p=3788#breadcrumb","itemListElement":[{"@type":"ListItem","position":1,"name":"Portada","item":"https:\/\/laprensacristiana.com\/"},{"@type":"ListItem","position":2,"name":"La Prensa Cristiana celebra dos a\u00f1os de anunciar las buenas nuevas"}]},{"@type":"WebSite","@id":"https:\/\/laprensacristiana.com\/#website","url":"https:\/\/laprensacristiana.com\/","name":"La Prensa Cristiana","description":"Anunciando Las Buenas Nuevas","potentialAction":[{"@type":"SearchAction","target":{"@type":"EntryPoint","urlTemplate":"https:\/\/laprensacristiana.com\/?s={search_term_string}"},"query-input":"required name=search_term_string"}],"inLanguage":"es"},{"@type":"Person","@id":"https:\/\/laprensacristiana.com\/#\/schema\/person\/3e7d82c6bfd6b1fa67010f8f7cd5256e","name":"EDITOR","image":{"@type":"ImageObject","inLanguage":"es","@id":"https:\/\/laprensacristiana.com\/#\/schema\/person\/image\/","url":"https:\/\/secure.gravatar.com\/avatar\/72069dfb6c13772d9e8381e3638666d2?s=96&d=mm&r=g","contentUrl":"https:\/\/secure.gravatar.com\/avatar\/72069dfb6c13772d9e8381e3638666d2?s=96&d=mm&r=g","caption":"EDITOR"},"url":"https:\/\/laprensacristiana.com\/?author=3"}]}},"_links":{"self":[{"href":"https:\/\/laprensacristiana.com\/index.php?rest_route=\/wp\/v2\/posts\/3788"}],"collection":[{"href":"https:\/\/laprensacristiana.com\/index.php?rest_route=\/wp\/v2\/posts"}],"about":[{"href":"https:\/\/laprensacristiana.com\/index.php?rest_route=\/wp\/v2\/types\/post"}],"author":[{"embeddable":true,"href":"https:\/\/laprensacristiana.com\/index.php?rest_route=\/wp\/v2\/users\/3"}],"replies":[{"embeddable":true,"href":"https:\/\/laprensacristiana.com\/index.php?rest_route=%2Fwp%2Fv2%2Fcomments&post=3788"}],"version-history":[{"count":5,"href":"https:\/\/laprensacristiana.com\/index.php?rest_route=\/wp\/v2\/posts\/3788\/revisions"}],"predecessor-version":[{"id":3796,"href":"https:\/\/laprensacristiana.com\/index.php?rest_route=\/wp\/v2\/posts\/3788\/revisions\/3796"}],"wp:featuredmedia":[{"embeddable":true,"href":"https:\/\/laprensacristiana.com\/index.php?rest_route=\/wp\/v2\/media\/3789"}],"wp:attachment":[{"href":"https:\/\/laprensacristiana.com\/index.php?rest_route=%2Fwp%2Fv2%2Fmedia&parent=3788"}],"wp:term":[{"taxonomy":"category","embeddable":true,"href":"https:\/\/laprensacristiana.com\/index.php?rest_route=%2Fwp%2Fv2%2Fcategories&post=3788"},{"taxonomy":"post_tag","embeddable":true,"href":"https:\/\/laprensacristiana.com\/index.php?rest_route=%2Fwp%2Fv2%2Ftags&post=3788"}],"curies":[{"name":"wp","href":"https:\/\/api.w.org\/{rel}","templated":true}]}}