{"id":3806,"date":"2018-04-28T13:40:46","date_gmt":"2018-04-28T13:40:46","guid":{"rendered":"https:\/\/laprensacristiana.com\/?p=3806"},"modified":"2018-04-28T13:46:32","modified_gmt":"2018-04-28T13:46:32","slug":"su-corderita","status":"publish","type":"post","link":"https:\/\/laprensacristiana.com\/?p=3806","title":{"rendered":"Su corderita"},"content":{"rendered":"<p>2 Sam. 12:3-4 \u201cPero el pobre no ten\u00eda m\u00e1s que una corderita que \u00e9l hab\u00eda comprado y criado, la cual hab\u00eda crecido junto con \u00e9l y con sus hijos. Com\u00eda de su pan, beb\u00eda de su copa y dorm\u00eda en su seno, y era como una hija para \u00e9l\u201d<\/p>\n<p>Y era como una hija para \u00e9l\u2026<\/p>\n<p>Hermosa descripci\u00f3n de lo que es una ovejita\u2026 como una hija\u2026<\/p>\n<p>Esto me abre una ventana para poder visualizar un escenario: Un padre tiene una ni\u00f1a. Es la luz de sus ojos. Su amada y linda criatura a quien cuida con un esmero especial. Juega con ella, se entretiene con sus gracias infantiles, la lleva de la mano al kinder y en el camino van platicando de cosas de ni\u00f1as.<\/p>\n<p>Cuando se cae, se apresura a levantarla y sobarle sus rodillas y le seca sus l\u00e1grimas de dolor. Sufre cuando ella sufre y r\u00ede cuando ella r\u00ede. En las noches quiz\u00e1 la arropa en sus brazos para llevarla a su cama a la hora de dormir. Le cambia sus pa\u00f1ales cuando lo necesita y en los momentos de fiebre, se queda con ella cerca de su cama para evitar que el sudor moje su almohada.<\/p>\n<p>A la hora de sus comidas, su padre se esmera en que se alimente adecuadamente d\u00e1ndole en la boca sus alimentos para nutrirla para que crezca sana y saludable.<\/p>\n<p>Cuando le dejan deberes en la escuela \u00e9l se sienta a su lado para guiarla en el manejo del l\u00e1piz y para ayudarla a colorear sus dibujos para que se gane el premio que ofrece la maestra. Y, cuando le presenta su primer dibujo de como lo ve a \u00e9l, no se burla de ella sino le aplaude para darle \u00e1nimos y hacerle saber que lo hizo muy bien, coloc\u00e1ndolo en un marco en su escritorio para que ella vea que \u00e9l aprecia su regalo. Su ovejita disfruta del amor incondicional de su padre. Se siente protegida, amada y cuidada. En su mundo, no le hace falta nada. Su papi le llena su coraz\u00f3n haci\u00e9ndole ver que la vida es hermosa, que no tiene problemas en su \u00f3rbita y que todo gira alrededor de ella. No necesita llorar para que le atiendan. Le conocen sus m\u00e1s m\u00ednimos gestos y le complacen sus deseos m\u00e1s insignificantes.<\/p>\n<p>Para ella su padre es el modelo perfecto del amor. Sus brazos fuertes no le dan miedo porque sirven para protegerla y acunarla con ternura. Para su ovejita, ese hombr\u00f3n fuerte y grandote no es motivo de miedo sino de cuidado. Sabe que la ama y la cuida como algo fr\u00e1gil. Y su padre la ve as\u00ed. No la ve como una mujercita sino como una tierna y dulce ni\u00f1a\u2026 Es su peque\u00f1a. Su ni\u00f1a mimada. Su ovejita dulce y tierna. Es un ser necesitado de amor el cual \u00e9l le da en abundancia.<\/p>\n<p>Pero, oh, destino de la vida\u2026 \u201cVino un viajero\u201d (vv.4).<\/p>\n<p>Un joven pas\u00f3 frente a la casa en donde viv\u00edan el padre y su peque\u00f1a ni\u00f1a ahora convertida en una se\u00f1orita. Estaba en la flor de la vida y el viajero no resisti\u00f3 la tentaci\u00f3n de verla de cerca, de hablarle, de insinuarle palabras que ella nunca hab\u00eda escuchado de labios de nadie m\u00e1s. Su padre siempre le hab\u00eda hablado con amor y ternura, y el viajero le habl\u00f3 lo mismo. Ella confi\u00f3 en que ese hombre iba a tratarla como lo hab\u00eda hecho su padre abnegado y respetuoso.<\/p>\n<p>Como confiaba ciegamente en su padre y en su trato hacia ella, crey\u00f3 que ese viajero la iba a tratar igual, o mejor. Que al igual que en su hogar, ese viajero la iba a considerar tambi\u00e9n su ovejita, que la iba a tratar con ternura y cuidado. Que sus brazos fuertes y varoniles iban a protegerla y acunarla cuando sufriera alg\u00fan dolor. Pens\u00f3 que sus manos masculinas iban a secar sus l\u00e1grimas cuando llorara por alg\u00fan motivo. Crey\u00f3 que cuando la nostalgia llegara a su vida, ese viajero la iba a comprender y le hablar\u00eda palabras de ternura. Esperaba que cuando la fiebre llegara a su cuerpo \u00e9l estar\u00eda con ella para secarle su frente y ofrecerle un vaso de agua para apaciguar sus dolores\u2026 La ni\u00f1a pens\u00f3 que al igual que su padre hab\u00eda hecho con ella cuando era su ovejita y se tropezaba con alg\u00fan obst\u00e1culo del camino \u00e9l la levantaba con cuidado y le hablaba palabras de aliento, el viajero iba a hacer lo mismo. Crey\u00f3 que iba a escuchar las mismas palabras y recibir el mismo tierno cuidado. Crey\u00f3 que tambi\u00e9n el viajero iba a observar sus m\u00e1s m\u00ednimos gestos para concederle sus deseos sin necesidad de hablar o pedir\u2026<\/p>\n<p>Ese viajero fue usted, mi querido lector. Fue usted quien sac\u00f3 a la ovejita tierna y protegida del Padre Celestial del hogar en donde creci\u00f3 y se la llev\u00f3 para tenerla a su lado.<\/p>\n<p>Y ahora la pregunta es: \u00bfC\u00f3mo est\u00e1 usted tratando a esa tierna y preciosa hija de Dios? \u00bfEst\u00e1 usted haciendo lo mismo que hac\u00eda \u00e9l cuando estaba bajo su cuidado? \u00bfO la mand\u00f3 a trabajar largas horas bajo la direcci\u00f3n de un jefe d\u00e9spota y abusivo para que pagara sus propios gastos, dejando usted de suplir para sus necesidades? \u00bfEst\u00e1 usted secando sus l\u00e1grimas cuando el dolor la hace llorar o la insulta y le pone sobrenombres insolentes? \u00bfSon sus brazos de hombre valiente los que la acunan y la arropan cuando hace fr\u00edo o los utiliza usted para provocarle miedo y terror? \u00bfUtiliza usted sus manos para acariciarle sus mejillas cuando est\u00e1 triste, o las utiliza para golpearla y sangrarle el alma? \u00bfC\u00f3mo le habla: con ternura o con gritos?<\/p>\n<p>Ustedes y yo estamos en deuda, caballeros: Estamos en deuda con Dios porque la cre\u00f3 en el vientre de su madre para que le diera vida. Estamos en deuda con su madre que soport\u00f3 dolores y ansiedades cuando iba a nacer. Estamos en deuda con sus padres que la cuidaron y la protegieron para que un d\u00eda la tuvi\u00e9ramos a nuestro lado. Estamos en deuda con ella misma porque conf\u00edo en que nosotros, los \u201cviajeros\u201d la \u00edbamos a tratar con el mismo respeto y cuidado que la trataron en su ni\u00f1ez.<\/p>\n<p>\u00bfC\u00f3mo estamos tratando a esa tierna y preciosa ovejita del Padre? Porque debemos tener presente una famosa pregunta que el Padre nos hace a trav\u00e9s de Malaqu\u00edas: \u00bfQu\u00e9 hiciste con la mujer de tu juventud? \u00bfQu\u00e9 respuesta vamos a dar, estimados caballeros\u2026?<\/p>\n<p>&nbsp;<\/p>\n","protected":false},"excerpt":{"rendered":"<p>2 Sam. 12:3-4 \u201cPero el pobre no ten\u00eda m\u00e1s que una corderita que \u00e9l hab\u00eda comprado y criado, la cual hab\u00eda crecido junto con \u00e9l y con sus hijos. Com\u00eda de su pan, beb\u00eda de su copa y dorm\u00eda en su seno, y era como una hija para \u00e9l\u201d Y era como una hija para [&hellip;]<\/p>\n","protected":false},"author":3,"featured_media":3311,"comment_status":"open","ping_status":"open","sticky":false,"template":"","format":"standard","meta":[],"categories":[36],"tags":[],"yoast_head":"<!-- This site is optimized with the Yoast SEO plugin v20.8 - https:\/\/yoast.com\/wordpress\/plugins\/seo\/ -->\n<title>Su corderita - La Prensa Cristiana<\/title>\n<meta name=\"robots\" content=\"index, follow, max-snippet:-1, max-image-preview:large, max-video-preview:-1\" \/>\n<link rel=\"canonical\" href=\"https:\/\/laprensacristiana.com\/?p=3806\" \/>\n<meta property=\"og:locale\" content=\"es_ES\" \/>\n<meta property=\"og:type\" content=\"article\" \/>\n<meta property=\"og:title\" content=\"Su corderita - La Prensa Cristiana\" \/>\n<meta property=\"og:description\" content=\"2 Sam. 12:3-4 \u201cPero el pobre no ten\u00eda m\u00e1s que una corderita que \u00e9l hab\u00eda comprado y criado, la cual hab\u00eda crecido junto con \u00e9l y con sus hijos. Com\u00eda de su pan, beb\u00eda de su copa y dorm\u00eda en su seno, y era como una hija para \u00e9l\u201d Y era como una hija para [&hellip;]\" \/>\n<meta property=\"og:url\" content=\"https:\/\/laprensacristiana.com\/?p=3806\" \/>\n<meta property=\"og:site_name\" content=\"La Prensa Cristiana\" \/>\n<meta property=\"article:published_time\" content=\"2018-04-28T13:40:46+00:00\" \/>\n<meta property=\"article:modified_time\" content=\"2018-04-28T13:46:32+00:00\" \/>\n<meta property=\"og:image\" content=\"https:\/\/laprensacristiana.com\/wp-content\/uploads\/2017\/11\/2017-11-23-PHOTO-00003245.jpg\" \/>\n\t<meta property=\"og:image:width\" content=\"1280\" \/>\n\t<meta property=\"og:image:height\" content=\"714\" \/>\n\t<meta property=\"og:image:type\" content=\"image\/jpeg\" \/>\n<meta name=\"author\" content=\"EDITOR\" \/>\n<meta name=\"twitter:card\" content=\"summary_large_image\" \/>\n<meta name=\"twitter:label1\" content=\"Escrito por\" \/>\n\t<meta name=\"twitter:data1\" content=\"EDITOR\" \/>\n\t<meta name=\"twitter:label2\" content=\"Tiempo de lectura\" \/>\n\t<meta name=\"twitter:data2\" content=\"6 minutos\" \/>\n<script type=\"application\/ld+json\" class=\"yoast-schema-graph\">{\"@context\":\"https:\/\/schema.org\",\"@graph\":[{\"@type\":\"WebPage\",\"@id\":\"https:\/\/laprensacristiana.com\/?p=3806\",\"url\":\"https:\/\/laprensacristiana.com\/?p=3806\",\"name\":\"Su corderita - La Prensa Cristiana\",\"isPartOf\":{\"@id\":\"https:\/\/laprensacristiana.com\/#website\"},\"datePublished\":\"2018-04-28T13:40:46+00:00\",\"dateModified\":\"2018-04-28T13:46:32+00:00\",\"author\":{\"@id\":\"https:\/\/laprensacristiana.com\/#\/schema\/person\/3e7d82c6bfd6b1fa67010f8f7cd5256e\"},\"breadcrumb\":{\"@id\":\"https:\/\/laprensacristiana.com\/?p=3806#breadcrumb\"},\"inLanguage\":\"es\",\"potentialAction\":[{\"@type\":\"ReadAction\",\"target\":[\"https:\/\/laprensacristiana.com\/?p=3806\"]}]},{\"@type\":\"BreadcrumbList\",\"@id\":\"https:\/\/laprensacristiana.com\/?p=3806#breadcrumb\",\"itemListElement\":[{\"@type\":\"ListItem\",\"position\":1,\"name\":\"Portada\",\"item\":\"https:\/\/laprensacristiana.com\/\"},{\"@type\":\"ListItem\",\"position\":2,\"name\":\"Su corderita\"}]},{\"@type\":\"WebSite\",\"@id\":\"https:\/\/laprensacristiana.com\/#website\",\"url\":\"https:\/\/laprensacristiana.com\/\",\"name\":\"La Prensa Cristiana\",\"description\":\"Anunciando Las Buenas Nuevas\",\"potentialAction\":[{\"@type\":\"SearchAction\",\"target\":{\"@type\":\"EntryPoint\",\"urlTemplate\":\"https:\/\/laprensacristiana.com\/?s={search_term_string}\"},\"query-input\":\"required name=search_term_string\"}],\"inLanguage\":\"es\"},{\"@type\":\"Person\",\"@id\":\"https:\/\/laprensacristiana.com\/#\/schema\/person\/3e7d82c6bfd6b1fa67010f8f7cd5256e\",\"name\":\"EDITOR\",\"image\":{\"@type\":\"ImageObject\",\"inLanguage\":\"es\",\"@id\":\"https:\/\/laprensacristiana.com\/#\/schema\/person\/image\/\",\"url\":\"https:\/\/secure.gravatar.com\/avatar\/72069dfb6c13772d9e8381e3638666d2?s=96&d=mm&r=g\",\"contentUrl\":\"https:\/\/secure.gravatar.com\/avatar\/72069dfb6c13772d9e8381e3638666d2?s=96&d=mm&r=g\",\"caption\":\"EDITOR\"},\"url\":\"https:\/\/laprensacristiana.com\/?author=3\"}]}<\/script>\n<!-- \/ Yoast SEO plugin. -->","yoast_head_json":{"title":"Su corderita - La Prensa Cristiana","robots":{"index":"index","follow":"follow","max-snippet":"max-snippet:-1","max-image-preview":"max-image-preview:large","max-video-preview":"max-video-preview:-1"},"canonical":"https:\/\/laprensacristiana.com\/?p=3806","og_locale":"es_ES","og_type":"article","og_title":"Su corderita - La Prensa Cristiana","og_description":"2 Sam. 12:3-4 \u201cPero el pobre no ten\u00eda m\u00e1s que una corderita que \u00e9l hab\u00eda comprado y criado, la cual hab\u00eda crecido junto con \u00e9l y con sus hijos. Com\u00eda de su pan, beb\u00eda de su copa y dorm\u00eda en su seno, y era como una hija para \u00e9l\u201d Y era como una hija para [&hellip;]","og_url":"https:\/\/laprensacristiana.com\/?p=3806","og_site_name":"La Prensa Cristiana","article_published_time":"2018-04-28T13:40:46+00:00","article_modified_time":"2018-04-28T13:46:32+00:00","og_image":[{"width":1280,"height":714,"url":"https:\/\/laprensacristiana.com\/wp-content\/uploads\/2017\/11\/2017-11-23-PHOTO-00003245.jpg","type":"image\/jpeg"}],"author":"EDITOR","twitter_card":"summary_large_image","twitter_misc":{"Escrito por":"EDITOR","Tiempo de lectura":"6 minutos"},"schema":{"@context":"https:\/\/schema.org","@graph":[{"@type":"WebPage","@id":"https:\/\/laprensacristiana.com\/?p=3806","url":"https:\/\/laprensacristiana.com\/?p=3806","name":"Su corderita - La Prensa Cristiana","isPartOf":{"@id":"https:\/\/laprensacristiana.com\/#website"},"datePublished":"2018-04-28T13:40:46+00:00","dateModified":"2018-04-28T13:46:32+00:00","author":{"@id":"https:\/\/laprensacristiana.com\/#\/schema\/person\/3e7d82c6bfd6b1fa67010f8f7cd5256e"},"breadcrumb":{"@id":"https:\/\/laprensacristiana.com\/?p=3806#breadcrumb"},"inLanguage":"es","potentialAction":[{"@type":"ReadAction","target":["https:\/\/laprensacristiana.com\/?p=3806"]}]},{"@type":"BreadcrumbList","@id":"https:\/\/laprensacristiana.com\/?p=3806#breadcrumb","itemListElement":[{"@type":"ListItem","position":1,"name":"Portada","item":"https:\/\/laprensacristiana.com\/"},{"@type":"ListItem","position":2,"name":"Su corderita"}]},{"@type":"WebSite","@id":"https:\/\/laprensacristiana.com\/#website","url":"https:\/\/laprensacristiana.com\/","name":"La Prensa Cristiana","description":"Anunciando Las Buenas Nuevas","potentialAction":[{"@type":"SearchAction","target":{"@type":"EntryPoint","urlTemplate":"https:\/\/laprensacristiana.com\/?s={search_term_string}"},"query-input":"required name=search_term_string"}],"inLanguage":"es"},{"@type":"Person","@id":"https:\/\/laprensacristiana.com\/#\/schema\/person\/3e7d82c6bfd6b1fa67010f8f7cd5256e","name":"EDITOR","image":{"@type":"ImageObject","inLanguage":"es","@id":"https:\/\/laprensacristiana.com\/#\/schema\/person\/image\/","url":"https:\/\/secure.gravatar.com\/avatar\/72069dfb6c13772d9e8381e3638666d2?s=96&d=mm&r=g","contentUrl":"https:\/\/secure.gravatar.com\/avatar\/72069dfb6c13772d9e8381e3638666d2?s=96&d=mm&r=g","caption":"EDITOR"},"url":"https:\/\/laprensacristiana.com\/?author=3"}]}},"_links":{"self":[{"href":"https:\/\/laprensacristiana.com\/index.php?rest_route=\/wp\/v2\/posts\/3806"}],"collection":[{"href":"https:\/\/laprensacristiana.com\/index.php?rest_route=\/wp\/v2\/posts"}],"about":[{"href":"https:\/\/laprensacristiana.com\/index.php?rest_route=\/wp\/v2\/types\/post"}],"author":[{"embeddable":true,"href":"https:\/\/laprensacristiana.com\/index.php?rest_route=\/wp\/v2\/users\/3"}],"replies":[{"embeddable":true,"href":"https:\/\/laprensacristiana.com\/index.php?rest_route=%2Fwp%2Fv2%2Fcomments&post=3806"}],"version-history":[{"count":2,"href":"https:\/\/laprensacristiana.com\/index.php?rest_route=\/wp\/v2\/posts\/3806\/revisions"}],"predecessor-version":[{"id":3808,"href":"https:\/\/laprensacristiana.com\/index.php?rest_route=\/wp\/v2\/posts\/3806\/revisions\/3808"}],"wp:featuredmedia":[{"embeddable":true,"href":"https:\/\/laprensacristiana.com\/index.php?rest_route=\/wp\/v2\/media\/3311"}],"wp:attachment":[{"href":"https:\/\/laprensacristiana.com\/index.php?rest_route=%2Fwp%2Fv2%2Fmedia&parent=3806"}],"wp:term":[{"taxonomy":"category","embeddable":true,"href":"https:\/\/laprensacristiana.com\/index.php?rest_route=%2Fwp%2Fv2%2Fcategories&post=3806"},{"taxonomy":"post_tag","embeddable":true,"href":"https:\/\/laprensacristiana.com\/index.php?rest_route=%2Fwp%2Fv2%2Ftags&post=3806"}],"curies":[{"name":"wp","href":"https:\/\/api.w.org\/{rel}","templated":true}]}}