{"id":3810,"date":"2018-04-28T14:50:58","date_gmt":"2018-04-28T14:50:58","guid":{"rendered":"https:\/\/laprensacristiana.com\/?p=3810"},"modified":"2020-07-02T00:05:05","modified_gmt":"2020-07-02T00:05:05","slug":"3810","status":"publish","type":"post","link":"https:\/\/laprensacristiana.com\/?p=3810","title":{"rendered":"El Salvador dice s\u00ed a la vida"},"content":{"rendered":"<p>Ha sido una ardua lucha de parte de diferentes iglesias, organizaciones y de la sociedad en general, que han manifestado de diferentes maneras su descontento ante la probabilidad que exist\u00eda de despenalizar el aborto en el pa\u00eds.<\/p>\n<p>Este jueves 25 de abril, representantes de organizaciones y de la iglesia de Dios, se presentaron en la Asamblea Legislativa para presentar en la \u00faltima plenaria de este parlamento legislativo, que terminan sus funciones en las pr\u00f3ximas semanas, m\u00e1s firmas de personas que no est\u00e1n a favor del aborto, con estas son aproximadamente 30,000. Por consiguiente de esta actividad, se reunieron para desarrollar un foro con el objetivo de mostrar que este hecho es un flagelo hacia la vida humana el cual no debe repetirse; adem\u00e1s, la industria obtenida por este acto es grandemente lucrada no solo en el pa\u00eds, argumentaron los exponentes.<\/p>\n<p>Es as\u00ed, que en al cierre de las funciones de los diputados que componen la Asamblea Legislativa de El Salvador, no aprueba el aborto en el pa\u00eds, es decir; que todo la actividad en pro de la vida de quienes participaron en esta iniciativa, vali\u00f3 la pena porque las autoridades correspondientes tomaron las medidas necesarias. La Asamblea Legislativa dijo s\u00ed a la vida.<\/p>\n<p><img decoding=\"async\" loading=\"lazy\" class=\"alignnone size-full wp-image-3816\" src=\"https:\/\/laprensacristiana.com\/wp-content\/uploads\/2018\/04\/DSC_0059-4.jpg\" alt=\"DSC_0059\" width=\"6016\" height=\"3696\" \/><\/p>\n<p>\u201cEl derecho a la vida existe, el derecho a la matar no existe\u201d, fueron palabras de Julia Regina Cardenal, de la Fundaci\u00f3n S\u00ed a la Vida; se refiri\u00f3 al tema del aborto haciendo saber su postura como integrante de dicha fundaci\u00f3n. Tambi\u00e9n agreg\u00f3 que este solo es el inicio de una lucha que no se debe pausar, porque el derecho a la vida es para todos, desde el momento de la concepci\u00f3n hasta la muerte natural.<\/p>\n<p>En el foro en pro de la vida, se tocaron aspectos que deben ser considerados al momento de si quiera pensar den legalizar la muerte de quienes no pueden defenderse, expres\u00f3 la pastora de Navas en su ponencia.<\/p>\n<p><img decoding=\"async\" loading=\"lazy\" class=\"alignnone size-full wp-image-3817\" src=\"https:\/\/laprensacristiana.com\/wp-content\/uploads\/2018\/04\/DSC_0065.jpg\" alt=\"\" width=\"5536\" height=\"3680\" \/><\/p>\n<p>\u201cAnimo a las iglesias, para que formen ministerios de ayuda hacia la mujer con embarazos en crisis, prep\u00e1rense sobre el tema y puedan ser una respuesta para las que lo necesiten y a las mujeres les invito a que puedan buscar ayuda espiritual, psicol\u00f3gica para que puedan tomar buenas decisiones\u201d, fue el llamado de la Pastora Rosario de Navas. Adem\u00e1s, dice que es necesario que la iglesia tenga e inspire argumentos que sea comprensible para todos y as\u00ed educar\u00a0 de forma adecuada en el tema de aborto.<\/p>\n","protected":false},"excerpt":{"rendered":"<p>Ha sido una ardua lucha de parte de diferentes iglesias, organizaciones y de la sociedad en general, que han manifestado de diferentes maneras su descontento ante la probabilidad que exist\u00eda de despenalizar el aborto en el pa\u00eds. Este jueves 25 de abril, representantes de organizaciones y de la iglesia de Dios, se presentaron en la [&hellip;]<\/p>\n","protected":false},"author":3,"featured_media":3819,"comment_status":"open","ping_status":"open","sticky":false,"template":"","format":"standard","meta":[],"categories":[56],"tags":[],"yoast_head":"<!-- This site is optimized with the Yoast SEO plugin v20.8 - https:\/\/yoast.com\/wordpress\/plugins\/seo\/ -->\n<title>El Salvador dice s\u00ed a la vida - La Prensa Cristiana<\/title>\n<meta name=\"robots\" content=\"index, follow, max-snippet:-1, max-image-preview:large, max-video-preview:-1\" \/>\n<link rel=\"canonical\" href=\"https:\/\/laprensacristiana.com\/?p=3810\" \/>\n<meta property=\"og:locale\" content=\"es_ES\" \/>\n<meta property=\"og:type\" content=\"article\" \/>\n<meta property=\"og:title\" content=\"El Salvador dice s\u00ed a la vida - La Prensa Cristiana\" \/>\n<meta property=\"og:description\" content=\"Ha sido una ardua lucha de parte de diferentes iglesias, organizaciones y de la sociedad en general, que han manifestado de diferentes maneras su descontento ante la probabilidad que exist\u00eda de despenalizar el aborto en el pa\u00eds. Este jueves 25 de abril, representantes de organizaciones y de la iglesia de Dios, se presentaron en la [&hellip;]\" \/>\n<meta property=\"og:url\" content=\"https:\/\/laprensacristiana.com\/?p=3810\" \/>\n<meta property=\"og:site_name\" content=\"La Prensa Cristiana\" \/>\n<meta property=\"article:published_time\" content=\"2018-04-28T14:50:58+00:00\" \/>\n<meta property=\"article:modified_time\" content=\"2020-07-02T00:05:05+00:00\" \/>\n<meta property=\"og:image\" content=\"https:\/\/laprensacristiana.com\/wp-content\/uploads\/2018\/04\/11111-1.jpg\" \/>\n\t<meta property=\"og:image:width\" content=\"960\" \/>\n\t<meta property=\"og:image:height\" content=\"640\" \/>\n\t<meta property=\"og:image:type\" content=\"image\/jpeg\" \/>\n<meta name=\"author\" content=\"EDITOR\" \/>\n<meta name=\"twitter:card\" content=\"summary_large_image\" \/>\n<meta name=\"twitter:label1\" content=\"Escrito por\" \/>\n\t<meta name=\"twitter:data1\" content=\"EDITOR\" \/>\n\t<meta name=\"twitter:label2\" content=\"Tiempo de lectura\" \/>\n\t<meta name=\"twitter:data2\" content=\"2 minutos\" \/>\n<script type=\"application\/ld+json\" class=\"yoast-schema-graph\">{\"@context\":\"https:\/\/schema.org\",\"@graph\":[{\"@type\":\"WebPage\",\"@id\":\"https:\/\/laprensacristiana.com\/?p=3810\",\"url\":\"https:\/\/laprensacristiana.com\/?p=3810\",\"name\":\"El Salvador dice s\u00ed a la vida - La Prensa Cristiana\",\"isPartOf\":{\"@id\":\"https:\/\/laprensacristiana.com\/#website\"},\"datePublished\":\"2018-04-28T14:50:58+00:00\",\"dateModified\":\"2020-07-02T00:05:05+00:00\",\"author\":{\"@id\":\"https:\/\/laprensacristiana.com\/#\/schema\/person\/3e7d82c6bfd6b1fa67010f8f7cd5256e\"},\"breadcrumb\":{\"@id\":\"https:\/\/laprensacristiana.com\/?p=3810#breadcrumb\"},\"inLanguage\":\"es\",\"potentialAction\":[{\"@type\":\"ReadAction\",\"target\":[\"https:\/\/laprensacristiana.com\/?p=3810\"]}]},{\"@type\":\"BreadcrumbList\",\"@id\":\"https:\/\/laprensacristiana.com\/?p=3810#breadcrumb\",\"itemListElement\":[{\"@type\":\"ListItem\",\"position\":1,\"name\":\"Portada\",\"item\":\"https:\/\/laprensacristiana.com\/\"},{\"@type\":\"ListItem\",\"position\":2,\"name\":\"El Salvador dice s\u00ed a la vida\"}]},{\"@type\":\"WebSite\",\"@id\":\"https:\/\/laprensacristiana.com\/#website\",\"url\":\"https:\/\/laprensacristiana.com\/\",\"name\":\"La Prensa Cristiana\",\"description\":\"Anunciando Las Buenas Nuevas\",\"potentialAction\":[{\"@type\":\"SearchAction\",\"target\":{\"@type\":\"EntryPoint\",\"urlTemplate\":\"https:\/\/laprensacristiana.com\/?s={search_term_string}\"},\"query-input\":\"required name=search_term_string\"}],\"inLanguage\":\"es\"},{\"@type\":\"Person\",\"@id\":\"https:\/\/laprensacristiana.com\/#\/schema\/person\/3e7d82c6bfd6b1fa67010f8f7cd5256e\",\"name\":\"EDITOR\",\"image\":{\"@type\":\"ImageObject\",\"inLanguage\":\"es\",\"@id\":\"https:\/\/laprensacristiana.com\/#\/schema\/person\/image\/\",\"url\":\"https:\/\/secure.gravatar.com\/avatar\/72069dfb6c13772d9e8381e3638666d2?s=96&d=mm&r=g\",\"contentUrl\":\"https:\/\/secure.gravatar.com\/avatar\/72069dfb6c13772d9e8381e3638666d2?s=96&d=mm&r=g\",\"caption\":\"EDITOR\"},\"url\":\"https:\/\/laprensacristiana.com\/?author=3\"}]}<\/script>\n<!-- \/ Yoast SEO plugin. -->","yoast_head_json":{"title":"El Salvador dice s\u00ed a la vida - La Prensa Cristiana","robots":{"index":"index","follow":"follow","max-snippet":"max-snippet:-1","max-image-preview":"max-image-preview:large","max-video-preview":"max-video-preview:-1"},"canonical":"https:\/\/laprensacristiana.com\/?p=3810","og_locale":"es_ES","og_type":"article","og_title":"El Salvador dice s\u00ed a la vida - La Prensa Cristiana","og_description":"Ha sido una ardua lucha de parte de diferentes iglesias, organizaciones y de la sociedad en general, que han manifestado de diferentes maneras su descontento ante la probabilidad que exist\u00eda de despenalizar el aborto en el pa\u00eds. Este jueves 25 de abril, representantes de organizaciones y de la iglesia de Dios, se presentaron en la [&hellip;]","og_url":"https:\/\/laprensacristiana.com\/?p=3810","og_site_name":"La Prensa Cristiana","article_published_time":"2018-04-28T14:50:58+00:00","article_modified_time":"2020-07-02T00:05:05+00:00","og_image":[{"width":960,"height":640,"url":"https:\/\/laprensacristiana.com\/wp-content\/uploads\/2018\/04\/11111-1.jpg","type":"image\/jpeg"}],"author":"EDITOR","twitter_card":"summary_large_image","twitter_misc":{"Escrito por":"EDITOR","Tiempo de lectura":"2 minutos"},"schema":{"@context":"https:\/\/schema.org","@graph":[{"@type":"WebPage","@id":"https:\/\/laprensacristiana.com\/?p=3810","url":"https:\/\/laprensacristiana.com\/?p=3810","name":"El Salvador dice s\u00ed a la vida - La Prensa Cristiana","isPartOf":{"@id":"https:\/\/laprensacristiana.com\/#website"},"datePublished":"2018-04-28T14:50:58+00:00","dateModified":"2020-07-02T00:05:05+00:00","author":{"@id":"https:\/\/laprensacristiana.com\/#\/schema\/person\/3e7d82c6bfd6b1fa67010f8f7cd5256e"},"breadcrumb":{"@id":"https:\/\/laprensacristiana.com\/?p=3810#breadcrumb"},"inLanguage":"es","potentialAction":[{"@type":"ReadAction","target":["https:\/\/laprensacristiana.com\/?p=3810"]}]},{"@type":"BreadcrumbList","@id":"https:\/\/laprensacristiana.com\/?p=3810#breadcrumb","itemListElement":[{"@type":"ListItem","position":1,"name":"Portada","item":"https:\/\/laprensacristiana.com\/"},{"@type":"ListItem","position":2,"name":"El Salvador dice s\u00ed a la vida"}]},{"@type":"WebSite","@id":"https:\/\/laprensacristiana.com\/#website","url":"https:\/\/laprensacristiana.com\/","name":"La Prensa Cristiana","description":"Anunciando Las Buenas Nuevas","potentialAction":[{"@type":"SearchAction","target":{"@type":"EntryPoint","urlTemplate":"https:\/\/laprensacristiana.com\/?s={search_term_string}"},"query-input":"required name=search_term_string"}],"inLanguage":"es"},{"@type":"Person","@id":"https:\/\/laprensacristiana.com\/#\/schema\/person\/3e7d82c6bfd6b1fa67010f8f7cd5256e","name":"EDITOR","image":{"@type":"ImageObject","inLanguage":"es","@id":"https:\/\/laprensacristiana.com\/#\/schema\/person\/image\/","url":"https:\/\/secure.gravatar.com\/avatar\/72069dfb6c13772d9e8381e3638666d2?s=96&d=mm&r=g","contentUrl":"https:\/\/secure.gravatar.com\/avatar\/72069dfb6c13772d9e8381e3638666d2?s=96&d=mm&r=g","caption":"EDITOR"},"url":"https:\/\/laprensacristiana.com\/?author=3"}]}},"_links":{"self":[{"href":"https:\/\/laprensacristiana.com\/index.php?rest_route=\/wp\/v2\/posts\/3810"}],"collection":[{"href":"https:\/\/laprensacristiana.com\/index.php?rest_route=\/wp\/v2\/posts"}],"about":[{"href":"https:\/\/laprensacristiana.com\/index.php?rest_route=\/wp\/v2\/types\/post"}],"author":[{"embeddable":true,"href":"https:\/\/laprensacristiana.com\/index.php?rest_route=\/wp\/v2\/users\/3"}],"replies":[{"embeddable":true,"href":"https:\/\/laprensacristiana.com\/index.php?rest_route=%2Fwp%2Fv2%2Fcomments&post=3810"}],"version-history":[{"count":4,"href":"https:\/\/laprensacristiana.com\/index.php?rest_route=\/wp\/v2\/posts\/3810\/revisions"}],"predecessor-version":[{"id":3823,"href":"https:\/\/laprensacristiana.com\/index.php?rest_route=\/wp\/v2\/posts\/3810\/revisions\/3823"}],"wp:featuredmedia":[{"embeddable":true,"href":"https:\/\/laprensacristiana.com\/index.php?rest_route=\/wp\/v2\/media\/3819"}],"wp:attachment":[{"href":"https:\/\/laprensacristiana.com\/index.php?rest_route=%2Fwp%2Fv2%2Fmedia&parent=3810"}],"wp:term":[{"taxonomy":"category","embeddable":true,"href":"https:\/\/laprensacristiana.com\/index.php?rest_route=%2Fwp%2Fv2%2Fcategories&post=3810"},{"taxonomy":"post_tag","embeddable":true,"href":"https:\/\/laprensacristiana.com\/index.php?rest_route=%2Fwp%2Fv2%2Ftags&post=3810"}],"curies":[{"name":"wp","href":"https:\/\/api.w.org\/{rel}","templated":true}]}}