{"id":3831,"date":"2018-04-30T16:44:18","date_gmt":"2018-04-30T16:44:18","guid":{"rendered":"https:\/\/laprensacristiana.com\/?p=3831"},"modified":"2020-07-02T00:04:51","modified_gmt":"2020-07-02T00:04:51","slug":"3831","status":"publish","type":"post","link":"https:\/\/laprensacristiana.com\/?p=3831","title":{"rendered":"Santa Tecla Organizada para Cristo realiza traspaso de mando"},"content":{"rendered":"<p>El pasado lunes 23 de abril del presente a\u00f1o la asociaci\u00f3n pastoral Santa Tecla Organizada para Cristo conocida por sus siglas como SANTO, realiz\u00f3 el traspaso de mando presidencial. En un acto solemne\u00a0 con la presencia de diferentes autoridades de la Iglesia Evang\u00e9lica, el Dr. Josu\u00e9 Anaya (presidente saliente) entreg\u00f3 su cargo al pastor Rafael Reyes (Presidente entrante).<\/p>\n<p><strong><em>La Asociaci\u00f3n <\/em><\/strong><\/p>\n<p>SANTO nace en el a\u00f1o 2014 con la finalidad de unificar y fortalecer el ministerio pastoral, como un solo cuerpo en Cristo para la mutua edificaci\u00f3n y evangelizaci\u00f3n de la sociedad, impactando su ciudad con el mensaje del evangelio, bajos los valores de unidad, integridad, compromiso, solidaridad, responsabilidad, lealtad y servicio, teniendo como fundamento b\u00edblico el texto del evangelio de Juan 17: 21-23:<\/p>\n<p><em>21\u00a0para que todos sean uno; como t\u00fa, oh Padre, en m\u00ed, y yo en ti, que tambi\u00e9n ellos sean uno en nosotros; para que el mundo crea que t\u00fa me enviaste.<\/em><\/p>\n<p><em>22\u00a0La gloria que me diste, yo les he dado, para que sean uno, as\u00ed como nosotros somos uno.<\/em><\/p>\n<p><em>23\u00a0Yo en ellos, y t\u00fa en m\u00ed, para que sean perfectos en unidad, para que el mundo conozca que t\u00fa me enviaste, y que los has amado a ellos como tambi\u00e9n a m\u00ed me has amado.<\/em><\/p>\n<p>En los \u00faltimos a\u00f1os su labor ha trascendido a las afueras de su ciudad, desde jornadas de oraci\u00f3n, marchas, hasta campa\u00f1as evangelisticas en estadios.<\/p>\n<p><strong><em>Los motivos del cambio de mando<\/em><\/strong><\/p>\n<p>El Dr. Josu\u00e9 Anaya junto a su familia han recibido de Dios el llamado de expandir su ministerio hacia Estados Unidos, en la iglesia New Life oraban para que Dios enviar\u00e1 a la persona indicada para pastorear el \u00e1rea hispana de la congregaci\u00f3n, tambi\u00e9n ir\u00e1n a fundar una asociaci\u00f3n de pastores denominada: Sacramento para Cristo. Con su llegada a tierras Norteamericanas pretende convertirse en un v\u00ednculo entre ambas naciones, de forma estrat\u00e9gica lograr proyectos que sean de beneficio para el desarrollo de El Salvador. A ra\u00edz de su trabajo y esfuerzo, en el evento le otorgaron un reconocimiento y lo nombraron presidente honorario.<\/p>\n<p>\u201cEstoy satisfecho por cumplir lo encomendado por Dios e insto a permanecer siempre bajo la misma visi\u00f3n y misi\u00f3n\u201d expres\u00f3 el Dr. Josu\u00e9 Anaya.<\/p>\n<p><strong><em>El nuevo presidente<\/em><\/strong><\/p>\n<p>Rafael Alexander Reyes Alfaro naci\u00f3 en Antiguo Cuscatl\u00e1n el 24 de octubre 1984.<\/p>\n<p>Su llamado al ministerio pastoral inicia en una reuni\u00f3n de oraci\u00f3n, donde le imponen las manos y recibe una palabra de parte de Dios diciendo \u201cApartado eres para ser Pastor \u2013 Evangelista\u201d en ese momento con apenas siete a\u00f1os de edad.<\/p>\n<p>A los diecisiete a\u00f1os toma la responsabilidad de ser Pastor de j\u00f3venes en Iglesia Cristiana Josu\u00e9 Merliot de las Asambleas de Dios, iglesia en la que nace y sirve desde los once a\u00f1os en diferentes ministerios infantojuveniles.<\/p>\n<p>Siete a\u00f1os m\u00e1s tarde asume un nuevo rol dentro de la Iglesia como Co-Pastor, no dejando de lado el seguir sirviendo a los ni\u00f1os y j\u00f3venes.\u00a0 Durante este tiempo (siendo Co-Pastor de la Iglesia) trabaj\u00f3 en diversas empresas nacionales en el \u00e1rea contable y tambi\u00e9n en instituciones educativas.<\/p>\n<p>Pero en su momento Dios cumpli\u00f3 su promesa, a los treinta a\u00f1os de edad se le asigna la funci\u00f3n de Pastor General de la misma Iglesia que lo vio crecer, tuvo que renunciar a sus otras responsabilidades y dedicarse a tiempo completo en servir en la obra del Se\u00f1or.<\/p>\n<p>En la actualidad tambi\u00e9n sirve en los departamentos infantojuveniles de Asambleas de Dios tales como: Embajadores de Cristo y Castillo del Rey; y es tambi\u00e9n colaborador en la Asociaci\u00f3n de L\u00edderes Juveniles (ALJ).<\/p>\n<p>Llega a Santa Tecla Organizada para Cristo (SANTO) por una invitaci\u00f3n del Dr. Josu\u00e9 Anaya, en la que m\u00e1s adelante funge como Secretario General de la organizaci\u00f3n hasta convertirse en el sucesor del Dr. Anaya, siendo en la actualidad el nuevo presidente de la asociaci\u00f3n.<\/p>\n<p>\u201cEs un gran reto, pero siempre he cre\u00eddo que Fiel es \u00c9l que me llam\u00f3, Fiel ser\u00e1 en cumplir su Palabra\u201d expres\u00f3 el pastor Rafael Reyes.<\/p>\n<figure id=\"attachment_3833\" aria-describedby=\"caption-attachment-3833\" style=\"width: 1280px\" class=\"wp-caption alignnone\"><img decoding=\"async\" loading=\"lazy\" class=\"size-full wp-image-3833\" src=\"https:\/\/laprensacristiana.com\/wp-content\/uploads\/2018\/04\/3.jpeg\" alt=\"De izquierda a derecha: Rev. Dr. Josu\u00e9 Anaya Presidente Honorario de SANTO, Luis Angel D\u00edaz Supervisor Nacional de Iglesia de Dios, Rev. Rafael Reyes nuevo presidente de SANTO, Presb\u00edtero Jos\u00e9 Luis Gonz\u00e1lez Asambleas de Dios, Rev. Sa\u00fal Henr\u00edquez presidente de Asociaci\u00f3n de Pastores de Quezaltepeque APEQ, Rev. Neftal\u00ed Alvarenga Presidente de UNESA, Rev. Rogelio Rivera Presidente de Asociaci\u00f3n de Pastores de Lourdes UNIPALCO, Rev. Evaristo Palacios Presidente de Asociaci\u00f3n de Pastores de Zaragoza, Dra. Haydee Driottez L\u00edder de Intercesi\u00f3n de SANTO.\" width=\"1280\" height=\"851\" srcset=\"https:\/\/laprensacristiana.com\/wp-content\/uploads\/2018\/04\/3.jpeg 1280w, https:\/\/laprensacristiana.com\/wp-content\/uploads\/2018\/04\/3-600x399.jpeg 600w, https:\/\/laprensacristiana.com\/wp-content\/uploads\/2018\/04\/3-300x199.jpeg 300w, https:\/\/laprensacristiana.com\/wp-content\/uploads\/2018\/04\/3-768x511.jpeg 768w, https:\/\/laprensacristiana.com\/wp-content\/uploads\/2018\/04\/3-1024x681.jpeg 1024w, https:\/\/laprensacristiana.com\/wp-content\/uploads\/2018\/04\/3-696x463.jpeg 696w, https:\/\/laprensacristiana.com\/wp-content\/uploads\/2018\/04\/3-1068x710.jpeg 1068w, https:\/\/laprensacristiana.com\/wp-content\/uploads\/2018\/04\/3-632x420.jpeg 632w\" sizes=\"(max-width: 1280px) 100vw, 1280px\" \/><figcaption id=\"caption-attachment-3833\" class=\"wp-caption-text\">De izquierda a derecha: Rev. Dr. Josu\u00e9 Anaya Presidente Honorario de SANTO, Luis Angel D\u00edaz Supervisor Nacional de Iglesia de Dios, Rev. Rafael Reyes nuevo presidente de SANTO, Presb\u00edtero Jos\u00e9 Luis Gonz\u00e1lez Asambleas de Dios, Rev. Sa\u00fal Henr\u00edquez presidente de Asociaci\u00f3n de Pastores de Quezaltepeque APEQ, Rev. Neftal\u00ed Alvarenga Presidente de UNESA, Rev. Rogelio Rivera Presidente de Asociaci\u00f3n de Pastores de Lourdes UNIPALCO, Rev. Evaristo Palacios Presidente de Asociaci\u00f3n de Pastores de Zaragoza, Dra. Haydee Driottez L\u00edder de Intercesi\u00f3n de SANTO.<\/figcaption><\/figure>\n<p>En pocos a\u00f1os SANTO se ha convertido en una asociaci\u00f3n pastoral muy reconocida, debido a su labor y a la f\u00e1cil forma de integraci\u00f3n para sumarse a los proyectos que benefician al pueblo cristiano, como tambi\u00e9n para detener todo aquello que no es beneficioso.<\/p>\n<p><em>\u201cEs un gran reto, pero siempre he cre\u00eddo que Fiel es el que me llam\u00f3, Fiel ser\u00e1 en cumplir su Palabra\u201d Pastor Rafael Reyes Nuevo Presidente SANTO.<\/em><\/p>\n<p><em>\u201cEstoy satisfecho por cumplir lo encomendado por Dios e insto a permanecer siempre bajo la misma visi\u00f3n y misi\u00f3n\u201d Dr. Josu\u00e9 Anaya \u2013 Presidente Honorario SANTO<\/em><\/p>\n","protected":false},"excerpt":{"rendered":"<p>El pasado lunes 23 de abril del presente a\u00f1o la asociaci\u00f3n pastoral Santa Tecla Organizada para Cristo conocida por sus siglas como SANTO, realiz\u00f3 el traspaso de mando presidencial. En un acto solemne\u00a0 con la presencia de diferentes autoridades de la Iglesia Evang\u00e9lica, el Dr. Josu\u00e9 Anaya (presidente saliente) entreg\u00f3 su cargo al pastor Rafael [&hellip;]<\/p>\n","protected":false},"author":3,"featured_media":3832,"comment_status":"open","ping_status":"open","sticky":false,"template":"","format":"standard","meta":[],"categories":[56],"tags":[],"yoast_head":"<!-- This site is optimized with the Yoast SEO plugin v20.8 - https:\/\/yoast.com\/wordpress\/plugins\/seo\/ -->\n<title>Santa Tecla Organizada para Cristo realiza traspaso de mando - La Prensa Cristiana<\/title>\n<meta name=\"robots\" content=\"index, follow, max-snippet:-1, max-image-preview:large, max-video-preview:-1\" \/>\n<link rel=\"canonical\" href=\"https:\/\/laprensacristiana.com\/?p=3831\" \/>\n<meta property=\"og:locale\" content=\"es_ES\" \/>\n<meta property=\"og:type\" content=\"article\" \/>\n<meta property=\"og:title\" content=\"Santa Tecla Organizada para Cristo realiza traspaso de mando - La Prensa Cristiana\" \/>\n<meta property=\"og:description\" content=\"El pasado lunes 23 de abril del presente a\u00f1o la asociaci\u00f3n pastoral Santa Tecla Organizada para Cristo conocida por sus siglas como SANTO, realiz\u00f3 el traspaso de mando presidencial. En un acto solemne\u00a0 con la presencia de diferentes autoridades de la Iglesia Evang\u00e9lica, el Dr. Josu\u00e9 Anaya (presidente saliente) entreg\u00f3 su cargo al pastor Rafael [&hellip;]\" \/>\n<meta property=\"og:url\" content=\"https:\/\/laprensacristiana.com\/?p=3831\" \/>\n<meta property=\"og:site_name\" content=\"La Prensa Cristiana\" \/>\n<meta property=\"article:published_time\" content=\"2018-04-30T16:44:18+00:00\" \/>\n<meta property=\"article:modified_time\" content=\"2020-07-02T00:04:51+00:00\" \/>\n<meta property=\"og:image\" content=\"https:\/\/laprensacristiana.com\/wp-content\/uploads\/2018\/04\/8-3.jpg\" \/>\n\t<meta property=\"og:image:width\" content=\"1280\" \/>\n\t<meta property=\"og:image:height\" content=\"851\" \/>\n\t<meta property=\"og:image:type\" content=\"image\/jpeg\" \/>\n<meta name=\"author\" content=\"EDITOR\" \/>\n<meta name=\"twitter:card\" content=\"summary_large_image\" \/>\n<meta name=\"twitter:label1\" content=\"Escrito por\" \/>\n\t<meta name=\"twitter:data1\" content=\"EDITOR\" \/>\n\t<meta name=\"twitter:label2\" content=\"Tiempo de lectura\" \/>\n\t<meta name=\"twitter:data2\" content=\"5 minutos\" \/>\n<script type=\"application\/ld+json\" class=\"yoast-schema-graph\">{\"@context\":\"https:\/\/schema.org\",\"@graph\":[{\"@type\":\"WebPage\",\"@id\":\"https:\/\/laprensacristiana.com\/?p=3831\",\"url\":\"https:\/\/laprensacristiana.com\/?p=3831\",\"name\":\"Santa Tecla Organizada para Cristo realiza traspaso de mando - La Prensa Cristiana\",\"isPartOf\":{\"@id\":\"https:\/\/laprensacristiana.com\/#website\"},\"datePublished\":\"2018-04-30T16:44:18+00:00\",\"dateModified\":\"2020-07-02T00:04:51+00:00\",\"author\":{\"@id\":\"https:\/\/laprensacristiana.com\/#\/schema\/person\/3e7d82c6bfd6b1fa67010f8f7cd5256e\"},\"breadcrumb\":{\"@id\":\"https:\/\/laprensacristiana.com\/?p=3831#breadcrumb\"},\"inLanguage\":\"es\",\"potentialAction\":[{\"@type\":\"ReadAction\",\"target\":[\"https:\/\/laprensacristiana.com\/?p=3831\"]}]},{\"@type\":\"BreadcrumbList\",\"@id\":\"https:\/\/laprensacristiana.com\/?p=3831#breadcrumb\",\"itemListElement\":[{\"@type\":\"ListItem\",\"position\":1,\"name\":\"Portada\",\"item\":\"https:\/\/laprensacristiana.com\/\"},{\"@type\":\"ListItem\",\"position\":2,\"name\":\"Santa Tecla Organizada para Cristo realiza traspaso de mando\"}]},{\"@type\":\"WebSite\",\"@id\":\"https:\/\/laprensacristiana.com\/#website\",\"url\":\"https:\/\/laprensacristiana.com\/\",\"name\":\"La Prensa Cristiana\",\"description\":\"Anunciando Las Buenas Nuevas\",\"potentialAction\":[{\"@type\":\"SearchAction\",\"target\":{\"@type\":\"EntryPoint\",\"urlTemplate\":\"https:\/\/laprensacristiana.com\/?s={search_term_string}\"},\"query-input\":\"required name=search_term_string\"}],\"inLanguage\":\"es\"},{\"@type\":\"Person\",\"@id\":\"https:\/\/laprensacristiana.com\/#\/schema\/person\/3e7d82c6bfd6b1fa67010f8f7cd5256e\",\"name\":\"EDITOR\",\"image\":{\"@type\":\"ImageObject\",\"inLanguage\":\"es\",\"@id\":\"https:\/\/laprensacristiana.com\/#\/schema\/person\/image\/\",\"url\":\"https:\/\/secure.gravatar.com\/avatar\/72069dfb6c13772d9e8381e3638666d2?s=96&d=mm&r=g\",\"contentUrl\":\"https:\/\/secure.gravatar.com\/avatar\/72069dfb6c13772d9e8381e3638666d2?s=96&d=mm&r=g\",\"caption\":\"EDITOR\"},\"url\":\"https:\/\/laprensacristiana.com\/?author=3\"}]}<\/script>\n<!-- \/ Yoast SEO plugin. -->","yoast_head_json":{"title":"Santa Tecla Organizada para Cristo realiza traspaso de mando - La Prensa Cristiana","robots":{"index":"index","follow":"follow","max-snippet":"max-snippet:-1","max-image-preview":"max-image-preview:large","max-video-preview":"max-video-preview:-1"},"canonical":"https:\/\/laprensacristiana.com\/?p=3831","og_locale":"es_ES","og_type":"article","og_title":"Santa Tecla Organizada para Cristo realiza traspaso de mando - La Prensa Cristiana","og_description":"El pasado lunes 23 de abril del presente a\u00f1o la asociaci\u00f3n pastoral Santa Tecla Organizada para Cristo conocida por sus siglas como SANTO, realiz\u00f3 el traspaso de mando presidencial. En un acto solemne\u00a0 con la presencia de diferentes autoridades de la Iglesia Evang\u00e9lica, el Dr. Josu\u00e9 Anaya (presidente saliente) entreg\u00f3 su cargo al pastor Rafael [&hellip;]","og_url":"https:\/\/laprensacristiana.com\/?p=3831","og_site_name":"La Prensa Cristiana","article_published_time":"2018-04-30T16:44:18+00:00","article_modified_time":"2020-07-02T00:04:51+00:00","og_image":[{"width":1280,"height":851,"url":"https:\/\/laprensacristiana.com\/wp-content\/uploads\/2018\/04\/8-3.jpg","type":"image\/jpeg"}],"author":"EDITOR","twitter_card":"summary_large_image","twitter_misc":{"Escrito por":"EDITOR","Tiempo de lectura":"5 minutos"},"schema":{"@context":"https:\/\/schema.org","@graph":[{"@type":"WebPage","@id":"https:\/\/laprensacristiana.com\/?p=3831","url":"https:\/\/laprensacristiana.com\/?p=3831","name":"Santa Tecla Organizada para Cristo realiza traspaso de mando - La Prensa Cristiana","isPartOf":{"@id":"https:\/\/laprensacristiana.com\/#website"},"datePublished":"2018-04-30T16:44:18+00:00","dateModified":"2020-07-02T00:04:51+00:00","author":{"@id":"https:\/\/laprensacristiana.com\/#\/schema\/person\/3e7d82c6bfd6b1fa67010f8f7cd5256e"},"breadcrumb":{"@id":"https:\/\/laprensacristiana.com\/?p=3831#breadcrumb"},"inLanguage":"es","potentialAction":[{"@type":"ReadAction","target":["https:\/\/laprensacristiana.com\/?p=3831"]}]},{"@type":"BreadcrumbList","@id":"https:\/\/laprensacristiana.com\/?p=3831#breadcrumb","itemListElement":[{"@type":"ListItem","position":1,"name":"Portada","item":"https:\/\/laprensacristiana.com\/"},{"@type":"ListItem","position":2,"name":"Santa Tecla Organizada para Cristo realiza traspaso de mando"}]},{"@type":"WebSite","@id":"https:\/\/laprensacristiana.com\/#website","url":"https:\/\/laprensacristiana.com\/","name":"La Prensa Cristiana","description":"Anunciando Las Buenas Nuevas","potentialAction":[{"@type":"SearchAction","target":{"@type":"EntryPoint","urlTemplate":"https:\/\/laprensacristiana.com\/?s={search_term_string}"},"query-input":"required name=search_term_string"}],"inLanguage":"es"},{"@type":"Person","@id":"https:\/\/laprensacristiana.com\/#\/schema\/person\/3e7d82c6bfd6b1fa67010f8f7cd5256e","name":"EDITOR","image":{"@type":"ImageObject","inLanguage":"es","@id":"https:\/\/laprensacristiana.com\/#\/schema\/person\/image\/","url":"https:\/\/secure.gravatar.com\/avatar\/72069dfb6c13772d9e8381e3638666d2?s=96&d=mm&r=g","contentUrl":"https:\/\/secure.gravatar.com\/avatar\/72069dfb6c13772d9e8381e3638666d2?s=96&d=mm&r=g","caption":"EDITOR"},"url":"https:\/\/laprensacristiana.com\/?author=3"}]}},"_links":{"self":[{"href":"https:\/\/laprensacristiana.com\/index.php?rest_route=\/wp\/v2\/posts\/3831"}],"collection":[{"href":"https:\/\/laprensacristiana.com\/index.php?rest_route=\/wp\/v2\/posts"}],"about":[{"href":"https:\/\/laprensacristiana.com\/index.php?rest_route=\/wp\/v2\/types\/post"}],"author":[{"embeddable":true,"href":"https:\/\/laprensacristiana.com\/index.php?rest_route=\/wp\/v2\/users\/3"}],"replies":[{"embeddable":true,"href":"https:\/\/laprensacristiana.com\/index.php?rest_route=%2Fwp%2Fv2%2Fcomments&post=3831"}],"version-history":[{"count":3,"href":"https:\/\/laprensacristiana.com\/index.php?rest_route=\/wp\/v2\/posts\/3831\/revisions"}],"predecessor-version":[{"id":3836,"href":"https:\/\/laprensacristiana.com\/index.php?rest_route=\/wp\/v2\/posts\/3831\/revisions\/3836"}],"wp:featuredmedia":[{"embeddable":true,"href":"https:\/\/laprensacristiana.com\/index.php?rest_route=\/wp\/v2\/media\/3832"}],"wp:attachment":[{"href":"https:\/\/laprensacristiana.com\/index.php?rest_route=%2Fwp%2Fv2%2Fmedia&parent=3831"}],"wp:term":[{"taxonomy":"category","embeddable":true,"href":"https:\/\/laprensacristiana.com\/index.php?rest_route=%2Fwp%2Fv2%2Fcategories&post=3831"},{"taxonomy":"post_tag","embeddable":true,"href":"https:\/\/laprensacristiana.com\/index.php?rest_route=%2Fwp%2Fv2%2Ftags&post=3831"}],"curies":[{"name":"wp","href":"https:\/\/api.w.org\/{rel}","templated":true}]}}