{"id":3880,"date":"2018-05-08T21:27:20","date_gmt":"2018-05-08T21:27:20","guid":{"rendered":"https:\/\/laprensacristiana.com\/?p=3880"},"modified":"2020-07-02T00:02:30","modified_gmt":"2020-07-02T00:02:30","slug":"renovacion-espiritual-edificacion-para-todas","status":"publish","type":"post","link":"https:\/\/laprensacristiana.com\/?p=3880","title":{"rendered":"Renovaci\u00f3n espiritual, edificaci\u00f3n para todas"},"content":{"rendered":"<p>&nbsp;<\/p>\n<p><strong>Por: Erika Menjivar<\/strong><\/p>\n<p>El Ministerio Internacional \u201cUn cafecito con Jes\u00fas\u201d hace la invitaci\u00f3n para el evento dirigido a mujeres, este 9 de junio del presente a\u00f1o, con la invitaci\u00f3n especial de la predicadora y salmista internacional Egleyda Billard.<\/p>\n<p>\u201cEl prop\u00f3sito de este evento es bendecir cada una de las mujeres que participen con el fin de renovar su cuerpo, alma y espiritual\u201d, expresa Claudia Guillen, organizadora del evento. Adem\u00e1s, comenta que la invitada especial, Egleyda Billard, ser\u00e1 la encargada de ministrar por medio de un mensaje y de la alabanza.<\/p>\n<p>Los invitados para este evento, adem\u00e1s de la salmista Egleyda ser\u00e1n pastoras y l\u00edderes de Guatemala, Honduras, Nicaragua y El Salvador. Quienes estar\u00e1n encargados de llevar un mensaje de salvaci\u00f3n y avivamiento para la vida de muchas mujeres creyentes y no creyentes.<\/p>\n<p>Dice la organizadora del evento, que la expectativa de esta actividad es fomentar la unidad en el pueblo de Dios y que las asistentes busquen m\u00e1s de la presencia del Esp\u00edritu Santo a pesar de las dificultades.<\/p>\n<p>La invitaci\u00f3n es a que participen este s\u00e1bado 9 de junio a las 8:30 am en el audit\u00f3rium del museo David J. Guzm\u00e1n, en San Salvador El Salvador, la ofrenda ser\u00e1 de $15, para mayor informaci\u00f3n llamar al tel\u00e9fono 7910-2226.<\/p>\n<p>&nbsp;<\/p>\n<p>&nbsp;<\/p>\n","protected":false},"excerpt":{"rendered":"<p>&nbsp; Por: Erika Menjivar El Ministerio Internacional \u201cUn cafecito con Jes\u00fas\u201d hace la invitaci\u00f3n para el evento dirigido a mujeres, este 9 de junio del presente a\u00f1o, con la invitaci\u00f3n especial de la predicadora y salmista internacional Egleyda Billard. \u201cEl prop\u00f3sito de este evento es bendecir cada una de las mujeres que participen con el [&hellip;]<\/p>\n","protected":false},"author":3,"featured_media":3881,"comment_status":"open","ping_status":"open","sticky":false,"template":"","format":"standard","meta":[],"categories":[36],"tags":[],"yoast_head":"<!-- This site is optimized with the Yoast SEO plugin v20.8 - https:\/\/yoast.com\/wordpress\/plugins\/seo\/ -->\n<title>Renovaci\u00f3n espiritual, edificaci\u00f3n para todas - La Prensa Cristiana<\/title>\n<meta name=\"robots\" content=\"index, follow, max-snippet:-1, max-image-preview:large, max-video-preview:-1\" \/>\n<link rel=\"canonical\" href=\"https:\/\/laprensacristiana.com\/?p=3880\" \/>\n<meta property=\"og:locale\" content=\"es_ES\" \/>\n<meta property=\"og:type\" content=\"article\" \/>\n<meta property=\"og:title\" content=\"Renovaci\u00f3n espiritual, edificaci\u00f3n para todas - La Prensa Cristiana\" \/>\n<meta property=\"og:description\" content=\"&nbsp; Por: Erika Menjivar El Ministerio Internacional \u201cUn cafecito con Jes\u00fas\u201d hace la invitaci\u00f3n para el evento dirigido a mujeres, este 9 de junio del presente a\u00f1o, con la invitaci\u00f3n especial de la predicadora y salmista internacional Egleyda Billard. \u201cEl prop\u00f3sito de este evento es bendecir cada una de las mujeres que participen con el [&hellip;]\" \/>\n<meta property=\"og:url\" content=\"https:\/\/laprensacristiana.com\/?p=3880\" \/>\n<meta property=\"og:site_name\" content=\"La Prensa Cristiana\" \/>\n<meta property=\"article:published_time\" content=\"2018-05-08T21:27:20+00:00\" \/>\n<meta property=\"article:modified_time\" content=\"2020-07-02T00:02:30+00:00\" \/>\n<meta property=\"og:image\" content=\"https:\/\/laprensacristiana.com\/wp-content\/uploads\/2018\/05\/iiiii.jpg\" \/>\n\t<meta property=\"og:image:width\" content=\"1024\" \/>\n\t<meta property=\"og:image:height\" content=\"485\" \/>\n\t<meta property=\"og:image:type\" content=\"image\/jpeg\" \/>\n<meta name=\"author\" content=\"EDITOR\" \/>\n<meta name=\"twitter:card\" content=\"summary_large_image\" \/>\n<meta name=\"twitter:label1\" content=\"Escrito por\" \/>\n\t<meta name=\"twitter:data1\" content=\"EDITOR\" \/>\n\t<meta name=\"twitter:label2\" content=\"Tiempo de lectura\" \/>\n\t<meta name=\"twitter:data2\" content=\"1 minuto\" \/>\n<script type=\"application\/ld+json\" class=\"yoast-schema-graph\">{\"@context\":\"https:\/\/schema.org\",\"@graph\":[{\"@type\":\"WebPage\",\"@id\":\"https:\/\/laprensacristiana.com\/?p=3880\",\"url\":\"https:\/\/laprensacristiana.com\/?p=3880\",\"name\":\"Renovaci\u00f3n espiritual, edificaci\u00f3n para todas - La Prensa Cristiana\",\"isPartOf\":{\"@id\":\"https:\/\/laprensacristiana.com\/#website\"},\"datePublished\":\"2018-05-08T21:27:20+00:00\",\"dateModified\":\"2020-07-02T00:02:30+00:00\",\"author\":{\"@id\":\"https:\/\/laprensacristiana.com\/#\/schema\/person\/3e7d82c6bfd6b1fa67010f8f7cd5256e\"},\"breadcrumb\":{\"@id\":\"https:\/\/laprensacristiana.com\/?p=3880#breadcrumb\"},\"inLanguage\":\"es\",\"potentialAction\":[{\"@type\":\"ReadAction\",\"target\":[\"https:\/\/laprensacristiana.com\/?p=3880\"]}]},{\"@type\":\"BreadcrumbList\",\"@id\":\"https:\/\/laprensacristiana.com\/?p=3880#breadcrumb\",\"itemListElement\":[{\"@type\":\"ListItem\",\"position\":1,\"name\":\"Portada\",\"item\":\"https:\/\/laprensacristiana.com\/\"},{\"@type\":\"ListItem\",\"position\":2,\"name\":\"Renovaci\u00f3n espiritual, edificaci\u00f3n para todas\"}]},{\"@type\":\"WebSite\",\"@id\":\"https:\/\/laprensacristiana.com\/#website\",\"url\":\"https:\/\/laprensacristiana.com\/\",\"name\":\"La Prensa Cristiana\",\"description\":\"Anunciando Las Buenas Nuevas\",\"potentialAction\":[{\"@type\":\"SearchAction\",\"target\":{\"@type\":\"EntryPoint\",\"urlTemplate\":\"https:\/\/laprensacristiana.com\/?s={search_term_string}\"},\"query-input\":\"required name=search_term_string\"}],\"inLanguage\":\"es\"},{\"@type\":\"Person\",\"@id\":\"https:\/\/laprensacristiana.com\/#\/schema\/person\/3e7d82c6bfd6b1fa67010f8f7cd5256e\",\"name\":\"EDITOR\",\"image\":{\"@type\":\"ImageObject\",\"inLanguage\":\"es\",\"@id\":\"https:\/\/laprensacristiana.com\/#\/schema\/person\/image\/\",\"url\":\"https:\/\/secure.gravatar.com\/avatar\/72069dfb6c13772d9e8381e3638666d2?s=96&d=mm&r=g\",\"contentUrl\":\"https:\/\/secure.gravatar.com\/avatar\/72069dfb6c13772d9e8381e3638666d2?s=96&d=mm&r=g\",\"caption\":\"EDITOR\"},\"url\":\"https:\/\/laprensacristiana.com\/?author=3\"}]}<\/script>\n<!-- \/ Yoast SEO plugin. -->","yoast_head_json":{"title":"Renovaci\u00f3n espiritual, edificaci\u00f3n para todas - La Prensa Cristiana","robots":{"index":"index","follow":"follow","max-snippet":"max-snippet:-1","max-image-preview":"max-image-preview:large","max-video-preview":"max-video-preview:-1"},"canonical":"https:\/\/laprensacristiana.com\/?p=3880","og_locale":"es_ES","og_type":"article","og_title":"Renovaci\u00f3n espiritual, edificaci\u00f3n para todas - La Prensa Cristiana","og_description":"&nbsp; Por: Erika Menjivar El Ministerio Internacional \u201cUn cafecito con Jes\u00fas\u201d hace la invitaci\u00f3n para el evento dirigido a mujeres, este 9 de junio del presente a\u00f1o, con la invitaci\u00f3n especial de la predicadora y salmista internacional Egleyda Billard. \u201cEl prop\u00f3sito de este evento es bendecir cada una de las mujeres que participen con el [&hellip;]","og_url":"https:\/\/laprensacristiana.com\/?p=3880","og_site_name":"La Prensa Cristiana","article_published_time":"2018-05-08T21:27:20+00:00","article_modified_time":"2020-07-02T00:02:30+00:00","og_image":[{"width":1024,"height":485,"url":"https:\/\/laprensacristiana.com\/wp-content\/uploads\/2018\/05\/iiiii.jpg","type":"image\/jpeg"}],"author":"EDITOR","twitter_card":"summary_large_image","twitter_misc":{"Escrito por":"EDITOR","Tiempo de lectura":"1 minuto"},"schema":{"@context":"https:\/\/schema.org","@graph":[{"@type":"WebPage","@id":"https:\/\/laprensacristiana.com\/?p=3880","url":"https:\/\/laprensacristiana.com\/?p=3880","name":"Renovaci\u00f3n espiritual, edificaci\u00f3n para todas - La Prensa Cristiana","isPartOf":{"@id":"https:\/\/laprensacristiana.com\/#website"},"datePublished":"2018-05-08T21:27:20+00:00","dateModified":"2020-07-02T00:02:30+00:00","author":{"@id":"https:\/\/laprensacristiana.com\/#\/schema\/person\/3e7d82c6bfd6b1fa67010f8f7cd5256e"},"breadcrumb":{"@id":"https:\/\/laprensacristiana.com\/?p=3880#breadcrumb"},"inLanguage":"es","potentialAction":[{"@type":"ReadAction","target":["https:\/\/laprensacristiana.com\/?p=3880"]}]},{"@type":"BreadcrumbList","@id":"https:\/\/laprensacristiana.com\/?p=3880#breadcrumb","itemListElement":[{"@type":"ListItem","position":1,"name":"Portada","item":"https:\/\/laprensacristiana.com\/"},{"@type":"ListItem","position":2,"name":"Renovaci\u00f3n espiritual, edificaci\u00f3n para todas"}]},{"@type":"WebSite","@id":"https:\/\/laprensacristiana.com\/#website","url":"https:\/\/laprensacristiana.com\/","name":"La Prensa Cristiana","description":"Anunciando Las Buenas Nuevas","potentialAction":[{"@type":"SearchAction","target":{"@type":"EntryPoint","urlTemplate":"https:\/\/laprensacristiana.com\/?s={search_term_string}"},"query-input":"required name=search_term_string"}],"inLanguage":"es"},{"@type":"Person","@id":"https:\/\/laprensacristiana.com\/#\/schema\/person\/3e7d82c6bfd6b1fa67010f8f7cd5256e","name":"EDITOR","image":{"@type":"ImageObject","inLanguage":"es","@id":"https:\/\/laprensacristiana.com\/#\/schema\/person\/image\/","url":"https:\/\/secure.gravatar.com\/avatar\/72069dfb6c13772d9e8381e3638666d2?s=96&d=mm&r=g","contentUrl":"https:\/\/secure.gravatar.com\/avatar\/72069dfb6c13772d9e8381e3638666d2?s=96&d=mm&r=g","caption":"EDITOR"},"url":"https:\/\/laprensacristiana.com\/?author=3"}]}},"_links":{"self":[{"href":"https:\/\/laprensacristiana.com\/index.php?rest_route=\/wp\/v2\/posts\/3880"}],"collection":[{"href":"https:\/\/laprensacristiana.com\/index.php?rest_route=\/wp\/v2\/posts"}],"about":[{"href":"https:\/\/laprensacristiana.com\/index.php?rest_route=\/wp\/v2\/types\/post"}],"author":[{"embeddable":true,"href":"https:\/\/laprensacristiana.com\/index.php?rest_route=\/wp\/v2\/users\/3"}],"replies":[{"embeddable":true,"href":"https:\/\/laprensacristiana.com\/index.php?rest_route=%2Fwp%2Fv2%2Fcomments&post=3880"}],"version-history":[{"count":1,"href":"https:\/\/laprensacristiana.com\/index.php?rest_route=\/wp\/v2\/posts\/3880\/revisions"}],"predecessor-version":[{"id":3882,"href":"https:\/\/laprensacristiana.com\/index.php?rest_route=\/wp\/v2\/posts\/3880\/revisions\/3882"}],"wp:featuredmedia":[{"embeddable":true,"href":"https:\/\/laprensacristiana.com\/index.php?rest_route=\/wp\/v2\/media\/3881"}],"wp:attachment":[{"href":"https:\/\/laprensacristiana.com\/index.php?rest_route=%2Fwp%2Fv2%2Fmedia&parent=3880"}],"wp:term":[{"taxonomy":"category","embeddable":true,"href":"https:\/\/laprensacristiana.com\/index.php?rest_route=%2Fwp%2Fv2%2Fcategories&post=3880"},{"taxonomy":"post_tag","embeddable":true,"href":"https:\/\/laprensacristiana.com\/index.php?rest_route=%2Fwp%2Fv2%2Ftags&post=3880"}],"curies":[{"name":"wp","href":"https:\/\/api.w.org\/{rel}","templated":true}]}}