{"id":3890,"date":"2018-05-11T01:26:12","date_gmt":"2018-05-11T01:26:12","guid":{"rendered":"https:\/\/laprensacristiana.com\/?p=3890"},"modified":"2020-07-01T23:57:39","modified_gmt":"2020-07-01T23:57:39","slug":"mision-cristiana-elim-realizo-culto-especial-para-mujeres","status":"publish","type":"post","link":"https:\/\/laprensacristiana.com\/?p=3890","title":{"rendered":"Misi\u00f3n Cristiana Elim realiz\u00f3 culto especial para mujeres"},"content":{"rendered":"<p><strong>\u00a0<\/strong><strong>Por: No\u00e9 Villatoro<\/strong><\/p>\n<p><strong>\u00a0<\/strong>Este 10 de mayo, Misi\u00f3n Cristiana Elim desarroll\u00f3 un evento especial para la comunidad femenina de su congregaci\u00f3n titulado: \u00abEl valor que otorga la integridad\u00bb, tema impartido por el Pastor General de la Iglesia, Mario Vega. El evento fue realizado en tres jornadas diferentes y cont\u00f3 con la asistencia de todos los sectores, zonas y distritos del departamento de San Salvador.<\/p>\n<p>De acuerdo al pastor Mario Vega, el evento responde a las necesidades que la mujer tiene en su vida cristiana y pretende dar atenci\u00f3n para solventarlas. Agreg\u00f3 adem\u00e1s, que la realizaci\u00f3n de la actividad se debe al esfuerzo coordinado por las hermanas de todos los sectores y distritos de la Iglesia en San Salvador y que es algo con lo que han venido trabajando durante todo el a\u00f1o, sobre la base de una estructura celular. Adem\u00e1s, el pastor Vega comenta que, la tem\u00e1tica es realizada por las hermanas y para llegar a ella, basada en los labores que realiza la mujer en su casa y en la iglesia y que requieren de un esfuerzo semanal. \u00abEsperamos que las inquietudes de las mujeres cristianas sean respondidas y que se desenvuelvan\u00bb expres\u00f3 el pastor Vega.<\/p>\n<p><img decoding=\"async\" loading=\"lazy\" class=\"alignnone size-full wp-image-3891\" src=\"https:\/\/laprensacristiana.com\/wp-content\/uploads\/2018\/05\/WhatsApp-Image-2018-05-10-at-7.15.30-PM.jpeg\" alt=\"\" width=\"1040\" height=\"780\" srcset=\"https:\/\/laprensacristiana.com\/wp-content\/uploads\/2018\/05\/WhatsApp-Image-2018-05-10-at-7.15.30-PM.jpeg 1040w, https:\/\/laprensacristiana.com\/wp-content\/uploads\/2018\/05\/WhatsApp-Image-2018-05-10-at-7.15.30-PM-600x450.jpeg 600w, https:\/\/laprensacristiana.com\/wp-content\/uploads\/2018\/05\/WhatsApp-Image-2018-05-10-at-7.15.30-PM-300x225.jpeg 300w, https:\/\/laprensacristiana.com\/wp-content\/uploads\/2018\/05\/WhatsApp-Image-2018-05-10-at-7.15.30-PM-768x576.jpeg 768w, https:\/\/laprensacristiana.com\/wp-content\/uploads\/2018\/05\/WhatsApp-Image-2018-05-10-at-7.15.30-PM-1024x768.jpeg 1024w, https:\/\/laprensacristiana.com\/wp-content\/uploads\/2018\/05\/WhatsApp-Image-2018-05-10-at-7.15.30-PM-80x60.jpeg 80w, https:\/\/laprensacristiana.com\/wp-content\/uploads\/2018\/05\/WhatsApp-Image-2018-05-10-at-7.15.30-PM-265x198.jpeg 265w, https:\/\/laprensacristiana.com\/wp-content\/uploads\/2018\/05\/WhatsApp-Image-2018-05-10-at-7.15.30-PM-696x522.jpeg 696w, https:\/\/laprensacristiana.com\/wp-content\/uploads\/2018\/05\/WhatsApp-Image-2018-05-10-at-7.15.30-PM-560x420.jpeg 560w\" sizes=\"(max-width: 1040px) 100vw, 1040px\" \/><\/p>\n<p>Stefany Abigail, una de las asistentes al evento, manifest\u00f3 estar llena de gozo con la dicha actividad, \u00abYo he venido con un prop\u00f3sito y gracias a Dios se ha cumplido, estoy feliz de la predicaci\u00f3n y de este ministerio, espero que se repita\u00bb dijo la participante.<\/p>\n<p>Aunque el evento era solamente para mujeres, se pod\u00edan observar a muchos esposos que acompa\u00f1aron a sus esposas, \u00abMi opini\u00f3n es que es un evento de mucha bendici\u00f3n porque creo que estos temas que se tocan le sirven en gran manera a las mujeres y a nosotros tambi\u00e9n los hombres, pues, ya desde mucho tiempo que nos hemos venido preparando \u00a0con transporte, refrigerios, recuerdos y siento que todo esto contribuye para que nuestras hermanas sean bendecidas\u00bb manifest\u00f3 Luis Alonso Palacios, quien se desempe\u00f1a como supervisor dentro de la iglesia.<\/p>\n<p>El tiempo de alabanza estuvo a cargo de la agrupaci\u00f3n musical Roca Eterna y hubo participaciones especiales de hermanas que tambi\u00e9n compartieron unas alabanzas. Peri\u00f3dicamente se realizan actividades que incluyen a diferentes grupos que conforman la iglesia; j\u00f3venes, mujeres, hombres y ni\u00f1os en Misi\u00f3n Cristiana Elim.<\/p>\n<p>&nbsp;<\/p>\n","protected":false},"excerpt":{"rendered":"<p>\u00a0Por: No\u00e9 Villatoro \u00a0Este 10 de mayo, Misi\u00f3n Cristiana Elim desarroll\u00f3 un evento especial para la comunidad femenina de su congregaci\u00f3n titulado: \u00abEl valor que otorga la integridad\u00bb, tema impartido por el Pastor General de la Iglesia, Mario Vega. El evento fue realizado en tres jornadas diferentes y cont\u00f3 con la asistencia de todos los [&hellip;]<\/p>\n","protected":false},"author":3,"featured_media":3892,"comment_status":"open","ping_status":"open","sticky":false,"template":"","format":"standard","meta":[],"categories":[56],"tags":[],"yoast_head":"<!-- This site is optimized with the Yoast SEO plugin v20.8 - https:\/\/yoast.com\/wordpress\/plugins\/seo\/ -->\n<title>Misi\u00f3n Cristiana Elim realiz\u00f3 culto especial para mujeres - La Prensa Cristiana<\/title>\n<meta name=\"robots\" content=\"index, follow, max-snippet:-1, max-image-preview:large, max-video-preview:-1\" \/>\n<link rel=\"canonical\" href=\"https:\/\/laprensacristiana.com\/?p=3890\" \/>\n<meta property=\"og:locale\" content=\"es_ES\" \/>\n<meta property=\"og:type\" content=\"article\" \/>\n<meta property=\"og:title\" content=\"Misi\u00f3n Cristiana Elim realiz\u00f3 culto especial para mujeres - La Prensa Cristiana\" \/>\n<meta property=\"og:description\" content=\"\u00a0Por: No\u00e9 Villatoro \u00a0Este 10 de mayo, Misi\u00f3n Cristiana Elim desarroll\u00f3 un evento especial para la comunidad femenina de su congregaci\u00f3n titulado: \u00abEl valor que otorga la integridad\u00bb, tema impartido por el Pastor General de la Iglesia, Mario Vega. El evento fue realizado en tres jornadas diferentes y cont\u00f3 con la asistencia de todos los [&hellip;]\" \/>\n<meta property=\"og:url\" content=\"https:\/\/laprensacristiana.com\/?p=3890\" \/>\n<meta property=\"og:site_name\" content=\"La Prensa Cristiana\" \/>\n<meta property=\"article:published_time\" content=\"2018-05-11T01:26:12+00:00\" \/>\n<meta property=\"article:modified_time\" content=\"2020-07-01T23:57:39+00:00\" \/>\n<meta property=\"og:image\" content=\"https:\/\/laprensacristiana.com\/wp-content\/uploads\/2018\/05\/32238271_2341648952515784_364026485817737216_o.jpg\" \/>\n\t<meta property=\"og:image:width\" content=\"2048\" \/>\n\t<meta property=\"og:image:height\" content=\"1045\" \/>\n\t<meta property=\"og:image:type\" content=\"image\/jpeg\" \/>\n<meta name=\"author\" content=\"EDITOR\" \/>\n<meta name=\"twitter:card\" content=\"summary_large_image\" \/>\n<meta name=\"twitter:label1\" content=\"Escrito por\" \/>\n\t<meta name=\"twitter:data1\" content=\"EDITOR\" \/>\n\t<meta name=\"twitter:label2\" content=\"Tiempo de lectura\" \/>\n\t<meta name=\"twitter:data2\" content=\"2 minutos\" \/>\n<script type=\"application\/ld+json\" class=\"yoast-schema-graph\">{\"@context\":\"https:\/\/schema.org\",\"@graph\":[{\"@type\":\"WebPage\",\"@id\":\"https:\/\/laprensacristiana.com\/?p=3890\",\"url\":\"https:\/\/laprensacristiana.com\/?p=3890\",\"name\":\"Misi\u00f3n Cristiana Elim realiz\u00f3 culto especial para mujeres - La Prensa Cristiana\",\"isPartOf\":{\"@id\":\"https:\/\/laprensacristiana.com\/#website\"},\"datePublished\":\"2018-05-11T01:26:12+00:00\",\"dateModified\":\"2020-07-01T23:57:39+00:00\",\"author\":{\"@id\":\"https:\/\/laprensacristiana.com\/#\/schema\/person\/3e7d82c6bfd6b1fa67010f8f7cd5256e\"},\"breadcrumb\":{\"@id\":\"https:\/\/laprensacristiana.com\/?p=3890#breadcrumb\"},\"inLanguage\":\"es\",\"potentialAction\":[{\"@type\":\"ReadAction\",\"target\":[\"https:\/\/laprensacristiana.com\/?p=3890\"]}]},{\"@type\":\"BreadcrumbList\",\"@id\":\"https:\/\/laprensacristiana.com\/?p=3890#breadcrumb\",\"itemListElement\":[{\"@type\":\"ListItem\",\"position\":1,\"name\":\"Portada\",\"item\":\"https:\/\/laprensacristiana.com\/\"},{\"@type\":\"ListItem\",\"position\":2,\"name\":\"Misi\u00f3n Cristiana Elim realiz\u00f3 culto especial para mujeres\"}]},{\"@type\":\"WebSite\",\"@id\":\"https:\/\/laprensacristiana.com\/#website\",\"url\":\"https:\/\/laprensacristiana.com\/\",\"name\":\"La Prensa Cristiana\",\"description\":\"Anunciando Las Buenas Nuevas\",\"potentialAction\":[{\"@type\":\"SearchAction\",\"target\":{\"@type\":\"EntryPoint\",\"urlTemplate\":\"https:\/\/laprensacristiana.com\/?s={search_term_string}\"},\"query-input\":\"required name=search_term_string\"}],\"inLanguage\":\"es\"},{\"@type\":\"Person\",\"@id\":\"https:\/\/laprensacristiana.com\/#\/schema\/person\/3e7d82c6bfd6b1fa67010f8f7cd5256e\",\"name\":\"EDITOR\",\"image\":{\"@type\":\"ImageObject\",\"inLanguage\":\"es\",\"@id\":\"https:\/\/laprensacristiana.com\/#\/schema\/person\/image\/\",\"url\":\"https:\/\/secure.gravatar.com\/avatar\/72069dfb6c13772d9e8381e3638666d2?s=96&d=mm&r=g\",\"contentUrl\":\"https:\/\/secure.gravatar.com\/avatar\/72069dfb6c13772d9e8381e3638666d2?s=96&d=mm&r=g\",\"caption\":\"EDITOR\"},\"url\":\"https:\/\/laprensacristiana.com\/?author=3\"}]}<\/script>\n<!-- \/ Yoast SEO plugin. -->","yoast_head_json":{"title":"Misi\u00f3n Cristiana Elim realiz\u00f3 culto especial para mujeres - La Prensa Cristiana","robots":{"index":"index","follow":"follow","max-snippet":"max-snippet:-1","max-image-preview":"max-image-preview:large","max-video-preview":"max-video-preview:-1"},"canonical":"https:\/\/laprensacristiana.com\/?p=3890","og_locale":"es_ES","og_type":"article","og_title":"Misi\u00f3n Cristiana Elim realiz\u00f3 culto especial para mujeres - La Prensa Cristiana","og_description":"\u00a0Por: No\u00e9 Villatoro \u00a0Este 10 de mayo, Misi\u00f3n Cristiana Elim desarroll\u00f3 un evento especial para la comunidad femenina de su congregaci\u00f3n titulado: \u00abEl valor que otorga la integridad\u00bb, tema impartido por el Pastor General de la Iglesia, Mario Vega. El evento fue realizado en tres jornadas diferentes y cont\u00f3 con la asistencia de todos los [&hellip;]","og_url":"https:\/\/laprensacristiana.com\/?p=3890","og_site_name":"La Prensa Cristiana","article_published_time":"2018-05-11T01:26:12+00:00","article_modified_time":"2020-07-01T23:57:39+00:00","og_image":[{"width":2048,"height":1045,"url":"https:\/\/laprensacristiana.com\/wp-content\/uploads\/2018\/05\/32238271_2341648952515784_364026485817737216_o.jpg","type":"image\/jpeg"}],"author":"EDITOR","twitter_card":"summary_large_image","twitter_misc":{"Escrito por":"EDITOR","Tiempo de lectura":"2 minutos"},"schema":{"@context":"https:\/\/schema.org","@graph":[{"@type":"WebPage","@id":"https:\/\/laprensacristiana.com\/?p=3890","url":"https:\/\/laprensacristiana.com\/?p=3890","name":"Misi\u00f3n Cristiana Elim realiz\u00f3 culto especial para mujeres - La Prensa Cristiana","isPartOf":{"@id":"https:\/\/laprensacristiana.com\/#website"},"datePublished":"2018-05-11T01:26:12+00:00","dateModified":"2020-07-01T23:57:39+00:00","author":{"@id":"https:\/\/laprensacristiana.com\/#\/schema\/person\/3e7d82c6bfd6b1fa67010f8f7cd5256e"},"breadcrumb":{"@id":"https:\/\/laprensacristiana.com\/?p=3890#breadcrumb"},"inLanguage":"es","potentialAction":[{"@type":"ReadAction","target":["https:\/\/laprensacristiana.com\/?p=3890"]}]},{"@type":"BreadcrumbList","@id":"https:\/\/laprensacristiana.com\/?p=3890#breadcrumb","itemListElement":[{"@type":"ListItem","position":1,"name":"Portada","item":"https:\/\/laprensacristiana.com\/"},{"@type":"ListItem","position":2,"name":"Misi\u00f3n Cristiana Elim realiz\u00f3 culto especial para mujeres"}]},{"@type":"WebSite","@id":"https:\/\/laprensacristiana.com\/#website","url":"https:\/\/laprensacristiana.com\/","name":"La Prensa Cristiana","description":"Anunciando Las Buenas Nuevas","potentialAction":[{"@type":"SearchAction","target":{"@type":"EntryPoint","urlTemplate":"https:\/\/laprensacristiana.com\/?s={search_term_string}"},"query-input":"required name=search_term_string"}],"inLanguage":"es"},{"@type":"Person","@id":"https:\/\/laprensacristiana.com\/#\/schema\/person\/3e7d82c6bfd6b1fa67010f8f7cd5256e","name":"EDITOR","image":{"@type":"ImageObject","inLanguage":"es","@id":"https:\/\/laprensacristiana.com\/#\/schema\/person\/image\/","url":"https:\/\/secure.gravatar.com\/avatar\/72069dfb6c13772d9e8381e3638666d2?s=96&d=mm&r=g","contentUrl":"https:\/\/secure.gravatar.com\/avatar\/72069dfb6c13772d9e8381e3638666d2?s=96&d=mm&r=g","caption":"EDITOR"},"url":"https:\/\/laprensacristiana.com\/?author=3"}]}},"_links":{"self":[{"href":"https:\/\/laprensacristiana.com\/index.php?rest_route=\/wp\/v2\/posts\/3890"}],"collection":[{"href":"https:\/\/laprensacristiana.com\/index.php?rest_route=\/wp\/v2\/posts"}],"about":[{"href":"https:\/\/laprensacristiana.com\/index.php?rest_route=\/wp\/v2\/types\/post"}],"author":[{"embeddable":true,"href":"https:\/\/laprensacristiana.com\/index.php?rest_route=\/wp\/v2\/users\/3"}],"replies":[{"embeddable":true,"href":"https:\/\/laprensacristiana.com\/index.php?rest_route=%2Fwp%2Fv2%2Fcomments&post=3890"}],"version-history":[{"count":3,"href":"https:\/\/laprensacristiana.com\/index.php?rest_route=\/wp\/v2\/posts\/3890\/revisions"}],"predecessor-version":[{"id":3900,"href":"https:\/\/laprensacristiana.com\/index.php?rest_route=\/wp\/v2\/posts\/3890\/revisions\/3900"}],"wp:featuredmedia":[{"embeddable":true,"href":"https:\/\/laprensacristiana.com\/index.php?rest_route=\/wp\/v2\/media\/3892"}],"wp:attachment":[{"href":"https:\/\/laprensacristiana.com\/index.php?rest_route=%2Fwp%2Fv2%2Fmedia&parent=3890"}],"wp:term":[{"taxonomy":"category","embeddable":true,"href":"https:\/\/laprensacristiana.com\/index.php?rest_route=%2Fwp%2Fv2%2Fcategories&post=3890"},{"taxonomy":"post_tag","embeddable":true,"href":"https:\/\/laprensacristiana.com\/index.php?rest_route=%2Fwp%2Fv2%2Ftags&post=3890"}],"curies":[{"name":"wp","href":"https:\/\/api.w.org\/{rel}","templated":true}]}}