{"id":3909,"date":"2018-05-14T20:42:47","date_gmt":"2018-05-14T20:42:47","guid":{"rendered":"https:\/\/laprensacristiana.com\/?p=3909"},"modified":"2020-07-01T23:55:29","modified_gmt":"2020-07-01T23:55:29","slug":"tour-muevete-rescatando-a-la-juventud","status":"publish","type":"post","link":"https:\/\/laprensacristiana.com\/?p=3909","title":{"rendered":"Tour Mu\u00e9vete, rescatando a la juventud"},"content":{"rendered":"<p>&nbsp;<\/p>\n<p><strong>Por: Leonor Aquino<\/strong><\/p>\n<p>Dios, a trav\u00e9s de congresos, conciertos y una serie de actividades que buscan acercan a m\u00e1s j\u00f3venes a la presencia del Creador.<\/p>\n<p>La Iglesia de Dios est\u00e1 realizando el Tour denominado \u201cMu\u00e9vete\u201d, finalizando con un evento en el mes de diciembre; esto con el objetivo de ayudar a los j\u00f3venes para que est\u00e9n libres de drogas y de todas aquellas situaciones que les ocasionen consecuencias graves en su futuro, coment\u00f3 el organizador del evento, Josu\u00e9 Gonz\u00e1lez.<\/p>\n<p>\u201cEste Tour lo estamos realizando en doce regiones a nivel nacional, culminando con el congreso nacional en el mes de diciembre en CIFCO; las regiones son Santa Ana, Ahuachap\u00e1n, Sonsonate; en la zona central, las regiones est\u00e1n divididos por n\u00fameros uno, dos, tres, cuatro, cinco, y en el oriente en San Miguel, La Uni\u00f3n y Usulut\u00e1n\u201d, explic\u00f3 Josu\u00e9 Gonz\u00e1lez Pino l\u00edder de la regi\u00f3n 1 de Generaci\u00f3n Emergente, de la Iglesia de Dios.<\/p>\n<p>El pasado 13 de mayo se realiz\u00f3 un congreso en las instalaciones de la Iglesia de Dios, donde muchos j\u00f3venes de todo el pa\u00eds se hicieron parte. A este evento asistieron diversas personalidades como; Erick Wilman Serrano L\u00edder Nacional de Generaci\u00f3n Emergente, Luis \u00c1ngel D\u00edaz Supervisor Nacional de la Iglesia de Dios. Entre las bandas nacionales asistieron; We are One y Josu\u00e9 y su banda de Santa Tecla; Gates de Cojutepeque y MQEVAN de Soyapango.<\/p>\n<p><img decoding=\"async\" loading=\"lazy\" class=\"alignnone size-full wp-image-3910\" src=\"https:\/\/laprensacristiana.com\/wp-content\/uploads\/2018\/05\/WhatsApp-Image-2018-05-14-at-2.31.48-PM.jpeg\" alt=\"\" width=\"1280\" height=\"851\" srcset=\"https:\/\/laprensacristiana.com\/wp-content\/uploads\/2018\/05\/WhatsApp-Image-2018-05-14-at-2.31.48-PM.jpeg 1280w, https:\/\/laprensacristiana.com\/wp-content\/uploads\/2018\/05\/WhatsApp-Image-2018-05-14-at-2.31.48-PM-600x399.jpeg 600w, https:\/\/laprensacristiana.com\/wp-content\/uploads\/2018\/05\/WhatsApp-Image-2018-05-14-at-2.31.48-PM-300x199.jpeg 300w, https:\/\/laprensacristiana.com\/wp-content\/uploads\/2018\/05\/WhatsApp-Image-2018-05-14-at-2.31.48-PM-768x511.jpeg 768w, https:\/\/laprensacristiana.com\/wp-content\/uploads\/2018\/05\/WhatsApp-Image-2018-05-14-at-2.31.48-PM-1024x681.jpeg 1024w, https:\/\/laprensacristiana.com\/wp-content\/uploads\/2018\/05\/WhatsApp-Image-2018-05-14-at-2.31.48-PM-696x463.jpeg 696w, https:\/\/laprensacristiana.com\/wp-content\/uploads\/2018\/05\/WhatsApp-Image-2018-05-14-at-2.31.48-PM-1068x710.jpeg 1068w, https:\/\/laprensacristiana.com\/wp-content\/uploads\/2018\/05\/WhatsApp-Image-2018-05-14-at-2.31.48-PM-632x420.jpeg 632w\" sizes=\"(max-width: 1280px) 100vw, 1280px\" \/><\/p>\n<p>\u201cEstoy s\u00faper contento de estar aqu\u00ed, porque hoy en d\u00eda el joven necesita alabar a Dios y en este lugar hemos logrado eso; mi deseo es alabar a Dios y poner el talento que me ha dado a su servicio, creo que necesitamos demostrar lo que somos, porque no hay nada mejor que dedicarle tu vida, lo que sos a Cristo\u201d, expres\u00f3 Rafael Garc\u00eda de la banda We are One.<\/p>\n<p>Asimismo, hizo un llamado a los j\u00f3venes a buscar a Dios, su presencia por medio de eventos como los que est\u00e1 realizando Iglesia de Dios, y de esa forma, conocer personas con los cuales sentirse identificados en este tipo de ambiente; ya que, as\u00ed podr\u00e1n descubrir talentos que cre\u00edan no tener y empezar a desarrollarse de lleno en ello.<\/p>\n<p>&nbsp;<\/p>\n","protected":false},"excerpt":{"rendered":"<p>&nbsp; Por: Leonor Aquino Dios, a trav\u00e9s de congresos, conciertos y una serie de actividades que buscan acercan a m\u00e1s j\u00f3venes a la presencia del Creador. La Iglesia de Dios est\u00e1 realizando el Tour denominado \u201cMu\u00e9vete\u201d, finalizando con un evento en el mes de diciembre; esto con el objetivo de ayudar a los j\u00f3venes para [&hellip;]<\/p>\n","protected":false},"author":3,"featured_media":3911,"comment_status":"open","ping_status":"open","sticky":false,"template":"","format":"standard","meta":[],"categories":[56],"tags":[],"yoast_head":"<!-- This site is optimized with the Yoast SEO plugin v20.8 - https:\/\/yoast.com\/wordpress\/plugins\/seo\/ -->\n<title>Tour Mu\u00e9vete, rescatando a la juventud - La Prensa Cristiana<\/title>\n<meta name=\"robots\" content=\"index, follow, max-snippet:-1, max-image-preview:large, max-video-preview:-1\" \/>\n<link rel=\"canonical\" href=\"https:\/\/laprensacristiana.com\/?p=3909\" \/>\n<meta property=\"og:locale\" content=\"es_ES\" \/>\n<meta property=\"og:type\" content=\"article\" \/>\n<meta property=\"og:title\" content=\"Tour Mu\u00e9vete, rescatando a la juventud - La Prensa Cristiana\" \/>\n<meta property=\"og:description\" content=\"&nbsp; Por: Leonor Aquino Dios, a trav\u00e9s de congresos, conciertos y una serie de actividades que buscan acercan a m\u00e1s j\u00f3venes a la presencia del Creador. La Iglesia de Dios est\u00e1 realizando el Tour denominado \u201cMu\u00e9vete\u201d, finalizando con un evento en el mes de diciembre; esto con el objetivo de ayudar a los j\u00f3venes para [&hellip;]\" \/>\n<meta property=\"og:url\" content=\"https:\/\/laprensacristiana.com\/?p=3909\" \/>\n<meta property=\"og:site_name\" content=\"La Prensa Cristiana\" \/>\n<meta property=\"article:published_time\" content=\"2018-05-14T20:42:47+00:00\" \/>\n<meta property=\"article:modified_time\" content=\"2020-07-01T23:55:29+00:00\" \/>\n<meta property=\"og:image\" content=\"https:\/\/laprensacristiana.com\/wp-content\/uploads\/2018\/05\/WhatsApp-Image-2018-05-14-at-2.31.54-PM-1.jpeg\" \/>\n\t<meta property=\"og:image:width\" content=\"1280\" \/>\n\t<meta property=\"og:image:height\" content=\"851\" \/>\n\t<meta property=\"og:image:type\" content=\"image\/jpeg\" \/>\n<meta name=\"author\" content=\"EDITOR\" \/>\n<meta name=\"twitter:card\" content=\"summary_large_image\" \/>\n<meta name=\"twitter:label1\" content=\"Escrito por\" \/>\n\t<meta name=\"twitter:data1\" content=\"EDITOR\" \/>\n\t<meta name=\"twitter:label2\" content=\"Tiempo de lectura\" \/>\n\t<meta name=\"twitter:data2\" content=\"2 minutos\" \/>\n<script type=\"application\/ld+json\" class=\"yoast-schema-graph\">{\"@context\":\"https:\/\/schema.org\",\"@graph\":[{\"@type\":\"WebPage\",\"@id\":\"https:\/\/laprensacristiana.com\/?p=3909\",\"url\":\"https:\/\/laprensacristiana.com\/?p=3909\",\"name\":\"Tour Mu\u00e9vete, rescatando a la juventud - La Prensa Cristiana\",\"isPartOf\":{\"@id\":\"https:\/\/laprensacristiana.com\/#website\"},\"datePublished\":\"2018-05-14T20:42:47+00:00\",\"dateModified\":\"2020-07-01T23:55:29+00:00\",\"author\":{\"@id\":\"https:\/\/laprensacristiana.com\/#\/schema\/person\/3e7d82c6bfd6b1fa67010f8f7cd5256e\"},\"breadcrumb\":{\"@id\":\"https:\/\/laprensacristiana.com\/?p=3909#breadcrumb\"},\"inLanguage\":\"es\",\"potentialAction\":[{\"@type\":\"ReadAction\",\"target\":[\"https:\/\/laprensacristiana.com\/?p=3909\"]}]},{\"@type\":\"BreadcrumbList\",\"@id\":\"https:\/\/laprensacristiana.com\/?p=3909#breadcrumb\",\"itemListElement\":[{\"@type\":\"ListItem\",\"position\":1,\"name\":\"Portada\",\"item\":\"https:\/\/laprensacristiana.com\/\"},{\"@type\":\"ListItem\",\"position\":2,\"name\":\"Tour Mu\u00e9vete, rescatando a la juventud\"}]},{\"@type\":\"WebSite\",\"@id\":\"https:\/\/laprensacristiana.com\/#website\",\"url\":\"https:\/\/laprensacristiana.com\/\",\"name\":\"La Prensa Cristiana\",\"description\":\"Anunciando Las Buenas Nuevas\",\"potentialAction\":[{\"@type\":\"SearchAction\",\"target\":{\"@type\":\"EntryPoint\",\"urlTemplate\":\"https:\/\/laprensacristiana.com\/?s={search_term_string}\"},\"query-input\":\"required name=search_term_string\"}],\"inLanguage\":\"es\"},{\"@type\":\"Person\",\"@id\":\"https:\/\/laprensacristiana.com\/#\/schema\/person\/3e7d82c6bfd6b1fa67010f8f7cd5256e\",\"name\":\"EDITOR\",\"image\":{\"@type\":\"ImageObject\",\"inLanguage\":\"es\",\"@id\":\"https:\/\/laprensacristiana.com\/#\/schema\/person\/image\/\",\"url\":\"https:\/\/secure.gravatar.com\/avatar\/72069dfb6c13772d9e8381e3638666d2?s=96&d=mm&r=g\",\"contentUrl\":\"https:\/\/secure.gravatar.com\/avatar\/72069dfb6c13772d9e8381e3638666d2?s=96&d=mm&r=g\",\"caption\":\"EDITOR\"},\"url\":\"https:\/\/laprensacristiana.com\/?author=3\"}]}<\/script>\n<!-- \/ Yoast SEO plugin. -->","yoast_head_json":{"title":"Tour Mu\u00e9vete, rescatando a la juventud - La Prensa Cristiana","robots":{"index":"index","follow":"follow","max-snippet":"max-snippet:-1","max-image-preview":"max-image-preview:large","max-video-preview":"max-video-preview:-1"},"canonical":"https:\/\/laprensacristiana.com\/?p=3909","og_locale":"es_ES","og_type":"article","og_title":"Tour Mu\u00e9vete, rescatando a la juventud - La Prensa Cristiana","og_description":"&nbsp; Por: Leonor Aquino Dios, a trav\u00e9s de congresos, conciertos y una serie de actividades que buscan acercan a m\u00e1s j\u00f3venes a la presencia del Creador. La Iglesia de Dios est\u00e1 realizando el Tour denominado \u201cMu\u00e9vete\u201d, finalizando con un evento en el mes de diciembre; esto con el objetivo de ayudar a los j\u00f3venes para [&hellip;]","og_url":"https:\/\/laprensacristiana.com\/?p=3909","og_site_name":"La Prensa Cristiana","article_published_time":"2018-05-14T20:42:47+00:00","article_modified_time":"2020-07-01T23:55:29+00:00","og_image":[{"width":1280,"height":851,"url":"https:\/\/laprensacristiana.com\/wp-content\/uploads\/2018\/05\/WhatsApp-Image-2018-05-14-at-2.31.54-PM-1.jpeg","type":"image\/jpeg"}],"author":"EDITOR","twitter_card":"summary_large_image","twitter_misc":{"Escrito por":"EDITOR","Tiempo de lectura":"2 minutos"},"schema":{"@context":"https:\/\/schema.org","@graph":[{"@type":"WebPage","@id":"https:\/\/laprensacristiana.com\/?p=3909","url":"https:\/\/laprensacristiana.com\/?p=3909","name":"Tour Mu\u00e9vete, rescatando a la juventud - La Prensa Cristiana","isPartOf":{"@id":"https:\/\/laprensacristiana.com\/#website"},"datePublished":"2018-05-14T20:42:47+00:00","dateModified":"2020-07-01T23:55:29+00:00","author":{"@id":"https:\/\/laprensacristiana.com\/#\/schema\/person\/3e7d82c6bfd6b1fa67010f8f7cd5256e"},"breadcrumb":{"@id":"https:\/\/laprensacristiana.com\/?p=3909#breadcrumb"},"inLanguage":"es","potentialAction":[{"@type":"ReadAction","target":["https:\/\/laprensacristiana.com\/?p=3909"]}]},{"@type":"BreadcrumbList","@id":"https:\/\/laprensacristiana.com\/?p=3909#breadcrumb","itemListElement":[{"@type":"ListItem","position":1,"name":"Portada","item":"https:\/\/laprensacristiana.com\/"},{"@type":"ListItem","position":2,"name":"Tour Mu\u00e9vete, rescatando a la juventud"}]},{"@type":"WebSite","@id":"https:\/\/laprensacristiana.com\/#website","url":"https:\/\/laprensacristiana.com\/","name":"La Prensa Cristiana","description":"Anunciando Las Buenas Nuevas","potentialAction":[{"@type":"SearchAction","target":{"@type":"EntryPoint","urlTemplate":"https:\/\/laprensacristiana.com\/?s={search_term_string}"},"query-input":"required name=search_term_string"}],"inLanguage":"es"},{"@type":"Person","@id":"https:\/\/laprensacristiana.com\/#\/schema\/person\/3e7d82c6bfd6b1fa67010f8f7cd5256e","name":"EDITOR","image":{"@type":"ImageObject","inLanguage":"es","@id":"https:\/\/laprensacristiana.com\/#\/schema\/person\/image\/","url":"https:\/\/secure.gravatar.com\/avatar\/72069dfb6c13772d9e8381e3638666d2?s=96&d=mm&r=g","contentUrl":"https:\/\/secure.gravatar.com\/avatar\/72069dfb6c13772d9e8381e3638666d2?s=96&d=mm&r=g","caption":"EDITOR"},"url":"https:\/\/laprensacristiana.com\/?author=3"}]}},"_links":{"self":[{"href":"https:\/\/laprensacristiana.com\/index.php?rest_route=\/wp\/v2\/posts\/3909"}],"collection":[{"href":"https:\/\/laprensacristiana.com\/index.php?rest_route=\/wp\/v2\/posts"}],"about":[{"href":"https:\/\/laprensacristiana.com\/index.php?rest_route=\/wp\/v2\/types\/post"}],"author":[{"embeddable":true,"href":"https:\/\/laprensacristiana.com\/index.php?rest_route=\/wp\/v2\/users\/3"}],"replies":[{"embeddable":true,"href":"https:\/\/laprensacristiana.com\/index.php?rest_route=%2Fwp%2Fv2%2Fcomments&post=3909"}],"version-history":[{"count":2,"href":"https:\/\/laprensacristiana.com\/index.php?rest_route=\/wp\/v2\/posts\/3909\/revisions"}],"predecessor-version":[{"id":3913,"href":"https:\/\/laprensacristiana.com\/index.php?rest_route=\/wp\/v2\/posts\/3909\/revisions\/3913"}],"wp:featuredmedia":[{"embeddable":true,"href":"https:\/\/laprensacristiana.com\/index.php?rest_route=\/wp\/v2\/media\/3911"}],"wp:attachment":[{"href":"https:\/\/laprensacristiana.com\/index.php?rest_route=%2Fwp%2Fv2%2Fmedia&parent=3909"}],"wp:term":[{"taxonomy":"category","embeddable":true,"href":"https:\/\/laprensacristiana.com\/index.php?rest_route=%2Fwp%2Fv2%2Fcategories&post=3909"},{"taxonomy":"post_tag","embeddable":true,"href":"https:\/\/laprensacristiana.com\/index.php?rest_route=%2Fwp%2Fv2%2Ftags&post=3909"}],"curies":[{"name":"wp","href":"https:\/\/api.w.org\/{rel}","templated":true}]}}