{"id":3923,"date":"2018-05-16T16:24:51","date_gmt":"2018-05-16T16:24:51","guid":{"rendered":"https:\/\/laprensacristiana.com\/?p=3923"},"modified":"2020-07-01T23:51:24","modified_gmt":"2020-07-01T23:51:24","slug":"elias-arriaza-presenta-su-sencillo-en-tu-amor","status":"publish","type":"post","link":"https:\/\/laprensacristiana.com\/?p=3923","title":{"rendered":"El\u00edas Arriaza presenta su sencillo \u201cEn tu Amor\u201d"},"content":{"rendered":"<p>&nbsp;<\/p>\n<p><strong>Por: Erika Menjivar<\/strong><\/p>\n<p>Este mes de mayo de 2018 el cantante, salmista y compositor salvadore\u00f1o que radica en Estados Unidos y que est\u00e1 visitando El Salvador desde el 15 hasta el 30 de mayo\u00a0estar\u00e1 presentando su nuevo sencillo \u201cEn tu Amor\u201d.<\/p>\n<p><img decoding=\"async\" loading=\"lazy\" class=\"alignnone size-full wp-image-3925\" src=\"https:\/\/laprensacristiana.com\/wp-content\/uploads\/2018\/05\/WhatsApp-Image-2018-05-11-at-8.29.17-PM.jpeg\" alt=\"\" width=\"960\" height=\"1280\" srcset=\"https:\/\/laprensacristiana.com\/wp-content\/uploads\/2018\/05\/WhatsApp-Image-2018-05-11-at-8.29.17-PM.jpeg 960w, https:\/\/laprensacristiana.com\/wp-content\/uploads\/2018\/05\/WhatsApp-Image-2018-05-11-at-8.29.17-PM-600x800.jpeg 600w, https:\/\/laprensacristiana.com\/wp-content\/uploads\/2018\/05\/WhatsApp-Image-2018-05-11-at-8.29.17-PM-225x300.jpeg 225w, https:\/\/laprensacristiana.com\/wp-content\/uploads\/2018\/05\/WhatsApp-Image-2018-05-11-at-8.29.17-PM-768x1024.jpeg 768w, https:\/\/laprensacristiana.com\/wp-content\/uploads\/2018\/05\/WhatsApp-Image-2018-05-11-at-8.29.17-PM-696x928.jpeg 696w, https:\/\/laprensacristiana.com\/wp-content\/uploads\/2018\/05\/WhatsApp-Image-2018-05-11-at-8.29.17-PM-315x420.jpeg 315w\" sizes=\"(max-width: 960px) 100vw, 960px\" \/><\/p>\n<p>\u201cEl prop\u00f3sito principal es dar a conocer a Jes\u00fas como la fuente perfecta de amor, perd\u00f3n y pasi\u00f3n por vivir\u201d, a\u00f1adi\u00f3 El\u00edas Arriaza. Adem\u00e1s, comenta que el canto est\u00e1 inspirado en la verdadera libertad y felicidad que solo se encuentra en Jes\u00fas.<\/p>\n<p>El\u00edas Arriaza comenta tambi\u00e9n, que su inspiraci\u00f3n para esta alabanza se produjo por vivencias y experiencias dolorosas que ha tenido que sobrellevar a lo largo de su vida. La alabanza fue producida en Barcelona, Espa\u00f1a y en los pr\u00f3ximos d\u00edas el cantautor estar\u00e1 presentando en el pa\u00eds.<\/p>\n<p>El video podr\u00e1 ser visto en plataformas digitales como YouTube y escuchada en ITunes a partir de la \u00faltima semana del mes de mayo.<\/p>\n<p>Arriaza hace la atenta invitaci\u00f3n a escuchar su nuevo sencillo: \u201cCon mucha seguridad recomendamos que escuchen En tu amor de El\u00edas Arriaza, la cual ser\u00e1 de bendici\u00f3n y esperanza en sus corazones\u201d a\u00f1adi\u00f3 el cantante.<\/p>\n","protected":false},"excerpt":{"rendered":"<p>&nbsp; Por: Erika Menjivar Este mes de mayo de 2018 el cantante, salmista y compositor salvadore\u00f1o que radica en Estados Unidos y que est\u00e1 visitando El Salvador desde el 15 hasta el 30 de mayo\u00a0estar\u00e1 presentando su nuevo sencillo \u201cEn tu Amor\u201d. \u201cEl prop\u00f3sito principal es dar a conocer a Jes\u00fas como la fuente perfecta [&hellip;]<\/p>\n","protected":false},"author":3,"featured_media":3924,"comment_status":"open","ping_status":"open","sticky":false,"template":"","format":"standard","meta":[],"categories":[101],"tags":[],"yoast_head":"<!-- This site is optimized with the Yoast SEO plugin v20.8 - https:\/\/yoast.com\/wordpress\/plugins\/seo\/ -->\n<title>El\u00edas Arriaza presenta su sencillo \u201cEn tu Amor\u201d - La Prensa Cristiana<\/title>\n<meta name=\"robots\" content=\"index, follow, max-snippet:-1, max-image-preview:large, max-video-preview:-1\" \/>\n<link rel=\"canonical\" href=\"https:\/\/laprensacristiana.com\/?p=3923\" \/>\n<meta property=\"og:locale\" content=\"es_ES\" \/>\n<meta property=\"og:type\" content=\"article\" \/>\n<meta property=\"og:title\" content=\"El\u00edas Arriaza presenta su sencillo \u201cEn tu Amor\u201d - La Prensa Cristiana\" \/>\n<meta property=\"og:description\" content=\"&nbsp; Por: Erika Menjivar Este mes de mayo de 2018 el cantante, salmista y compositor salvadore\u00f1o que radica en Estados Unidos y que est\u00e1 visitando El Salvador desde el 15 hasta el 30 de mayo\u00a0estar\u00e1 presentando su nuevo sencillo \u201cEn tu Amor\u201d. \u201cEl prop\u00f3sito principal es dar a conocer a Jes\u00fas como la fuente perfecta [&hellip;]\" \/>\n<meta property=\"og:url\" content=\"https:\/\/laprensacristiana.com\/?p=3923\" \/>\n<meta property=\"og:site_name\" content=\"La Prensa Cristiana\" \/>\n<meta property=\"article:published_time\" content=\"2018-05-16T16:24:51+00:00\" \/>\n<meta property=\"article:modified_time\" content=\"2020-07-01T23:51:24+00:00\" \/>\n<meta property=\"og:image\" content=\"https:\/\/laprensacristiana.com\/wp-content\/uploads\/2018\/05\/WhatsApp-Image-2018-05-16-at-9.08.19-AM-1.jpeg\" \/>\n\t<meta property=\"og:image:width\" content=\"1280\" \/>\n\t<meta property=\"og:image:height\" content=\"1280\" \/>\n\t<meta property=\"og:image:type\" content=\"image\/jpeg\" \/>\n<meta name=\"author\" content=\"EDITOR\" \/>\n<meta name=\"twitter:card\" content=\"summary_large_image\" \/>\n<meta name=\"twitter:label1\" content=\"Escrito por\" \/>\n\t<meta name=\"twitter:data1\" content=\"EDITOR\" \/>\n\t<meta name=\"twitter:label2\" content=\"Tiempo de lectura\" \/>\n\t<meta name=\"twitter:data2\" content=\"1 minuto\" \/>\n<script type=\"application\/ld+json\" class=\"yoast-schema-graph\">{\"@context\":\"https:\/\/schema.org\",\"@graph\":[{\"@type\":\"WebPage\",\"@id\":\"https:\/\/laprensacristiana.com\/?p=3923\",\"url\":\"https:\/\/laprensacristiana.com\/?p=3923\",\"name\":\"El\u00edas Arriaza presenta su sencillo \u201cEn tu Amor\u201d - La Prensa Cristiana\",\"isPartOf\":{\"@id\":\"https:\/\/laprensacristiana.com\/#website\"},\"datePublished\":\"2018-05-16T16:24:51+00:00\",\"dateModified\":\"2020-07-01T23:51:24+00:00\",\"author\":{\"@id\":\"https:\/\/laprensacristiana.com\/#\/schema\/person\/3e7d82c6bfd6b1fa67010f8f7cd5256e\"},\"breadcrumb\":{\"@id\":\"https:\/\/laprensacristiana.com\/?p=3923#breadcrumb\"},\"inLanguage\":\"es\",\"potentialAction\":[{\"@type\":\"ReadAction\",\"target\":[\"https:\/\/laprensacristiana.com\/?p=3923\"]}]},{\"@type\":\"BreadcrumbList\",\"@id\":\"https:\/\/laprensacristiana.com\/?p=3923#breadcrumb\",\"itemListElement\":[{\"@type\":\"ListItem\",\"position\":1,\"name\":\"Portada\",\"item\":\"https:\/\/laprensacristiana.com\/\"},{\"@type\":\"ListItem\",\"position\":2,\"name\":\"El\u00edas Arriaza presenta su sencillo \u201cEn tu Amor\u201d\"}]},{\"@type\":\"WebSite\",\"@id\":\"https:\/\/laprensacristiana.com\/#website\",\"url\":\"https:\/\/laprensacristiana.com\/\",\"name\":\"La Prensa Cristiana\",\"description\":\"Anunciando Las Buenas Nuevas\",\"potentialAction\":[{\"@type\":\"SearchAction\",\"target\":{\"@type\":\"EntryPoint\",\"urlTemplate\":\"https:\/\/laprensacristiana.com\/?s={search_term_string}\"},\"query-input\":\"required name=search_term_string\"}],\"inLanguage\":\"es\"},{\"@type\":\"Person\",\"@id\":\"https:\/\/laprensacristiana.com\/#\/schema\/person\/3e7d82c6bfd6b1fa67010f8f7cd5256e\",\"name\":\"EDITOR\",\"image\":{\"@type\":\"ImageObject\",\"inLanguage\":\"es\",\"@id\":\"https:\/\/laprensacristiana.com\/#\/schema\/person\/image\/\",\"url\":\"https:\/\/secure.gravatar.com\/avatar\/72069dfb6c13772d9e8381e3638666d2?s=96&d=mm&r=g\",\"contentUrl\":\"https:\/\/secure.gravatar.com\/avatar\/72069dfb6c13772d9e8381e3638666d2?s=96&d=mm&r=g\",\"caption\":\"EDITOR\"},\"url\":\"https:\/\/laprensacristiana.com\/?author=3\"}]}<\/script>\n<!-- \/ Yoast SEO plugin. -->","yoast_head_json":{"title":"El\u00edas Arriaza presenta su sencillo \u201cEn tu Amor\u201d - La Prensa Cristiana","robots":{"index":"index","follow":"follow","max-snippet":"max-snippet:-1","max-image-preview":"max-image-preview:large","max-video-preview":"max-video-preview:-1"},"canonical":"https:\/\/laprensacristiana.com\/?p=3923","og_locale":"es_ES","og_type":"article","og_title":"El\u00edas Arriaza presenta su sencillo \u201cEn tu Amor\u201d - La Prensa Cristiana","og_description":"&nbsp; Por: Erika Menjivar Este mes de mayo de 2018 el cantante, salmista y compositor salvadore\u00f1o que radica en Estados Unidos y que est\u00e1 visitando El Salvador desde el 15 hasta el 30 de mayo\u00a0estar\u00e1 presentando su nuevo sencillo \u201cEn tu Amor\u201d. \u201cEl prop\u00f3sito principal es dar a conocer a Jes\u00fas como la fuente perfecta [&hellip;]","og_url":"https:\/\/laprensacristiana.com\/?p=3923","og_site_name":"La Prensa Cristiana","article_published_time":"2018-05-16T16:24:51+00:00","article_modified_time":"2020-07-01T23:51:24+00:00","og_image":[{"width":1280,"height":1280,"url":"https:\/\/laprensacristiana.com\/wp-content\/uploads\/2018\/05\/WhatsApp-Image-2018-05-16-at-9.08.19-AM-1.jpeg","type":"image\/jpeg"}],"author":"EDITOR","twitter_card":"summary_large_image","twitter_misc":{"Escrito por":"EDITOR","Tiempo de lectura":"1 minuto"},"schema":{"@context":"https:\/\/schema.org","@graph":[{"@type":"WebPage","@id":"https:\/\/laprensacristiana.com\/?p=3923","url":"https:\/\/laprensacristiana.com\/?p=3923","name":"El\u00edas Arriaza presenta su sencillo \u201cEn tu Amor\u201d - La Prensa Cristiana","isPartOf":{"@id":"https:\/\/laprensacristiana.com\/#website"},"datePublished":"2018-05-16T16:24:51+00:00","dateModified":"2020-07-01T23:51:24+00:00","author":{"@id":"https:\/\/laprensacristiana.com\/#\/schema\/person\/3e7d82c6bfd6b1fa67010f8f7cd5256e"},"breadcrumb":{"@id":"https:\/\/laprensacristiana.com\/?p=3923#breadcrumb"},"inLanguage":"es","potentialAction":[{"@type":"ReadAction","target":["https:\/\/laprensacristiana.com\/?p=3923"]}]},{"@type":"BreadcrumbList","@id":"https:\/\/laprensacristiana.com\/?p=3923#breadcrumb","itemListElement":[{"@type":"ListItem","position":1,"name":"Portada","item":"https:\/\/laprensacristiana.com\/"},{"@type":"ListItem","position":2,"name":"El\u00edas Arriaza presenta su sencillo \u201cEn tu Amor\u201d"}]},{"@type":"WebSite","@id":"https:\/\/laprensacristiana.com\/#website","url":"https:\/\/laprensacristiana.com\/","name":"La Prensa Cristiana","description":"Anunciando Las Buenas Nuevas","potentialAction":[{"@type":"SearchAction","target":{"@type":"EntryPoint","urlTemplate":"https:\/\/laprensacristiana.com\/?s={search_term_string}"},"query-input":"required name=search_term_string"}],"inLanguage":"es"},{"@type":"Person","@id":"https:\/\/laprensacristiana.com\/#\/schema\/person\/3e7d82c6bfd6b1fa67010f8f7cd5256e","name":"EDITOR","image":{"@type":"ImageObject","inLanguage":"es","@id":"https:\/\/laprensacristiana.com\/#\/schema\/person\/image\/","url":"https:\/\/secure.gravatar.com\/avatar\/72069dfb6c13772d9e8381e3638666d2?s=96&d=mm&r=g","contentUrl":"https:\/\/secure.gravatar.com\/avatar\/72069dfb6c13772d9e8381e3638666d2?s=96&d=mm&r=g","caption":"EDITOR"},"url":"https:\/\/laprensacristiana.com\/?author=3"}]}},"_links":{"self":[{"href":"https:\/\/laprensacristiana.com\/index.php?rest_route=\/wp\/v2\/posts\/3923"}],"collection":[{"href":"https:\/\/laprensacristiana.com\/index.php?rest_route=\/wp\/v2\/posts"}],"about":[{"href":"https:\/\/laprensacristiana.com\/index.php?rest_route=\/wp\/v2\/types\/post"}],"author":[{"embeddable":true,"href":"https:\/\/laprensacristiana.com\/index.php?rest_route=\/wp\/v2\/users\/3"}],"replies":[{"embeddable":true,"href":"https:\/\/laprensacristiana.com\/index.php?rest_route=%2Fwp%2Fv2%2Fcomments&post=3923"}],"version-history":[{"count":2,"href":"https:\/\/laprensacristiana.com\/index.php?rest_route=\/wp\/v2\/posts\/3923\/revisions"}],"predecessor-version":[{"id":3927,"href":"https:\/\/laprensacristiana.com\/index.php?rest_route=\/wp\/v2\/posts\/3923\/revisions\/3927"}],"wp:featuredmedia":[{"embeddable":true,"href":"https:\/\/laprensacristiana.com\/index.php?rest_route=\/wp\/v2\/media\/3924"}],"wp:attachment":[{"href":"https:\/\/laprensacristiana.com\/index.php?rest_route=%2Fwp%2Fv2%2Fmedia&parent=3923"}],"wp:term":[{"taxonomy":"category","embeddable":true,"href":"https:\/\/laprensacristiana.com\/index.php?rest_route=%2Fwp%2Fv2%2Fcategories&post=3923"},{"taxonomy":"post_tag","embeddable":true,"href":"https:\/\/laprensacristiana.com\/index.php?rest_route=%2Fwp%2Fv2%2Ftags&post=3923"}],"curies":[{"name":"wp","href":"https:\/\/api.w.org\/{rel}","templated":true}]}}