{"id":3928,"date":"2018-05-18T16:11:04","date_gmt":"2018-05-18T16:11:04","guid":{"rendered":"https:\/\/laprensacristiana.com\/?p=3928"},"modified":"2018-05-18T16:11:04","modified_gmt":"2018-05-18T16:11:04","slug":"ya-soy-salvo-y-ahora-que","status":"publish","type":"post","link":"https:\/\/laprensacristiana.com\/?p=3928","title":{"rendered":"Ya soy salvo\u2026 \u00bfY ahora qu\u00e9\u2026?"},"content":{"rendered":"<p>&nbsp;<\/p>\n<p>Juan 17:15-16 \u201cNo ruego que los quites del mundo, sino que los guardes del mal. No son del mundo, como tampoco yo soy del mundo.\u201d<\/p>\n<p>Antes de ser salvos \u00e9ramos ciudadanos del mundo. Viv\u00edamos bajo su influencia, cultura y dominio. Pablo lo dice magistralmente: \u00e9ramos esclavos del pecado. Miopes espirituales. Ignorantes de que existe una vida mejor. Arrastrados por la corriente del mundo serv\u00edamos al pecado como \u00e9l nos ordenaba y transit\u00e1bamos por una vor\u00e1gine de placeres carnales y pecaminosos a m\u00e1s no poder.<\/p>\n<p>Ahora hemos aceptado el regalo de Dios: Jesucristo y su obra de salvaci\u00f3n. Ya somos salvos por Gracia y Misericordia. Ahora debemos saber algo. Debemos aprender a vivir en este mundo luchando por alcanzar la meta del supremo llamamiento en Cristo. Vivir en santidad.<\/p>\n<p>Ahora toca empezar un nuevo caminar. Es una aventura llamada fe. No por vista sino por fe, dijo el Ap\u00f3stol. Ahora que hemos puesto la mano en el arado nos toca poner los ojos en Cristo y olvidar las cosas pasadas. Un nuevo estilo de vida. Nueva conducta. Nuevo car\u00e1cter.<\/p>\n<p>Aqu\u00ed es donde muchos claudican y se vuelven atr\u00e1s. Reniegan de su confesi\u00f3n o simplemente se disfrazan de salvos o cristianos o evang\u00e9licos y siguen viviendo su mismo estilo de vida que ten\u00edan antes de llegar a la salvaci\u00f3n. No entienden o no les ense\u00f1aron que la conversi\u00f3n a la fe en Cristo Jes\u00fas conlleva compromisos personales que exigen un alto grado de disciplina, identificaci\u00f3n y conocimiento de qui\u00e9n soy ahora. Ignorar esto me puede llevar a la perdici\u00f3n. Ignorar esto me puede causar traumas espirituales y confusi\u00f3n. Me puedo, incluso, volver un ap\u00e1trida celestial y vivir bajo la l\u00ednea de la mediocridad. Nada ha cambiado. Sigo siendo el mismo vulgar, malcriado y abusivo de siempre. Todo porque mis mentores no me ense\u00f1aron que hay un cambio impl\u00edcito que el Se\u00f1or espera de mi vida y mi conducta. No soy salvo para vivir como quiera. Soy salvo para vivir diferente. Y una parte de esto me corresponde hacerlo a m\u00ed.<\/p>\n<p>Vivimos en un mundo dual. Vivimos en un mundo de contradicciones.\u00a0 Vivimos en dos calendarios: Esta edad presente\u00a0 y el mundo venidero.\u00a0 El reto es saber movernos en este abanico de alegr\u00edas y tristezas que la vida nos presenta.\u00a0 La vida est\u00e1 llena de paradojas y contradicciones.\u00a0 No importa como lo veamos. La vida cristiana no es un camino de rosas. Hay espinas y cardos por todos lados.<\/p>\n<p>Nos movemos en dos direcciones: entre lo material y lo espiritual.\u00a0 Entre lo mortal y lo inmortal. Ser parte de esta vida es saber que no tenemos un solo camino.\u00a0 Nos movemos entre el \u201cdeseo\u201d y el \u201cdebo\u201d.\u00a0 Por un lado deseo algo, por otro, el deber me impone otra cosa.<\/p>\n<p>Hay una batalla dentro de nosotros entre el \u201cdeseo hacer esto\u201d y el \u201cdebo hacer esto\u201d. Y en medio de todo este contrapunto de emociones, debemos saber que Dios tiene el control absoluto sobre estas paradojas.\u00a0 \u00c9l tiene el control sobre estas emociones que vivimos diariamente.<\/p>\n<p>La Biblia nos ense\u00f1a c\u00f3mo luchar cada d\u00eda para enfrentar las paradojas sin que nos superen sino que siempre est\u00e9n bajo nuestro control.\u00a0 Cuando conocemos al Dios de la Biblia, descubrimos que en El est\u00e1n escondidos no solo lo oculto sino tambi\u00e9n nuestras disonancias filos\u00f3ficas y emp\u00edricas, nuestros desequilibrios constantes en contrapunto de emociones que nos llevan a vivir entre lo ordinario y lo extraordinario.\u00a0 Todos nosotros vivimos momentos sin sentido, incluso con fantas\u00edas y sue\u00f1os locos y sue\u00f1os cuerdos. Planes que a veces desarrollamos o fracasamos en el intento.<\/p>\n<p>Pero la Palabra de Dios nos ense\u00f1a que Dios nos sostiene en ese zigzag que nos da la vida, en todas sus intenciones de perplejidad y confusi\u00f3n que a veces se nos atraviesan en el camino. Acercarnos al Dios Verdadero nos permite acercarnos a la zarza que no se consume, es decir, entre una realidad que conocemos y una realidad constante que ignoramos.<\/p>\n<p>Nuestra vida es la belleza del contraste, el romance de la contradicci\u00f3n, esa locura del contrapunto que resulta entre lo que vivimos y lo que esperamos, entre lo que queremos y lo que hacemos, entre lo que re\u00edmos y lo que lloramos, entre lo que amamos y lo que odiamos a la vez.<\/p>\n<p>Como aquel matrimonio que no logra ponerse de acuerdo en muchas cosas. \u00c9l le dice a ella: \u201cno te entiendo, y ella le responde: no me entiendes, pero no puedes vivir sin m\u00ed\u201d. Esa es la belleza de la contradicci\u00f3n. La belleza de la zarza que arde y no se consume, es el contraste que vivimos entre lo blanco y lo negro, entre lo incorrecto y lo correcto y saber que en medio de todo esto est\u00e1 el Se\u00f1or, nuestro Dios, ese Dios que habita en medio de nuestras l\u00e1grimas, en medio de nuestras alegr\u00edas, en medio de nuestros sue\u00f1os, anhelos y esperanzas. En medio de nuestros temores.\u00a0 La vida est\u00e1 llena de tensiones, de disonancias y aprender a vivir en medio de todo esto que nosotros mismos provocamos con aquellas decisiones del pasado que a\u00fan nos alcanzan sus efectos dolorosos o vergonzosos. Es esa realidad que no podemos evadir, que nos atrapa en sus redes, que son parte de la realidad que no podemos soslayar y pretender, como el avestruz, esconder la cabeza entre las cosas del mundo para pensar que el problema no existe\u2026<\/p>\n<p>Esta vida ordenada por Dios es para encontrarnos con El.\u00a0 Es la realidad de nuestro existir, en esos momentos de bipolaridad entre lo amargo y lo dulce que todos atravesamos para dejar que sea \u00c9l quien tome el control de todo, ya que sus tiempos son tiempos de ternura, de gracia, de lino, de caricias para que sepamos que la lucha no es una lucha por la muerte sino por la vida, la vida eterna\u2026<\/p>\n<p>Escribo esto para alg\u00fan lector que est\u00e1 pasando momentos como estos, donde tiene la sonrisa de sus hijos o tal vez el adi\u00f3s de alguno de ellos.\u00a0 Donde tiene tal vez la mirada dulce de su c\u00f3nyuge\u00a0 o el adi\u00f3s para siempre cuando le dice que ya no quiere vivir con usted. Escribo esto para alguien que est\u00e1 batallando con un vicio escondido que lo subyuga constantemente y no lo deja en paz. O quiz\u00e1 para alguien que est\u00e1 peleando contra el c\u00e1ncer, o contra ese monstruo escondido en lo secreto de su alma que lo enoja sin tener motivos y que ofende a quienes m\u00e1s ama. O para alguien que anhela encontrar la esperanza de una nueva voz que le arrulle en sus noches de soledad, que necesite el abrazo de un nuevo amigo, o la seguridad de un nuevo empleo. Dios conoce sus dolores. Dios sabe de sus l\u00e1grimas secretas. Dios esta con usted cuando llora por las noches y moja su almohada con la angustia de saber que ma\u00f1ana no tiene para el pan, de saber que seguramente su hija no regres\u00f3 a dormir despu\u00e9s del colegio. Dios sabe todo eso y mucho m\u00e1s. Sabe de sus temores, sus inquietudes y sus momentos de terror nocturno. Porque El conoce la vida. Porque \u00c9l tambi\u00e9n camin\u00f3 por este sendero de dolor y miseria. Y lo hizo para poder entendernos a nosotros, pobres mortales de polvo que pretendemos creer que tenemos derecho a vivir en otra dimensi\u00f3n.<\/p>\n<p>Todo esto nos ense\u00f1a que Dios est\u00e1 con nosotros en todas estas bipolaridades de la vida, Dios est\u00e1 all\u00ed en sagrados encuentros para\u00a0 bendecirnos y levantarnos.\u00a0 Dios esta con usted que lee estas l\u00edneas.\u00a0 El sigue siendo Dios\u00a0 a\u00fan cuando su vida est\u00e9 atravesando momentos de disoluci\u00f3n y de angustia\u2026<\/p>\n<p>Nuestro Dios nos lleva de la mano mientras caminamos por ese t\u00fanel oscuro en busca de la luz al final del mismo.\u00a0 Es posible que usted como yo, estemos pasando momentos dif\u00edciles, pero es en esos momentos que podemos descubrir un nuevo sentido del amor no pasional sino como una dimensi\u00f3n m\u00e1s real. Un amor que antes no conceb\u00edamos porque no lo conoc\u00edamos. Es el regalo m\u00e1s grande que nos han hecho. Nos regalaron a un Hijo que sufri\u00f3 por nosotros. Llor\u00f3 por nosotros y se entreg\u00f3 a la muerte de la cruz por nosotros.<\/p>\n<p>S\u00ed, ya somos salvos y ahora nos toca enfrentar los retos de este mundo en que vivimos y demostrar que ya no somos los mismos. Que Alguien ha ingresado en lo profundo de nuestro ser para motivarnos a vivir en otro mundo, el mundo de la fe, el mundo de lo invisible pero visible al mismo tiempo. Es una dualidad que no se entiende a menos que se viva.<\/p>\n<p>Ahora entendemos lo que dijo nuestro Maestro: \u201cNo ruego que los quites del mundo, sino que los guardes del mal\u201d<\/p>\n","protected":false},"excerpt":{"rendered":"<p>&nbsp; Juan 17:15-16 \u201cNo ruego que los quites del mundo, sino que los guardes del mal. No son del mundo, como tampoco yo soy del mundo.\u201d Antes de ser salvos \u00e9ramos ciudadanos del mundo. Viv\u00edamos bajo su influencia, cultura y dominio. Pablo lo dice magistralmente: \u00e9ramos esclavos del pecado. Miopes espirituales. Ignorantes de que existe [&hellip;]<\/p>\n","protected":false},"author":3,"featured_media":3469,"comment_status":"open","ping_status":"open","sticky":false,"template":"","format":"standard","meta":[],"categories":[36],"tags":[],"yoast_head":"<!-- This site is optimized with the Yoast SEO plugin v20.8 - https:\/\/yoast.com\/wordpress\/plugins\/seo\/ -->\n<title>Ya soy salvo\u2026 \u00bfY ahora qu\u00e9\u2026? - La Prensa Cristiana<\/title>\n<meta name=\"robots\" content=\"index, follow, max-snippet:-1, max-image-preview:large, max-video-preview:-1\" \/>\n<link rel=\"canonical\" href=\"https:\/\/laprensacristiana.com\/?p=3928\" \/>\n<meta property=\"og:locale\" content=\"es_ES\" \/>\n<meta property=\"og:type\" content=\"article\" \/>\n<meta property=\"og:title\" content=\"Ya soy salvo\u2026 \u00bfY ahora qu\u00e9\u2026? - La Prensa Cristiana\" \/>\n<meta property=\"og:description\" content=\"&nbsp; Juan 17:15-16 \u201cNo ruego que los quites del mundo, sino que los guardes del mal. No son del mundo, como tampoco yo soy del mundo.\u201d Antes de ser salvos \u00e9ramos ciudadanos del mundo. Viv\u00edamos bajo su influencia, cultura y dominio. Pablo lo dice magistralmente: \u00e9ramos esclavos del pecado. Miopes espirituales. Ignorantes de que existe [&hellip;]\" \/>\n<meta property=\"og:url\" content=\"https:\/\/laprensacristiana.com\/?p=3928\" \/>\n<meta property=\"og:site_name\" content=\"La Prensa Cristiana\" \/>\n<meta property=\"article:published_time\" content=\"2018-05-18T16:11:04+00:00\" \/>\n<meta property=\"og:image\" content=\"https:\/\/laprensacristiana.com\/wp-content\/uploads\/2018\/02\/2017-11-23-PHOTO-00003245-1.jpg\" \/>\n\t<meta property=\"og:image:width\" content=\"1280\" \/>\n\t<meta property=\"og:image:height\" content=\"714\" \/>\n\t<meta property=\"og:image:type\" content=\"image\/jpeg\" \/>\n<meta name=\"author\" content=\"EDITOR\" \/>\n<meta name=\"twitter:card\" content=\"summary_large_image\" \/>\n<meta name=\"twitter:label1\" content=\"Escrito por\" \/>\n\t<meta name=\"twitter:data1\" content=\"EDITOR\" \/>\n\t<meta name=\"twitter:label2\" content=\"Tiempo de lectura\" \/>\n\t<meta name=\"twitter:data2\" content=\"8 minutos\" \/>\n<script type=\"application\/ld+json\" class=\"yoast-schema-graph\">{\"@context\":\"https:\/\/schema.org\",\"@graph\":[{\"@type\":\"WebPage\",\"@id\":\"https:\/\/laprensacristiana.com\/?p=3928\",\"url\":\"https:\/\/laprensacristiana.com\/?p=3928\",\"name\":\"Ya soy salvo\u2026 \u00bfY ahora qu\u00e9\u2026? - La Prensa Cristiana\",\"isPartOf\":{\"@id\":\"https:\/\/laprensacristiana.com\/#website\"},\"datePublished\":\"2018-05-18T16:11:04+00:00\",\"dateModified\":\"2018-05-18T16:11:04+00:00\",\"author\":{\"@id\":\"https:\/\/laprensacristiana.com\/#\/schema\/person\/3e7d82c6bfd6b1fa67010f8f7cd5256e\"},\"breadcrumb\":{\"@id\":\"https:\/\/laprensacristiana.com\/?p=3928#breadcrumb\"},\"inLanguage\":\"es\",\"potentialAction\":[{\"@type\":\"ReadAction\",\"target\":[\"https:\/\/laprensacristiana.com\/?p=3928\"]}]},{\"@type\":\"BreadcrumbList\",\"@id\":\"https:\/\/laprensacristiana.com\/?p=3928#breadcrumb\",\"itemListElement\":[{\"@type\":\"ListItem\",\"position\":1,\"name\":\"Portada\",\"item\":\"https:\/\/laprensacristiana.com\/\"},{\"@type\":\"ListItem\",\"position\":2,\"name\":\"Ya soy salvo\u2026 \u00bfY ahora qu\u00e9\u2026?\"}]},{\"@type\":\"WebSite\",\"@id\":\"https:\/\/laprensacristiana.com\/#website\",\"url\":\"https:\/\/laprensacristiana.com\/\",\"name\":\"La Prensa Cristiana\",\"description\":\"Anunciando Las Buenas Nuevas\",\"potentialAction\":[{\"@type\":\"SearchAction\",\"target\":{\"@type\":\"EntryPoint\",\"urlTemplate\":\"https:\/\/laprensacristiana.com\/?s={search_term_string}\"},\"query-input\":\"required name=search_term_string\"}],\"inLanguage\":\"es\"},{\"@type\":\"Person\",\"@id\":\"https:\/\/laprensacristiana.com\/#\/schema\/person\/3e7d82c6bfd6b1fa67010f8f7cd5256e\",\"name\":\"EDITOR\",\"image\":{\"@type\":\"ImageObject\",\"inLanguage\":\"es\",\"@id\":\"https:\/\/laprensacristiana.com\/#\/schema\/person\/image\/\",\"url\":\"https:\/\/secure.gravatar.com\/avatar\/72069dfb6c13772d9e8381e3638666d2?s=96&d=mm&r=g\",\"contentUrl\":\"https:\/\/secure.gravatar.com\/avatar\/72069dfb6c13772d9e8381e3638666d2?s=96&d=mm&r=g\",\"caption\":\"EDITOR\"},\"url\":\"https:\/\/laprensacristiana.com\/?author=3\"}]}<\/script>\n<!-- \/ Yoast SEO plugin. -->","yoast_head_json":{"title":"Ya soy salvo\u2026 \u00bfY ahora qu\u00e9\u2026? - La Prensa Cristiana","robots":{"index":"index","follow":"follow","max-snippet":"max-snippet:-1","max-image-preview":"max-image-preview:large","max-video-preview":"max-video-preview:-1"},"canonical":"https:\/\/laprensacristiana.com\/?p=3928","og_locale":"es_ES","og_type":"article","og_title":"Ya soy salvo\u2026 \u00bfY ahora qu\u00e9\u2026? - La Prensa Cristiana","og_description":"&nbsp; Juan 17:15-16 \u201cNo ruego que los quites del mundo, sino que los guardes del mal. No son del mundo, como tampoco yo soy del mundo.\u201d Antes de ser salvos \u00e9ramos ciudadanos del mundo. Viv\u00edamos bajo su influencia, cultura y dominio. Pablo lo dice magistralmente: \u00e9ramos esclavos del pecado. Miopes espirituales. Ignorantes de que existe [&hellip;]","og_url":"https:\/\/laprensacristiana.com\/?p=3928","og_site_name":"La Prensa Cristiana","article_published_time":"2018-05-18T16:11:04+00:00","og_image":[{"width":1280,"height":714,"url":"https:\/\/laprensacristiana.com\/wp-content\/uploads\/2018\/02\/2017-11-23-PHOTO-00003245-1.jpg","type":"image\/jpeg"}],"author":"EDITOR","twitter_card":"summary_large_image","twitter_misc":{"Escrito por":"EDITOR","Tiempo de lectura":"8 minutos"},"schema":{"@context":"https:\/\/schema.org","@graph":[{"@type":"WebPage","@id":"https:\/\/laprensacristiana.com\/?p=3928","url":"https:\/\/laprensacristiana.com\/?p=3928","name":"Ya soy salvo\u2026 \u00bfY ahora qu\u00e9\u2026? - La Prensa Cristiana","isPartOf":{"@id":"https:\/\/laprensacristiana.com\/#website"},"datePublished":"2018-05-18T16:11:04+00:00","dateModified":"2018-05-18T16:11:04+00:00","author":{"@id":"https:\/\/laprensacristiana.com\/#\/schema\/person\/3e7d82c6bfd6b1fa67010f8f7cd5256e"},"breadcrumb":{"@id":"https:\/\/laprensacristiana.com\/?p=3928#breadcrumb"},"inLanguage":"es","potentialAction":[{"@type":"ReadAction","target":["https:\/\/laprensacristiana.com\/?p=3928"]}]},{"@type":"BreadcrumbList","@id":"https:\/\/laprensacristiana.com\/?p=3928#breadcrumb","itemListElement":[{"@type":"ListItem","position":1,"name":"Portada","item":"https:\/\/laprensacristiana.com\/"},{"@type":"ListItem","position":2,"name":"Ya soy salvo\u2026 \u00bfY ahora qu\u00e9\u2026?"}]},{"@type":"WebSite","@id":"https:\/\/laprensacristiana.com\/#website","url":"https:\/\/laprensacristiana.com\/","name":"La Prensa Cristiana","description":"Anunciando Las Buenas Nuevas","potentialAction":[{"@type":"SearchAction","target":{"@type":"EntryPoint","urlTemplate":"https:\/\/laprensacristiana.com\/?s={search_term_string}"},"query-input":"required name=search_term_string"}],"inLanguage":"es"},{"@type":"Person","@id":"https:\/\/laprensacristiana.com\/#\/schema\/person\/3e7d82c6bfd6b1fa67010f8f7cd5256e","name":"EDITOR","image":{"@type":"ImageObject","inLanguage":"es","@id":"https:\/\/laprensacristiana.com\/#\/schema\/person\/image\/","url":"https:\/\/secure.gravatar.com\/avatar\/72069dfb6c13772d9e8381e3638666d2?s=96&d=mm&r=g","contentUrl":"https:\/\/secure.gravatar.com\/avatar\/72069dfb6c13772d9e8381e3638666d2?s=96&d=mm&r=g","caption":"EDITOR"},"url":"https:\/\/laprensacristiana.com\/?author=3"}]}},"_links":{"self":[{"href":"https:\/\/laprensacristiana.com\/index.php?rest_route=\/wp\/v2\/posts\/3928"}],"collection":[{"href":"https:\/\/laprensacristiana.com\/index.php?rest_route=\/wp\/v2\/posts"}],"about":[{"href":"https:\/\/laprensacristiana.com\/index.php?rest_route=\/wp\/v2\/types\/post"}],"author":[{"embeddable":true,"href":"https:\/\/laprensacristiana.com\/index.php?rest_route=\/wp\/v2\/users\/3"}],"replies":[{"embeddable":true,"href":"https:\/\/laprensacristiana.com\/index.php?rest_route=%2Fwp%2Fv2%2Fcomments&post=3928"}],"version-history":[{"count":1,"href":"https:\/\/laprensacristiana.com\/index.php?rest_route=\/wp\/v2\/posts\/3928\/revisions"}],"predecessor-version":[{"id":3929,"href":"https:\/\/laprensacristiana.com\/index.php?rest_route=\/wp\/v2\/posts\/3928\/revisions\/3929"}],"wp:featuredmedia":[{"embeddable":true,"href":"https:\/\/laprensacristiana.com\/index.php?rest_route=\/wp\/v2\/media\/3469"}],"wp:attachment":[{"href":"https:\/\/laprensacristiana.com\/index.php?rest_route=%2Fwp%2Fv2%2Fmedia&parent=3928"}],"wp:term":[{"taxonomy":"category","embeddable":true,"href":"https:\/\/laprensacristiana.com\/index.php?rest_route=%2Fwp%2Fv2%2Fcategories&post=3928"},{"taxonomy":"post_tag","embeddable":true,"href":"https:\/\/laprensacristiana.com\/index.php?rest_route=%2Fwp%2Fv2%2Ftags&post=3928"}],"curies":[{"name":"wp","href":"https:\/\/api.w.org\/{rel}","templated":true}]}}