{"id":3951,"date":"2018-05-22T02:05:48","date_gmt":"2018-05-22T02:05:48","guid":{"rendered":"https:\/\/laprensacristiana.com\/?p=3951"},"modified":"2018-05-22T02:32:32","modified_gmt":"2018-05-22T02:32:32","slug":"superficialidad-y-desenfoque","status":"publish","type":"post","link":"https:\/\/laprensacristiana.com\/?p=3951","title":{"rendered":"Superficialidad y desenfoque"},"content":{"rendered":"<p>Una de las exhortaciones m\u00e1s comunes en la Escritura es el llamado de Dios a los creyentes para que <em>pensemos<\/em>. Pedro lo hace invit\u00e1ndonos a \u201cce\u00f1ir los lomos del entendimiento\u201d (1 Pedro 1:13), Pablo lo complementa diciendo que debemos hacerlo ci\u00f1endo \u201clos lomos con la verdad\u201d (Efesios 6:14) y luego indica lo que deber\u00eda ser el centro de nuestros pensamientos: lo verdadero, lo honesto, lo justo, lo puro, lo amable y lo de buen nombre (Filipenses 4:8). Juan, en un pasaje poco comprendido, se\u00f1ala que \u201cel Hijo de Dios ha venido, y nos ha dado entendimiento para conocer al que es verdadero\u201d; utilizando un t\u00e9rmino para \u201centendimiento\u201d que describe el tipo de pensamiento que no es fugaz y superficial sino intencional y profundo. Es interesante: seg\u00fan la Biblia, no conoces a Jes\u00fas por la v\u00eda de las emociones, sino de los pensamientos.<\/p>\n<p>Pensar es una decisi\u00f3n en s\u00ed misma. A los G\u00e1latas, el Esp\u00edritu Santo les dirigi\u00f3 fuertes palabras diciendo \u201c<em>\u00a1Oh g\u00e1latas insensatos! \u00bfqui\u00e9n os fascin\u00f3 para no obedecer a la verdad\u2026?\u201d <\/em>en un se\u00f1alamiento que podr\u00eda ser hecho a ti y a m\u00ed -y a muchos cristianos- en nuestro tiempo. Seg\u00fan Pablo, en Galacia, aunque eran creyentes, tambi\u00e9n eran insensatos. El t\u00e9rmino usado en ese pasaje no tiene que ver con la incapacidad de entender algo (a causa de un bajo coeficiente intelectual) sino que se\u00f1ala la negligencia en el uso de su inteligencia para razonar la verdad. En otras palabras, es un reclamo por la superficialidad intencional de algunos cristianos en aquella \u00e9poca en el an\u00e1lisis de lo que estaba a su total disposici\u00f3n: la verdad de la revelaci\u00f3n de Dios. Era un reclamo porque pocas cosas son tan cristianas como pensar; pero, en un mundo en el que la intensidad y la velocidad nos asedian constantemente, me temo que -al igual que sucedi\u00f3 con los g\u00e1latas- los cristianos nos hemos acostumbrado a la idea de que podemos darnos el lujo de reaccionar mucho y reflexionar poco. Es preocupante.<\/p>\n<p>Si ves a tu alrededor (y, probablemente, si siendo honesto ves en tu interior) dos de los males m\u00e1s comunes entre los creyentes de nuestros d\u00edas son la superficialidad y el desenfoque. No queremos pensar en lo que es demasiado profundo. Hemos perdido -quiz\u00e1s por el mal uso de la tecnolog\u00eda, quiz\u00e1s por la sobresimplificaci\u00f3n producto de las redes sociales- la habilidad de concentrarnos y recordar los detalles de las cosas m\u00e1s esenciales de la vida espiritual. No es desacertado decir que una de las victorias m\u00e1s trascendentales del enemigo en nuestro tiempo ha sido producir una generaci\u00f3n superficial y desenfocada. Entre los cristianos hay mucha bulla y poca sustancia. Podemos citar algunos pasajes -sin contexto- pero no hay evidencias tangibles de que tales pasajes gu\u00eden verdaderamente nuestro estilo de vida. Un cristiano que no est\u00e1 acostumbrado a pensar en su fe es el equivalente a un terreno est\u00e9ril o a una planta que no produce fruto. \u00bfTe sucede? Pi\u00e9nsalo. Lo peor de todo es que, como se trata de pensar, \u00a1no queremos pensar que nos pasa a nosotros! Haz un ejercicio simple: trata de recordar la m\u00e1s reciente visita que hiciste a tu iglesia y establece qu\u00e9 aprendiste y c\u00f3mo lo has tra\u00eddo a la pr\u00e1ctica. Te sorprender\u00e1 darte cuenta que, a menudo, recuerdas lo trivial -una ilustraci\u00f3n, una interrupci\u00f3n en el servicio o, incluso, un chiste del predicador- pero te dar\u00e1s cuenta que tu mente \u201cno estaba totalmente all\u00ed\u201d para lo m\u00e1s importante: asimilar la verdad de manera que produjera fruto permanente en tu coraz\u00f3n y en tu alma.<\/p>\n<p>Probablemente, tu d\u00eda comienza con el frenes\u00ed y la velocidad de los quehaceres regulares de nuestro mundo: familia, trabajo o estudios que no pueden esperar, pero con la excusa de que un rato de reflexi\u00f3n en la palabra si es algo que puedes hacer \u201cm\u00e1s tarde\u201d. No te enga\u00f1es. Si no tomas tiempo para meditar la verdad de la Escritura, nunca pasar\u00e1 de las p\u00e1ginas de la Biblia a la vida diaria de tu realidad. Y, lentamente, te habr\u00e1s convertido en otra victoria del enemigo: superficial y desenfocado. La decisi\u00f3n es tuya.<\/p>\n","protected":false},"excerpt":{"rendered":"<p>Una de las exhortaciones m\u00e1s comunes en la Escritura es el llamado de Dios a los creyentes para que pensemos. Pedro lo hace invit\u00e1ndonos a \u201cce\u00f1ir los lomos del entendimiento\u201d (1 Pedro 1:13), Pablo lo complementa diciendo que debemos hacerlo ci\u00f1endo \u201clos lomos con la verdad\u201d (Efesios 6:14) y luego indica lo que deber\u00eda ser [&hellip;]<\/p>\n","protected":false},"author":3,"featured_media":3957,"comment_status":"open","ping_status":"open","sticky":false,"template":"","format":"standard","meta":[],"categories":[36],"tags":[],"yoast_head":"<!-- This site is optimized with the Yoast SEO plugin v20.8 - https:\/\/yoast.com\/wordpress\/plugins\/seo\/ -->\n<title>Superficialidad y desenfoque - La Prensa Cristiana<\/title>\n<meta name=\"robots\" content=\"index, follow, max-snippet:-1, max-image-preview:large, max-video-preview:-1\" \/>\n<link rel=\"canonical\" href=\"https:\/\/laprensacristiana.com\/?p=3951\" \/>\n<meta property=\"og:locale\" content=\"es_ES\" \/>\n<meta property=\"og:type\" content=\"article\" \/>\n<meta property=\"og:title\" content=\"Superficialidad y desenfoque - La Prensa Cristiana\" \/>\n<meta property=\"og:description\" content=\"Una de las exhortaciones m\u00e1s comunes en la Escritura es el llamado de Dios a los creyentes para que pensemos. Pedro lo hace invit\u00e1ndonos a \u201cce\u00f1ir los lomos del entendimiento\u201d (1 Pedro 1:13), Pablo lo complementa diciendo que debemos hacerlo ci\u00f1endo \u201clos lomos con la verdad\u201d (Efesios 6:14) y luego indica lo que deber\u00eda ser [&hellip;]\" \/>\n<meta property=\"og:url\" content=\"https:\/\/laprensacristiana.com\/?p=3951\" \/>\n<meta property=\"og:site_name\" content=\"La Prensa Cristiana\" \/>\n<meta property=\"article:published_time\" content=\"2018-05-22T02:05:48+00:00\" \/>\n<meta property=\"article:modified_time\" content=\"2018-05-22T02:32:32+00:00\" \/>\n<meta property=\"og:image\" content=\"https:\/\/laprensacristiana.com\/wp-content\/uploads\/2018\/05\/ASDFGHJKL-scaled.jpg\" \/>\n\t<meta property=\"og:image:width\" content=\"2560\" \/>\n\t<meta property=\"og:image:height\" content=\"1509\" \/>\n\t<meta property=\"og:image:type\" content=\"image\/jpeg\" \/>\n<meta name=\"author\" content=\"EDITOR\" \/>\n<meta name=\"twitter:card\" content=\"summary_large_image\" \/>\n<meta name=\"twitter:label1\" content=\"Escrito por\" \/>\n\t<meta name=\"twitter:data1\" content=\"EDITOR\" \/>\n\t<meta name=\"twitter:label2\" content=\"Tiempo de lectura\" \/>\n\t<meta name=\"twitter:data2\" content=\"4 minutos\" \/>\n<script type=\"application\/ld+json\" class=\"yoast-schema-graph\">{\"@context\":\"https:\/\/schema.org\",\"@graph\":[{\"@type\":\"WebPage\",\"@id\":\"https:\/\/laprensacristiana.com\/?p=3951\",\"url\":\"https:\/\/laprensacristiana.com\/?p=3951\",\"name\":\"Superficialidad y desenfoque - La Prensa Cristiana\",\"isPartOf\":{\"@id\":\"https:\/\/laprensacristiana.com\/#website\"},\"datePublished\":\"2018-05-22T02:05:48+00:00\",\"dateModified\":\"2018-05-22T02:32:32+00:00\",\"author\":{\"@id\":\"https:\/\/laprensacristiana.com\/#\/schema\/person\/3e7d82c6bfd6b1fa67010f8f7cd5256e\"},\"breadcrumb\":{\"@id\":\"https:\/\/laprensacristiana.com\/?p=3951#breadcrumb\"},\"inLanguage\":\"es\",\"potentialAction\":[{\"@type\":\"ReadAction\",\"target\":[\"https:\/\/laprensacristiana.com\/?p=3951\"]}]},{\"@type\":\"BreadcrumbList\",\"@id\":\"https:\/\/laprensacristiana.com\/?p=3951#breadcrumb\",\"itemListElement\":[{\"@type\":\"ListItem\",\"position\":1,\"name\":\"Portada\",\"item\":\"https:\/\/laprensacristiana.com\/\"},{\"@type\":\"ListItem\",\"position\":2,\"name\":\"Superficialidad y desenfoque\"}]},{\"@type\":\"WebSite\",\"@id\":\"https:\/\/laprensacristiana.com\/#website\",\"url\":\"https:\/\/laprensacristiana.com\/\",\"name\":\"La Prensa Cristiana\",\"description\":\"Anunciando Las Buenas Nuevas\",\"potentialAction\":[{\"@type\":\"SearchAction\",\"target\":{\"@type\":\"EntryPoint\",\"urlTemplate\":\"https:\/\/laprensacristiana.com\/?s={search_term_string}\"},\"query-input\":\"required name=search_term_string\"}],\"inLanguage\":\"es\"},{\"@type\":\"Person\",\"@id\":\"https:\/\/laprensacristiana.com\/#\/schema\/person\/3e7d82c6bfd6b1fa67010f8f7cd5256e\",\"name\":\"EDITOR\",\"image\":{\"@type\":\"ImageObject\",\"inLanguage\":\"es\",\"@id\":\"https:\/\/laprensacristiana.com\/#\/schema\/person\/image\/\",\"url\":\"https:\/\/secure.gravatar.com\/avatar\/72069dfb6c13772d9e8381e3638666d2?s=96&d=mm&r=g\",\"contentUrl\":\"https:\/\/secure.gravatar.com\/avatar\/72069dfb6c13772d9e8381e3638666d2?s=96&d=mm&r=g\",\"caption\":\"EDITOR\"},\"url\":\"https:\/\/laprensacristiana.com\/?author=3\"}]}<\/script>\n<!-- \/ Yoast SEO plugin. -->","yoast_head_json":{"title":"Superficialidad y desenfoque - La Prensa Cristiana","robots":{"index":"index","follow":"follow","max-snippet":"max-snippet:-1","max-image-preview":"max-image-preview:large","max-video-preview":"max-video-preview:-1"},"canonical":"https:\/\/laprensacristiana.com\/?p=3951","og_locale":"es_ES","og_type":"article","og_title":"Superficialidad y desenfoque - La Prensa Cristiana","og_description":"Una de las exhortaciones m\u00e1s comunes en la Escritura es el llamado de Dios a los creyentes para que pensemos. Pedro lo hace invit\u00e1ndonos a \u201cce\u00f1ir los lomos del entendimiento\u201d (1 Pedro 1:13), Pablo lo complementa diciendo que debemos hacerlo ci\u00f1endo \u201clos lomos con la verdad\u201d (Efesios 6:14) y luego indica lo que deber\u00eda ser [&hellip;]","og_url":"https:\/\/laprensacristiana.com\/?p=3951","og_site_name":"La Prensa Cristiana","article_published_time":"2018-05-22T02:05:48+00:00","article_modified_time":"2018-05-22T02:32:32+00:00","og_image":[{"width":2560,"height":1509,"url":"https:\/\/laprensacristiana.com\/wp-content\/uploads\/2018\/05\/ASDFGHJKL-scaled.jpg","type":"image\/jpeg"}],"author":"EDITOR","twitter_card":"summary_large_image","twitter_misc":{"Escrito por":"EDITOR","Tiempo de lectura":"4 minutos"},"schema":{"@context":"https:\/\/schema.org","@graph":[{"@type":"WebPage","@id":"https:\/\/laprensacristiana.com\/?p=3951","url":"https:\/\/laprensacristiana.com\/?p=3951","name":"Superficialidad y desenfoque - La Prensa Cristiana","isPartOf":{"@id":"https:\/\/laprensacristiana.com\/#website"},"datePublished":"2018-05-22T02:05:48+00:00","dateModified":"2018-05-22T02:32:32+00:00","author":{"@id":"https:\/\/laprensacristiana.com\/#\/schema\/person\/3e7d82c6bfd6b1fa67010f8f7cd5256e"},"breadcrumb":{"@id":"https:\/\/laprensacristiana.com\/?p=3951#breadcrumb"},"inLanguage":"es","potentialAction":[{"@type":"ReadAction","target":["https:\/\/laprensacristiana.com\/?p=3951"]}]},{"@type":"BreadcrumbList","@id":"https:\/\/laprensacristiana.com\/?p=3951#breadcrumb","itemListElement":[{"@type":"ListItem","position":1,"name":"Portada","item":"https:\/\/laprensacristiana.com\/"},{"@type":"ListItem","position":2,"name":"Superficialidad y desenfoque"}]},{"@type":"WebSite","@id":"https:\/\/laprensacristiana.com\/#website","url":"https:\/\/laprensacristiana.com\/","name":"La Prensa Cristiana","description":"Anunciando Las Buenas Nuevas","potentialAction":[{"@type":"SearchAction","target":{"@type":"EntryPoint","urlTemplate":"https:\/\/laprensacristiana.com\/?s={search_term_string}"},"query-input":"required name=search_term_string"}],"inLanguage":"es"},{"@type":"Person","@id":"https:\/\/laprensacristiana.com\/#\/schema\/person\/3e7d82c6bfd6b1fa67010f8f7cd5256e","name":"EDITOR","image":{"@type":"ImageObject","inLanguage":"es","@id":"https:\/\/laprensacristiana.com\/#\/schema\/person\/image\/","url":"https:\/\/secure.gravatar.com\/avatar\/72069dfb6c13772d9e8381e3638666d2?s=96&d=mm&r=g","contentUrl":"https:\/\/secure.gravatar.com\/avatar\/72069dfb6c13772d9e8381e3638666d2?s=96&d=mm&r=g","caption":"EDITOR"},"url":"https:\/\/laprensacristiana.com\/?author=3"}]}},"_links":{"self":[{"href":"https:\/\/laprensacristiana.com\/index.php?rest_route=\/wp\/v2\/posts\/3951"}],"collection":[{"href":"https:\/\/laprensacristiana.com\/index.php?rest_route=\/wp\/v2\/posts"}],"about":[{"href":"https:\/\/laprensacristiana.com\/index.php?rest_route=\/wp\/v2\/types\/post"}],"author":[{"embeddable":true,"href":"https:\/\/laprensacristiana.com\/index.php?rest_route=\/wp\/v2\/users\/3"}],"replies":[{"embeddable":true,"href":"https:\/\/laprensacristiana.com\/index.php?rest_route=%2Fwp%2Fv2%2Fcomments&post=3951"}],"version-history":[{"count":3,"href":"https:\/\/laprensacristiana.com\/index.php?rest_route=\/wp\/v2\/posts\/3951\/revisions"}],"predecessor-version":[{"id":3956,"href":"https:\/\/laprensacristiana.com\/index.php?rest_route=\/wp\/v2\/posts\/3951\/revisions\/3956"}],"wp:featuredmedia":[{"embeddable":true,"href":"https:\/\/laprensacristiana.com\/index.php?rest_route=\/wp\/v2\/media\/3957"}],"wp:attachment":[{"href":"https:\/\/laprensacristiana.com\/index.php?rest_route=%2Fwp%2Fv2%2Fmedia&parent=3951"}],"wp:term":[{"taxonomy":"category","embeddable":true,"href":"https:\/\/laprensacristiana.com\/index.php?rest_route=%2Fwp%2Fv2%2Fcategories&post=3951"},{"taxonomy":"post_tag","embeddable":true,"href":"https:\/\/laprensacristiana.com\/index.php?rest_route=%2Fwp%2Fv2%2Ftags&post=3951"}],"curies":[{"name":"wp","href":"https:\/\/api.w.org\/{rel}","templated":true}]}}