{"id":3964,"date":"2018-05-26T15:29:21","date_gmt":"2018-05-26T15:29:21","guid":{"rendered":"https:\/\/laprensacristiana.com\/?p=3964"},"modified":"2018-05-26T15:29:21","modified_gmt":"2018-05-26T15:29:21","slug":"me-amas-apacienta-mis-corderos-ups-esto-va-a-doler","status":"publish","type":"post","link":"https:\/\/laprensacristiana.com\/?p=3964","title":{"rendered":"\u00bfMe amas\u2026? apacienta mis corderos, \u00a1ups, esto va a doler!"},"content":{"rendered":"<p>&nbsp;<\/p>\n<p>Juan 21:15-16 \u201cEntonces, cuando hab\u00edan acabado de desayunar, Jes\u00fas dijo* a Sim\u00f3n Pedro: Sim\u00f3n, hijo de Juan, \u00bfme amas m\u00e1s que \u00e9estos? Pedro le dijo*: S\u00ed, Se\u00f1or, t\u00fa sabes que te quiero. Jes\u00fas le dijo*: Apacienta mis corderos. Y volvi\u00f3 a decirle por segunda vez: Sim\u00f3n, hijo de Juan, \u00bfme amas? Pedro le dijo*: S\u00ed, Se\u00f1or, t\u00fa sabes que te quiero. Jes\u00fas le dijo*: Pastorea mis ovejas\u201d<\/p>\n<p>\u00c9rase una vez, en un pa\u00eds lejano\u2026<\/p>\n<p>As\u00ed empiezan los cuentos infantiles que le\u00ed en mi ni\u00f1ez. O, como se escribe en las novelas: Todo es pura ficci\u00f3n. Si hay alg\u00fan parecido con la vida real es pura coincidencia.<\/p>\n<p>Este escrito naci\u00f3 en mi mente cuando presenci\u00e9 un servicio en una Iglesia cristiana de alg\u00fan pa\u00eds remoto. Celebraron una fecha en especial. Antes de la pr\u00e9dica, subieron al altar de donde hab\u00edan removido el p\u00falpito,\u00a0 un grupo de jovencitas en ropas provocativas ense\u00f1ando sus carnes y haciendo una \u201cobra\u201d de teatro junto con otros j\u00f3venes disfrazados de delincuentes, homosexuales y pandilleros. Todo, aderezado de m\u00fasica extravagante, escandalosa y del m\u00e1s duro rock.<\/p>\n<p>Bueno, vamos a ser francos mis respetados lectores que siguen este espacio. Especialmente aquellos que hemos sido nombrados por el Se\u00f1or para hacernos cargo de sus corderos, sus ovejas. Porque lo primero que debemos saber es que no son \u201cnuestras ovejas\u201d sino del que fue a la cruz a entregar su vida por ellas, incluidos nosotros mismos.<\/p>\n<p>La cuesti\u00f3n va mucho m\u00e1s all\u00e1 de un simple acto para celebrar una fiesta a un grupo de asistentes a la congregaci\u00f3n. Implica que no sabemos realmente qu\u00e9 estamos haciendo con el reba\u00f1o que Dios puso bajo nuestro cuidado. Por un lado oramos, entonamos cantos y hacemos hermosas y adornadas oraciones para abrir el culto dizque para el Se\u00f1or, pero, acto seguido el altar se transforma en un escenario con luces de todos colores, y el famoso humo que tan en boga se ha puesto en algunas iglesias.<\/p>\n<p>La expectativa de la congregaci\u00f3n se nota cuando todos est\u00e1n atentos para presenciar un buen espect\u00e1culo. Todos est\u00e1n esperando a ver qu\u00e9 se le ha ocurrido al pastor para llevar a cabo su programa. Y escribo \u201csu\u201d porque no creo que sea el programa del Esp\u00edritu Santo. Por supuesto, todo eso no es de mi incumbencia, pero s\u00ed me afecta como cristiano, como pastor y como seguidor del Se\u00f1or Jesucristo ya que a todos nos cortan con la misma tijera.<\/p>\n<p>La tragedia m\u00e1s grande de algunos pastores es que creen que aman al Se\u00f1or que los ha puesto a cargo de su reba\u00f1o. La tragedia m\u00e1s grande de muchos de nosotros ser\u00e1 cuando nos presentemos ante el Tribunal de Cristo y tengamos que explicar qu\u00e9 hicimos con el Cuerpo de Cristo que nos fue encomendado a cuidar, alimentar y nutrir. Entonces caeremos en la cuenta que no fuimos fieles, que no cumplimos las expectativas del Esp\u00edritu Santo al habernos puesto en esos lugares de eminencia. Al que m\u00e1s se le dio, m\u00e1s se le demandar\u00e1.<\/p>\n<p>No soy un aguafiestas. Soy un chap\u00edn convertido al Se\u00f1or y pertenezco a la escuela de un hombre que me form\u00f3 en la Palabra Sola. Fui instruido desde los inicios de mi caminar cristiano pegado a los mandamientos del Se\u00f1or. No soy legalista. Soy un hombre contento con lo que tengo, bien ense\u00f1ado en los principios elementales del Evangelio de Jesucristo, no en el de los hombres. Es por eso que levanto mi voz ante lo que est\u00e1 sucediendo en la iglesia evang\u00e9lica hoy en d\u00eda.<\/p>\n<p>Por supuesto no soy nadie para querer cambiar los programas ni ideas pastorales de nadie. Pero tengo el deber de poner un grano de arena en los zapatos de aquellos que hacen lo que quieren con la Palabra de Dios poniendo en grave riesgo a sus oyentes al no ense\u00f1arles lo que dijo Jes\u00fas sino lo que les dijeron en el seminario. Porque la instrucci\u00f3n de Jes\u00fas es: \u201c\u2026ense\u00f1\u00e1ndoles a guardar todo lo que os he mandado\u201d (Mat. 28:20)<\/p>\n<p>Imaginemos por un momento esta escena: Un domingo cualquiera se aparecen Pedro, Pablo y Silas visitando uno de nuestros templos en donde se predica la Palabra del Se\u00f1or y se alaba su Nombre. Escuchar\u00edan la m\u00fasica, observar\u00edan el servicio y escuchar\u00edan el mensaje. Entonces creo que se ver\u00edan las caras con un enorme signo de interrogaci\u00f3n pregunt\u00e1ndose: \u00bfEs esto lo que les dejamos como instrucci\u00f3n a estas gentes? Y, como lo estamos imaginando, quiz\u00e1 le pregunten al pastor: \u00bfQu\u00e9 es lo que haces? \u00bfQui\u00e9n te ense\u00f1o a hacer todo esto en el Altar del Se\u00f1or? \u00bfDe d\u00f3nde sacaste estas ideas de lo que debe hacerse en la Iglesia de Cristo? Creo que el pastor responder\u00eda: Lo aprend\u00ed de Pablo, Pedro y Silas\u2026<\/p>\n<p>\u00bfNos podemos imaginar la sorpresa de los Ap\u00f3stoles al escuchar la respuesta del pastor? Les dejo a su imaginaci\u00f3n lo que sigue en la ficticia escena\u2026<\/p>\n<p>Ya no digamos cuando Jes\u00fas visita su Iglesia y observa todo lo que estamos haciendo en \u201csu honor\u201d. Jes\u00fas le dijo a Pedro y por extensi\u00f3n a todos nosotros:<\/p>\n<p>\u00bfMe amas? Apacienta mis corderos. No dijo entretenlos. No dijo cu\u00e9ntales chistes. Tampoco dijo hazlos que se sientan bien. Ll\u00e9vales artistas para que canten y enciendan velas rom\u00e1nticas y compren sus discos. Cel\u00e9brales sus cumplea\u00f1os para que est\u00e9n contentos.<\/p>\n<p>\u00bfMe amas? Pastorea mis ovejas. No dijo dales comida chatarra. No dijo que les extorsion\u00e1ramos. Que los amenacemos con el infierno si no hacen lo que queremos. No dijo apal\u00e9alos con algunos versos de los Salmos. No dijo as\u00fastalos con el Apocalipsis.<\/p>\n<p>\u00bfMe amas? Apacienta mis corderos. No dijo ponlos a servirte de polic\u00edas. Que te lustren los zapatos. Que te pongan alfombras rojas. Que te hagan pleites\u00eda. Que te celebren tu cumplea\u00f1os. Que te canten las ma\u00f1anitas con mariachi y todo.<\/p>\n<p>\u00bfMe amas? Ens\u00e9\u00f1ales a guardar mi Palabra, que se santifiquen, que sean honrados y que paguen sus deudas. Que los hombres no golpeen a sus esposas. Que sus esposas los respeten.<\/p>\n<p>\u00bfMe amas, pastor? Celebra mi nombre, mi Gloria, no el \u201cd\u00eda del pastor ni del padre\u201d, a menos que sea a Mi Padre que est\u00e1 en los Cielos.<\/p>\n<p>\u00bfMe amas? Pastorea mis ovejas. No dijo que te laven tu carro. Que te hagan mandados. Que te graben para la televisi\u00f3n. Que te canten tu m\u00fasica favorita. Que te digan \u201cs\u00ed, se\u00f1or\u201d. Que te guarden tu parqueo.<\/p>\n<p>\u00bfMe amas? Apacienta mis corderos. No dijo que ellos nos apacentaran a nosotros\u2026<\/p>\n<p>\u00bfAmamos, entonces a Jes\u00fas, hermanos l\u00edderes\u2026? \u00a1Vaya usted a saber\u2026! Tendremos que esperar el final de la historia para enterarnos de la verdad.<\/p>\n","protected":false},"excerpt":{"rendered":"<p>&nbsp; Juan 21:15-16 \u201cEntonces, cuando hab\u00edan acabado de desayunar, Jes\u00fas dijo* a Sim\u00f3n Pedro: Sim\u00f3n, hijo de Juan, \u00bfme amas m\u00e1s que \u00e9estos? Pedro le dijo*: S\u00ed, Se\u00f1or, t\u00fa sabes que te quiero. Jes\u00fas le dijo*: Apacienta mis corderos. Y volvi\u00f3 a decirle por segunda vez: Sim\u00f3n, hijo de Juan, \u00bfme amas? Pedro le dijo*: [&hellip;]<\/p>\n","protected":false},"author":3,"featured_media":3311,"comment_status":"open","ping_status":"open","sticky":false,"template":"","format":"standard","meta":[],"categories":[36],"tags":[],"yoast_head":"<!-- This site is optimized with the Yoast SEO plugin v20.8 - https:\/\/yoast.com\/wordpress\/plugins\/seo\/ -->\n<title>\u00bfMe amas\u2026? apacienta mis corderos, \u00a1ups, esto va a doler! - La Prensa Cristiana<\/title>\n<meta name=\"robots\" content=\"index, follow, max-snippet:-1, max-image-preview:large, max-video-preview:-1\" \/>\n<link rel=\"canonical\" href=\"https:\/\/laprensacristiana.com\/?p=3964\" \/>\n<meta property=\"og:locale\" content=\"es_ES\" \/>\n<meta property=\"og:type\" content=\"article\" \/>\n<meta property=\"og:title\" content=\"\u00bfMe amas\u2026? apacienta mis corderos, \u00a1ups, esto va a doler! - La Prensa Cristiana\" \/>\n<meta property=\"og:description\" content=\"&nbsp; Juan 21:15-16 \u201cEntonces, cuando hab\u00edan acabado de desayunar, Jes\u00fas dijo* a Sim\u00f3n Pedro: Sim\u00f3n, hijo de Juan, \u00bfme amas m\u00e1s que \u00e9estos? Pedro le dijo*: S\u00ed, Se\u00f1or, t\u00fa sabes que te quiero. Jes\u00fas le dijo*: Apacienta mis corderos. Y volvi\u00f3 a decirle por segunda vez: Sim\u00f3n, hijo de Juan, \u00bfme amas? Pedro le dijo*: [&hellip;]\" \/>\n<meta property=\"og:url\" content=\"https:\/\/laprensacristiana.com\/?p=3964\" \/>\n<meta property=\"og:site_name\" content=\"La Prensa Cristiana\" \/>\n<meta property=\"article:published_time\" content=\"2018-05-26T15:29:21+00:00\" \/>\n<meta property=\"og:image\" content=\"https:\/\/laprensacristiana.com\/wp-content\/uploads\/2017\/11\/2017-11-23-PHOTO-00003245.jpg\" \/>\n\t<meta property=\"og:image:width\" content=\"1280\" \/>\n\t<meta property=\"og:image:height\" content=\"714\" \/>\n\t<meta property=\"og:image:type\" content=\"image\/jpeg\" \/>\n<meta name=\"author\" content=\"EDITOR\" \/>\n<meta name=\"twitter:card\" content=\"summary_large_image\" \/>\n<meta name=\"twitter:label1\" content=\"Escrito por\" \/>\n\t<meta name=\"twitter:data1\" content=\"EDITOR\" \/>\n\t<meta name=\"twitter:label2\" content=\"Tiempo de lectura\" \/>\n\t<meta name=\"twitter:data2\" content=\"6 minutos\" \/>\n<script type=\"application\/ld+json\" class=\"yoast-schema-graph\">{\"@context\":\"https:\/\/schema.org\",\"@graph\":[{\"@type\":\"WebPage\",\"@id\":\"https:\/\/laprensacristiana.com\/?p=3964\",\"url\":\"https:\/\/laprensacristiana.com\/?p=3964\",\"name\":\"\u00bfMe amas\u2026? apacienta mis corderos, \u00a1ups, esto va a doler! - La Prensa Cristiana\",\"isPartOf\":{\"@id\":\"https:\/\/laprensacristiana.com\/#website\"},\"datePublished\":\"2018-05-26T15:29:21+00:00\",\"dateModified\":\"2018-05-26T15:29:21+00:00\",\"author\":{\"@id\":\"https:\/\/laprensacristiana.com\/#\/schema\/person\/3e7d82c6bfd6b1fa67010f8f7cd5256e\"},\"breadcrumb\":{\"@id\":\"https:\/\/laprensacristiana.com\/?p=3964#breadcrumb\"},\"inLanguage\":\"es\",\"potentialAction\":[{\"@type\":\"ReadAction\",\"target\":[\"https:\/\/laprensacristiana.com\/?p=3964\"]}]},{\"@type\":\"BreadcrumbList\",\"@id\":\"https:\/\/laprensacristiana.com\/?p=3964#breadcrumb\",\"itemListElement\":[{\"@type\":\"ListItem\",\"position\":1,\"name\":\"Portada\",\"item\":\"https:\/\/laprensacristiana.com\/\"},{\"@type\":\"ListItem\",\"position\":2,\"name\":\"\u00bfMe amas\u2026? apacienta mis corderos, \u00a1ups, esto va a doler!\"}]},{\"@type\":\"WebSite\",\"@id\":\"https:\/\/laprensacristiana.com\/#website\",\"url\":\"https:\/\/laprensacristiana.com\/\",\"name\":\"La Prensa Cristiana\",\"description\":\"Anunciando Las Buenas Nuevas\",\"potentialAction\":[{\"@type\":\"SearchAction\",\"target\":{\"@type\":\"EntryPoint\",\"urlTemplate\":\"https:\/\/laprensacristiana.com\/?s={search_term_string}\"},\"query-input\":\"required name=search_term_string\"}],\"inLanguage\":\"es\"},{\"@type\":\"Person\",\"@id\":\"https:\/\/laprensacristiana.com\/#\/schema\/person\/3e7d82c6bfd6b1fa67010f8f7cd5256e\",\"name\":\"EDITOR\",\"image\":{\"@type\":\"ImageObject\",\"inLanguage\":\"es\",\"@id\":\"https:\/\/laprensacristiana.com\/#\/schema\/person\/image\/\",\"url\":\"https:\/\/secure.gravatar.com\/avatar\/72069dfb6c13772d9e8381e3638666d2?s=96&d=mm&r=g\",\"contentUrl\":\"https:\/\/secure.gravatar.com\/avatar\/72069dfb6c13772d9e8381e3638666d2?s=96&d=mm&r=g\",\"caption\":\"EDITOR\"},\"url\":\"https:\/\/laprensacristiana.com\/?author=3\"}]}<\/script>\n<!-- \/ Yoast SEO plugin. -->","yoast_head_json":{"title":"\u00bfMe amas\u2026? apacienta mis corderos, \u00a1ups, esto va a doler! - La Prensa Cristiana","robots":{"index":"index","follow":"follow","max-snippet":"max-snippet:-1","max-image-preview":"max-image-preview:large","max-video-preview":"max-video-preview:-1"},"canonical":"https:\/\/laprensacristiana.com\/?p=3964","og_locale":"es_ES","og_type":"article","og_title":"\u00bfMe amas\u2026? apacienta mis corderos, \u00a1ups, esto va a doler! - La Prensa Cristiana","og_description":"&nbsp; Juan 21:15-16 \u201cEntonces, cuando hab\u00edan acabado de desayunar, Jes\u00fas dijo* a Sim\u00f3n Pedro: Sim\u00f3n, hijo de Juan, \u00bfme amas m\u00e1s que \u00e9estos? Pedro le dijo*: S\u00ed, Se\u00f1or, t\u00fa sabes que te quiero. Jes\u00fas le dijo*: Apacienta mis corderos. Y volvi\u00f3 a decirle por segunda vez: Sim\u00f3n, hijo de Juan, \u00bfme amas? Pedro le dijo*: [&hellip;]","og_url":"https:\/\/laprensacristiana.com\/?p=3964","og_site_name":"La Prensa Cristiana","article_published_time":"2018-05-26T15:29:21+00:00","og_image":[{"width":1280,"height":714,"url":"https:\/\/laprensacristiana.com\/wp-content\/uploads\/2017\/11\/2017-11-23-PHOTO-00003245.jpg","type":"image\/jpeg"}],"author":"EDITOR","twitter_card":"summary_large_image","twitter_misc":{"Escrito por":"EDITOR","Tiempo de lectura":"6 minutos"},"schema":{"@context":"https:\/\/schema.org","@graph":[{"@type":"WebPage","@id":"https:\/\/laprensacristiana.com\/?p=3964","url":"https:\/\/laprensacristiana.com\/?p=3964","name":"\u00bfMe amas\u2026? apacienta mis corderos, \u00a1ups, esto va a doler! - La Prensa Cristiana","isPartOf":{"@id":"https:\/\/laprensacristiana.com\/#website"},"datePublished":"2018-05-26T15:29:21+00:00","dateModified":"2018-05-26T15:29:21+00:00","author":{"@id":"https:\/\/laprensacristiana.com\/#\/schema\/person\/3e7d82c6bfd6b1fa67010f8f7cd5256e"},"breadcrumb":{"@id":"https:\/\/laprensacristiana.com\/?p=3964#breadcrumb"},"inLanguage":"es","potentialAction":[{"@type":"ReadAction","target":["https:\/\/laprensacristiana.com\/?p=3964"]}]},{"@type":"BreadcrumbList","@id":"https:\/\/laprensacristiana.com\/?p=3964#breadcrumb","itemListElement":[{"@type":"ListItem","position":1,"name":"Portada","item":"https:\/\/laprensacristiana.com\/"},{"@type":"ListItem","position":2,"name":"\u00bfMe amas\u2026? apacienta mis corderos, \u00a1ups, esto va a doler!"}]},{"@type":"WebSite","@id":"https:\/\/laprensacristiana.com\/#website","url":"https:\/\/laprensacristiana.com\/","name":"La Prensa Cristiana","description":"Anunciando Las Buenas Nuevas","potentialAction":[{"@type":"SearchAction","target":{"@type":"EntryPoint","urlTemplate":"https:\/\/laprensacristiana.com\/?s={search_term_string}"},"query-input":"required name=search_term_string"}],"inLanguage":"es"},{"@type":"Person","@id":"https:\/\/laprensacristiana.com\/#\/schema\/person\/3e7d82c6bfd6b1fa67010f8f7cd5256e","name":"EDITOR","image":{"@type":"ImageObject","inLanguage":"es","@id":"https:\/\/laprensacristiana.com\/#\/schema\/person\/image\/","url":"https:\/\/secure.gravatar.com\/avatar\/72069dfb6c13772d9e8381e3638666d2?s=96&d=mm&r=g","contentUrl":"https:\/\/secure.gravatar.com\/avatar\/72069dfb6c13772d9e8381e3638666d2?s=96&d=mm&r=g","caption":"EDITOR"},"url":"https:\/\/laprensacristiana.com\/?author=3"}]}},"_links":{"self":[{"href":"https:\/\/laprensacristiana.com\/index.php?rest_route=\/wp\/v2\/posts\/3964"}],"collection":[{"href":"https:\/\/laprensacristiana.com\/index.php?rest_route=\/wp\/v2\/posts"}],"about":[{"href":"https:\/\/laprensacristiana.com\/index.php?rest_route=\/wp\/v2\/types\/post"}],"author":[{"embeddable":true,"href":"https:\/\/laprensacristiana.com\/index.php?rest_route=\/wp\/v2\/users\/3"}],"replies":[{"embeddable":true,"href":"https:\/\/laprensacristiana.com\/index.php?rest_route=%2Fwp%2Fv2%2Fcomments&post=3964"}],"version-history":[{"count":1,"href":"https:\/\/laprensacristiana.com\/index.php?rest_route=\/wp\/v2\/posts\/3964\/revisions"}],"predecessor-version":[{"id":3965,"href":"https:\/\/laprensacristiana.com\/index.php?rest_route=\/wp\/v2\/posts\/3964\/revisions\/3965"}],"wp:featuredmedia":[{"embeddable":true,"href":"https:\/\/laprensacristiana.com\/index.php?rest_route=\/wp\/v2\/media\/3311"}],"wp:attachment":[{"href":"https:\/\/laprensacristiana.com\/index.php?rest_route=%2Fwp%2Fv2%2Fmedia&parent=3964"}],"wp:term":[{"taxonomy":"category","embeddable":true,"href":"https:\/\/laprensacristiana.com\/index.php?rest_route=%2Fwp%2Fv2%2Fcategories&post=3964"},{"taxonomy":"post_tag","embeddable":true,"href":"https:\/\/laprensacristiana.com\/index.php?rest_route=%2Fwp%2Fv2%2Ftags&post=3964"}],"curies":[{"name":"wp","href":"https:\/\/api.w.org\/{rel}","templated":true}]}}