{"id":3966,"date":"2018-05-27T01:43:10","date_gmt":"2018-05-27T01:43:10","guid":{"rendered":"https:\/\/laprensacristiana.com\/?p=3966"},"modified":"2020-07-01T23:50:32","modified_gmt":"2020-07-01T23:50:32","slug":"se-celebra-el-dia-del-evangelismo-global","status":"publish","type":"post","link":"https:\/\/laprensacristiana.com\/?p=3966","title":{"rendered":"Se celebra el D\u00eda del Evangelismo Global"},"content":{"rendered":"<p>&nbsp;<\/p>\n<p><strong>Por: Erika Menjivar<\/strong><\/p>\n<p>Este s\u00e1bado 26 de mayo se llev\u00f3 a cabo el D\u00eda del Evangelismo Global a nivel mundial, es una iniciativa que nace para que la Iglesia salga a las calles y lleve el mensaje de salvaci\u00f3n a m\u00e1s vidas.<\/p>\n<p>\u201cPa\u00eds por pa\u00eds se ha ido presentando esta visi\u00f3n, de que cada uno puede hacer, que no es un ministerio, es m\u00e1s un movimiento, donde juntos podemos trabajar en un d\u00eda\u201d, expresa Beat Baumann, Director del D\u00eda del Evangelismo Global.<\/p>\n<p>En El Salvador, como en muchos pa\u00edses, quienes conforman la iglesia cumplieron la misi\u00f3n de esta actividad; caravanas, campa\u00f1as de evangelizaci\u00f3n en diferentes lugares, entrega de tratados y m\u00e1s, han sido parte de las cosas que se han realizado en el transcurso del d\u00eda.<\/p>\n<p><img decoding=\"async\" loading=\"lazy\" class=\"alignnone size-full wp-image-3969\" src=\"https:\/\/laprensacristiana.com\/wp-content\/uploads\/2018\/05\/WhatsApp-Image-2018-05-26-at-5.23.54-PM.jpeg\" alt=\"\" width=\"1280\" height=\"720\" srcset=\"https:\/\/laprensacristiana.com\/wp-content\/uploads\/2018\/05\/WhatsApp-Image-2018-05-26-at-5.23.54-PM.jpeg 1280w, https:\/\/laprensacristiana.com\/wp-content\/uploads\/2018\/05\/WhatsApp-Image-2018-05-26-at-5.23.54-PM-600x338.jpeg 600w, https:\/\/laprensacristiana.com\/wp-content\/uploads\/2018\/05\/WhatsApp-Image-2018-05-26-at-5.23.54-PM-300x169.jpeg 300w, https:\/\/laprensacristiana.com\/wp-content\/uploads\/2018\/05\/WhatsApp-Image-2018-05-26-at-5.23.54-PM-768x432.jpeg 768w, https:\/\/laprensacristiana.com\/wp-content\/uploads\/2018\/05\/WhatsApp-Image-2018-05-26-at-5.23.54-PM-1024x576.jpeg 1024w, https:\/\/laprensacristiana.com\/wp-content\/uploads\/2018\/05\/WhatsApp-Image-2018-05-26-at-5.23.54-PM-696x392.jpeg 696w, https:\/\/laprensacristiana.com\/wp-content\/uploads\/2018\/05\/WhatsApp-Image-2018-05-26-at-5.23.54-PM-1068x601.jpeg 1068w, https:\/\/laprensacristiana.com\/wp-content\/uploads\/2018\/05\/WhatsApp-Image-2018-05-26-at-5.23.54-PM-747x420.jpeg 747w\" sizes=\"(max-width: 1280px) 100vw, 1280px\" \/><\/p>\n<p>El Templo Cristiano de las Asambleas de Dios, fue una de las iglesias que implement\u00f3 actividades en las calles para unirse a esta iniciativa, entregado tratados, evangelizando a trav\u00e9s de testimonio y haciendo actividades creativas para que las personas se acercaran y pudieran escuchar de la Palabra de Dios. Adem\u00e1s a trav\u00e9s de sus redes sociales estuvieron haciendo la invitaci\u00f3n a m\u00e1s personas para que se hicieran parte de la labor evangel\u00edstica desarrollada.<\/p>\n<p><img decoding=\"async\" loading=\"lazy\" class=\"alignnone size-full wp-image-3967\" src=\"https:\/\/laprensacristiana.com\/wp-content\/uploads\/2018\/05\/WhatsApp-Image-2018-05-26-at-3.19.09-PM.jpeg\" alt=\"\" width=\"1280\" height=\"722\" srcset=\"https:\/\/laprensacristiana.com\/wp-content\/uploads\/2018\/05\/WhatsApp-Image-2018-05-26-at-3.19.09-PM.jpeg 1280w, https:\/\/laprensacristiana.com\/wp-content\/uploads\/2018\/05\/WhatsApp-Image-2018-05-26-at-3.19.09-PM-600x338.jpeg 600w, https:\/\/laprensacristiana.com\/wp-content\/uploads\/2018\/05\/WhatsApp-Image-2018-05-26-at-3.19.09-PM-300x169.jpeg 300w, https:\/\/laprensacristiana.com\/wp-content\/uploads\/2018\/05\/WhatsApp-Image-2018-05-26-at-3.19.09-PM-768x433.jpeg 768w, https:\/\/laprensacristiana.com\/wp-content\/uploads\/2018\/05\/WhatsApp-Image-2018-05-26-at-3.19.09-PM-1024x578.jpeg 1024w, https:\/\/laprensacristiana.com\/wp-content\/uploads\/2018\/05\/WhatsApp-Image-2018-05-26-at-3.19.09-PM-696x393.jpeg 696w, https:\/\/laprensacristiana.com\/wp-content\/uploads\/2018\/05\/WhatsApp-Image-2018-05-26-at-3.19.09-PM-1068x602.jpeg 1068w, https:\/\/laprensacristiana.com\/wp-content\/uploads\/2018\/05\/WhatsApp-Image-2018-05-26-at-3.19.09-PM-745x420.jpeg 745w\" sizes=\"(max-width: 1280px) 100vw, 1280px\" \/><\/p>\n<p>En todos los departamentos de El Salvador, han salido del templo a las calles, en el departamento de La Uni\u00f3n, Pasaquinas, se realiz\u00f3 una caravana y una campa\u00f1a de evangelismo por las calles, finalizando con una concentraci\u00f3n en el Parque Central del municipio.<\/p>\n<p><img decoding=\"async\" loading=\"lazy\" class=\"alignnone size-full wp-image-3968\" src=\"https:\/\/laprensacristiana.com\/wp-content\/uploads\/2018\/05\/WhatsApp-Image-2018-05-26-at-6.42.11-PM.jpeg\" alt=\"\" width=\"1032\" height=\"774\" srcset=\"https:\/\/laprensacristiana.com\/wp-content\/uploads\/2018\/05\/WhatsApp-Image-2018-05-26-at-6.42.11-PM.jpeg 1032w, https:\/\/laprensacristiana.com\/wp-content\/uploads\/2018\/05\/WhatsApp-Image-2018-05-26-at-6.42.11-PM-600x450.jpeg 600w, https:\/\/laprensacristiana.com\/wp-content\/uploads\/2018\/05\/WhatsApp-Image-2018-05-26-at-6.42.11-PM-300x225.jpeg 300w, https:\/\/laprensacristiana.com\/wp-content\/uploads\/2018\/05\/WhatsApp-Image-2018-05-26-at-6.42.11-PM-768x576.jpeg 768w, https:\/\/laprensacristiana.com\/wp-content\/uploads\/2018\/05\/WhatsApp-Image-2018-05-26-at-6.42.11-PM-1024x768.jpeg 1024w, https:\/\/laprensacristiana.com\/wp-content\/uploads\/2018\/05\/WhatsApp-Image-2018-05-26-at-6.42.11-PM-80x60.jpeg 80w, https:\/\/laprensacristiana.com\/wp-content\/uploads\/2018\/05\/WhatsApp-Image-2018-05-26-at-6.42.11-PM-265x198.jpeg 265w, https:\/\/laprensacristiana.com\/wp-content\/uploads\/2018\/05\/WhatsApp-Image-2018-05-26-at-6.42.11-PM-696x522.jpeg 696w, https:\/\/laprensacristiana.com\/wp-content\/uploads\/2018\/05\/WhatsApp-Image-2018-05-26-at-6.42.11-PM-560x420.jpeg 560w\" sizes=\"(max-width: 1032px) 100vw, 1032px\" \/><\/p>\n<p>Cada \u00faltimo s\u00e1bado del mes de mayo de cada a\u00f1o, se celebra el D\u00eda del Evangelismo Global en diferentes pa\u00edses, comenta el Director de este evento, Baet Bauman, que para el a\u00f1o 2020, se espera un gran milagro de parte de Dios, el poder tomar todo el mes de mayo y dedicarlo a movilizar a m\u00e1s de 100 millones de cristianos en colaboraci\u00f3n con muchos ministerios y denominaciones mundiales, con la meta de alcanzar 1 bill\u00f3n de personas a trav\u00e9s del evangelio.<\/p>\n","protected":false},"excerpt":{"rendered":"<p>&nbsp; Por: Erika Menjivar Este s\u00e1bado 26 de mayo se llev\u00f3 a cabo el D\u00eda del Evangelismo Global a nivel mundial, es una iniciativa que nace para que la Iglesia salga a las calles y lleve el mensaje de salvaci\u00f3n a m\u00e1s vidas. \u201cPa\u00eds por pa\u00eds se ha ido presentando esta visi\u00f3n, de que cada [&hellip;]<\/p>\n","protected":false},"author":3,"featured_media":3970,"comment_status":"open","ping_status":"open","sticky":false,"template":"","format":"standard","meta":[],"categories":[56],"tags":[],"yoast_head":"<!-- This site is optimized with the Yoast SEO plugin v20.8 - https:\/\/yoast.com\/wordpress\/plugins\/seo\/ -->\n<title>Se celebra el D\u00eda del Evangelismo Global - La Prensa Cristiana<\/title>\n<meta name=\"robots\" content=\"index, follow, max-snippet:-1, max-image-preview:large, max-video-preview:-1\" \/>\n<link rel=\"canonical\" href=\"https:\/\/laprensacristiana.com\/?p=3966\" \/>\n<meta property=\"og:locale\" content=\"es_ES\" \/>\n<meta property=\"og:type\" content=\"article\" \/>\n<meta property=\"og:title\" content=\"Se celebra el D\u00eda del Evangelismo Global - La Prensa Cristiana\" \/>\n<meta property=\"og:description\" content=\"&nbsp; Por: Erika Menjivar Este s\u00e1bado 26 de mayo se llev\u00f3 a cabo el D\u00eda del Evangelismo Global a nivel mundial, es una iniciativa que nace para que la Iglesia salga a las calles y lleve el mensaje de salvaci\u00f3n a m\u00e1s vidas. \u201cPa\u00eds por pa\u00eds se ha ido presentando esta visi\u00f3n, de que cada [&hellip;]\" \/>\n<meta property=\"og:url\" content=\"https:\/\/laprensacristiana.com\/?p=3966\" \/>\n<meta property=\"og:site_name\" content=\"La Prensa Cristiana\" \/>\n<meta property=\"article:published_time\" content=\"2018-05-27T01:43:10+00:00\" \/>\n<meta property=\"article:modified_time\" content=\"2020-07-01T23:50:32+00:00\" \/>\n<meta property=\"og:image\" content=\"https:\/\/laprensacristiana.com\/wp-content\/uploads\/2018\/05\/WhatsApp-Image-2018-05-26-at-6.42.12-PM.jpeg\" \/>\n\t<meta property=\"og:image:width\" content=\"1032\" \/>\n\t<meta property=\"og:image:height\" content=\"774\" \/>\n\t<meta property=\"og:image:type\" content=\"image\/jpeg\" \/>\n<meta name=\"author\" content=\"EDITOR\" \/>\n<meta name=\"twitter:card\" content=\"summary_large_image\" \/>\n<meta name=\"twitter:label1\" content=\"Escrito por\" \/>\n\t<meta name=\"twitter:data1\" content=\"EDITOR\" \/>\n\t<meta name=\"twitter:label2\" content=\"Tiempo de lectura\" \/>\n\t<meta name=\"twitter:data2\" content=\"2 minutos\" \/>\n<script type=\"application\/ld+json\" class=\"yoast-schema-graph\">{\"@context\":\"https:\/\/schema.org\",\"@graph\":[{\"@type\":\"WebPage\",\"@id\":\"https:\/\/laprensacristiana.com\/?p=3966\",\"url\":\"https:\/\/laprensacristiana.com\/?p=3966\",\"name\":\"Se celebra el D\u00eda del Evangelismo Global - La Prensa Cristiana\",\"isPartOf\":{\"@id\":\"https:\/\/laprensacristiana.com\/#website\"},\"datePublished\":\"2018-05-27T01:43:10+00:00\",\"dateModified\":\"2020-07-01T23:50:32+00:00\",\"author\":{\"@id\":\"https:\/\/laprensacristiana.com\/#\/schema\/person\/3e7d82c6bfd6b1fa67010f8f7cd5256e\"},\"breadcrumb\":{\"@id\":\"https:\/\/laprensacristiana.com\/?p=3966#breadcrumb\"},\"inLanguage\":\"es\",\"potentialAction\":[{\"@type\":\"ReadAction\",\"target\":[\"https:\/\/laprensacristiana.com\/?p=3966\"]}]},{\"@type\":\"BreadcrumbList\",\"@id\":\"https:\/\/laprensacristiana.com\/?p=3966#breadcrumb\",\"itemListElement\":[{\"@type\":\"ListItem\",\"position\":1,\"name\":\"Portada\",\"item\":\"https:\/\/laprensacristiana.com\/\"},{\"@type\":\"ListItem\",\"position\":2,\"name\":\"Se celebra el D\u00eda del Evangelismo Global\"}]},{\"@type\":\"WebSite\",\"@id\":\"https:\/\/laprensacristiana.com\/#website\",\"url\":\"https:\/\/laprensacristiana.com\/\",\"name\":\"La Prensa Cristiana\",\"description\":\"Anunciando Las Buenas Nuevas\",\"potentialAction\":[{\"@type\":\"SearchAction\",\"target\":{\"@type\":\"EntryPoint\",\"urlTemplate\":\"https:\/\/laprensacristiana.com\/?s={search_term_string}\"},\"query-input\":\"required name=search_term_string\"}],\"inLanguage\":\"es\"},{\"@type\":\"Person\",\"@id\":\"https:\/\/laprensacristiana.com\/#\/schema\/person\/3e7d82c6bfd6b1fa67010f8f7cd5256e\",\"name\":\"EDITOR\",\"image\":{\"@type\":\"ImageObject\",\"inLanguage\":\"es\",\"@id\":\"https:\/\/laprensacristiana.com\/#\/schema\/person\/image\/\",\"url\":\"https:\/\/secure.gravatar.com\/avatar\/72069dfb6c13772d9e8381e3638666d2?s=96&d=mm&r=g\",\"contentUrl\":\"https:\/\/secure.gravatar.com\/avatar\/72069dfb6c13772d9e8381e3638666d2?s=96&d=mm&r=g\",\"caption\":\"EDITOR\"},\"url\":\"https:\/\/laprensacristiana.com\/?author=3\"}]}<\/script>\n<!-- \/ Yoast SEO plugin. -->","yoast_head_json":{"title":"Se celebra el D\u00eda del Evangelismo Global - La Prensa Cristiana","robots":{"index":"index","follow":"follow","max-snippet":"max-snippet:-1","max-image-preview":"max-image-preview:large","max-video-preview":"max-video-preview:-1"},"canonical":"https:\/\/laprensacristiana.com\/?p=3966","og_locale":"es_ES","og_type":"article","og_title":"Se celebra el D\u00eda del Evangelismo Global - La Prensa Cristiana","og_description":"&nbsp; Por: Erika Menjivar Este s\u00e1bado 26 de mayo se llev\u00f3 a cabo el D\u00eda del Evangelismo Global a nivel mundial, es una iniciativa que nace para que la Iglesia salga a las calles y lleve el mensaje de salvaci\u00f3n a m\u00e1s vidas. \u201cPa\u00eds por pa\u00eds se ha ido presentando esta visi\u00f3n, de que cada [&hellip;]","og_url":"https:\/\/laprensacristiana.com\/?p=3966","og_site_name":"La Prensa Cristiana","article_published_time":"2018-05-27T01:43:10+00:00","article_modified_time":"2020-07-01T23:50:32+00:00","og_image":[{"width":1032,"height":774,"url":"https:\/\/laprensacristiana.com\/wp-content\/uploads\/2018\/05\/WhatsApp-Image-2018-05-26-at-6.42.12-PM.jpeg","type":"image\/jpeg"}],"author":"EDITOR","twitter_card":"summary_large_image","twitter_misc":{"Escrito por":"EDITOR","Tiempo de lectura":"2 minutos"},"schema":{"@context":"https:\/\/schema.org","@graph":[{"@type":"WebPage","@id":"https:\/\/laprensacristiana.com\/?p=3966","url":"https:\/\/laprensacristiana.com\/?p=3966","name":"Se celebra el D\u00eda del Evangelismo Global - La Prensa Cristiana","isPartOf":{"@id":"https:\/\/laprensacristiana.com\/#website"},"datePublished":"2018-05-27T01:43:10+00:00","dateModified":"2020-07-01T23:50:32+00:00","author":{"@id":"https:\/\/laprensacristiana.com\/#\/schema\/person\/3e7d82c6bfd6b1fa67010f8f7cd5256e"},"breadcrumb":{"@id":"https:\/\/laprensacristiana.com\/?p=3966#breadcrumb"},"inLanguage":"es","potentialAction":[{"@type":"ReadAction","target":["https:\/\/laprensacristiana.com\/?p=3966"]}]},{"@type":"BreadcrumbList","@id":"https:\/\/laprensacristiana.com\/?p=3966#breadcrumb","itemListElement":[{"@type":"ListItem","position":1,"name":"Portada","item":"https:\/\/laprensacristiana.com\/"},{"@type":"ListItem","position":2,"name":"Se celebra el D\u00eda del Evangelismo Global"}]},{"@type":"WebSite","@id":"https:\/\/laprensacristiana.com\/#website","url":"https:\/\/laprensacristiana.com\/","name":"La Prensa Cristiana","description":"Anunciando Las Buenas Nuevas","potentialAction":[{"@type":"SearchAction","target":{"@type":"EntryPoint","urlTemplate":"https:\/\/laprensacristiana.com\/?s={search_term_string}"},"query-input":"required name=search_term_string"}],"inLanguage":"es"},{"@type":"Person","@id":"https:\/\/laprensacristiana.com\/#\/schema\/person\/3e7d82c6bfd6b1fa67010f8f7cd5256e","name":"EDITOR","image":{"@type":"ImageObject","inLanguage":"es","@id":"https:\/\/laprensacristiana.com\/#\/schema\/person\/image\/","url":"https:\/\/secure.gravatar.com\/avatar\/72069dfb6c13772d9e8381e3638666d2?s=96&d=mm&r=g","contentUrl":"https:\/\/secure.gravatar.com\/avatar\/72069dfb6c13772d9e8381e3638666d2?s=96&d=mm&r=g","caption":"EDITOR"},"url":"https:\/\/laprensacristiana.com\/?author=3"}]}},"_links":{"self":[{"href":"https:\/\/laprensacristiana.com\/index.php?rest_route=\/wp\/v2\/posts\/3966"}],"collection":[{"href":"https:\/\/laprensacristiana.com\/index.php?rest_route=\/wp\/v2\/posts"}],"about":[{"href":"https:\/\/laprensacristiana.com\/index.php?rest_route=\/wp\/v2\/types\/post"}],"author":[{"embeddable":true,"href":"https:\/\/laprensacristiana.com\/index.php?rest_route=\/wp\/v2\/users\/3"}],"replies":[{"embeddable":true,"href":"https:\/\/laprensacristiana.com\/index.php?rest_route=%2Fwp%2Fv2%2Fcomments&post=3966"}],"version-history":[{"count":1,"href":"https:\/\/laprensacristiana.com\/index.php?rest_route=\/wp\/v2\/posts\/3966\/revisions"}],"predecessor-version":[{"id":3971,"href":"https:\/\/laprensacristiana.com\/index.php?rest_route=\/wp\/v2\/posts\/3966\/revisions\/3971"}],"wp:featuredmedia":[{"embeddable":true,"href":"https:\/\/laprensacristiana.com\/index.php?rest_route=\/wp\/v2\/media\/3970"}],"wp:attachment":[{"href":"https:\/\/laprensacristiana.com\/index.php?rest_route=%2Fwp%2Fv2%2Fmedia&parent=3966"}],"wp:term":[{"taxonomy":"category","embeddable":true,"href":"https:\/\/laprensacristiana.com\/index.php?rest_route=%2Fwp%2Fv2%2Fcategories&post=3966"},{"taxonomy":"post_tag","embeddable":true,"href":"https:\/\/laprensacristiana.com\/index.php?rest_route=%2Fwp%2Fv2%2Ftags&post=3966"}],"curies":[{"name":"wp","href":"https:\/\/api.w.org\/{rel}","templated":true}]}}