{"id":3986,"date":"2018-05-30T20:02:45","date_gmt":"2018-05-30T20:02:45","guid":{"rendered":"https:\/\/laprensacristiana.com\/?p=3986"},"modified":"2020-07-01T23:49:18","modified_gmt":"2020-07-01T23:49:18","slug":"entrevista-especial-dr-oscar-rodriguez","status":"publish","type":"post","link":"https:\/\/laprensacristiana.com\/?p=3986","title":{"rendered":"Entrevista especial Dr. Oscar Rodr\u00edguez"},"content":{"rendered":"<p>&nbsp;<\/p>\n<p><strong>Por: Erika Menjivar<\/strong><\/p>\n<p><strong>\u00bfC\u00f3mo fue su infancia?<\/strong><\/p>\n<p>Soy hijo \u00fanico de padre y madre, mi padre nos deja cuando yo ten\u00eda dos a\u00f1os y pasamos a vivir con mis abuelos; mi madre una mujer muy trabajadora, fui creciendo en un hogar de abuelos maternos, junto con mis t\u00edos, con toda esa familia que se vuelve un terru\u00f1o, tanto que a mis t\u00edos nunca los vi como t\u00edos, los vi como hermanos. Mi madre se casa y ah\u00ed nacen mis 2 hermanas y mi padrastro que fue un hombre ejemplar muere cuando yo ten\u00eda 15 a\u00f1os, desde ese momento yo recib\u00ed una palabra, me dicen que tengo que hacerme cargo del hogar porque soy el hombre de la casa. Tuve una infancia al igual que todos los ni\u00f1os aunque pueden haber muchas\u00a0 carencias pero uno es feliz teniendo a las personas que quiere y eso le va dando a uno tambi\u00e9n seguridad.<\/p>\n<p><strong>\u00bfC\u00f3mo se mantienen en el buen camino con la ausencia de la figura paterna? <\/strong><\/p>\n<p>Mi madre fue una mujer ejemplar, con una entrega incondicional para sacarnos adelante, su trabajo era humilde y sencillo pero muy educada, me puso a estudiar en un colegio privado, obtuve media beca, logre graduarme de bachiller y luego comenc\u00e9 a trabajar, comienzo con una carrera de arquitectura, en la Universidad Evang\u00e9lica de El Salvador y para graduarme, me cost\u00f3 diez a\u00f1os terminar la carrera pr\u00e1cticamente, en el \u00b492 y yo sal\u00ed en el \u00b482 del bachillerato. Dentro de la universidad conoc\u00ed el licor, la cerveza, la vida de fiestas, bailes, llegu\u00e9 a tener tantos \u201camigos\u201d, sinceramente no s\u00e9 qu\u00e9 se hicieron, creo que cuando llegu\u00e9 a los pies del Se\u00f1or, se perdieron de mi vista. F\u00edjate que hubo un momento, recuerdo que el Se\u00f1or ya andaba cerca de mi porque empec\u00e9 a tener problemas econ\u00f3micos muy fuertes con las tarjetas de cr\u00e9dito. Fueron situaciones muy dif\u00edciles, porque yo necesitaba trabajar m\u00e1s y donde yo conoc\u00eda de construcci\u00f3n all\u00e1 en 1996, 97 el rubro hab\u00eda entrado en una recesi\u00f3n tremenda.<\/p>\n<p><strong>\u00bfEn qu\u00e9 a\u00f1o conoci\u00f3 a Cristo? <\/strong><\/p>\n<p>La fecha exacta no la recuerdo, solo cuando me bautic\u00e9 que fue el nueve de octubre de 1998. Esto signific\u00f3 para m\u00ed un cambio total, porque hab\u00edamos 22 personas que nos \u00edbamos a bautizar y nuestros pastores hab\u00edan invitado profetas, evangelistas, misioneros internacionales, el ministerio de alabanza estaba completo, y me llevaron a una casa por la colonia San Francisco; lo sorprendente fue que de los 22 s\u00f3lo llegu\u00e9 yo ese d\u00eda. Realmente fue algo muy hermoso en mi vida, no lo olvido estoy consciente que en mi bautizo Dios estuvo ah\u00ed; pero ah\u00ed empieza el mover de Dios,<\/p>\n<p><strong>\u00bfEn qu\u00e9 a\u00f1o se casa?<\/strong><\/p>\n<p>Me case en el a\u00f1o 2001. Yo la conoc\u00ed cuando \u00e9ramos ni\u00f1os, conozco a mi esposa de lado del padre de mi hermana, es decir, de mi padrastro ella es pariente de \u00e9l, entonces nos conocimos cuando \u00e9ramos ni\u00f1os, ella no se acuerda de m\u00ed porque es m\u00e1s joven que yo; pero a m\u00ed ella me daba ternura. Me gustaba su nombre Carolina, y yo dec\u00eda yo me voy a casar con una mujer que se llame Carolina, eso lo dije cuando era ni\u00f1o,<\/p>\n<p><strong>\u00bfC\u00f3mo nace la empresa de construcci\u00f3n?<\/strong><\/p>\n<p>Siempre le ped\u00ed al Se\u00f1or que estuviera con nosotros, mi deseo era seguir sirviendo pero anhelaba ser un empresario y en todo el Se\u00f1or me mostraba que era cabeza y no cola; comenc\u00e9 a orar entonces por una empresa y le dije al Se\u00f1or pactando con \u00e9l que me diera una empresa con la cual pueda solventar todas mis cosas y mis responsabilidades tant\u00f3 con mi madre y mi hogar, te pido Se\u00f1or que t\u00fa me permitas tener esta empresa. Cuando menos sent\u00ed Dios me da el nombre de la empresa Cumbre y el se\u00f1or se encarga de convertirla en S.A de C.V.\u201d<\/p>\n<p><strong>\u00bfC\u00f3mo nace la Iglesia Cristiana Casa de Bendici\u00f3n?<\/strong><\/p>\n<p>Yo le hab\u00eda pedido al Se\u00f1or que me diera una casa que en la parte de abajo iba tener la casa de oraci\u00f3n y en la segunda planta iba a tener la empresa y Dios me la dio, En junio del 2002, estaba compuesta solamente de mi esposa y mi hija, pero con el tiempo empezaron a llegar personas que est\u00e1n conmigo todav\u00eda desde ese entonces, llegamos a tener 40 personas, y yo les dec\u00eda que oraramos porque Dios nos enviar\u00e1 un pastor, hasta que una vez me dan un grito y me dicen: \u201cQue no ve que usted es el pastor, prediquenos porfavor\u201d \u00a0y cr\u00e9eme qu\u00e9 ha sido maravilloso para m\u00ed, empezaron a surgir milagros y la gente llegaba, ampliamos lo que pudimos de la casa y lleg\u00f3 un momento que llegamos a tener 68 personas, no cab\u00eda una m\u00e1s, tuvimos que movernos y nos fuimos a un lugar m\u00e1s grande. El se\u00f1or comenz\u00f3 a darnos muchas cosas, fue sorprendente el Se\u00f1or comienza a mover contactos y me lleva a Israel, me piden hacer un viaje a Guatemala y son muchas cosas al Se\u00f1or me concedi\u00f3. He conocido a gente de tantas latitudes, en enero tengo una reuni\u00f3n de pastores, 1400 de otros pa\u00edses.<\/p>\n<p><strong>\u00bfEn cu\u00e1ntas naciones se encuentra y cu\u00e1les son esas naciones?<\/strong><\/p>\n<p>No podr\u00eda decir m\u00e1s que es la gracia de Dios, de \u00c9l es todo. Estamos en radios, entre ellas Radio Progreso los d\u00edas s\u00e1bados a las 7:30 AM, cuatro filiales en Estados Unidos, una creciendo en M\u00e9xico, en Espa\u00f1a y en otras naciones. Hay lugares donde se llega como los pa\u00edses isl\u00e1micos; para ello est\u00e1 \u00d3scar Rodr\u00edguez Ministerios y en ingl\u00e9s \u00d3scar Rodr\u00edguez Ministries (ORM), con el prop\u00f3sito de llegar a m\u00e1s personas a trav\u00e9s de las redes sociales. Es un proyecto, con el cual estamos trabajando y tambi\u00e9n damos capacitaciones para que la gente pueda tener acceso. Dios se ha manifestado, aun cuando fuimos a hablar del evangelio al capitolio, Dios ha sido bueno y a \u00c9l hay que darle la gloria. Todo ha sido de tremenda bendici\u00f3n.\u00a0Nos escuchan en 28 naciones, nosotros predicamos el evangelio del Reino de Dios que predic\u00f3 Jes\u00fas.<\/p>\n<p><strong>\u00bfQu\u00e9 significa Casa de Bendici\u00f3n para usted?<\/strong><\/p>\n<p>Ser bendecido para bendecir.<\/p>\n<p><strong>Al final de sus d\u00edas en esta tierra \u00bfC\u00f3mo quisiera ser recordado?<\/strong><\/p>\n<p>No espero ser recordado, quiz\u00e1 lo \u00fanico que quisiera es nunca se olviden de un nombre que es sobre todo nombre Jesucristo y que en \u00c9l hay salvaci\u00f3n, redenci\u00f3n, justificaci\u00f3n, santificaci\u00f3n y vida eterna. Mientras, no partimos hay una vida abundante que \u00c9l nos ha dado. Talvez, me gustar\u00eda ser recordado como un obrero.<\/p>\n","protected":false},"excerpt":{"rendered":"<p>&nbsp; Por: Erika Menjivar \u00bfC\u00f3mo fue su infancia? Soy hijo \u00fanico de padre y madre, mi padre nos deja cuando yo ten\u00eda dos a\u00f1os y pasamos a vivir con mis abuelos; mi madre una mujer muy trabajadora, fui creciendo en un hogar de abuelos maternos, junto con mis t\u00edos, con toda esa familia que se [&hellip;]<\/p>\n","protected":false},"author":3,"featured_media":3987,"comment_status":"open","ping_status":"open","sticky":false,"template":"","format":"standard","meta":[],"categories":[103],"tags":[],"yoast_head":"<!-- This site is optimized with the Yoast SEO plugin v20.8 - https:\/\/yoast.com\/wordpress\/plugins\/seo\/ -->\n<title>Entrevista especial Dr. Oscar Rodr\u00edguez - La Prensa Cristiana<\/title>\n<meta name=\"robots\" content=\"index, follow, max-snippet:-1, max-image-preview:large, max-video-preview:-1\" \/>\n<link rel=\"canonical\" href=\"https:\/\/laprensacristiana.com\/?p=3986\" \/>\n<meta property=\"og:locale\" content=\"es_ES\" \/>\n<meta property=\"og:type\" content=\"article\" \/>\n<meta property=\"og:title\" content=\"Entrevista especial Dr. Oscar Rodr\u00edguez - La Prensa Cristiana\" \/>\n<meta property=\"og:description\" content=\"&nbsp; Por: Erika Menjivar \u00bfC\u00f3mo fue su infancia? Soy hijo \u00fanico de padre y madre, mi padre nos deja cuando yo ten\u00eda dos a\u00f1os y pasamos a vivir con mis abuelos; mi madre una mujer muy trabajadora, fui creciendo en un hogar de abuelos maternos, junto con mis t\u00edos, con toda esa familia que se [&hellip;]\" \/>\n<meta property=\"og:url\" content=\"https:\/\/laprensacristiana.com\/?p=3986\" \/>\n<meta property=\"og:site_name\" content=\"La Prensa Cristiana\" \/>\n<meta property=\"article:published_time\" content=\"2018-05-30T20:02:45+00:00\" \/>\n<meta property=\"article:modified_time\" content=\"2020-07-01T23:49:18+00:00\" \/>\n<meta property=\"og:image\" content=\"https:\/\/laprensacristiana.com\/wp-content\/uploads\/2018\/05\/FB_IMG_1520436187174.jpg\" \/>\n\t<meta property=\"og:image:width\" content=\"1440\" \/>\n\t<meta property=\"og:image:height\" content=\"960\" \/>\n\t<meta property=\"og:image:type\" content=\"image\/jpeg\" \/>\n<meta name=\"author\" content=\"EDITOR\" \/>\n<meta name=\"twitter:card\" content=\"summary_large_image\" \/>\n<meta name=\"twitter:label1\" content=\"Escrito por\" \/>\n\t<meta name=\"twitter:data1\" content=\"EDITOR\" \/>\n\t<meta name=\"twitter:label2\" content=\"Tiempo de lectura\" \/>\n\t<meta name=\"twitter:data2\" content=\"6 minutos\" \/>\n<script type=\"application\/ld+json\" class=\"yoast-schema-graph\">{\"@context\":\"https:\/\/schema.org\",\"@graph\":[{\"@type\":\"WebPage\",\"@id\":\"https:\/\/laprensacristiana.com\/?p=3986\",\"url\":\"https:\/\/laprensacristiana.com\/?p=3986\",\"name\":\"Entrevista especial Dr. Oscar Rodr\u00edguez - La Prensa Cristiana\",\"isPartOf\":{\"@id\":\"https:\/\/laprensacristiana.com\/#website\"},\"datePublished\":\"2018-05-30T20:02:45+00:00\",\"dateModified\":\"2020-07-01T23:49:18+00:00\",\"author\":{\"@id\":\"https:\/\/laprensacristiana.com\/#\/schema\/person\/3e7d82c6bfd6b1fa67010f8f7cd5256e\"},\"breadcrumb\":{\"@id\":\"https:\/\/laprensacristiana.com\/?p=3986#breadcrumb\"},\"inLanguage\":\"es\",\"potentialAction\":[{\"@type\":\"ReadAction\",\"target\":[\"https:\/\/laprensacristiana.com\/?p=3986\"]}]},{\"@type\":\"BreadcrumbList\",\"@id\":\"https:\/\/laprensacristiana.com\/?p=3986#breadcrumb\",\"itemListElement\":[{\"@type\":\"ListItem\",\"position\":1,\"name\":\"Portada\",\"item\":\"https:\/\/laprensacristiana.com\/\"},{\"@type\":\"ListItem\",\"position\":2,\"name\":\"Entrevista especial Dr. Oscar Rodr\u00edguez\"}]},{\"@type\":\"WebSite\",\"@id\":\"https:\/\/laprensacristiana.com\/#website\",\"url\":\"https:\/\/laprensacristiana.com\/\",\"name\":\"La Prensa Cristiana\",\"description\":\"Anunciando Las Buenas Nuevas\",\"potentialAction\":[{\"@type\":\"SearchAction\",\"target\":{\"@type\":\"EntryPoint\",\"urlTemplate\":\"https:\/\/laprensacristiana.com\/?s={search_term_string}\"},\"query-input\":\"required name=search_term_string\"}],\"inLanguage\":\"es\"},{\"@type\":\"Person\",\"@id\":\"https:\/\/laprensacristiana.com\/#\/schema\/person\/3e7d82c6bfd6b1fa67010f8f7cd5256e\",\"name\":\"EDITOR\",\"image\":{\"@type\":\"ImageObject\",\"inLanguage\":\"es\",\"@id\":\"https:\/\/laprensacristiana.com\/#\/schema\/person\/image\/\",\"url\":\"https:\/\/secure.gravatar.com\/avatar\/72069dfb6c13772d9e8381e3638666d2?s=96&d=mm&r=g\",\"contentUrl\":\"https:\/\/secure.gravatar.com\/avatar\/72069dfb6c13772d9e8381e3638666d2?s=96&d=mm&r=g\",\"caption\":\"EDITOR\"},\"url\":\"https:\/\/laprensacristiana.com\/?author=3\"}]}<\/script>\n<!-- \/ Yoast SEO plugin. -->","yoast_head_json":{"title":"Entrevista especial Dr. Oscar Rodr\u00edguez - La Prensa Cristiana","robots":{"index":"index","follow":"follow","max-snippet":"max-snippet:-1","max-image-preview":"max-image-preview:large","max-video-preview":"max-video-preview:-1"},"canonical":"https:\/\/laprensacristiana.com\/?p=3986","og_locale":"es_ES","og_type":"article","og_title":"Entrevista especial Dr. Oscar Rodr\u00edguez - La Prensa Cristiana","og_description":"&nbsp; Por: Erika Menjivar \u00bfC\u00f3mo fue su infancia? Soy hijo \u00fanico de padre y madre, mi padre nos deja cuando yo ten\u00eda dos a\u00f1os y pasamos a vivir con mis abuelos; mi madre una mujer muy trabajadora, fui creciendo en un hogar de abuelos maternos, junto con mis t\u00edos, con toda esa familia que se [&hellip;]","og_url":"https:\/\/laprensacristiana.com\/?p=3986","og_site_name":"La Prensa Cristiana","article_published_time":"2018-05-30T20:02:45+00:00","article_modified_time":"2020-07-01T23:49:18+00:00","og_image":[{"width":1440,"height":960,"url":"https:\/\/laprensacristiana.com\/wp-content\/uploads\/2018\/05\/FB_IMG_1520436187174.jpg","type":"image\/jpeg"}],"author":"EDITOR","twitter_card":"summary_large_image","twitter_misc":{"Escrito por":"EDITOR","Tiempo de lectura":"6 minutos"},"schema":{"@context":"https:\/\/schema.org","@graph":[{"@type":"WebPage","@id":"https:\/\/laprensacristiana.com\/?p=3986","url":"https:\/\/laprensacristiana.com\/?p=3986","name":"Entrevista especial Dr. Oscar Rodr\u00edguez - La Prensa Cristiana","isPartOf":{"@id":"https:\/\/laprensacristiana.com\/#website"},"datePublished":"2018-05-30T20:02:45+00:00","dateModified":"2020-07-01T23:49:18+00:00","author":{"@id":"https:\/\/laprensacristiana.com\/#\/schema\/person\/3e7d82c6bfd6b1fa67010f8f7cd5256e"},"breadcrumb":{"@id":"https:\/\/laprensacristiana.com\/?p=3986#breadcrumb"},"inLanguage":"es","potentialAction":[{"@type":"ReadAction","target":["https:\/\/laprensacristiana.com\/?p=3986"]}]},{"@type":"BreadcrumbList","@id":"https:\/\/laprensacristiana.com\/?p=3986#breadcrumb","itemListElement":[{"@type":"ListItem","position":1,"name":"Portada","item":"https:\/\/laprensacristiana.com\/"},{"@type":"ListItem","position":2,"name":"Entrevista especial Dr. Oscar Rodr\u00edguez"}]},{"@type":"WebSite","@id":"https:\/\/laprensacristiana.com\/#website","url":"https:\/\/laprensacristiana.com\/","name":"La Prensa Cristiana","description":"Anunciando Las Buenas Nuevas","potentialAction":[{"@type":"SearchAction","target":{"@type":"EntryPoint","urlTemplate":"https:\/\/laprensacristiana.com\/?s={search_term_string}"},"query-input":"required name=search_term_string"}],"inLanguage":"es"},{"@type":"Person","@id":"https:\/\/laprensacristiana.com\/#\/schema\/person\/3e7d82c6bfd6b1fa67010f8f7cd5256e","name":"EDITOR","image":{"@type":"ImageObject","inLanguage":"es","@id":"https:\/\/laprensacristiana.com\/#\/schema\/person\/image\/","url":"https:\/\/secure.gravatar.com\/avatar\/72069dfb6c13772d9e8381e3638666d2?s=96&d=mm&r=g","contentUrl":"https:\/\/secure.gravatar.com\/avatar\/72069dfb6c13772d9e8381e3638666d2?s=96&d=mm&r=g","caption":"EDITOR"},"url":"https:\/\/laprensacristiana.com\/?author=3"}]}},"_links":{"self":[{"href":"https:\/\/laprensacristiana.com\/index.php?rest_route=\/wp\/v2\/posts\/3986"}],"collection":[{"href":"https:\/\/laprensacristiana.com\/index.php?rest_route=\/wp\/v2\/posts"}],"about":[{"href":"https:\/\/laprensacristiana.com\/index.php?rest_route=\/wp\/v2\/types\/post"}],"author":[{"embeddable":true,"href":"https:\/\/laprensacristiana.com\/index.php?rest_route=\/wp\/v2\/users\/3"}],"replies":[{"embeddable":true,"href":"https:\/\/laprensacristiana.com\/index.php?rest_route=%2Fwp%2Fv2%2Fcomments&post=3986"}],"version-history":[{"count":5,"href":"https:\/\/laprensacristiana.com\/index.php?rest_route=\/wp\/v2\/posts\/3986\/revisions"}],"predecessor-version":[{"id":3992,"href":"https:\/\/laprensacristiana.com\/index.php?rest_route=\/wp\/v2\/posts\/3986\/revisions\/3992"}],"wp:featuredmedia":[{"embeddable":true,"href":"https:\/\/laprensacristiana.com\/index.php?rest_route=\/wp\/v2\/media\/3987"}],"wp:attachment":[{"href":"https:\/\/laprensacristiana.com\/index.php?rest_route=%2Fwp%2Fv2%2Fmedia&parent=3986"}],"wp:term":[{"taxonomy":"category","embeddable":true,"href":"https:\/\/laprensacristiana.com\/index.php?rest_route=%2Fwp%2Fv2%2Fcategories&post=3986"},{"taxonomy":"post_tag","embeddable":true,"href":"https:\/\/laprensacristiana.com\/index.php?rest_route=%2Fwp%2Fv2%2Ftags&post=3986"}],"curies":[{"name":"wp","href":"https:\/\/api.w.org\/{rel}","templated":true}]}}