{"id":4009,"date":"2018-06-02T15:23:32","date_gmt":"2018-06-02T15:23:32","guid":{"rendered":"https:\/\/laprensacristiana.com\/?p=4009"},"modified":"2020-07-01T23:48:54","modified_gmt":"2020-07-01T23:48:54","slug":"yami-torres-lanza-su-segundo-sencillo-titulado-eres-para-mi","status":"publish","type":"post","link":"https:\/\/laprensacristiana.com\/?p=4009","title":{"rendered":"Yami Torres lanza su segundo sencillo titulado \u00abEres para mi\u00bb"},"content":{"rendered":"<p>&nbsp;<\/p>\n<p><strong>Por: No\u00e9 Villatoro<\/strong><\/p>\n<p>Yami Torres lanz\u00f3 este 28 de mayo de 2018, su nuevo sencillo titulado \u00abEres para m\u00ed\u00bb, la alabanza es la segunda que se lanza en el a\u00f1o perteneciente a la producci\u00f3n titulada \u00abVen y reina\u00bb.<\/p>\n<p>\u00abCantarle a Dios es la mejor forma de invertir el talento que \u00e9l ha puesto en mi por su misericordia\u00bb, expresa Yami Torres.<\/p>\n<p>De acuerdo con Torres, el prop\u00f3sito del nuevo material \u00abes primeramente glorificar el nombre de Dios y tambi\u00e9n que sea una alabanza que nos recuerde que no hay mejor lugar en el que podamos estar que en la presencia de Dios\u00bb.<\/p>\n<p>Adem\u00e1s Yami declar\u00f3, que la alabanza pretende transmitir el mensaje que solo en la intimidad con \u00e9l, se puede entregarle las cargas, adorarle y decirle cuanto se le ama.<\/p>\n<p><img decoding=\"async\" loading=\"lazy\" class=\"alignnone size-full wp-image-4010\" src=\"https:\/\/laprensacristiana.com\/wp-content\/uploads\/2018\/06\/WhatsApp-Image-2018-06-01-at-11.02.30-AM-1.jpeg\" alt=\"\" width=\"1024\" height=\"681\" srcset=\"https:\/\/laprensacristiana.com\/wp-content\/uploads\/2018\/06\/WhatsApp-Image-2018-06-01-at-11.02.30-AM-1.jpeg 1024w, https:\/\/laprensacristiana.com\/wp-content\/uploads\/2018\/06\/WhatsApp-Image-2018-06-01-at-11.02.30-AM-1-600x399.jpeg 600w, https:\/\/laprensacristiana.com\/wp-content\/uploads\/2018\/06\/WhatsApp-Image-2018-06-01-at-11.02.30-AM-1-300x200.jpeg 300w, https:\/\/laprensacristiana.com\/wp-content\/uploads\/2018\/06\/WhatsApp-Image-2018-06-01-at-11.02.30-AM-1-768x511.jpeg 768w, https:\/\/laprensacristiana.com\/wp-content\/uploads\/2018\/06\/WhatsApp-Image-2018-06-01-at-11.02.30-AM-1-696x463.jpeg 696w, https:\/\/laprensacristiana.com\/wp-content\/uploads\/2018\/06\/WhatsApp-Image-2018-06-01-at-11.02.30-AM-1-632x420.jpeg 632w\" sizes=\"(max-width: 1024px) 100vw, 1024px\" \/><\/p>\n<p>Aunque naci\u00f3 en Canad\u00e1 en el a\u00f1o de 1991, la cantante ha vivido la mayor parte de su vida en El Salvador y se desempe\u00f1a como cantante desde la corta edad de 10 a\u00f1os, sin embargo su faceta de compositora de alabanzas la comenz\u00f3 a los 14 a\u00f1os.<\/p>\n<p>\u00abMi pasi\u00f3n desde peque\u00f1a era cantarle a Dios porque tengo claro que es la mejor forma de invertir el talento que \u00e9l ha puesto en mi por su misericordia\u00bb enfatiz\u00f3 Yami.<\/p>\n<p>Por otra parte Torres, manifiesta su felicidad ya que Dios le ha dado la oportunidad de estar grabando su disco \u201cven y reina\u201d de la cual se han lanzado dos sencillos, ambas producciones pueden ser vistas en YouTube.<\/p>\n<p><iframe loading=\"lazy\" title=\"Eres para m\u00ed - Yami Torres (Video Oficial)\" width=\"696\" height=\"392\" src=\"https:\/\/www.youtube.com\/embed\/jU5fwLJdju4?feature=oembed\" frameborder=\"0\" allow=\"accelerometer; autoplay; encrypted-media; gyroscope; picture-in-picture\" allowfullscreen><\/iframe><\/p>\n","protected":false},"excerpt":{"rendered":"<p>&nbsp; Por: No\u00e9 Villatoro Yami Torres lanz\u00f3 este 28 de mayo de 2018, su nuevo sencillo titulado \u00abEres para m\u00ed\u00bb, la alabanza es la segunda que se lanza en el a\u00f1o perteneciente a la producci\u00f3n titulada \u00abVen y reina\u00bb. \u00abCantarle a Dios es la mejor forma de invertir el talento que \u00e9l ha puesto en [&hellip;]<\/p>\n","protected":false},"author":3,"featured_media":4011,"comment_status":"open","ping_status":"open","sticky":false,"template":"","format":"standard","meta":[],"categories":[101],"tags":[],"yoast_head":"<!-- This site is optimized with the Yoast SEO plugin v20.8 - https:\/\/yoast.com\/wordpress\/plugins\/seo\/ -->\n<title>Yami Torres lanza su segundo sencillo titulado &quot;Eres para mi&quot; - La Prensa Cristiana<\/title>\n<meta name=\"robots\" content=\"index, follow, max-snippet:-1, max-image-preview:large, max-video-preview:-1\" \/>\n<link rel=\"canonical\" href=\"https:\/\/laprensacristiana.com\/?p=4009\" \/>\n<meta property=\"og:locale\" content=\"es_ES\" \/>\n<meta property=\"og:type\" content=\"article\" \/>\n<meta property=\"og:title\" content=\"Yami Torres lanza su segundo sencillo titulado &quot;Eres para mi&quot; - La Prensa Cristiana\" \/>\n<meta property=\"og:description\" content=\"&nbsp; Por: No\u00e9 Villatoro Yami Torres lanz\u00f3 este 28 de mayo de 2018, su nuevo sencillo titulado \u00abEres para m\u00ed\u00bb, la alabanza es la segunda que se lanza en el a\u00f1o perteneciente a la producci\u00f3n titulada \u00abVen y reina\u00bb. \u00abCantarle a Dios es la mejor forma de invertir el talento que \u00e9l ha puesto en [&hellip;]\" \/>\n<meta property=\"og:url\" content=\"https:\/\/laprensacristiana.com\/?p=4009\" \/>\n<meta property=\"og:site_name\" content=\"La Prensa Cristiana\" \/>\n<meta property=\"article:published_time\" content=\"2018-06-02T15:23:32+00:00\" \/>\n<meta property=\"article:modified_time\" content=\"2020-07-01T23:48:54+00:00\" \/>\n<meta property=\"og:image\" content=\"https:\/\/laprensacristiana.com\/wp-content\/uploads\/2018\/06\/jjjjjjjj.jpg\" \/>\n\t<meta property=\"og:image:width\" content=\"1500\" \/>\n\t<meta property=\"og:image:height\" content=\"880\" \/>\n\t<meta property=\"og:image:type\" content=\"image\/jpeg\" \/>\n<meta name=\"author\" content=\"EDITOR\" \/>\n<meta name=\"twitter:card\" content=\"summary_large_image\" \/>\n<meta name=\"twitter:label1\" content=\"Escrito por\" \/>\n\t<meta name=\"twitter:data1\" content=\"EDITOR\" \/>\n\t<meta name=\"twitter:label2\" content=\"Tiempo de lectura\" \/>\n\t<meta name=\"twitter:data2\" content=\"1 minuto\" \/>\n<script type=\"application\/ld+json\" class=\"yoast-schema-graph\">{\"@context\":\"https:\/\/schema.org\",\"@graph\":[{\"@type\":\"WebPage\",\"@id\":\"https:\/\/laprensacristiana.com\/?p=4009\",\"url\":\"https:\/\/laprensacristiana.com\/?p=4009\",\"name\":\"Yami Torres lanza su segundo sencillo titulado \\\"Eres para mi\\\" - La Prensa Cristiana\",\"isPartOf\":{\"@id\":\"https:\/\/laprensacristiana.com\/#website\"},\"datePublished\":\"2018-06-02T15:23:32+00:00\",\"dateModified\":\"2020-07-01T23:48:54+00:00\",\"author\":{\"@id\":\"https:\/\/laprensacristiana.com\/#\/schema\/person\/3e7d82c6bfd6b1fa67010f8f7cd5256e\"},\"breadcrumb\":{\"@id\":\"https:\/\/laprensacristiana.com\/?p=4009#breadcrumb\"},\"inLanguage\":\"es\",\"potentialAction\":[{\"@type\":\"ReadAction\",\"target\":[\"https:\/\/laprensacristiana.com\/?p=4009\"]}]},{\"@type\":\"BreadcrumbList\",\"@id\":\"https:\/\/laprensacristiana.com\/?p=4009#breadcrumb\",\"itemListElement\":[{\"@type\":\"ListItem\",\"position\":1,\"name\":\"Portada\",\"item\":\"https:\/\/laprensacristiana.com\/\"},{\"@type\":\"ListItem\",\"position\":2,\"name\":\"Yami Torres lanza su segundo sencillo titulado \u00abEres para mi\u00bb\"}]},{\"@type\":\"WebSite\",\"@id\":\"https:\/\/laprensacristiana.com\/#website\",\"url\":\"https:\/\/laprensacristiana.com\/\",\"name\":\"La Prensa Cristiana\",\"description\":\"Anunciando Las Buenas Nuevas\",\"potentialAction\":[{\"@type\":\"SearchAction\",\"target\":{\"@type\":\"EntryPoint\",\"urlTemplate\":\"https:\/\/laprensacristiana.com\/?s={search_term_string}\"},\"query-input\":\"required name=search_term_string\"}],\"inLanguage\":\"es\"},{\"@type\":\"Person\",\"@id\":\"https:\/\/laprensacristiana.com\/#\/schema\/person\/3e7d82c6bfd6b1fa67010f8f7cd5256e\",\"name\":\"EDITOR\",\"image\":{\"@type\":\"ImageObject\",\"inLanguage\":\"es\",\"@id\":\"https:\/\/laprensacristiana.com\/#\/schema\/person\/image\/\",\"url\":\"https:\/\/secure.gravatar.com\/avatar\/72069dfb6c13772d9e8381e3638666d2?s=96&d=mm&r=g\",\"contentUrl\":\"https:\/\/secure.gravatar.com\/avatar\/72069dfb6c13772d9e8381e3638666d2?s=96&d=mm&r=g\",\"caption\":\"EDITOR\"},\"url\":\"https:\/\/laprensacristiana.com\/?author=3\"}]}<\/script>\n<!-- \/ Yoast SEO plugin. -->","yoast_head_json":{"title":"Yami Torres lanza su segundo sencillo titulado \"Eres para mi\" - La Prensa Cristiana","robots":{"index":"index","follow":"follow","max-snippet":"max-snippet:-1","max-image-preview":"max-image-preview:large","max-video-preview":"max-video-preview:-1"},"canonical":"https:\/\/laprensacristiana.com\/?p=4009","og_locale":"es_ES","og_type":"article","og_title":"Yami Torres lanza su segundo sencillo titulado \"Eres para mi\" - La Prensa Cristiana","og_description":"&nbsp; Por: No\u00e9 Villatoro Yami Torres lanz\u00f3 este 28 de mayo de 2018, su nuevo sencillo titulado \u00abEres para m\u00ed\u00bb, la alabanza es la segunda que se lanza en el a\u00f1o perteneciente a la producci\u00f3n titulada \u00abVen y reina\u00bb. \u00abCantarle a Dios es la mejor forma de invertir el talento que \u00e9l ha puesto en [&hellip;]","og_url":"https:\/\/laprensacristiana.com\/?p=4009","og_site_name":"La Prensa Cristiana","article_published_time":"2018-06-02T15:23:32+00:00","article_modified_time":"2020-07-01T23:48:54+00:00","og_image":[{"width":1500,"height":880,"url":"https:\/\/laprensacristiana.com\/wp-content\/uploads\/2018\/06\/jjjjjjjj.jpg","type":"image\/jpeg"}],"author":"EDITOR","twitter_card":"summary_large_image","twitter_misc":{"Escrito por":"EDITOR","Tiempo de lectura":"1 minuto"},"schema":{"@context":"https:\/\/schema.org","@graph":[{"@type":"WebPage","@id":"https:\/\/laprensacristiana.com\/?p=4009","url":"https:\/\/laprensacristiana.com\/?p=4009","name":"Yami Torres lanza su segundo sencillo titulado \"Eres para mi\" - La Prensa Cristiana","isPartOf":{"@id":"https:\/\/laprensacristiana.com\/#website"},"datePublished":"2018-06-02T15:23:32+00:00","dateModified":"2020-07-01T23:48:54+00:00","author":{"@id":"https:\/\/laprensacristiana.com\/#\/schema\/person\/3e7d82c6bfd6b1fa67010f8f7cd5256e"},"breadcrumb":{"@id":"https:\/\/laprensacristiana.com\/?p=4009#breadcrumb"},"inLanguage":"es","potentialAction":[{"@type":"ReadAction","target":["https:\/\/laprensacristiana.com\/?p=4009"]}]},{"@type":"BreadcrumbList","@id":"https:\/\/laprensacristiana.com\/?p=4009#breadcrumb","itemListElement":[{"@type":"ListItem","position":1,"name":"Portada","item":"https:\/\/laprensacristiana.com\/"},{"@type":"ListItem","position":2,"name":"Yami Torres lanza su segundo sencillo titulado \u00abEres para mi\u00bb"}]},{"@type":"WebSite","@id":"https:\/\/laprensacristiana.com\/#website","url":"https:\/\/laprensacristiana.com\/","name":"La Prensa Cristiana","description":"Anunciando Las Buenas Nuevas","potentialAction":[{"@type":"SearchAction","target":{"@type":"EntryPoint","urlTemplate":"https:\/\/laprensacristiana.com\/?s={search_term_string}"},"query-input":"required name=search_term_string"}],"inLanguage":"es"},{"@type":"Person","@id":"https:\/\/laprensacristiana.com\/#\/schema\/person\/3e7d82c6bfd6b1fa67010f8f7cd5256e","name":"EDITOR","image":{"@type":"ImageObject","inLanguage":"es","@id":"https:\/\/laprensacristiana.com\/#\/schema\/person\/image\/","url":"https:\/\/secure.gravatar.com\/avatar\/72069dfb6c13772d9e8381e3638666d2?s=96&d=mm&r=g","contentUrl":"https:\/\/secure.gravatar.com\/avatar\/72069dfb6c13772d9e8381e3638666d2?s=96&d=mm&r=g","caption":"EDITOR"},"url":"https:\/\/laprensacristiana.com\/?author=3"}]}},"_links":{"self":[{"href":"https:\/\/laprensacristiana.com\/index.php?rest_route=\/wp\/v2\/posts\/4009"}],"collection":[{"href":"https:\/\/laprensacristiana.com\/index.php?rest_route=\/wp\/v2\/posts"}],"about":[{"href":"https:\/\/laprensacristiana.com\/index.php?rest_route=\/wp\/v2\/types\/post"}],"author":[{"embeddable":true,"href":"https:\/\/laprensacristiana.com\/index.php?rest_route=\/wp\/v2\/users\/3"}],"replies":[{"embeddable":true,"href":"https:\/\/laprensacristiana.com\/index.php?rest_route=%2Fwp%2Fv2%2Fcomments&post=4009"}],"version-history":[{"count":1,"href":"https:\/\/laprensacristiana.com\/index.php?rest_route=\/wp\/v2\/posts\/4009\/revisions"}],"predecessor-version":[{"id":4012,"href":"https:\/\/laprensacristiana.com\/index.php?rest_route=\/wp\/v2\/posts\/4009\/revisions\/4012"}],"wp:featuredmedia":[{"embeddable":true,"href":"https:\/\/laprensacristiana.com\/index.php?rest_route=\/wp\/v2\/media\/4011"}],"wp:attachment":[{"href":"https:\/\/laprensacristiana.com\/index.php?rest_route=%2Fwp%2Fv2%2Fmedia&parent=4009"}],"wp:term":[{"taxonomy":"category","embeddable":true,"href":"https:\/\/laprensacristiana.com\/index.php?rest_route=%2Fwp%2Fv2%2Fcategories&post=4009"},{"taxonomy":"post_tag","embeddable":true,"href":"https:\/\/laprensacristiana.com\/index.php?rest_route=%2Fwp%2Fv2%2Ftags&post=4009"}],"curies":[{"name":"wp","href":"https:\/\/api.w.org\/{rel}","templated":true}]}}