{"id":4046,"date":"2018-06-11T19:39:16","date_gmt":"2018-06-11T19:39:16","guid":{"rendered":"https:\/\/laprensacristiana.com\/?p=4046"},"modified":"2020-07-01T23:47:29","modified_gmt":"2020-07-01T23:47:29","slug":"decimo-tercer-aniversario-de-iglesia-elim-el-progreso","status":"publish","type":"post","link":"https:\/\/laprensacristiana.com\/?p=4046","title":{"rendered":"D\u00e9cimo tercer aniversario de Iglesia Elim El Progreso"},"content":{"rendered":"<p><strong>Por: Erika Menjivar<\/strong><\/p>\n<p>Iglesia dirigida por el pastor Oscar Armando Rivera Ortiz, ubicada en la Calle al Boquer\u00f3n, en el Cant\u00f3n El Progreso. Inici\u00f3 en el a\u00f1o de 1987 con c\u00e9lulas familiares.<\/p>\n<p>El pastor Rivera, comenta que en sus inicios, la iglesia empez\u00f3 con las c\u00e9lulas familiares y que luego naci\u00f3 la inquietud y el deseo de poder fundar una iglesia de la Misi\u00f3n Elim. Expresa que fueron muchos los retos para cumplir este sue\u00f1o, por las condiciones econ\u00f3micas, estructurales y sociales en las que se encontraba el pa\u00eds en ese entonces.<\/p>\n<p><img decoding=\"async\" loading=\"lazy\" class=\"alignnone size-full wp-image-4048\" src=\"https:\/\/laprensacristiana.com\/wp-content\/uploads\/2018\/06\/WhatsApp-Image-2018-06-11-at-1.23.37-PM-1.jpeg\" alt=\"\" width=\"1280\" height=\"851\" srcset=\"https:\/\/laprensacristiana.com\/wp-content\/uploads\/2018\/06\/WhatsApp-Image-2018-06-11-at-1.23.37-PM-1.jpeg 1280w, https:\/\/laprensacristiana.com\/wp-content\/uploads\/2018\/06\/WhatsApp-Image-2018-06-11-at-1.23.37-PM-1-600x399.jpeg 600w, https:\/\/laprensacristiana.com\/wp-content\/uploads\/2018\/06\/WhatsApp-Image-2018-06-11-at-1.23.37-PM-1-300x199.jpeg 300w, https:\/\/laprensacristiana.com\/wp-content\/uploads\/2018\/06\/WhatsApp-Image-2018-06-11-at-1.23.37-PM-1-768x511.jpeg 768w, https:\/\/laprensacristiana.com\/wp-content\/uploads\/2018\/06\/WhatsApp-Image-2018-06-11-at-1.23.37-PM-1-1024x681.jpeg 1024w, https:\/\/laprensacristiana.com\/wp-content\/uploads\/2018\/06\/WhatsApp-Image-2018-06-11-at-1.23.37-PM-1-696x463.jpeg 696w, https:\/\/laprensacristiana.com\/wp-content\/uploads\/2018\/06\/WhatsApp-Image-2018-06-11-at-1.23.37-PM-1-1068x710.jpeg 1068w, https:\/\/laprensacristiana.com\/wp-content\/uploads\/2018\/06\/WhatsApp-Image-2018-06-11-at-1.23.37-PM-1-632x420.jpeg 632w\" sizes=\"(max-width: 1280px) 100vw, 1280px\" \/><\/p>\n<p>Adem\u00e1s, agrega que luego de las celular familiares se pudo alquilar una casa para desarrollar cultos, pero con el terremoto del a\u00f1o 2001 se da\u00f1\u00f3, para ese entonces eran 30 hermanos quienes conformaban la iglesia, entre ellos se hizo el esfuerzo para poder comprar un lote y construir un local para la obra de Dios. \u201cEntonces, se decide construir una galerita, entre madera, laminas que los hermanos aportaron y fue hasta el 2005 cuando tuvimos la bendici\u00f3n de poder construir lo que ahora tenemos. A estas alturas ya contamos con m\u00e1s de 100 miembros en la iglesia, ha sido un proceso largo, pero Dios ha sido fiel\u201d, a\u00f1adi\u00f3 el pastor Oscar Rivera.<\/p>\n<p>Por otra parte, el pastor y fundador de esta iglesia dice que cuando naci\u00f3 el deseo de poder construir un local para iglesia, las primeras barreras que pudieron percibir fueron las econ\u00f3micas, pues no ten\u00edan un capital, pero que Dios no les desampar\u00f3 y fue \u00c9l quien puso los medios, las personas y el financiamiento para que la obra fuera una realidad.<\/p>\n<p>Este domingo 10 de junio del presente a\u00f1o, se desarroll\u00f3 un culto especial para poder dar las gracias a Dios por su bondad y respaldo estos 13 a\u00f1os, este evento se desarroll\u00f3 en las instalaciones de la iglesia y tuvo como invitado especial al pastor de Iglesia Elim en Lourdes Col\u00f3n, Sa\u00fal Valle quien estuvo a cargo de dirigir la palabra.<\/p>\n<p><img decoding=\"async\" loading=\"lazy\" class=\"alignnone size-full wp-image-4049\" src=\"https:\/\/laprensacristiana.com\/wp-content\/uploads\/2018\/06\/WhatsApp-Image-2018-06-11-at-1.37.00-PM.jpeg\" alt=\"\" width=\"1280\" height=\"851\" srcset=\"https:\/\/laprensacristiana.com\/wp-content\/uploads\/2018\/06\/WhatsApp-Image-2018-06-11-at-1.37.00-PM.jpeg 1280w, https:\/\/laprensacristiana.com\/wp-content\/uploads\/2018\/06\/WhatsApp-Image-2018-06-11-at-1.37.00-PM-600x399.jpeg 600w, https:\/\/laprensacristiana.com\/wp-content\/uploads\/2018\/06\/WhatsApp-Image-2018-06-11-at-1.37.00-PM-300x199.jpeg 300w, https:\/\/laprensacristiana.com\/wp-content\/uploads\/2018\/06\/WhatsApp-Image-2018-06-11-at-1.37.00-PM-768x511.jpeg 768w, https:\/\/laprensacristiana.com\/wp-content\/uploads\/2018\/06\/WhatsApp-Image-2018-06-11-at-1.37.00-PM-1024x681.jpeg 1024w, https:\/\/laprensacristiana.com\/wp-content\/uploads\/2018\/06\/WhatsApp-Image-2018-06-11-at-1.37.00-PM-696x463.jpeg 696w, https:\/\/laprensacristiana.com\/wp-content\/uploads\/2018\/06\/WhatsApp-Image-2018-06-11-at-1.37.00-PM-1068x710.jpeg 1068w, https:\/\/laprensacristiana.com\/wp-content\/uploads\/2018\/06\/WhatsApp-Image-2018-06-11-at-1.37.00-PM-632x420.jpeg 632w\" sizes=\"(max-width: 1280px) 100vw, 1280px\" \/><\/p>\n<p>\u201cMe siento muy contento de poder ser parte de esta celebraci\u00f3n, porque desde sus inicios yo pude estar presente cuando esta obra era solo un sue\u00f1o y ahora gracias a Dios, podemos ver una realidad\u201d, comenta el pastor Sa\u00fal Valle.<\/p>\n<p>Comenta el pastor Rivera, que la visi\u00f3n de la iglesia siempre fue crear un espacio para poder cumplir con la obra de Dios de llevar el evangelio a todos los seres y que a los 13 a\u00f1os de fundaci\u00f3n el prop\u00f3sito no ha cambiado, y continuaran hasta que Dios se los permita.<\/p>\n<p><img decoding=\"async\" loading=\"lazy\" class=\"alignnone size-full wp-image-4050\" src=\"https:\/\/laprensacristiana.com\/wp-content\/uploads\/2018\/06\/WhatsApp-Image-2018-06-11-at-1.23.37-PM-3.jpeg\" alt=\"\" width=\"1280\" height=\"851\" srcset=\"https:\/\/laprensacristiana.com\/wp-content\/uploads\/2018\/06\/WhatsApp-Image-2018-06-11-at-1.23.37-PM-3.jpeg 1280w, https:\/\/laprensacristiana.com\/wp-content\/uploads\/2018\/06\/WhatsApp-Image-2018-06-11-at-1.23.37-PM-3-600x399.jpeg 600w, https:\/\/laprensacristiana.com\/wp-content\/uploads\/2018\/06\/WhatsApp-Image-2018-06-11-at-1.23.37-PM-3-300x199.jpeg 300w, https:\/\/laprensacristiana.com\/wp-content\/uploads\/2018\/06\/WhatsApp-Image-2018-06-11-at-1.23.37-PM-3-768x511.jpeg 768w, https:\/\/laprensacristiana.com\/wp-content\/uploads\/2018\/06\/WhatsApp-Image-2018-06-11-at-1.23.37-PM-3-1024x681.jpeg 1024w, https:\/\/laprensacristiana.com\/wp-content\/uploads\/2018\/06\/WhatsApp-Image-2018-06-11-at-1.23.37-PM-3-696x463.jpeg 696w, https:\/\/laprensacristiana.com\/wp-content\/uploads\/2018\/06\/WhatsApp-Image-2018-06-11-at-1.23.37-PM-3-1068x710.jpeg 1068w, https:\/\/laprensacristiana.com\/wp-content\/uploads\/2018\/06\/WhatsApp-Image-2018-06-11-at-1.23.37-PM-3-632x420.jpeg 632w\" sizes=\"(max-width: 1280px) 100vw, 1280px\" \/><\/p>\n<p><strong>\u00a0<\/strong><\/p>\n","protected":false},"excerpt":{"rendered":"<p>Por: Erika Menjivar Iglesia dirigida por el pastor Oscar Armando Rivera Ortiz, ubicada en la Calle al Boquer\u00f3n, en el Cant\u00f3n El Progreso. Inici\u00f3 en el a\u00f1o de 1987 con c\u00e9lulas familiares. El pastor Rivera, comenta que en sus inicios, la iglesia empez\u00f3 con las c\u00e9lulas familiares y que luego naci\u00f3 la inquietud y el [&hellip;]<\/p>\n","protected":false},"author":3,"featured_media":4047,"comment_status":"open","ping_status":"open","sticky":false,"template":"","format":"standard","meta":[],"categories":[56],"tags":[],"yoast_head":"<!-- This site is optimized with the Yoast SEO plugin v20.8 - https:\/\/yoast.com\/wordpress\/plugins\/seo\/ -->\n<title>D\u00e9cimo tercer aniversario de Iglesia Elim El Progreso - La Prensa Cristiana<\/title>\n<meta name=\"robots\" content=\"index, follow, max-snippet:-1, max-image-preview:large, max-video-preview:-1\" \/>\n<link rel=\"canonical\" href=\"https:\/\/laprensacristiana.com\/?p=4046\" \/>\n<meta property=\"og:locale\" content=\"es_ES\" \/>\n<meta property=\"og:type\" content=\"article\" \/>\n<meta property=\"og:title\" content=\"D\u00e9cimo tercer aniversario de Iglesia Elim El Progreso - La Prensa Cristiana\" \/>\n<meta property=\"og:description\" content=\"Por: Erika Menjivar Iglesia dirigida por el pastor Oscar Armando Rivera Ortiz, ubicada en la Calle al Boquer\u00f3n, en el Cant\u00f3n El Progreso. Inici\u00f3 en el a\u00f1o de 1987 con c\u00e9lulas familiares. El pastor Rivera, comenta que en sus inicios, la iglesia empez\u00f3 con las c\u00e9lulas familiares y que luego naci\u00f3 la inquietud y el [&hellip;]\" \/>\n<meta property=\"og:url\" content=\"https:\/\/laprensacristiana.com\/?p=4046\" \/>\n<meta property=\"og:site_name\" content=\"La Prensa Cristiana\" \/>\n<meta property=\"article:published_time\" content=\"2018-06-11T19:39:16+00:00\" \/>\n<meta property=\"article:modified_time\" content=\"2020-07-01T23:47:29+00:00\" \/>\n<meta property=\"og:image\" content=\"https:\/\/laprensacristiana.com\/wp-content\/uploads\/2018\/06\/WhatsApp-Image-2018-06-11-at-1.23.37-PM-2.jpeg\" \/>\n\t<meta property=\"og:image:width\" content=\"1280\" \/>\n\t<meta property=\"og:image:height\" content=\"851\" \/>\n\t<meta property=\"og:image:type\" content=\"image\/jpeg\" \/>\n<meta name=\"author\" content=\"EDITOR\" \/>\n<meta name=\"twitter:card\" content=\"summary_large_image\" \/>\n<meta name=\"twitter:label1\" content=\"Escrito por\" \/>\n\t<meta name=\"twitter:data1\" content=\"EDITOR\" \/>\n\t<meta name=\"twitter:label2\" content=\"Tiempo de lectura\" \/>\n\t<meta name=\"twitter:data2\" content=\"2 minutos\" \/>\n<script type=\"application\/ld+json\" class=\"yoast-schema-graph\">{\"@context\":\"https:\/\/schema.org\",\"@graph\":[{\"@type\":\"WebPage\",\"@id\":\"https:\/\/laprensacristiana.com\/?p=4046\",\"url\":\"https:\/\/laprensacristiana.com\/?p=4046\",\"name\":\"D\u00e9cimo tercer aniversario de Iglesia Elim El Progreso - La Prensa Cristiana\",\"isPartOf\":{\"@id\":\"https:\/\/laprensacristiana.com\/#website\"},\"datePublished\":\"2018-06-11T19:39:16+00:00\",\"dateModified\":\"2020-07-01T23:47:29+00:00\",\"author\":{\"@id\":\"https:\/\/laprensacristiana.com\/#\/schema\/person\/3e7d82c6bfd6b1fa67010f8f7cd5256e\"},\"breadcrumb\":{\"@id\":\"https:\/\/laprensacristiana.com\/?p=4046#breadcrumb\"},\"inLanguage\":\"es\",\"potentialAction\":[{\"@type\":\"ReadAction\",\"target\":[\"https:\/\/laprensacristiana.com\/?p=4046\"]}]},{\"@type\":\"BreadcrumbList\",\"@id\":\"https:\/\/laprensacristiana.com\/?p=4046#breadcrumb\",\"itemListElement\":[{\"@type\":\"ListItem\",\"position\":1,\"name\":\"Portada\",\"item\":\"https:\/\/laprensacristiana.com\/\"},{\"@type\":\"ListItem\",\"position\":2,\"name\":\"D\u00e9cimo tercer aniversario de Iglesia Elim El Progreso\"}]},{\"@type\":\"WebSite\",\"@id\":\"https:\/\/laprensacristiana.com\/#website\",\"url\":\"https:\/\/laprensacristiana.com\/\",\"name\":\"La Prensa Cristiana\",\"description\":\"Anunciando Las Buenas Nuevas\",\"potentialAction\":[{\"@type\":\"SearchAction\",\"target\":{\"@type\":\"EntryPoint\",\"urlTemplate\":\"https:\/\/laprensacristiana.com\/?s={search_term_string}\"},\"query-input\":\"required name=search_term_string\"}],\"inLanguage\":\"es\"},{\"@type\":\"Person\",\"@id\":\"https:\/\/laprensacristiana.com\/#\/schema\/person\/3e7d82c6bfd6b1fa67010f8f7cd5256e\",\"name\":\"EDITOR\",\"image\":{\"@type\":\"ImageObject\",\"inLanguage\":\"es\",\"@id\":\"https:\/\/laprensacristiana.com\/#\/schema\/person\/image\/\",\"url\":\"https:\/\/secure.gravatar.com\/avatar\/72069dfb6c13772d9e8381e3638666d2?s=96&d=mm&r=g\",\"contentUrl\":\"https:\/\/secure.gravatar.com\/avatar\/72069dfb6c13772d9e8381e3638666d2?s=96&d=mm&r=g\",\"caption\":\"EDITOR\"},\"url\":\"https:\/\/laprensacristiana.com\/?author=3\"}]}<\/script>\n<!-- \/ Yoast SEO plugin. -->","yoast_head_json":{"title":"D\u00e9cimo tercer aniversario de Iglesia Elim El Progreso - La Prensa Cristiana","robots":{"index":"index","follow":"follow","max-snippet":"max-snippet:-1","max-image-preview":"max-image-preview:large","max-video-preview":"max-video-preview:-1"},"canonical":"https:\/\/laprensacristiana.com\/?p=4046","og_locale":"es_ES","og_type":"article","og_title":"D\u00e9cimo tercer aniversario de Iglesia Elim El Progreso - La Prensa Cristiana","og_description":"Por: Erika Menjivar Iglesia dirigida por el pastor Oscar Armando Rivera Ortiz, ubicada en la Calle al Boquer\u00f3n, en el Cant\u00f3n El Progreso. Inici\u00f3 en el a\u00f1o de 1987 con c\u00e9lulas familiares. El pastor Rivera, comenta que en sus inicios, la iglesia empez\u00f3 con las c\u00e9lulas familiares y que luego naci\u00f3 la inquietud y el [&hellip;]","og_url":"https:\/\/laprensacristiana.com\/?p=4046","og_site_name":"La Prensa Cristiana","article_published_time":"2018-06-11T19:39:16+00:00","article_modified_time":"2020-07-01T23:47:29+00:00","og_image":[{"width":1280,"height":851,"url":"https:\/\/laprensacristiana.com\/wp-content\/uploads\/2018\/06\/WhatsApp-Image-2018-06-11-at-1.23.37-PM-2.jpeg","type":"image\/jpeg"}],"author":"EDITOR","twitter_card":"summary_large_image","twitter_misc":{"Escrito por":"EDITOR","Tiempo de lectura":"2 minutos"},"schema":{"@context":"https:\/\/schema.org","@graph":[{"@type":"WebPage","@id":"https:\/\/laprensacristiana.com\/?p=4046","url":"https:\/\/laprensacristiana.com\/?p=4046","name":"D\u00e9cimo tercer aniversario de Iglesia Elim El Progreso - La Prensa Cristiana","isPartOf":{"@id":"https:\/\/laprensacristiana.com\/#website"},"datePublished":"2018-06-11T19:39:16+00:00","dateModified":"2020-07-01T23:47:29+00:00","author":{"@id":"https:\/\/laprensacristiana.com\/#\/schema\/person\/3e7d82c6bfd6b1fa67010f8f7cd5256e"},"breadcrumb":{"@id":"https:\/\/laprensacristiana.com\/?p=4046#breadcrumb"},"inLanguage":"es","potentialAction":[{"@type":"ReadAction","target":["https:\/\/laprensacristiana.com\/?p=4046"]}]},{"@type":"BreadcrumbList","@id":"https:\/\/laprensacristiana.com\/?p=4046#breadcrumb","itemListElement":[{"@type":"ListItem","position":1,"name":"Portada","item":"https:\/\/laprensacristiana.com\/"},{"@type":"ListItem","position":2,"name":"D\u00e9cimo tercer aniversario de Iglesia Elim El Progreso"}]},{"@type":"WebSite","@id":"https:\/\/laprensacristiana.com\/#website","url":"https:\/\/laprensacristiana.com\/","name":"La Prensa Cristiana","description":"Anunciando Las Buenas Nuevas","potentialAction":[{"@type":"SearchAction","target":{"@type":"EntryPoint","urlTemplate":"https:\/\/laprensacristiana.com\/?s={search_term_string}"},"query-input":"required name=search_term_string"}],"inLanguage":"es"},{"@type":"Person","@id":"https:\/\/laprensacristiana.com\/#\/schema\/person\/3e7d82c6bfd6b1fa67010f8f7cd5256e","name":"EDITOR","image":{"@type":"ImageObject","inLanguage":"es","@id":"https:\/\/laprensacristiana.com\/#\/schema\/person\/image\/","url":"https:\/\/secure.gravatar.com\/avatar\/72069dfb6c13772d9e8381e3638666d2?s=96&d=mm&r=g","contentUrl":"https:\/\/secure.gravatar.com\/avatar\/72069dfb6c13772d9e8381e3638666d2?s=96&d=mm&r=g","caption":"EDITOR"},"url":"https:\/\/laprensacristiana.com\/?author=3"}]}},"_links":{"self":[{"href":"https:\/\/laprensacristiana.com\/index.php?rest_route=\/wp\/v2\/posts\/4046"}],"collection":[{"href":"https:\/\/laprensacristiana.com\/index.php?rest_route=\/wp\/v2\/posts"}],"about":[{"href":"https:\/\/laprensacristiana.com\/index.php?rest_route=\/wp\/v2\/types\/post"}],"author":[{"embeddable":true,"href":"https:\/\/laprensacristiana.com\/index.php?rest_route=\/wp\/v2\/users\/3"}],"replies":[{"embeddable":true,"href":"https:\/\/laprensacristiana.com\/index.php?rest_route=%2Fwp%2Fv2%2Fcomments&post=4046"}],"version-history":[{"count":3,"href":"https:\/\/laprensacristiana.com\/index.php?rest_route=\/wp\/v2\/posts\/4046\/revisions"}],"predecessor-version":[{"id":4060,"href":"https:\/\/laprensacristiana.com\/index.php?rest_route=\/wp\/v2\/posts\/4046\/revisions\/4060"}],"wp:featuredmedia":[{"embeddable":true,"href":"https:\/\/laprensacristiana.com\/index.php?rest_route=\/wp\/v2\/media\/4047"}],"wp:attachment":[{"href":"https:\/\/laprensacristiana.com\/index.php?rest_route=%2Fwp%2Fv2%2Fmedia&parent=4046"}],"wp:term":[{"taxonomy":"category","embeddable":true,"href":"https:\/\/laprensacristiana.com\/index.php?rest_route=%2Fwp%2Fv2%2Fcategories&post=4046"},{"taxonomy":"post_tag","embeddable":true,"href":"https:\/\/laprensacristiana.com\/index.php?rest_route=%2Fwp%2Fv2%2Ftags&post=4046"}],"curies":[{"name":"wp","href":"https:\/\/api.w.org\/{rel}","templated":true}]}}