{"id":4053,"date":"2018-06-12T02:27:09","date_gmt":"2018-06-12T02:27:09","guid":{"rendered":"https:\/\/laprensacristiana.com\/?p=4053"},"modified":"2020-07-01T23:46:49","modified_gmt":"2020-07-01T23:46:49","slug":"congreso-revolucion-conectando-con-tu-mision","status":"publish","type":"post","link":"https:\/\/laprensacristiana.com\/?p=4053","title":{"rendered":"Congreso Revoluci\u00f3n, conectando con tu misi\u00f3n"},"content":{"rendered":"<p><strong>Por: Erika Menjivar<\/strong><\/p>\n<p>Al evento se hicieron parte el pastor Carlos Navas, Rosario de Navas, Rob Harryman y Alex Navas. Tuvo lugar en el Centro de Ferias y Convenciones (CIFCO), se desarrollaron dramas, plenarias, adoraci\u00f3n y ministraci\u00f3n.<\/p>\n<p>Este s\u00e1bado 9 de junio se desarroll\u00f3 el tan esperado Congreso Revoluci\u00f3n, que tuvo como prop\u00f3sito impulsar a todos los j\u00f3venes a ser luz a todas partes en las que se desarrollen; trabaja, centro de estudio, familia y m\u00e1s.<\/p>\n<p>La apertura de la actividad estuvo a cargo de un espacio musical, donde se pudo\u00a0 clamar por la juventud, previo al mensaje que ten\u00edan preparado los invitados al Congreso.<\/p>\n<p><img decoding=\"async\" loading=\"lazy\" class=\"alignnone size-full wp-image-4054\" src=\"https:\/\/laprensacristiana.com\/wp-content\/uploads\/2018\/06\/100_3490.jpg\" alt=\"\" width=\"3664\" height=\"2748\" \/><\/p>\n<p>En la plenaria dirigida por la pastora Rosario de Navas, mencionaba como se puede ser luz en medio de tanta oscuridad y hacia la reflexi\u00f3n de que el llamado es claro, a no desmayar y siempre buscar el bien, a pesar de que el pecado quiera opacar la luz que Dios ha puesto en cada ser, \u201ctienes toda la autoridad de reprender toda obra del infierno, tu autoridad radica en la cruz\u201d, expres\u00f3 la pastora de Navas.<\/p>\n<p>Adem\u00e1s, hubo una plenaria que estuvo a cargo de Rob Harryman, donde habl\u00f3 sobre la importancia de ser diferentes y comparti\u00f3 sus experiencias con los j\u00f3venes que se hicieron presente al evento, esto para concientizar que hacer el cambio no es f\u00e1cil, pero es posible. \u201cDios est\u00e1 buscando gente que busque lugares altos para derribarlos\u201d, a\u00f1adi\u00f3 Harryman.<\/p>\n<p>El Congreso finaliz\u00f3 con una ministraci\u00f3n a trav\u00e9s de la m\u00fasica de Alex Navas, quien pudo transmitir por medio de su talento el amor de Dios para todas las vidas que se hicieron presentes.<\/p>\n<p>&nbsp;<\/p>\n","protected":false},"excerpt":{"rendered":"<p>Por: Erika Menjivar Al evento se hicieron parte el pastor Carlos Navas, Rosario de Navas, Rob Harryman y Alex Navas. Tuvo lugar en el Centro de Ferias y Convenciones (CIFCO), se desarrollaron dramas, plenarias, adoraci\u00f3n y ministraci\u00f3n. Este s\u00e1bado 9 de junio se desarroll\u00f3 el tan esperado Congreso Revoluci\u00f3n, que tuvo como prop\u00f3sito impulsar a [&hellip;]<\/p>\n","protected":false},"author":3,"featured_media":4057,"comment_status":"open","ping_status":"open","sticky":false,"template":"","format":"standard","meta":[],"categories":[56],"tags":[],"yoast_head":"<!-- This site is optimized with the Yoast SEO plugin v20.8 - https:\/\/yoast.com\/wordpress\/plugins\/seo\/ -->\n<title>Congreso Revoluci\u00f3n, conectando con tu misi\u00f3n - La Prensa Cristiana<\/title>\n<meta name=\"robots\" content=\"index, follow, max-snippet:-1, max-image-preview:large, max-video-preview:-1\" \/>\n<link rel=\"canonical\" href=\"https:\/\/laprensacristiana.com\/?p=4053\" \/>\n<meta property=\"og:locale\" content=\"es_ES\" \/>\n<meta property=\"og:type\" content=\"article\" \/>\n<meta property=\"og:title\" content=\"Congreso Revoluci\u00f3n, conectando con tu misi\u00f3n - La Prensa Cristiana\" \/>\n<meta property=\"og:description\" content=\"Por: Erika Menjivar Al evento se hicieron parte el pastor Carlos Navas, Rosario de Navas, Rob Harryman y Alex Navas. Tuvo lugar en el Centro de Ferias y Convenciones (CIFCO), se desarrollaron dramas, plenarias, adoraci\u00f3n y ministraci\u00f3n. Este s\u00e1bado 9 de junio se desarroll\u00f3 el tan esperado Congreso Revoluci\u00f3n, que tuvo como prop\u00f3sito impulsar a [&hellip;]\" \/>\n<meta property=\"og:url\" content=\"https:\/\/laprensacristiana.com\/?p=4053\" \/>\n<meta property=\"og:site_name\" content=\"La Prensa Cristiana\" \/>\n<meta property=\"article:published_time\" content=\"2018-06-12T02:27:09+00:00\" \/>\n<meta property=\"article:modified_time\" content=\"2020-07-01T23:46:49+00:00\" \/>\n<meta property=\"og:image\" content=\"https:\/\/laprensacristiana.com\/wp-content\/uploads\/2018\/06\/100_3477-1-scaled.jpg\" \/>\n\t<meta property=\"og:image:width\" content=\"2560\" \/>\n\t<meta property=\"og:image:height\" content=\"1920\" \/>\n\t<meta property=\"og:image:type\" content=\"image\/jpeg\" \/>\n<meta name=\"author\" content=\"EDITOR\" \/>\n<meta name=\"twitter:card\" content=\"summary_large_image\" \/>\n<meta name=\"twitter:label1\" content=\"Escrito por\" \/>\n\t<meta name=\"twitter:data1\" content=\"EDITOR\" \/>\n\t<meta name=\"twitter:label2\" content=\"Tiempo de lectura\" \/>\n\t<meta name=\"twitter:data2\" content=\"1 minuto\" \/>\n<script type=\"application\/ld+json\" class=\"yoast-schema-graph\">{\"@context\":\"https:\/\/schema.org\",\"@graph\":[{\"@type\":\"WebPage\",\"@id\":\"https:\/\/laprensacristiana.com\/?p=4053\",\"url\":\"https:\/\/laprensacristiana.com\/?p=4053\",\"name\":\"Congreso Revoluci\u00f3n, conectando con tu misi\u00f3n - La Prensa Cristiana\",\"isPartOf\":{\"@id\":\"https:\/\/laprensacristiana.com\/#website\"},\"datePublished\":\"2018-06-12T02:27:09+00:00\",\"dateModified\":\"2020-07-01T23:46:49+00:00\",\"author\":{\"@id\":\"https:\/\/laprensacristiana.com\/#\/schema\/person\/3e7d82c6bfd6b1fa67010f8f7cd5256e\"},\"breadcrumb\":{\"@id\":\"https:\/\/laprensacristiana.com\/?p=4053#breadcrumb\"},\"inLanguage\":\"es\",\"potentialAction\":[{\"@type\":\"ReadAction\",\"target\":[\"https:\/\/laprensacristiana.com\/?p=4053\"]}]},{\"@type\":\"BreadcrumbList\",\"@id\":\"https:\/\/laprensacristiana.com\/?p=4053#breadcrumb\",\"itemListElement\":[{\"@type\":\"ListItem\",\"position\":1,\"name\":\"Portada\",\"item\":\"https:\/\/laprensacristiana.com\/\"},{\"@type\":\"ListItem\",\"position\":2,\"name\":\"Congreso Revoluci\u00f3n, conectando con tu misi\u00f3n\"}]},{\"@type\":\"WebSite\",\"@id\":\"https:\/\/laprensacristiana.com\/#website\",\"url\":\"https:\/\/laprensacristiana.com\/\",\"name\":\"La Prensa Cristiana\",\"description\":\"Anunciando Las Buenas Nuevas\",\"potentialAction\":[{\"@type\":\"SearchAction\",\"target\":{\"@type\":\"EntryPoint\",\"urlTemplate\":\"https:\/\/laprensacristiana.com\/?s={search_term_string}\"},\"query-input\":\"required name=search_term_string\"}],\"inLanguage\":\"es\"},{\"@type\":\"Person\",\"@id\":\"https:\/\/laprensacristiana.com\/#\/schema\/person\/3e7d82c6bfd6b1fa67010f8f7cd5256e\",\"name\":\"EDITOR\",\"image\":{\"@type\":\"ImageObject\",\"inLanguage\":\"es\",\"@id\":\"https:\/\/laprensacristiana.com\/#\/schema\/person\/image\/\",\"url\":\"https:\/\/secure.gravatar.com\/avatar\/72069dfb6c13772d9e8381e3638666d2?s=96&d=mm&r=g\",\"contentUrl\":\"https:\/\/secure.gravatar.com\/avatar\/72069dfb6c13772d9e8381e3638666d2?s=96&d=mm&r=g\",\"caption\":\"EDITOR\"},\"url\":\"https:\/\/laprensacristiana.com\/?author=3\"}]}<\/script>\n<!-- \/ Yoast SEO plugin. -->","yoast_head_json":{"title":"Congreso Revoluci\u00f3n, conectando con tu misi\u00f3n - La Prensa Cristiana","robots":{"index":"index","follow":"follow","max-snippet":"max-snippet:-1","max-image-preview":"max-image-preview:large","max-video-preview":"max-video-preview:-1"},"canonical":"https:\/\/laprensacristiana.com\/?p=4053","og_locale":"es_ES","og_type":"article","og_title":"Congreso Revoluci\u00f3n, conectando con tu misi\u00f3n - La Prensa Cristiana","og_description":"Por: Erika Menjivar Al evento se hicieron parte el pastor Carlos Navas, Rosario de Navas, Rob Harryman y Alex Navas. Tuvo lugar en el Centro de Ferias y Convenciones (CIFCO), se desarrollaron dramas, plenarias, adoraci\u00f3n y ministraci\u00f3n. Este s\u00e1bado 9 de junio se desarroll\u00f3 el tan esperado Congreso Revoluci\u00f3n, que tuvo como prop\u00f3sito impulsar a [&hellip;]","og_url":"https:\/\/laprensacristiana.com\/?p=4053","og_site_name":"La Prensa Cristiana","article_published_time":"2018-06-12T02:27:09+00:00","article_modified_time":"2020-07-01T23:46:49+00:00","og_image":[{"width":2560,"height":1920,"url":"https:\/\/laprensacristiana.com\/wp-content\/uploads\/2018\/06\/100_3477-1-scaled.jpg","type":"image\/jpeg"}],"author":"EDITOR","twitter_card":"summary_large_image","twitter_misc":{"Escrito por":"EDITOR","Tiempo de lectura":"1 minuto"},"schema":{"@context":"https:\/\/schema.org","@graph":[{"@type":"WebPage","@id":"https:\/\/laprensacristiana.com\/?p=4053","url":"https:\/\/laprensacristiana.com\/?p=4053","name":"Congreso Revoluci\u00f3n, conectando con tu misi\u00f3n - La Prensa Cristiana","isPartOf":{"@id":"https:\/\/laprensacristiana.com\/#website"},"datePublished":"2018-06-12T02:27:09+00:00","dateModified":"2020-07-01T23:46:49+00:00","author":{"@id":"https:\/\/laprensacristiana.com\/#\/schema\/person\/3e7d82c6bfd6b1fa67010f8f7cd5256e"},"breadcrumb":{"@id":"https:\/\/laprensacristiana.com\/?p=4053#breadcrumb"},"inLanguage":"es","potentialAction":[{"@type":"ReadAction","target":["https:\/\/laprensacristiana.com\/?p=4053"]}]},{"@type":"BreadcrumbList","@id":"https:\/\/laprensacristiana.com\/?p=4053#breadcrumb","itemListElement":[{"@type":"ListItem","position":1,"name":"Portada","item":"https:\/\/laprensacristiana.com\/"},{"@type":"ListItem","position":2,"name":"Congreso Revoluci\u00f3n, conectando con tu misi\u00f3n"}]},{"@type":"WebSite","@id":"https:\/\/laprensacristiana.com\/#website","url":"https:\/\/laprensacristiana.com\/","name":"La Prensa Cristiana","description":"Anunciando Las Buenas Nuevas","potentialAction":[{"@type":"SearchAction","target":{"@type":"EntryPoint","urlTemplate":"https:\/\/laprensacristiana.com\/?s={search_term_string}"},"query-input":"required name=search_term_string"}],"inLanguage":"es"},{"@type":"Person","@id":"https:\/\/laprensacristiana.com\/#\/schema\/person\/3e7d82c6bfd6b1fa67010f8f7cd5256e","name":"EDITOR","image":{"@type":"ImageObject","inLanguage":"es","@id":"https:\/\/laprensacristiana.com\/#\/schema\/person\/image\/","url":"https:\/\/secure.gravatar.com\/avatar\/72069dfb6c13772d9e8381e3638666d2?s=96&d=mm&r=g","contentUrl":"https:\/\/secure.gravatar.com\/avatar\/72069dfb6c13772d9e8381e3638666d2?s=96&d=mm&r=g","caption":"EDITOR"},"url":"https:\/\/laprensacristiana.com\/?author=3"}]}},"_links":{"self":[{"href":"https:\/\/laprensacristiana.com\/index.php?rest_route=\/wp\/v2\/posts\/4053"}],"collection":[{"href":"https:\/\/laprensacristiana.com\/index.php?rest_route=\/wp\/v2\/posts"}],"about":[{"href":"https:\/\/laprensacristiana.com\/index.php?rest_route=\/wp\/v2\/types\/post"}],"author":[{"embeddable":true,"href":"https:\/\/laprensacristiana.com\/index.php?rest_route=\/wp\/v2\/users\/3"}],"replies":[{"embeddable":true,"href":"https:\/\/laprensacristiana.com\/index.php?rest_route=%2Fwp%2Fv2%2Fcomments&post=4053"}],"version-history":[{"count":1,"href":"https:\/\/laprensacristiana.com\/index.php?rest_route=\/wp\/v2\/posts\/4053\/revisions"}],"predecessor-version":[{"id":4058,"href":"https:\/\/laprensacristiana.com\/index.php?rest_route=\/wp\/v2\/posts\/4053\/revisions\/4058"}],"wp:featuredmedia":[{"embeddable":true,"href":"https:\/\/laprensacristiana.com\/index.php?rest_route=\/wp\/v2\/media\/4057"}],"wp:attachment":[{"href":"https:\/\/laprensacristiana.com\/index.php?rest_route=%2Fwp%2Fv2%2Fmedia&parent=4053"}],"wp:term":[{"taxonomy":"category","embeddable":true,"href":"https:\/\/laprensacristiana.com\/index.php?rest_route=%2Fwp%2Fv2%2Fcategories&post=4053"},{"taxonomy":"post_tag","embeddable":true,"href":"https:\/\/laprensacristiana.com\/index.php?rest_route=%2Fwp%2Fv2%2Ftags&post=4053"}],"curies":[{"name":"wp","href":"https:\/\/api.w.org\/{rel}","templated":true}]}}