{"id":4065,"date":"2018-06-14T21:46:22","date_gmt":"2018-06-14T21:46:22","guid":{"rendered":"https:\/\/laprensacristiana.com\/?p=4065"},"modified":"2020-07-01T23:46:37","modified_gmt":"2020-07-01T23:46:37","slug":"se-desarrolla-un-foro-con-tema-de-salud-y-educacion-para-adolescentes","status":"publish","type":"post","link":"https:\/\/laprensacristiana.com\/?p=4065","title":{"rendered":"Desarrollan foro de salud y educaci\u00f3n para adolescentes"},"content":{"rendered":"<p><strong>Por: Erika Menjivar<\/strong><\/p>\n<p>Este jueves 14 de junio, se llev\u00f3 a cabo este foro por parte de la Secretaria de Asuntos Espirituales a trav\u00e9s de la Escuela de Postgrados, dirigido a pastores y l\u00edderes de iglesias.<\/p>\n<p>El foro, con el tema: La Salud y Educaci\u00f3n de las Ni\u00f1as y Adolescentes Salvadore\u00f1as como Elementos para el Desarrollo del Pa\u00eds, fue impartido por Hugo Gonz\u00e1lez, representante de Fondo de Poblaci\u00f3n de Naciones Unidas.<\/p>\n<p><img decoding=\"async\" loading=\"lazy\" class=\"alignnone size-full wp-image-4067\" src=\"https:\/\/laprensacristiana.com\/wp-content\/uploads\/2018\/06\/WhatsApp-Image-2018-06-14-at-3.39.38-PM-2.jpeg\" alt=\"\" width=\"1280\" height=\"851\" srcset=\"https:\/\/laprensacristiana.com\/wp-content\/uploads\/2018\/06\/WhatsApp-Image-2018-06-14-at-3.39.38-PM-2.jpeg 1280w, https:\/\/laprensacristiana.com\/wp-content\/uploads\/2018\/06\/WhatsApp-Image-2018-06-14-at-3.39.38-PM-2-600x399.jpeg 600w, https:\/\/laprensacristiana.com\/wp-content\/uploads\/2018\/06\/WhatsApp-Image-2018-06-14-at-3.39.38-PM-2-300x199.jpeg 300w, https:\/\/laprensacristiana.com\/wp-content\/uploads\/2018\/06\/WhatsApp-Image-2018-06-14-at-3.39.38-PM-2-768x511.jpeg 768w, https:\/\/laprensacristiana.com\/wp-content\/uploads\/2018\/06\/WhatsApp-Image-2018-06-14-at-3.39.38-PM-2-1024x681.jpeg 1024w, https:\/\/laprensacristiana.com\/wp-content\/uploads\/2018\/06\/WhatsApp-Image-2018-06-14-at-3.39.38-PM-2-696x463.jpeg 696w, https:\/\/laprensacristiana.com\/wp-content\/uploads\/2018\/06\/WhatsApp-Image-2018-06-14-at-3.39.38-PM-2-1068x710.jpeg 1068w, https:\/\/laprensacristiana.com\/wp-content\/uploads\/2018\/06\/WhatsApp-Image-2018-06-14-at-3.39.38-PM-2-632x420.jpeg 632w\" sizes=\"(max-width: 1280px) 100vw, 1280px\" \/><\/p>\n<p>Rolando P\u00e9rez, como parte del equipo de organizaci\u00f3n del evento, expresa que: \u201cEl evento tiene que ver con el embarazo prematuro de las adolescentes y los efectos que estos tienen en relaci\u00f3n a los aspectos sicol\u00f3gicos, emocionales y econ\u00f3micos. A pesar de que la Biblia lo menciona muy poco lo tocamos como l\u00edderes, como pastores, y en ese sentido no le damos la importancia al tema, porque nos interesamos en otros temas que sostienen a la Iglesia\u201d. A\u00f1adi\u00f3.<\/p>\n<p>El foro, adem\u00e1s de las ponencias de expertos en el tema, tuvo un espacio para talleres con el fin de llevar a la pr\u00e1ctica lo aprendido en el desarrollo del evento.<\/p>\n<p>Por su parte, Hugo Gonz\u00e1lez, explic\u00f3 a los invitados a la actividad los datos estad\u00edsticos y descriptivos sobre la situaci\u00f3n de adolescentes con embarazos prematuros en el pa\u00eds, los efectos y causas a lo que se debe esta problem\u00e1tica. Dice que, esta situaci\u00f3n afecta tanto la vida de la se\u00f1orita embarazada, como la de su familia y la del Estado, puesto que esto implica m\u00e1s inversi\u00f3n econ\u00f3mica.<\/p>\n<p>\u201cAl experimentar la maternidad de manera temprana, uno de los efectos primarios que sucede es la deserci\u00f3n escolar y como consecuencia de ello entran a un ciclo de pobreza, de dependencia y de violencia\u201d, coment\u00f3 Gonz\u00e1lez. Adem\u00e1s, comparte que, el promedio de estudio que estas se\u00f1oritas tienen es de 3er a 5to grado de primaria.<\/p>\n<p><img decoding=\"async\" loading=\"lazy\" class=\"alignnone size-full wp-image-4068\" src=\"https:\/\/laprensacristiana.com\/wp-content\/uploads\/2018\/06\/WhatsApp-Image-2018-06-14-at-3.39.38-PM-1.jpeg\" alt=\"WhatsApp Image 2018-06-14 at 3.39.38 PM (1)\" width=\"1280\" height=\"851\" srcset=\"https:\/\/laprensacristiana.com\/wp-content\/uploads\/2018\/06\/WhatsApp-Image-2018-06-14-at-3.39.38-PM-1.jpeg 1280w, https:\/\/laprensacristiana.com\/wp-content\/uploads\/2018\/06\/WhatsApp-Image-2018-06-14-at-3.39.38-PM-1-600x399.jpeg 600w, https:\/\/laprensacristiana.com\/wp-content\/uploads\/2018\/06\/WhatsApp-Image-2018-06-14-at-3.39.38-PM-1-300x199.jpeg 300w, https:\/\/laprensacristiana.com\/wp-content\/uploads\/2018\/06\/WhatsApp-Image-2018-06-14-at-3.39.38-PM-1-768x511.jpeg 768w, https:\/\/laprensacristiana.com\/wp-content\/uploads\/2018\/06\/WhatsApp-Image-2018-06-14-at-3.39.38-PM-1-1024x681.jpeg 1024w, https:\/\/laprensacristiana.com\/wp-content\/uploads\/2018\/06\/WhatsApp-Image-2018-06-14-at-3.39.38-PM-1-696x463.jpeg 696w, https:\/\/laprensacristiana.com\/wp-content\/uploads\/2018\/06\/WhatsApp-Image-2018-06-14-at-3.39.38-PM-1-1068x710.jpeg 1068w, https:\/\/laprensacristiana.com\/wp-content\/uploads\/2018\/06\/WhatsApp-Image-2018-06-14-at-3.39.38-PM-1-632x420.jpeg 632w\" sizes=\"(max-width: 1280px) 100vw, 1280px\" \/><\/p>\n<p>Es importante destacar, que a este foro fueron invitados pastores y l\u00edderes de iglesias, seg\u00fan el hrno. P\u00e9rez, para que se implementen m\u00e1s actividades como esta para contribuir con la erradicaci\u00f3n de esta situaci\u00f3n, \u201cEsperamos que todos los pastores y l\u00edderes que han venido a este evento puedan ser promotores de estas ideas que estamos tratando ahora\u201d, expres\u00f3.<\/p>\n<p>&nbsp;<\/p>\n<p>&nbsp;<\/p>\n","protected":false},"excerpt":{"rendered":"<p>Por: Erika Menjivar Este jueves 14 de junio, se llev\u00f3 a cabo este foro por parte de la Secretaria de Asuntos Espirituales a trav\u00e9s de la Escuela de Postgrados, dirigido a pastores y l\u00edderes de iglesias. El foro, con el tema: La Salud y Educaci\u00f3n de las Ni\u00f1as y Adolescentes Salvadore\u00f1as como Elementos para el [&hellip;]<\/p>\n","protected":false},"author":3,"featured_media":4066,"comment_status":"open","ping_status":"open","sticky":false,"template":"","format":"standard","meta":[],"categories":[56],"tags":[],"yoast_head":"<!-- This site is optimized with the Yoast SEO plugin v20.8 - https:\/\/yoast.com\/wordpress\/plugins\/seo\/ -->\n<title>Desarrollan foro de salud y educaci\u00f3n para adolescentes - La Prensa Cristiana<\/title>\n<meta name=\"robots\" content=\"index, follow, max-snippet:-1, max-image-preview:large, max-video-preview:-1\" \/>\n<link rel=\"canonical\" href=\"https:\/\/laprensacristiana.com\/?p=4065\" \/>\n<meta property=\"og:locale\" content=\"es_ES\" \/>\n<meta property=\"og:type\" content=\"article\" \/>\n<meta property=\"og:title\" content=\"Desarrollan foro de salud y educaci\u00f3n para adolescentes - La Prensa Cristiana\" \/>\n<meta property=\"og:description\" content=\"Por: Erika Menjivar Este jueves 14 de junio, se llev\u00f3 a cabo este foro por parte de la Secretaria de Asuntos Espirituales a trav\u00e9s de la Escuela de Postgrados, dirigido a pastores y l\u00edderes de iglesias. El foro, con el tema: La Salud y Educaci\u00f3n de las Ni\u00f1as y Adolescentes Salvadore\u00f1as como Elementos para el [&hellip;]\" \/>\n<meta property=\"og:url\" content=\"https:\/\/laprensacristiana.com\/?p=4065\" \/>\n<meta property=\"og:site_name\" content=\"La Prensa Cristiana\" \/>\n<meta property=\"article:published_time\" content=\"2018-06-14T21:46:22+00:00\" \/>\n<meta property=\"article:modified_time\" content=\"2020-07-01T23:46:37+00:00\" \/>\n<meta property=\"og:image\" content=\"https:\/\/laprensacristiana.com\/wp-content\/uploads\/2018\/06\/WhatsApp-Image-2018-06-14-at-3.39.38-PM.jpeg\" \/>\n\t<meta property=\"og:image:width\" content=\"1280\" \/>\n\t<meta property=\"og:image:height\" content=\"851\" \/>\n\t<meta property=\"og:image:type\" content=\"image\/jpeg\" \/>\n<meta name=\"author\" content=\"EDITOR\" \/>\n<meta name=\"twitter:card\" content=\"summary_large_image\" \/>\n<meta name=\"twitter:label1\" content=\"Escrito por\" \/>\n\t<meta name=\"twitter:data1\" content=\"EDITOR\" \/>\n\t<meta name=\"twitter:label2\" content=\"Tiempo de lectura\" \/>\n\t<meta name=\"twitter:data2\" content=\"2 minutos\" \/>\n<script type=\"application\/ld+json\" class=\"yoast-schema-graph\">{\"@context\":\"https:\/\/schema.org\",\"@graph\":[{\"@type\":\"WebPage\",\"@id\":\"https:\/\/laprensacristiana.com\/?p=4065\",\"url\":\"https:\/\/laprensacristiana.com\/?p=4065\",\"name\":\"Desarrollan foro de salud y educaci\u00f3n para adolescentes - La Prensa Cristiana\",\"isPartOf\":{\"@id\":\"https:\/\/laprensacristiana.com\/#website\"},\"datePublished\":\"2018-06-14T21:46:22+00:00\",\"dateModified\":\"2020-07-01T23:46:37+00:00\",\"author\":{\"@id\":\"https:\/\/laprensacristiana.com\/#\/schema\/person\/3e7d82c6bfd6b1fa67010f8f7cd5256e\"},\"breadcrumb\":{\"@id\":\"https:\/\/laprensacristiana.com\/?p=4065#breadcrumb\"},\"inLanguage\":\"es\",\"potentialAction\":[{\"@type\":\"ReadAction\",\"target\":[\"https:\/\/laprensacristiana.com\/?p=4065\"]}]},{\"@type\":\"BreadcrumbList\",\"@id\":\"https:\/\/laprensacristiana.com\/?p=4065#breadcrumb\",\"itemListElement\":[{\"@type\":\"ListItem\",\"position\":1,\"name\":\"Portada\",\"item\":\"https:\/\/laprensacristiana.com\/\"},{\"@type\":\"ListItem\",\"position\":2,\"name\":\"Desarrollan foro de salud y educaci\u00f3n para adolescentes\"}]},{\"@type\":\"WebSite\",\"@id\":\"https:\/\/laprensacristiana.com\/#website\",\"url\":\"https:\/\/laprensacristiana.com\/\",\"name\":\"La Prensa Cristiana\",\"description\":\"Anunciando Las Buenas Nuevas\",\"potentialAction\":[{\"@type\":\"SearchAction\",\"target\":{\"@type\":\"EntryPoint\",\"urlTemplate\":\"https:\/\/laprensacristiana.com\/?s={search_term_string}\"},\"query-input\":\"required name=search_term_string\"}],\"inLanguage\":\"es\"},{\"@type\":\"Person\",\"@id\":\"https:\/\/laprensacristiana.com\/#\/schema\/person\/3e7d82c6bfd6b1fa67010f8f7cd5256e\",\"name\":\"EDITOR\",\"image\":{\"@type\":\"ImageObject\",\"inLanguage\":\"es\",\"@id\":\"https:\/\/laprensacristiana.com\/#\/schema\/person\/image\/\",\"url\":\"https:\/\/secure.gravatar.com\/avatar\/72069dfb6c13772d9e8381e3638666d2?s=96&d=mm&r=g\",\"contentUrl\":\"https:\/\/secure.gravatar.com\/avatar\/72069dfb6c13772d9e8381e3638666d2?s=96&d=mm&r=g\",\"caption\":\"EDITOR\"},\"url\":\"https:\/\/laprensacristiana.com\/?author=3\"}]}<\/script>\n<!-- \/ Yoast SEO plugin. -->","yoast_head_json":{"title":"Desarrollan foro de salud y educaci\u00f3n para adolescentes - La Prensa Cristiana","robots":{"index":"index","follow":"follow","max-snippet":"max-snippet:-1","max-image-preview":"max-image-preview:large","max-video-preview":"max-video-preview:-1"},"canonical":"https:\/\/laprensacristiana.com\/?p=4065","og_locale":"es_ES","og_type":"article","og_title":"Desarrollan foro de salud y educaci\u00f3n para adolescentes - La Prensa Cristiana","og_description":"Por: Erika Menjivar Este jueves 14 de junio, se llev\u00f3 a cabo este foro por parte de la Secretaria de Asuntos Espirituales a trav\u00e9s de la Escuela de Postgrados, dirigido a pastores y l\u00edderes de iglesias. El foro, con el tema: La Salud y Educaci\u00f3n de las Ni\u00f1as y Adolescentes Salvadore\u00f1as como Elementos para el [&hellip;]","og_url":"https:\/\/laprensacristiana.com\/?p=4065","og_site_name":"La Prensa Cristiana","article_published_time":"2018-06-14T21:46:22+00:00","article_modified_time":"2020-07-01T23:46:37+00:00","og_image":[{"width":1280,"height":851,"url":"https:\/\/laprensacristiana.com\/wp-content\/uploads\/2018\/06\/WhatsApp-Image-2018-06-14-at-3.39.38-PM.jpeg","type":"image\/jpeg"}],"author":"EDITOR","twitter_card":"summary_large_image","twitter_misc":{"Escrito por":"EDITOR","Tiempo de lectura":"2 minutos"},"schema":{"@context":"https:\/\/schema.org","@graph":[{"@type":"WebPage","@id":"https:\/\/laprensacristiana.com\/?p=4065","url":"https:\/\/laprensacristiana.com\/?p=4065","name":"Desarrollan foro de salud y educaci\u00f3n para adolescentes - La Prensa Cristiana","isPartOf":{"@id":"https:\/\/laprensacristiana.com\/#website"},"datePublished":"2018-06-14T21:46:22+00:00","dateModified":"2020-07-01T23:46:37+00:00","author":{"@id":"https:\/\/laprensacristiana.com\/#\/schema\/person\/3e7d82c6bfd6b1fa67010f8f7cd5256e"},"breadcrumb":{"@id":"https:\/\/laprensacristiana.com\/?p=4065#breadcrumb"},"inLanguage":"es","potentialAction":[{"@type":"ReadAction","target":["https:\/\/laprensacristiana.com\/?p=4065"]}]},{"@type":"BreadcrumbList","@id":"https:\/\/laprensacristiana.com\/?p=4065#breadcrumb","itemListElement":[{"@type":"ListItem","position":1,"name":"Portada","item":"https:\/\/laprensacristiana.com\/"},{"@type":"ListItem","position":2,"name":"Desarrollan foro de salud y educaci\u00f3n para adolescentes"}]},{"@type":"WebSite","@id":"https:\/\/laprensacristiana.com\/#website","url":"https:\/\/laprensacristiana.com\/","name":"La Prensa Cristiana","description":"Anunciando Las Buenas Nuevas","potentialAction":[{"@type":"SearchAction","target":{"@type":"EntryPoint","urlTemplate":"https:\/\/laprensacristiana.com\/?s={search_term_string}"},"query-input":"required name=search_term_string"}],"inLanguage":"es"},{"@type":"Person","@id":"https:\/\/laprensacristiana.com\/#\/schema\/person\/3e7d82c6bfd6b1fa67010f8f7cd5256e","name":"EDITOR","image":{"@type":"ImageObject","inLanguage":"es","@id":"https:\/\/laprensacristiana.com\/#\/schema\/person\/image\/","url":"https:\/\/secure.gravatar.com\/avatar\/72069dfb6c13772d9e8381e3638666d2?s=96&d=mm&r=g","contentUrl":"https:\/\/secure.gravatar.com\/avatar\/72069dfb6c13772d9e8381e3638666d2?s=96&d=mm&r=g","caption":"EDITOR"},"url":"https:\/\/laprensacristiana.com\/?author=3"}]}},"_links":{"self":[{"href":"https:\/\/laprensacristiana.com\/index.php?rest_route=\/wp\/v2\/posts\/4065"}],"collection":[{"href":"https:\/\/laprensacristiana.com\/index.php?rest_route=\/wp\/v2\/posts"}],"about":[{"href":"https:\/\/laprensacristiana.com\/index.php?rest_route=\/wp\/v2\/types\/post"}],"author":[{"embeddable":true,"href":"https:\/\/laprensacristiana.com\/index.php?rest_route=\/wp\/v2\/users\/3"}],"replies":[{"embeddable":true,"href":"https:\/\/laprensacristiana.com\/index.php?rest_route=%2Fwp%2Fv2%2Fcomments&post=4065"}],"version-history":[{"count":6,"href":"https:\/\/laprensacristiana.com\/index.php?rest_route=\/wp\/v2\/posts\/4065\/revisions"}],"predecessor-version":[{"id":4074,"href":"https:\/\/laprensacristiana.com\/index.php?rest_route=\/wp\/v2\/posts\/4065\/revisions\/4074"}],"wp:featuredmedia":[{"embeddable":true,"href":"https:\/\/laprensacristiana.com\/index.php?rest_route=\/wp\/v2\/media\/4066"}],"wp:attachment":[{"href":"https:\/\/laprensacristiana.com\/index.php?rest_route=%2Fwp%2Fv2%2Fmedia&parent=4065"}],"wp:term":[{"taxonomy":"category","embeddable":true,"href":"https:\/\/laprensacristiana.com\/index.php?rest_route=%2Fwp%2Fv2%2Fcategories&post=4065"},{"taxonomy":"post_tag","embeddable":true,"href":"https:\/\/laprensacristiana.com\/index.php?rest_route=%2Fwp%2Fv2%2Ftags&post=4065"}],"curies":[{"name":"wp","href":"https:\/\/api.w.org\/{rel}","templated":true}]}}