{"id":4075,"date":"2018-06-15T17:53:51","date_gmt":"2018-06-15T17:53:51","guid":{"rendered":"https:\/\/laprensacristiana.com\/?p=4075"},"modified":"2020-07-01T23:45:58","modified_gmt":"2020-07-01T23:45:58","slug":"la-venezolana-helen-gutierrez-lanzo-el-videoclip-el-cielo-y-la-tierra","status":"publish","type":"post","link":"https:\/\/laprensacristiana.com\/?p=4075","title":{"rendered":"LA VENEZOLANA HELEN GUTI\u00c9RREZ LANZ\u00d3 EL VIDEOCLIP \u201cEL CIELO Y LA TIERRA\u201d"},"content":{"rendered":"<p>Por: BNJ MEDIOS<\/p>\n<p>La cantante Venezolana Helen Guti\u00e9rrez lanz\u00f3 el videoclip de El cielo y la tierra, esta canci\u00f3n trata de la creaci\u00f3n de Dios, resaltando la hermosa naturaleza que Dios cre\u00f3 para cada uno de nosotros, y todo lo que hay en el cielo y en la tierra, dejando un mensaje muy especial, ya que nosotros los seres humanos somos la mayor obra de arte que Dios cre\u00f3.<\/p>\n<p>Muchas veces escribimos canciones para Dios seg\u00fan nuestras emociones o circunstancias, pero en esta oportunidad yo solo quer\u00eda escribir de la gran obra de arte que \u00e9l hizo al crearnos, dejando en claro que \u00e9l es \u00fanico y mayor artista, por eso la letra de este tema va dedicado al poder de Dios y a su amor por nosotros. Comenta Helen.<\/p>\n<p>La autora de este tema es Helen Guti\u00e9rrez, producido por H\u00e9ctor G\u00f3mez, llegando a crear una Balada pop.<\/p>\n<p>El video fue grabado en dos provincias de Costa Rica, Heredia y Cartago, Francisco Chinchilla Productor Musical y audiovisual en Mastervid producciones fue quien estuvo a cargo de la grabaci\u00f3n y producci\u00f3n de este video.<\/p>\n<p>El video cuenta con dos locaciones, donde la interprete se encuentra junto a la banda musical, quiere resaltar la uni\u00f3n de m\u00fasicos y adoradores para exaltar a Dios y unirse a un cantico celestial, la otra locaci\u00f3n fue grabada en una monta\u00f1a, donde se puede observar y disfrutar de la hermosa naturaleza que tambi\u00e9n es creaci\u00f3n de Dios.<\/p>\n<p><img decoding=\"async\" loading=\"lazy\" class=\"alignnone size-full wp-image-4076\" src=\"https:\/\/laprensacristiana.com\/wp-content\/uploads\/2018\/06\/Helen-Guti\u00e9rrez.jpg\" alt=\"\" width=\"5184\" height=\"3456\" \/><\/p>\n<p>El mensaje que quieren dejar con este video es llevar a la reflexi\u00f3n de los seres humanos, dando a conocer a trav\u00e9s del video las dos grandes creaciones de Dios: La naturaleza (cielo, mar y tierra) y la humanidad, si a\u00fan la naturaleza lo adora, \u00bfporque no hacerlo nosotros?<\/p>\n<p>Helen Actualmente se encuentra promocionando su m\u00e1s reciente producci\u00f3n \u201cEl Cielo y la Tierra\u201d, deseando que su m\u00fasica llegue a muchos corazones, que esas letras que Dios le ha entregado puedan llevar a las personas a adorar a Dios en esp\u00edritu y verdad.<\/p>\n<p>Tambi\u00e9n quiere seguir sirviendo a Dios y ser parte de una generaci\u00f3n de j\u00f3venes emprendedores que han decidido marcar la diferencia y confiar en Dios.<\/p>\n<div class=\"youtube-embed\" data-video_id=\"ptFzlfRL6C4\"><iframe loading=\"lazy\" title=\"El cielo y la tierra videoclip Oficial - Helen Guti\u00e9rrez\" width=\"696\" height=\"392\" src=\"https:\/\/www.youtube.com\/embed\/ptFzlfRL6C4?feature=oembed&#038;enablejsapi=1\" frameborder=\"0\" allow=\"accelerometer; autoplay; encrypted-media; gyroscope; picture-in-picture\" allowfullscreen><\/iframe><\/div>\n","protected":false},"excerpt":{"rendered":"<p>Por: BNJ MEDIOS La cantante Venezolana Helen Guti\u00e9rrez lanz\u00f3 el videoclip de El cielo y la tierra, esta canci\u00f3n trata de la creaci\u00f3n de Dios, resaltando la hermosa naturaleza que Dios cre\u00f3 para cada uno de nosotros, y todo lo que hay en el cielo y en la tierra, dejando un mensaje muy especial, ya [&hellip;]<\/p>\n","protected":false},"author":3,"featured_media":4077,"comment_status":"open","ping_status":"open","sticky":false,"template":"","format":"standard","meta":[],"categories":[101],"tags":[],"yoast_head":"<!-- This site is optimized with the Yoast SEO plugin v20.8 - https:\/\/yoast.com\/wordpress\/plugins\/seo\/ -->\n<title>LA VENEZOLANA HELEN GUTI\u00c9RREZ LANZ\u00d3 EL VIDEOCLIP \u201cEL CIELO Y LA TIERRA\u201d - La Prensa Cristiana<\/title>\n<meta name=\"robots\" content=\"index, follow, max-snippet:-1, max-image-preview:large, max-video-preview:-1\" \/>\n<link rel=\"canonical\" href=\"https:\/\/laprensacristiana.com\/?p=4075\" \/>\n<meta property=\"og:locale\" content=\"es_ES\" \/>\n<meta property=\"og:type\" content=\"article\" \/>\n<meta property=\"og:title\" content=\"LA VENEZOLANA HELEN GUTI\u00c9RREZ LANZ\u00d3 EL VIDEOCLIP \u201cEL CIELO Y LA TIERRA\u201d - La Prensa Cristiana\" \/>\n<meta property=\"og:description\" content=\"Por: BNJ MEDIOS La cantante Venezolana Helen Guti\u00e9rrez lanz\u00f3 el videoclip de El cielo y la tierra, esta canci\u00f3n trata de la creaci\u00f3n de Dios, resaltando la hermosa naturaleza que Dios cre\u00f3 para cada uno de nosotros, y todo lo que hay en el cielo y en la tierra, dejando un mensaje muy especial, ya [&hellip;]\" \/>\n<meta property=\"og:url\" content=\"https:\/\/laprensacristiana.com\/?p=4075\" \/>\n<meta property=\"og:site_name\" content=\"La Prensa Cristiana\" \/>\n<meta property=\"article:published_time\" content=\"2018-06-15T17:53:51+00:00\" \/>\n<meta property=\"article:modified_time\" content=\"2020-07-01T23:45:58+00:00\" \/>\n<meta property=\"og:image\" content=\"https:\/\/laprensacristiana.com\/wp-content\/uploads\/2018\/06\/1El-cielo-y-la-tierra.jpg\" \/>\n\t<meta property=\"og:image:width\" content=\"960\" \/>\n\t<meta property=\"og:image:height\" content=\"540\" \/>\n\t<meta property=\"og:image:type\" content=\"image\/jpeg\" \/>\n<meta name=\"author\" content=\"EDITOR\" \/>\n<meta name=\"twitter:card\" content=\"summary_large_image\" \/>\n<meta name=\"twitter:label1\" content=\"Escrito por\" \/>\n\t<meta name=\"twitter:data1\" content=\"EDITOR\" \/>\n\t<meta name=\"twitter:label2\" content=\"Tiempo de lectura\" \/>\n\t<meta name=\"twitter:data2\" content=\"2 minutos\" \/>\n<script type=\"application\/ld+json\" class=\"yoast-schema-graph\">{\"@context\":\"https:\/\/schema.org\",\"@graph\":[{\"@type\":\"WebPage\",\"@id\":\"https:\/\/laprensacristiana.com\/?p=4075\",\"url\":\"https:\/\/laprensacristiana.com\/?p=4075\",\"name\":\"LA VENEZOLANA HELEN GUTI\u00c9RREZ LANZ\u00d3 EL VIDEOCLIP \u201cEL CIELO Y LA TIERRA\u201d - La Prensa Cristiana\",\"isPartOf\":{\"@id\":\"https:\/\/laprensacristiana.com\/#website\"},\"datePublished\":\"2018-06-15T17:53:51+00:00\",\"dateModified\":\"2020-07-01T23:45:58+00:00\",\"author\":{\"@id\":\"https:\/\/laprensacristiana.com\/#\/schema\/person\/3e7d82c6bfd6b1fa67010f8f7cd5256e\"},\"breadcrumb\":{\"@id\":\"https:\/\/laprensacristiana.com\/?p=4075#breadcrumb\"},\"inLanguage\":\"es\",\"potentialAction\":[{\"@type\":\"ReadAction\",\"target\":[\"https:\/\/laprensacristiana.com\/?p=4075\"]}]},{\"@type\":\"BreadcrumbList\",\"@id\":\"https:\/\/laprensacristiana.com\/?p=4075#breadcrumb\",\"itemListElement\":[{\"@type\":\"ListItem\",\"position\":1,\"name\":\"Portada\",\"item\":\"https:\/\/laprensacristiana.com\/\"},{\"@type\":\"ListItem\",\"position\":2,\"name\":\"LA VENEZOLANA HELEN GUTI\u00c9RREZ LANZ\u00d3 EL VIDEOCLIP \u201cEL CIELO Y LA TIERRA\u201d\"}]},{\"@type\":\"WebSite\",\"@id\":\"https:\/\/laprensacristiana.com\/#website\",\"url\":\"https:\/\/laprensacristiana.com\/\",\"name\":\"La Prensa Cristiana\",\"description\":\"Anunciando Las Buenas Nuevas\",\"potentialAction\":[{\"@type\":\"SearchAction\",\"target\":{\"@type\":\"EntryPoint\",\"urlTemplate\":\"https:\/\/laprensacristiana.com\/?s={search_term_string}\"},\"query-input\":\"required name=search_term_string\"}],\"inLanguage\":\"es\"},{\"@type\":\"Person\",\"@id\":\"https:\/\/laprensacristiana.com\/#\/schema\/person\/3e7d82c6bfd6b1fa67010f8f7cd5256e\",\"name\":\"EDITOR\",\"image\":{\"@type\":\"ImageObject\",\"inLanguage\":\"es\",\"@id\":\"https:\/\/laprensacristiana.com\/#\/schema\/person\/image\/\",\"url\":\"https:\/\/secure.gravatar.com\/avatar\/72069dfb6c13772d9e8381e3638666d2?s=96&d=mm&r=g\",\"contentUrl\":\"https:\/\/secure.gravatar.com\/avatar\/72069dfb6c13772d9e8381e3638666d2?s=96&d=mm&r=g\",\"caption\":\"EDITOR\"},\"url\":\"https:\/\/laprensacristiana.com\/?author=3\"}]}<\/script>\n<!-- \/ Yoast SEO plugin. -->","yoast_head_json":{"title":"LA VENEZOLANA HELEN GUTI\u00c9RREZ LANZ\u00d3 EL VIDEOCLIP \u201cEL CIELO Y LA TIERRA\u201d - La Prensa Cristiana","robots":{"index":"index","follow":"follow","max-snippet":"max-snippet:-1","max-image-preview":"max-image-preview:large","max-video-preview":"max-video-preview:-1"},"canonical":"https:\/\/laprensacristiana.com\/?p=4075","og_locale":"es_ES","og_type":"article","og_title":"LA VENEZOLANA HELEN GUTI\u00c9RREZ LANZ\u00d3 EL VIDEOCLIP \u201cEL CIELO Y LA TIERRA\u201d - La Prensa Cristiana","og_description":"Por: BNJ MEDIOS La cantante Venezolana Helen Guti\u00e9rrez lanz\u00f3 el videoclip de El cielo y la tierra, esta canci\u00f3n trata de la creaci\u00f3n de Dios, resaltando la hermosa naturaleza que Dios cre\u00f3 para cada uno de nosotros, y todo lo que hay en el cielo y en la tierra, dejando un mensaje muy especial, ya [&hellip;]","og_url":"https:\/\/laprensacristiana.com\/?p=4075","og_site_name":"La Prensa Cristiana","article_published_time":"2018-06-15T17:53:51+00:00","article_modified_time":"2020-07-01T23:45:58+00:00","og_image":[{"width":960,"height":540,"url":"https:\/\/laprensacristiana.com\/wp-content\/uploads\/2018\/06\/1El-cielo-y-la-tierra.jpg","type":"image\/jpeg"}],"author":"EDITOR","twitter_card":"summary_large_image","twitter_misc":{"Escrito por":"EDITOR","Tiempo de lectura":"2 minutos"},"schema":{"@context":"https:\/\/schema.org","@graph":[{"@type":"WebPage","@id":"https:\/\/laprensacristiana.com\/?p=4075","url":"https:\/\/laprensacristiana.com\/?p=4075","name":"LA VENEZOLANA HELEN GUTI\u00c9RREZ LANZ\u00d3 EL VIDEOCLIP \u201cEL CIELO Y LA TIERRA\u201d - La Prensa Cristiana","isPartOf":{"@id":"https:\/\/laprensacristiana.com\/#website"},"datePublished":"2018-06-15T17:53:51+00:00","dateModified":"2020-07-01T23:45:58+00:00","author":{"@id":"https:\/\/laprensacristiana.com\/#\/schema\/person\/3e7d82c6bfd6b1fa67010f8f7cd5256e"},"breadcrumb":{"@id":"https:\/\/laprensacristiana.com\/?p=4075#breadcrumb"},"inLanguage":"es","potentialAction":[{"@type":"ReadAction","target":["https:\/\/laprensacristiana.com\/?p=4075"]}]},{"@type":"BreadcrumbList","@id":"https:\/\/laprensacristiana.com\/?p=4075#breadcrumb","itemListElement":[{"@type":"ListItem","position":1,"name":"Portada","item":"https:\/\/laprensacristiana.com\/"},{"@type":"ListItem","position":2,"name":"LA VENEZOLANA HELEN GUTI\u00c9RREZ LANZ\u00d3 EL VIDEOCLIP \u201cEL CIELO Y LA TIERRA\u201d"}]},{"@type":"WebSite","@id":"https:\/\/laprensacristiana.com\/#website","url":"https:\/\/laprensacristiana.com\/","name":"La Prensa Cristiana","description":"Anunciando Las Buenas Nuevas","potentialAction":[{"@type":"SearchAction","target":{"@type":"EntryPoint","urlTemplate":"https:\/\/laprensacristiana.com\/?s={search_term_string}"},"query-input":"required name=search_term_string"}],"inLanguage":"es"},{"@type":"Person","@id":"https:\/\/laprensacristiana.com\/#\/schema\/person\/3e7d82c6bfd6b1fa67010f8f7cd5256e","name":"EDITOR","image":{"@type":"ImageObject","inLanguage":"es","@id":"https:\/\/laprensacristiana.com\/#\/schema\/person\/image\/","url":"https:\/\/secure.gravatar.com\/avatar\/72069dfb6c13772d9e8381e3638666d2?s=96&d=mm&r=g","contentUrl":"https:\/\/secure.gravatar.com\/avatar\/72069dfb6c13772d9e8381e3638666d2?s=96&d=mm&r=g","caption":"EDITOR"},"url":"https:\/\/laprensacristiana.com\/?author=3"}]}},"_links":{"self":[{"href":"https:\/\/laprensacristiana.com\/index.php?rest_route=\/wp\/v2\/posts\/4075"}],"collection":[{"href":"https:\/\/laprensacristiana.com\/index.php?rest_route=\/wp\/v2\/posts"}],"about":[{"href":"https:\/\/laprensacristiana.com\/index.php?rest_route=\/wp\/v2\/types\/post"}],"author":[{"embeddable":true,"href":"https:\/\/laprensacristiana.com\/index.php?rest_route=\/wp\/v2\/users\/3"}],"replies":[{"embeddable":true,"href":"https:\/\/laprensacristiana.com\/index.php?rest_route=%2Fwp%2Fv2%2Fcomments&post=4075"}],"version-history":[{"count":2,"href":"https:\/\/laprensacristiana.com\/index.php?rest_route=\/wp\/v2\/posts\/4075\/revisions"}],"predecessor-version":[{"id":4079,"href":"https:\/\/laprensacristiana.com\/index.php?rest_route=\/wp\/v2\/posts\/4075\/revisions\/4079"}],"wp:featuredmedia":[{"embeddable":true,"href":"https:\/\/laprensacristiana.com\/index.php?rest_route=\/wp\/v2\/media\/4077"}],"wp:attachment":[{"href":"https:\/\/laprensacristiana.com\/index.php?rest_route=%2Fwp%2Fv2%2Fmedia&parent=4075"}],"wp:term":[{"taxonomy":"category","embeddable":true,"href":"https:\/\/laprensacristiana.com\/index.php?rest_route=%2Fwp%2Fv2%2Fcategories&post=4075"},{"taxonomy":"post_tag","embeddable":true,"href":"https:\/\/laprensacristiana.com\/index.php?rest_route=%2Fwp%2Fv2%2Ftags&post=4075"}],"curies":[{"name":"wp","href":"https:\/\/api.w.org\/{rel}","templated":true}]}}