{"id":4081,"date":"2018-06-17T02:19:09","date_gmt":"2018-06-17T02:19:09","guid":{"rendered":"https:\/\/laprensacristiana.com\/?p=4081"},"modified":"2018-06-17T02:19:09","modified_gmt":"2018-06-17T02:19:09","slug":"espias","status":"publish","type":"post","link":"https:\/\/laprensacristiana.com\/?p=4081","title":{"rendered":"ESP\u00cdAS"},"content":{"rendered":"<p>Deut. 1:22 \u201cEntonces todos vosotros os acercasteis a m\u00ed, y dijisteis: \u00abEnviemos hombres delante de nosotros, que nos exploren la tierra, y nos traigan noticia del camino por el cual hemos de subir y de las ciudades a las cuales entraremos.\u201d<\/p>\n<p>Mois\u00e9s le ha dicho al pueblo de Israel que Dios les entregar\u00e1 la Tierra Prometida, que \u00a0vayan y la tomen. Dios vencer\u00e1 a sus enemigos. No importa qu\u00e9 tan grandes o poderosos sean, nunca ser\u00e1n lo suficientemente grandes delante del Dios Todopoderoso.<\/p>\n<p>Pero, \u00bfqu\u00e9 hicieron los pr\u00edncipes? Se quisieron convencer con sus ojos que lo que Dios hab\u00eda dicho era verdad. No le creyeron. Enviaron una embajada de esp\u00edas \u00a0para ver la tierra, sus gentes y sus frutos. Cuando regresaron al campamento trajeron las noticias y las pruebas. \u201cCierto, hay frutos grandes y hermosos. Pero tambi\u00e9n hay gigantes\u201d. Esto desilusion\u00f3 al pueblo y se pusieron a llorar. Dios se enoja contra ellos y los hace regresar al desierto por cuarenta a\u00f1os para cobrarles su incredulidad. Esos esp\u00edas da\u00f1aron toda una generaci\u00f3n.<\/p>\n<p>Hoy pasa lo mismo. Hay esp\u00edas que est\u00e1n influyendo en nuestros j\u00f3venes y les est\u00e1n llevando a tomar una decisi\u00f3n: en cuanto puedan se sueltan de sus padres, sus convicciones y de su fe y se vuelven como el mundo dice. La influencia que los j\u00f3venes est\u00e1n viviendo en esta \u00e9poca les est\u00e1 orillando a olvidarse de la fe en Dios, la fe en ellos mismos y en sus maestros. La persecuci\u00f3n de las redes, las modas y lo actual les est\u00e1 llevando a un estr\u00e9s espiritual y f\u00edsico que en cualquier momento va a estallar.<\/p>\n<p>El sistema env\u00eda esp\u00edas para observar la conducta, la moral y la convicci\u00f3n de nuestros j\u00f3venes cristianos. Env\u00eda esp\u00edas a trav\u00e9s de la redes sociales, a trav\u00e9s de las tentaciones, a trav\u00e9s de la televisi\u00f3n y la m\u00fasica de moda. Los esp\u00edas de hoy son las modas de los artistas y deportistas que les hacen perder su identidad cristiana para que los imiten en todo lo que hacen. Se ha perdido la Imagen de Dios por la imagen de los pervertidos de alto perfil.<\/p>\n<p>Hoy podemos ver en nuestras iglesias cristianas en donde se predica a Jesucristo a muchos j\u00f3venes que est\u00e1n perdiendo su virilidad cuando se depilan las cejas para parecer mujeres. Vistiendo ropas apretadas como se\u00f1oritas. Utilizando camisas apretadas y colores pastel como si fueran blusas femeninas. Nuestros j\u00f3venes han sido espiados por el enemigo de su fe, de su convicci\u00f3n y de su conducta. El mundo actual est\u00e1 penetrando todas las fronteras de nuestra identidad. Hay fuerzas ocultas que est\u00e1n penetrando la tierra prometida de las mentes de nuestros j\u00f3venes haciendo que vivan vidas anodinas, vidas andr\u00f3ginas en ambos sexos. Se\u00f1oritas diciendo que dentro de sus cuerpos de mujer vive un hombre o a la inversa, que en el cuerpo de un hombre vive una mujer, para justificar su perversi\u00f3n moral y su cambio de sexo.<\/p>\n<p>El mundo actual ha enviado esp\u00edas a la tierra prometida de las mentes y la fe de nuestros j\u00f3venes para hacerles cambiar su personalidad. Para masificarlos y volverlos borregos que caminen en los senderos en que todos andan. Caminos de pecado y de perversi\u00f3n, sin los valores de nuestra fe y sin los valores de la Palabra de Dios.<\/p>\n<p>Los esp\u00edas han penetrado nuestras escuelas \u00a0y nuestras universidades. En donde les dicen a los j\u00f3venes que han permanecido fieles a su fe y a su Dios que ese Dios ha muerto. Que los cristianos son personas de tercera clase. Que son par\u00e1sitos sociales que a todo le dicen \u00abam\u00e9n\u00bb. Son los esp\u00edas h\u00edbridos, que no tienen una identidad propia y se han vuelto como los esp\u00edas israelitas de la antig\u00fcedad que dijeron que la tierra prometida que Dios ofrece por fe es una quimera, que eso no existe. Que los j\u00f3venes deben ser muchachos y muchachas como el resto del mundo. Los esp\u00edas les han dicho que los \u00abninis\u00bb est\u00e1n en lo correcto. Que el estado tiene la obligaci\u00f3n de mantenerlos sin que ellos produzcan nada a favor de sus vidas, sus iglesias y su pa\u00ecs. \u00bfQu\u00e8 clase de familias tendremos con esta generaci\u00f3n hedonista?<\/p>\n<p>Los esp\u00edas de hoy han penetrado los hogares a trav\u00e9s de las redes sociales en donde les dicen a las ni\u00f1as que se tomen \u00abselfies\u00bb mostrando su desnudez a sus novios sin saber que pueden llegar a caer en los brazos de un perverso depredador sexual que las abandonar\u00e1 cuando quede embarazada mutilando sus sue\u00f1os y su futuro prometedor.<\/p>\n<p>Y todo eso ha provocado un tremendo conflicto entre padres e hijos. Conflicto que les est\u00e1 matando poco a poco la unidad familiar. Que andan en el desierto de sus vidas muriendo en vida en cada jornada que emprenden cada ma\u00f1ana. Algo anda mal en nuestro entorno cristiano. Algo anda mal en nuestra sociedad. Algo anda mal en todos nosotros. Algo anda mal en la Iglesia de Cristo.<\/p>\n<p>\u00bfLa soluci\u00f3n? La Palabra lo dice: Creed a Dios y a sus profetas&#8230;<\/p>\n","protected":false},"excerpt":{"rendered":"<p>Deut. 1:22 \u201cEntonces todos vosotros os acercasteis a m\u00ed, y dijisteis: \u00abEnviemos hombres delante de nosotros, que nos exploren la tierra, y nos traigan noticia del camino por el cual hemos de subir y de las ciudades a las cuales entraremos.\u201d Mois\u00e9s le ha dicho al pueblo de Israel que Dios les entregar\u00e1 la Tierra [&hellip;]<\/p>\n","protected":false},"author":3,"featured_media":3469,"comment_status":"open","ping_status":"open","sticky":false,"template":"","format":"standard","meta":[],"categories":[36],"tags":[],"yoast_head":"<!-- This site is optimized with the Yoast SEO plugin v20.8 - https:\/\/yoast.com\/wordpress\/plugins\/seo\/ -->\n<title>ESP\u00cdAS - La Prensa Cristiana<\/title>\n<meta name=\"robots\" content=\"index, follow, max-snippet:-1, max-image-preview:large, max-video-preview:-1\" \/>\n<link rel=\"canonical\" href=\"https:\/\/laprensacristiana.com\/?p=4081\" \/>\n<meta property=\"og:locale\" content=\"es_ES\" \/>\n<meta property=\"og:type\" content=\"article\" \/>\n<meta property=\"og:title\" content=\"ESP\u00cdAS - La Prensa Cristiana\" \/>\n<meta property=\"og:description\" content=\"Deut. 1:22 \u201cEntonces todos vosotros os acercasteis a m\u00ed, y dijisteis: \u00abEnviemos hombres delante de nosotros, que nos exploren la tierra, y nos traigan noticia del camino por el cual hemos de subir y de las ciudades a las cuales entraremos.\u201d Mois\u00e9s le ha dicho al pueblo de Israel que Dios les entregar\u00e1 la Tierra [&hellip;]\" \/>\n<meta property=\"og:url\" content=\"https:\/\/laprensacristiana.com\/?p=4081\" \/>\n<meta property=\"og:site_name\" content=\"La Prensa Cristiana\" \/>\n<meta property=\"article:published_time\" content=\"2018-06-17T02:19:09+00:00\" \/>\n<meta property=\"og:image\" content=\"https:\/\/laprensacristiana.com\/wp-content\/uploads\/2018\/02\/2017-11-23-PHOTO-00003245-1.jpg\" \/>\n\t<meta property=\"og:image:width\" content=\"1280\" \/>\n\t<meta property=\"og:image:height\" content=\"714\" \/>\n\t<meta property=\"og:image:type\" content=\"image\/jpeg\" \/>\n<meta name=\"author\" content=\"EDITOR\" \/>\n<meta name=\"twitter:card\" content=\"summary_large_image\" \/>\n<meta name=\"twitter:label1\" content=\"Escrito por\" \/>\n\t<meta name=\"twitter:data1\" content=\"EDITOR\" \/>\n\t<meta name=\"twitter:label2\" content=\"Tiempo de lectura\" \/>\n\t<meta name=\"twitter:data2\" content=\"4 minutos\" \/>\n<script type=\"application\/ld+json\" class=\"yoast-schema-graph\">{\"@context\":\"https:\/\/schema.org\",\"@graph\":[{\"@type\":\"WebPage\",\"@id\":\"https:\/\/laprensacristiana.com\/?p=4081\",\"url\":\"https:\/\/laprensacristiana.com\/?p=4081\",\"name\":\"ESP\u00cdAS - La Prensa Cristiana\",\"isPartOf\":{\"@id\":\"https:\/\/laprensacristiana.com\/#website\"},\"datePublished\":\"2018-06-17T02:19:09+00:00\",\"dateModified\":\"2018-06-17T02:19:09+00:00\",\"author\":{\"@id\":\"https:\/\/laprensacristiana.com\/#\/schema\/person\/3e7d82c6bfd6b1fa67010f8f7cd5256e\"},\"breadcrumb\":{\"@id\":\"https:\/\/laprensacristiana.com\/?p=4081#breadcrumb\"},\"inLanguage\":\"es\",\"potentialAction\":[{\"@type\":\"ReadAction\",\"target\":[\"https:\/\/laprensacristiana.com\/?p=4081\"]}]},{\"@type\":\"BreadcrumbList\",\"@id\":\"https:\/\/laprensacristiana.com\/?p=4081#breadcrumb\",\"itemListElement\":[{\"@type\":\"ListItem\",\"position\":1,\"name\":\"Portada\",\"item\":\"https:\/\/laprensacristiana.com\/\"},{\"@type\":\"ListItem\",\"position\":2,\"name\":\"ESP\u00cdAS\"}]},{\"@type\":\"WebSite\",\"@id\":\"https:\/\/laprensacristiana.com\/#website\",\"url\":\"https:\/\/laprensacristiana.com\/\",\"name\":\"La Prensa Cristiana\",\"description\":\"Anunciando Las Buenas Nuevas\",\"potentialAction\":[{\"@type\":\"SearchAction\",\"target\":{\"@type\":\"EntryPoint\",\"urlTemplate\":\"https:\/\/laprensacristiana.com\/?s={search_term_string}\"},\"query-input\":\"required name=search_term_string\"}],\"inLanguage\":\"es\"},{\"@type\":\"Person\",\"@id\":\"https:\/\/laprensacristiana.com\/#\/schema\/person\/3e7d82c6bfd6b1fa67010f8f7cd5256e\",\"name\":\"EDITOR\",\"image\":{\"@type\":\"ImageObject\",\"inLanguage\":\"es\",\"@id\":\"https:\/\/laprensacristiana.com\/#\/schema\/person\/image\/\",\"url\":\"https:\/\/secure.gravatar.com\/avatar\/72069dfb6c13772d9e8381e3638666d2?s=96&d=mm&r=g\",\"contentUrl\":\"https:\/\/secure.gravatar.com\/avatar\/72069dfb6c13772d9e8381e3638666d2?s=96&d=mm&r=g\",\"caption\":\"EDITOR\"},\"url\":\"https:\/\/laprensacristiana.com\/?author=3\"}]}<\/script>\n<!-- \/ Yoast SEO plugin. -->","yoast_head_json":{"title":"ESP\u00cdAS - La Prensa Cristiana","robots":{"index":"index","follow":"follow","max-snippet":"max-snippet:-1","max-image-preview":"max-image-preview:large","max-video-preview":"max-video-preview:-1"},"canonical":"https:\/\/laprensacristiana.com\/?p=4081","og_locale":"es_ES","og_type":"article","og_title":"ESP\u00cdAS - La Prensa Cristiana","og_description":"Deut. 1:22 \u201cEntonces todos vosotros os acercasteis a m\u00ed, y dijisteis: \u00abEnviemos hombres delante de nosotros, que nos exploren la tierra, y nos traigan noticia del camino por el cual hemos de subir y de las ciudades a las cuales entraremos.\u201d Mois\u00e9s le ha dicho al pueblo de Israel que Dios les entregar\u00e1 la Tierra [&hellip;]","og_url":"https:\/\/laprensacristiana.com\/?p=4081","og_site_name":"La Prensa Cristiana","article_published_time":"2018-06-17T02:19:09+00:00","og_image":[{"width":1280,"height":714,"url":"https:\/\/laprensacristiana.com\/wp-content\/uploads\/2018\/02\/2017-11-23-PHOTO-00003245-1.jpg","type":"image\/jpeg"}],"author":"EDITOR","twitter_card":"summary_large_image","twitter_misc":{"Escrito por":"EDITOR","Tiempo de lectura":"4 minutos"},"schema":{"@context":"https:\/\/schema.org","@graph":[{"@type":"WebPage","@id":"https:\/\/laprensacristiana.com\/?p=4081","url":"https:\/\/laprensacristiana.com\/?p=4081","name":"ESP\u00cdAS - La Prensa Cristiana","isPartOf":{"@id":"https:\/\/laprensacristiana.com\/#website"},"datePublished":"2018-06-17T02:19:09+00:00","dateModified":"2018-06-17T02:19:09+00:00","author":{"@id":"https:\/\/laprensacristiana.com\/#\/schema\/person\/3e7d82c6bfd6b1fa67010f8f7cd5256e"},"breadcrumb":{"@id":"https:\/\/laprensacristiana.com\/?p=4081#breadcrumb"},"inLanguage":"es","potentialAction":[{"@type":"ReadAction","target":["https:\/\/laprensacristiana.com\/?p=4081"]}]},{"@type":"BreadcrumbList","@id":"https:\/\/laprensacristiana.com\/?p=4081#breadcrumb","itemListElement":[{"@type":"ListItem","position":1,"name":"Portada","item":"https:\/\/laprensacristiana.com\/"},{"@type":"ListItem","position":2,"name":"ESP\u00cdAS"}]},{"@type":"WebSite","@id":"https:\/\/laprensacristiana.com\/#website","url":"https:\/\/laprensacristiana.com\/","name":"La Prensa Cristiana","description":"Anunciando Las Buenas Nuevas","potentialAction":[{"@type":"SearchAction","target":{"@type":"EntryPoint","urlTemplate":"https:\/\/laprensacristiana.com\/?s={search_term_string}"},"query-input":"required name=search_term_string"}],"inLanguage":"es"},{"@type":"Person","@id":"https:\/\/laprensacristiana.com\/#\/schema\/person\/3e7d82c6bfd6b1fa67010f8f7cd5256e","name":"EDITOR","image":{"@type":"ImageObject","inLanguage":"es","@id":"https:\/\/laprensacristiana.com\/#\/schema\/person\/image\/","url":"https:\/\/secure.gravatar.com\/avatar\/72069dfb6c13772d9e8381e3638666d2?s=96&d=mm&r=g","contentUrl":"https:\/\/secure.gravatar.com\/avatar\/72069dfb6c13772d9e8381e3638666d2?s=96&d=mm&r=g","caption":"EDITOR"},"url":"https:\/\/laprensacristiana.com\/?author=3"}]}},"_links":{"self":[{"href":"https:\/\/laprensacristiana.com\/index.php?rest_route=\/wp\/v2\/posts\/4081"}],"collection":[{"href":"https:\/\/laprensacristiana.com\/index.php?rest_route=\/wp\/v2\/posts"}],"about":[{"href":"https:\/\/laprensacristiana.com\/index.php?rest_route=\/wp\/v2\/types\/post"}],"author":[{"embeddable":true,"href":"https:\/\/laprensacristiana.com\/index.php?rest_route=\/wp\/v2\/users\/3"}],"replies":[{"embeddable":true,"href":"https:\/\/laprensacristiana.com\/index.php?rest_route=%2Fwp%2Fv2%2Fcomments&post=4081"}],"version-history":[{"count":1,"href":"https:\/\/laprensacristiana.com\/index.php?rest_route=\/wp\/v2\/posts\/4081\/revisions"}],"predecessor-version":[{"id":4082,"href":"https:\/\/laprensacristiana.com\/index.php?rest_route=\/wp\/v2\/posts\/4081\/revisions\/4082"}],"wp:featuredmedia":[{"embeddable":true,"href":"https:\/\/laprensacristiana.com\/index.php?rest_route=\/wp\/v2\/media\/3469"}],"wp:attachment":[{"href":"https:\/\/laprensacristiana.com\/index.php?rest_route=%2Fwp%2Fv2%2Fmedia&parent=4081"}],"wp:term":[{"taxonomy":"category","embeddable":true,"href":"https:\/\/laprensacristiana.com\/index.php?rest_route=%2Fwp%2Fv2%2Fcategories&post=4081"},{"taxonomy":"post_tag","embeddable":true,"href":"https:\/\/laprensacristiana.com\/index.php?rest_route=%2Fwp%2Fv2%2Ftags&post=4081"}],"curies":[{"name":"wp","href":"https:\/\/api.w.org\/{rel}","templated":true}]}}