{"id":4098,"date":"2018-06-21T22:48:23","date_gmt":"2018-06-21T22:48:23","guid":{"rendered":"https:\/\/laprensacristiana.com\/?p=4098"},"modified":"2020-07-01T23:44:30","modified_gmt":"2020-07-01T23:44:30","slug":"1-era-edicion-de-los-praise-music-awards-en-colombia","status":"publish","type":"post","link":"https:\/\/laprensacristiana.com\/?p=4098","title":{"rendered":"1 Era Edici\u00f3n de los Praise Music Awards en Colombia"},"content":{"rendered":"<p>Por: BNJ Medios<\/p>\n<p>El pasado 2 de junio del presente a\u00f1o se celebr\u00f3 La ceremonia de premiaci\u00f3n de la primera edici\u00f3n de los Praise Music Awards en Colombia, bajo la direcci\u00f3n de su presidente el Pastor Enrique Bobe y vicepresidente Gabriel Mart\u00ednez, los cuales trabajaron con un excelente equipo colombiano, reconociendo los valores de la m\u00fasica, medios de comunicaci\u00f3n y personas que han realizado un trabajo dentro de Colombia, La ciudad de Barranquilla fue el Anfitri\u00f3n de este a\u00f1o, llev\u00e1ndose a cabo en el auditorio de la Comunidad Cristiana el Camino.<\/p>\n<p>Se hicieron presentes nominados, invitados, medios de comunicaci\u00f3n y Pastores de diferentes ciudades, Seg\u00fan el Pastor Enrique con estos premios buscan alcanzar todos los pa\u00edses latinoamericanos y lugares donde existe una poblaci\u00f3n hispana cristiana para llevar honra a quien honra se merece, contaron con la presentaci\u00f3n en vivo de algunos invitados como Raul SJ de la ciudad de Cartagena y Marly Machac\u00f3n de la ciudad de Barranquilla y varios nominados que pusieron su cuota de talento y m\u00fasica en esta velada.<\/p>\n<p>\u201cFue una noche donde se resaltar\u00e1n los valores de la comunidad cristiana\u201d una noche de muchas bendiciones, donde los asistentes disfrutaron de la m\u00fasica, adoraron a nuestro se\u00f1or Jesucristo y alabaron su nombre, Agradecemos a todas las personas de Barranquilla por apoyarnos y abrirnos las puertas y en especial a los que viajaron de otras ciudades para acompa\u00f1arnos esa noche, expreso su fundador y pastor Enrique Bob\u00e9.<\/p>\n<p><strong>\u00a0<\/strong><\/p>\n<p><strong>GANADORES DE LOS PRAISE MUSIC AWARDS EN COLOMBIA<\/strong><\/p>\n<p><strong>PROMOTOR DEL A\u00d1O: <\/strong><\/p>\n<p>HEIDY RODRIGUEZ<\/p>\n<p>&nbsp;<\/p>\n<p><strong>EMISORAS DEL A\u00d1O: <\/strong><\/p>\n<p>RADIO 316<\/p>\n<p>&nbsp;<\/p>\n<p><strong>EMISORAS WEB DEL A\u00d1O: <\/strong><\/p>\n<p>TR RADIO<\/p>\n<p>&nbsp;<\/p>\n<p><strong>LOCUTOR DEL A\u00d1O: <\/strong><\/p>\n<p>KIKE GONZALEZ<\/p>\n<p>&nbsp;<\/p>\n<p><strong>LOCUTOR REVELACION DEL A\u00d1O: <\/strong><\/p>\n<p>ALEJANDRA HURTADO<\/p>\n<p>&nbsp;<\/p>\n<p><strong>PROGRAMA RADIAL DEL A\u00d1O: <\/strong><\/p>\n<p>COMPA\u00d1\u00cdA 180 \u2013 TU 95.5 FM<\/p>\n<p>&nbsp;<\/p>\n<p><strong>PROGRAMA DEL A\u00d1O EN TELEVISI\u00d3N:<\/strong><\/p>\n<p>LIVE MUSIC \u2013 EJTV (ENLACE JUVENIL)<\/p>\n<p>&nbsp;<\/p>\n<p><strong>PRODUCTOR DE EVENTOS DEL A\u00d1O:<\/strong><\/p>\n<p>RAUL CHICA<\/p>\n<p><strong>PERSONAJE DEL A\u00d1O:<\/strong><\/p>\n<p>OMERIS ARRIETA<\/p>\n<p>&nbsp;<\/p>\n<p><strong>FOTOGRAFO DEL A\u00d1O: <\/strong><\/p>\n<p>GABO GOMEZ<\/p>\n<p>&nbsp;<\/p>\n<p><strong>VIDEO MUSICAL DEL A\u00d1O: <\/strong><\/p>\n<p>ALELUYA PARTY &#8211; LA REFORMA<\/p>\n<p>&nbsp;<\/p>\n<p><strong>PRODUCCI\u00d3N MUSICAL DEL A\u00d1O: <\/strong><\/p>\n<p>1:11 MIL VECES MAS &#8211; KINGBLESSED<\/p>\n<p>&nbsp;<\/p>\n<p><strong>TRAYECTORIA MUSICAL INTERNACIONAL: <\/strong><\/p>\n<p>PESCAO VIVO<\/p>\n<p>&nbsp;<\/p>\n<p><strong>TRAYECTORIA MUSICAL NACIONAL: <\/strong><\/p>\n<p>DANIEL RIPOLL<\/p>\n<p>&nbsp;<\/p>\n<p><strong>GRUPO CRISTIANO DEL A\u00d1O: <\/strong><\/p>\n<p>LA REFORMA<\/p>\n<p>&nbsp;<\/p>\n<p><strong>TEMA ORIGINAL DEL A\u00d1O: <\/strong><\/p>\n<p>TU FAN NUMBER ONE \u2013 PESCAO VIVO<\/p>\n<p>&nbsp;<\/p>\n<p><strong>CANTANTE MASCULINO DEL A\u00d1O: <\/strong><\/p>\n<p>GILBERTO DAZA<\/p>\n<p>&nbsp;<\/p>\n<p><strong>CANTANTE FEMENINA DEL A\u00d1O: <\/strong><\/p>\n<p>KIKA REYES<\/p>\n<p>&nbsp;<\/p>\n<p><strong>CANTANTE URBANO DEL A\u00d1O: <\/strong><\/p>\n<p>KINGBLESSED<\/p>\n<p>&nbsp;<\/p>\n<p><strong>CANTANTE REVELACI\u00d3N URBANO <\/strong><\/p>\n<p>BRAY C<\/p>\n<p>&nbsp;<\/p>\n<p><strong>TRAYECTORIA MUSICAL URBANA: <\/strong><\/p>\n<p>KINGBLESSED<\/p>\n<p>&nbsp;<\/p>\n<p><strong>TEMA URBANO DEL A\u00d1O: <\/strong><\/p>\n<p>DIOS ME DIJO \u2013 SION NACION SANTA<\/p>\n<p>&nbsp;<\/p>\n<p><strong>CANTANTE DEL A\u00d1O GENERO CHAMPETA: <\/strong><\/p>\n<p>NELK FUNEZ<\/p>\n<p><strong>\u00a0<\/strong><\/p>\n<p><strong>CANTANTE DEL A\u00d1O GENERO VALLENATO: <\/strong><\/p>\n<p>EL NEGRITO OSORIO<\/p>\n<p>&nbsp;<\/p>\n<p><strong>GRUPO DEL A\u00d1O GENERO VALLENATO: <\/strong><\/p>\n<p>ORO DE OFIR<\/p>\n<p>&nbsp;<\/p>\n<p><strong>GRUPO DEL A\u00d1O GENERO POP\/ROCK: <\/strong><\/p>\n<p>CORBAN<\/p>\n<p><strong>GANADORES ELEGIDOS POR EL PUBLICO <\/strong><\/p>\n<p><strong>CANTANTE FEMENINO DEL A\u00d1O<\/strong><\/p>\n<p>DANIELA BENJUMEA<\/p>\n<p>&nbsp;<\/p>\n<p><strong>CANTANTE MASCULINO DEL A\u00d1O<\/strong><\/p>\n<p>GILBERTO DAZA<\/p>\n<p>&nbsp;<\/p>\n<p><strong>CANTANTE URBANO DEL A\u00d1O<\/strong><\/p>\n<p>DANNY CASTRO<\/p>\n<p>CHARRY SLOW<\/p>\n<p>&nbsp;<\/p>\n<p><strong>LOCUTOR DEL A\u00d1O<\/strong><\/p>\n<p>MAIRA ARROYO<\/p>\n<p>&nbsp;<\/p>\n<p><strong>RECONOCIMIENTO POR EL TRABAJO REALIZADO EN SU CIUDAD (BARRANQUILLA) <\/strong><\/p>\n<p>DAYANA OROZCO<\/p>\n<p>PLENITUD STEREO<\/p>\n<p>JUAN CURE<\/p>\n<p>JULIO PAEZ<\/p>\n<p>SERGIO SANTIAGO<\/p>\n<p>JULIAN DELGADO<\/p>\n<p>JULIO CESAR AMADOR<\/p>\n<p>ROSALINDA AMARANTO<\/p>\n<p>PEDRO RIOS<\/p>\n<p>&nbsp;<\/p>\n<p><strong>RECONOCIMIENTO POR EL TRABAJO REALIZADO EN COLOMBIA <\/strong><\/p>\n<p>JORGE CORDOBA<\/p>\n<p>TEOFILO GUTIERREZ<\/p>\n<p>ALEX CAMPOS<\/p>\n<p>&nbsp;<\/p>\n<p><strong>RECONOCIMIENTO A LA EXCELENCIA <\/strong><\/p>\n<p>JOHANA NIETO<\/p>\n<p>&nbsp;<\/p>\n<p><strong>RECONOCIMIENTO POR EL TRABAJO REALIZADO A TRAVEZ DE SU MINISTERIO <\/strong><\/p>\n<p>IDABELLE VELEZ<\/p>\n<p>JEFF ALDANA<\/p>\n<p>NAPOLOEN JAQUEZ<\/p>\n<p>ANDERSON FENELON<\/p>\n<p>MELVIN AYALA<\/p>\n<p>GABRIEL MARTINEZ<\/p>\n<p>ENRIQUE BOBE<\/p>\n<p>&nbsp;<\/p>\n<p><a href=\"https:\/\/web.facebook.com\/premiospraisemusicawardscol\/\">https:\/\/web.facebook.com\/premiospraisemusicawardscol\/<\/a><\/p>\n<p><a href=\"https:\/\/www.instagram.com\/praisemusicawardscolombia\/\">https:\/\/www.instagram.com\/praisemusicawardscolombia\/<\/a><\/p>\n<p><a href=\"https:\/\/www.praisemusicinternacional.com\/\">https:\/\/www.praisemusicinternacional.com\/<\/a><\/p>\n","protected":false},"excerpt":{"rendered":"<p>Por: BNJ Medios El pasado 2 de junio del presente a\u00f1o se celebr\u00f3 La ceremonia de premiaci\u00f3n de la primera edici\u00f3n de los Praise Music Awards en Colombia, bajo la direcci\u00f3n de su presidente el Pastor Enrique Bobe y vicepresidente Gabriel Mart\u00ednez, los cuales trabajaron con un excelente equipo colombiano, reconociendo los valores de la [&hellip;]<\/p>\n","protected":false},"author":3,"featured_media":4099,"comment_status":"open","ping_status":"open","sticky":false,"template":"","format":"standard","meta":[],"categories":[101],"tags":[],"yoast_head":"<!-- This site is optimized with the Yoast SEO plugin v20.8 - https:\/\/yoast.com\/wordpress\/plugins\/seo\/ -->\n<title>1 Era Edici\u00f3n de los Praise Music Awards en Colombia - La Prensa Cristiana<\/title>\n<meta name=\"robots\" content=\"index, follow, max-snippet:-1, max-image-preview:large, max-video-preview:-1\" \/>\n<link rel=\"canonical\" href=\"https:\/\/laprensacristiana.com\/?p=4098\" \/>\n<meta property=\"og:locale\" content=\"es_ES\" \/>\n<meta property=\"og:type\" content=\"article\" \/>\n<meta property=\"og:title\" content=\"1 Era Edici\u00f3n de los Praise Music Awards en Colombia - La Prensa Cristiana\" \/>\n<meta property=\"og:description\" content=\"Por: BNJ Medios El pasado 2 de junio del presente a\u00f1o se celebr\u00f3 La ceremonia de premiaci\u00f3n de la primera edici\u00f3n de los Praise Music Awards en Colombia, bajo la direcci\u00f3n de su presidente el Pastor Enrique Bobe y vicepresidente Gabriel Mart\u00ednez, los cuales trabajaron con un excelente equipo colombiano, reconociendo los valores de la [&hellip;]\" \/>\n<meta property=\"og:url\" content=\"https:\/\/laprensacristiana.com\/?p=4098\" \/>\n<meta property=\"og:site_name\" content=\"La Prensa Cristiana\" \/>\n<meta property=\"article:published_time\" content=\"2018-06-21T22:48:23+00:00\" \/>\n<meta property=\"article:modified_time\" content=\"2020-07-01T23:44:30+00:00\" \/>\n<meta property=\"og:image\" content=\"https:\/\/laprensacristiana.com\/wp-content\/uploads\/2018\/06\/1111.jpg\" \/>\n\t<meta property=\"og:image:width\" content=\"900\" \/>\n\t<meta property=\"og:image:height\" content=\"376\" \/>\n\t<meta property=\"og:image:type\" content=\"image\/jpeg\" \/>\n<meta name=\"author\" content=\"EDITOR\" \/>\n<meta name=\"twitter:card\" content=\"summary_large_image\" \/>\n<meta name=\"twitter:label1\" content=\"Escrito por\" \/>\n\t<meta name=\"twitter:data1\" content=\"EDITOR\" \/>\n\t<meta name=\"twitter:label2\" content=\"Tiempo de lectura\" \/>\n\t<meta name=\"twitter:data2\" content=\"3 minutos\" \/>\n<script type=\"application\/ld+json\" class=\"yoast-schema-graph\">{\"@context\":\"https:\/\/schema.org\",\"@graph\":[{\"@type\":\"WebPage\",\"@id\":\"https:\/\/laprensacristiana.com\/?p=4098\",\"url\":\"https:\/\/laprensacristiana.com\/?p=4098\",\"name\":\"1 Era Edici\u00f3n de los Praise Music Awards en Colombia - La Prensa Cristiana\",\"isPartOf\":{\"@id\":\"https:\/\/laprensacristiana.com\/#website\"},\"datePublished\":\"2018-06-21T22:48:23+00:00\",\"dateModified\":\"2020-07-01T23:44:30+00:00\",\"author\":{\"@id\":\"https:\/\/laprensacristiana.com\/#\/schema\/person\/3e7d82c6bfd6b1fa67010f8f7cd5256e\"},\"breadcrumb\":{\"@id\":\"https:\/\/laprensacristiana.com\/?p=4098#breadcrumb\"},\"inLanguage\":\"es\",\"potentialAction\":[{\"@type\":\"ReadAction\",\"target\":[\"https:\/\/laprensacristiana.com\/?p=4098\"]}]},{\"@type\":\"BreadcrumbList\",\"@id\":\"https:\/\/laprensacristiana.com\/?p=4098#breadcrumb\",\"itemListElement\":[{\"@type\":\"ListItem\",\"position\":1,\"name\":\"Portada\",\"item\":\"https:\/\/laprensacristiana.com\/\"},{\"@type\":\"ListItem\",\"position\":2,\"name\":\"1 Era Edici\u00f3n de los Praise Music Awards en Colombia\"}]},{\"@type\":\"WebSite\",\"@id\":\"https:\/\/laprensacristiana.com\/#website\",\"url\":\"https:\/\/laprensacristiana.com\/\",\"name\":\"La Prensa Cristiana\",\"description\":\"Anunciando Las Buenas Nuevas\",\"potentialAction\":[{\"@type\":\"SearchAction\",\"target\":{\"@type\":\"EntryPoint\",\"urlTemplate\":\"https:\/\/laprensacristiana.com\/?s={search_term_string}\"},\"query-input\":\"required name=search_term_string\"}],\"inLanguage\":\"es\"},{\"@type\":\"Person\",\"@id\":\"https:\/\/laprensacristiana.com\/#\/schema\/person\/3e7d82c6bfd6b1fa67010f8f7cd5256e\",\"name\":\"EDITOR\",\"image\":{\"@type\":\"ImageObject\",\"inLanguage\":\"es\",\"@id\":\"https:\/\/laprensacristiana.com\/#\/schema\/person\/image\/\",\"url\":\"https:\/\/secure.gravatar.com\/avatar\/72069dfb6c13772d9e8381e3638666d2?s=96&d=mm&r=g\",\"contentUrl\":\"https:\/\/secure.gravatar.com\/avatar\/72069dfb6c13772d9e8381e3638666d2?s=96&d=mm&r=g\",\"caption\":\"EDITOR\"},\"url\":\"https:\/\/laprensacristiana.com\/?author=3\"}]}<\/script>\n<!-- \/ Yoast SEO plugin. -->","yoast_head_json":{"title":"1 Era Edici\u00f3n de los Praise Music Awards en Colombia - La Prensa Cristiana","robots":{"index":"index","follow":"follow","max-snippet":"max-snippet:-1","max-image-preview":"max-image-preview:large","max-video-preview":"max-video-preview:-1"},"canonical":"https:\/\/laprensacristiana.com\/?p=4098","og_locale":"es_ES","og_type":"article","og_title":"1 Era Edici\u00f3n de los Praise Music Awards en Colombia - La Prensa Cristiana","og_description":"Por: BNJ Medios El pasado 2 de junio del presente a\u00f1o se celebr\u00f3 La ceremonia de premiaci\u00f3n de la primera edici\u00f3n de los Praise Music Awards en Colombia, bajo la direcci\u00f3n de su presidente el Pastor Enrique Bobe y vicepresidente Gabriel Mart\u00ednez, los cuales trabajaron con un excelente equipo colombiano, reconociendo los valores de la [&hellip;]","og_url":"https:\/\/laprensacristiana.com\/?p=4098","og_site_name":"La Prensa Cristiana","article_published_time":"2018-06-21T22:48:23+00:00","article_modified_time":"2020-07-01T23:44:30+00:00","og_image":[{"width":900,"height":376,"url":"https:\/\/laprensacristiana.com\/wp-content\/uploads\/2018\/06\/1111.jpg","type":"image\/jpeg"}],"author":"EDITOR","twitter_card":"summary_large_image","twitter_misc":{"Escrito por":"EDITOR","Tiempo de lectura":"3 minutos"},"schema":{"@context":"https:\/\/schema.org","@graph":[{"@type":"WebPage","@id":"https:\/\/laprensacristiana.com\/?p=4098","url":"https:\/\/laprensacristiana.com\/?p=4098","name":"1 Era Edici\u00f3n de los Praise Music Awards en Colombia - La Prensa Cristiana","isPartOf":{"@id":"https:\/\/laprensacristiana.com\/#website"},"datePublished":"2018-06-21T22:48:23+00:00","dateModified":"2020-07-01T23:44:30+00:00","author":{"@id":"https:\/\/laprensacristiana.com\/#\/schema\/person\/3e7d82c6bfd6b1fa67010f8f7cd5256e"},"breadcrumb":{"@id":"https:\/\/laprensacristiana.com\/?p=4098#breadcrumb"},"inLanguage":"es","potentialAction":[{"@type":"ReadAction","target":["https:\/\/laprensacristiana.com\/?p=4098"]}]},{"@type":"BreadcrumbList","@id":"https:\/\/laprensacristiana.com\/?p=4098#breadcrumb","itemListElement":[{"@type":"ListItem","position":1,"name":"Portada","item":"https:\/\/laprensacristiana.com\/"},{"@type":"ListItem","position":2,"name":"1 Era Edici\u00f3n de los Praise Music Awards en Colombia"}]},{"@type":"WebSite","@id":"https:\/\/laprensacristiana.com\/#website","url":"https:\/\/laprensacristiana.com\/","name":"La Prensa Cristiana","description":"Anunciando Las Buenas Nuevas","potentialAction":[{"@type":"SearchAction","target":{"@type":"EntryPoint","urlTemplate":"https:\/\/laprensacristiana.com\/?s={search_term_string}"},"query-input":"required name=search_term_string"}],"inLanguage":"es"},{"@type":"Person","@id":"https:\/\/laprensacristiana.com\/#\/schema\/person\/3e7d82c6bfd6b1fa67010f8f7cd5256e","name":"EDITOR","image":{"@type":"ImageObject","inLanguage":"es","@id":"https:\/\/laprensacristiana.com\/#\/schema\/person\/image\/","url":"https:\/\/secure.gravatar.com\/avatar\/72069dfb6c13772d9e8381e3638666d2?s=96&d=mm&r=g","contentUrl":"https:\/\/secure.gravatar.com\/avatar\/72069dfb6c13772d9e8381e3638666d2?s=96&d=mm&r=g","caption":"EDITOR"},"url":"https:\/\/laprensacristiana.com\/?author=3"}]}},"_links":{"self":[{"href":"https:\/\/laprensacristiana.com\/index.php?rest_route=\/wp\/v2\/posts\/4098"}],"collection":[{"href":"https:\/\/laprensacristiana.com\/index.php?rest_route=\/wp\/v2\/posts"}],"about":[{"href":"https:\/\/laprensacristiana.com\/index.php?rest_route=\/wp\/v2\/types\/post"}],"author":[{"embeddable":true,"href":"https:\/\/laprensacristiana.com\/index.php?rest_route=\/wp\/v2\/users\/3"}],"replies":[{"embeddable":true,"href":"https:\/\/laprensacristiana.com\/index.php?rest_route=%2Fwp%2Fv2%2Fcomments&post=4098"}],"version-history":[{"count":1,"href":"https:\/\/laprensacristiana.com\/index.php?rest_route=\/wp\/v2\/posts\/4098\/revisions"}],"predecessor-version":[{"id":4100,"href":"https:\/\/laprensacristiana.com\/index.php?rest_route=\/wp\/v2\/posts\/4098\/revisions\/4100"}],"wp:featuredmedia":[{"embeddable":true,"href":"https:\/\/laprensacristiana.com\/index.php?rest_route=\/wp\/v2\/media\/4099"}],"wp:attachment":[{"href":"https:\/\/laprensacristiana.com\/index.php?rest_route=%2Fwp%2Fv2%2Fmedia&parent=4098"}],"wp:term":[{"taxonomy":"category","embeddable":true,"href":"https:\/\/laprensacristiana.com\/index.php?rest_route=%2Fwp%2Fv2%2Fcategories&post=4098"},{"taxonomy":"post_tag","embeddable":true,"href":"https:\/\/laprensacristiana.com\/index.php?rest_route=%2Fwp%2Fv2%2Ftags&post=4098"}],"curies":[{"name":"wp","href":"https:\/\/api.w.org\/{rel}","templated":true}]}}