{"id":4101,"date":"2018-06-23T02:26:51","date_gmt":"2018-06-23T02:26:51","guid":{"rendered":"https:\/\/laprensacristiana.com\/?p=4101"},"modified":"2020-07-01T23:44:16","modified_gmt":"2020-07-01T23:44:16","slug":"el-grupo-musical-nueva-creacion-lanza-locos-por-ti","status":"publish","type":"post","link":"https:\/\/laprensacristiana.com\/?p=4101","title":{"rendered":"El Grupo musical Nueva Creaci\u00f3n lanza \u201cLocos por Ti\u201d"},"content":{"rendered":"<p><strong>Por: Erika Menjivar<\/strong><\/p>\n<p>Este viernes 22 de junio, se lanz\u00f3 oficialmente el sencillo Locos por ti, basada en 2 Corintios 5:13: \u201cPorque si estamos locos, es para Dios; y si somos cuerdos, es para vosotros\u201d.<\/p>\n<p>El vocalista de la agrupaci\u00f3n musical Nueva Creaci\u00f3n, el pastor Pedro Reyes, expresa que esta producci\u00f3n musical tiene como prop\u00f3sito motivar a todas las personas a no avergonzarse de la Palabra de Dios.<\/p>\n<p>\u201cCreemos que hemos perdido un poco la pasi\u00f3n por las almas en esta nueva generaci\u00f3n de j\u00f3venes\u201d, comenta el pastor Reyes. Adem\u00e1s, expresa que la juventud no deber\u00eda tener miedo de hablar de Dios a donde sea que vayan, pues la Palabra de Dios, es salvaci\u00f3n.<\/p>\n<p>El primer sencillo de Nueva Creaci\u00f3n fue \u201cLo que Necesito\u201d, junto a Ricardo Quinteros y Alex P\u00e9rez y esperan que \u201cLocos por Ti\u201d sea de igual bendici\u00f3n para muchas vidas.<\/p>\n<p><img decoding=\"async\" loading=\"lazy\" class=\"alignnone size-full wp-image-4102\" src=\"https:\/\/laprensacristiana.com\/wp-content\/uploads\/2018\/06\/WhatsApp-Image-2018-06-21-at-11.46.13-AM.jpeg\" alt=\"\" width=\"1280\" height=\"847\" srcset=\"https:\/\/laprensacristiana.com\/wp-content\/uploads\/2018\/06\/WhatsApp-Image-2018-06-21-at-11.46.13-AM.jpeg 1280w, https:\/\/laprensacristiana.com\/wp-content\/uploads\/2018\/06\/WhatsApp-Image-2018-06-21-at-11.46.13-AM-600x397.jpeg 600w, https:\/\/laprensacristiana.com\/wp-content\/uploads\/2018\/06\/WhatsApp-Image-2018-06-21-at-11.46.13-AM-300x199.jpeg 300w, https:\/\/laprensacristiana.com\/wp-content\/uploads\/2018\/06\/WhatsApp-Image-2018-06-21-at-11.46.13-AM-768x508.jpeg 768w, https:\/\/laprensacristiana.com\/wp-content\/uploads\/2018\/06\/WhatsApp-Image-2018-06-21-at-11.46.13-AM-1024x678.jpeg 1024w, https:\/\/laprensacristiana.com\/wp-content\/uploads\/2018\/06\/WhatsApp-Image-2018-06-21-at-11.46.13-AM-696x461.jpeg 696w, https:\/\/laprensacristiana.com\/wp-content\/uploads\/2018\/06\/WhatsApp-Image-2018-06-21-at-11.46.13-AM-1068x707.jpeg 1068w, https:\/\/laprensacristiana.com\/wp-content\/uploads\/2018\/06\/WhatsApp-Image-2018-06-21-at-11.46.13-AM-635x420.jpeg 635w\" sizes=\"(max-width: 1280px) 100vw, 1280px\" \/><\/p>\n<p>El pastor Pedro Reyes, hace una invitaci\u00f3n especial a toda la juventud: \u201cQueremos decirle a esta generaci\u00f3n de j\u00f3venes, que debemos ser locos por Cristo y hablar en cualquier parte de \u00e9l\u201d, a\u00f1adi\u00f3.<\/p>\n<p>El video clip de Locos por Ti, ya est\u00e1 publicado en plataformas digitales de m\u00fasica y video y en las redes sociales de Nueva Creaci\u00f3n.<\/p>\n<p>En redes sociales y en su canal de YouTube los puede encontrar como Nueva Creaci\u00f3n, s\u00edgalos para estar pendiente de la m\u00fasica de esta agrupaci\u00f3n musical cristiana.<\/p>\n<div class=\"youtube-embed\" data-video_id=\"KQIAHRI0hjw\"><iframe loading=\"lazy\" title=\"Locos por ti - Nueva Creaci\u00f3n\" width=\"696\" height=\"392\" src=\"https:\/\/www.youtube.com\/embed\/KQIAHRI0hjw?feature=oembed&#038;enablejsapi=1\" frameborder=\"0\" allow=\"accelerometer; autoplay; encrypted-media; gyroscope; picture-in-picture\" allowfullscreen><\/iframe><\/div>\n","protected":false},"excerpt":{"rendered":"<p>Por: Erika Menjivar Este viernes 22 de junio, se lanz\u00f3 oficialmente el sencillo Locos por ti, basada en 2 Corintios 5:13: \u201cPorque si estamos locos, es para Dios; y si somos cuerdos, es para vosotros\u201d. El vocalista de la agrupaci\u00f3n musical Nueva Creaci\u00f3n, el pastor Pedro Reyes, expresa que esta producci\u00f3n musical tiene como prop\u00f3sito [&hellip;]<\/p>\n","protected":false},"author":3,"featured_media":4103,"comment_status":"open","ping_status":"open","sticky":false,"template":"","format":"standard","meta":[],"categories":[101],"tags":[],"yoast_head":"<!-- This site is optimized with the Yoast SEO plugin v20.8 - https:\/\/yoast.com\/wordpress\/plugins\/seo\/ -->\n<title>El Grupo musical Nueva Creaci\u00f3n lanza \u201cLocos por Ti\u201d - La Prensa Cristiana<\/title>\n<meta name=\"robots\" content=\"index, follow, max-snippet:-1, max-image-preview:large, max-video-preview:-1\" \/>\n<link rel=\"canonical\" href=\"https:\/\/laprensacristiana.com\/?p=4101\" \/>\n<meta property=\"og:locale\" content=\"es_ES\" \/>\n<meta property=\"og:type\" content=\"article\" \/>\n<meta property=\"og:title\" content=\"El Grupo musical Nueva Creaci\u00f3n lanza \u201cLocos por Ti\u201d - La Prensa Cristiana\" \/>\n<meta property=\"og:description\" content=\"Por: Erika Menjivar Este viernes 22 de junio, se lanz\u00f3 oficialmente el sencillo Locos por ti, basada en 2 Corintios 5:13: \u201cPorque si estamos locos, es para Dios; y si somos cuerdos, es para vosotros\u201d. El vocalista de la agrupaci\u00f3n musical Nueva Creaci\u00f3n, el pastor Pedro Reyes, expresa que esta producci\u00f3n musical tiene como prop\u00f3sito [&hellip;]\" \/>\n<meta property=\"og:url\" content=\"https:\/\/laprensacristiana.com\/?p=4101\" \/>\n<meta property=\"og:site_name\" content=\"La Prensa Cristiana\" \/>\n<meta property=\"article:published_time\" content=\"2018-06-23T02:26:51+00:00\" \/>\n<meta property=\"article:modified_time\" content=\"2020-07-01T23:44:16+00:00\" \/>\n<meta property=\"og:image\" content=\"https:\/\/laprensacristiana.com\/wp-content\/uploads\/2018\/06\/35989850_10156529317904540_6522666476229361664_n.jpg\" \/>\n\t<meta property=\"og:image:width\" content=\"960\" \/>\n\t<meta property=\"og:image:height\" content=\"574\" \/>\n\t<meta property=\"og:image:type\" content=\"image\/jpeg\" \/>\n<meta name=\"author\" content=\"EDITOR\" \/>\n<meta name=\"twitter:card\" content=\"summary_large_image\" \/>\n<meta name=\"twitter:label1\" content=\"Escrito por\" \/>\n\t<meta name=\"twitter:data1\" content=\"EDITOR\" \/>\n\t<meta name=\"twitter:label2\" content=\"Tiempo de lectura\" \/>\n\t<meta name=\"twitter:data2\" content=\"1 minuto\" \/>\n<script type=\"application\/ld+json\" class=\"yoast-schema-graph\">{\"@context\":\"https:\/\/schema.org\",\"@graph\":[{\"@type\":\"WebPage\",\"@id\":\"https:\/\/laprensacristiana.com\/?p=4101\",\"url\":\"https:\/\/laprensacristiana.com\/?p=4101\",\"name\":\"El Grupo musical Nueva Creaci\u00f3n lanza \u201cLocos por Ti\u201d - La Prensa Cristiana\",\"isPartOf\":{\"@id\":\"https:\/\/laprensacristiana.com\/#website\"},\"datePublished\":\"2018-06-23T02:26:51+00:00\",\"dateModified\":\"2020-07-01T23:44:16+00:00\",\"author\":{\"@id\":\"https:\/\/laprensacristiana.com\/#\/schema\/person\/3e7d82c6bfd6b1fa67010f8f7cd5256e\"},\"breadcrumb\":{\"@id\":\"https:\/\/laprensacristiana.com\/?p=4101#breadcrumb\"},\"inLanguage\":\"es\",\"potentialAction\":[{\"@type\":\"ReadAction\",\"target\":[\"https:\/\/laprensacristiana.com\/?p=4101\"]}]},{\"@type\":\"BreadcrumbList\",\"@id\":\"https:\/\/laprensacristiana.com\/?p=4101#breadcrumb\",\"itemListElement\":[{\"@type\":\"ListItem\",\"position\":1,\"name\":\"Portada\",\"item\":\"https:\/\/laprensacristiana.com\/\"},{\"@type\":\"ListItem\",\"position\":2,\"name\":\"El Grupo musical Nueva Creaci\u00f3n lanza \u201cLocos por Ti\u201d\"}]},{\"@type\":\"WebSite\",\"@id\":\"https:\/\/laprensacristiana.com\/#website\",\"url\":\"https:\/\/laprensacristiana.com\/\",\"name\":\"La Prensa Cristiana\",\"description\":\"Anunciando Las Buenas Nuevas\",\"potentialAction\":[{\"@type\":\"SearchAction\",\"target\":{\"@type\":\"EntryPoint\",\"urlTemplate\":\"https:\/\/laprensacristiana.com\/?s={search_term_string}\"},\"query-input\":\"required name=search_term_string\"}],\"inLanguage\":\"es\"},{\"@type\":\"Person\",\"@id\":\"https:\/\/laprensacristiana.com\/#\/schema\/person\/3e7d82c6bfd6b1fa67010f8f7cd5256e\",\"name\":\"EDITOR\",\"image\":{\"@type\":\"ImageObject\",\"inLanguage\":\"es\",\"@id\":\"https:\/\/laprensacristiana.com\/#\/schema\/person\/image\/\",\"url\":\"https:\/\/secure.gravatar.com\/avatar\/72069dfb6c13772d9e8381e3638666d2?s=96&d=mm&r=g\",\"contentUrl\":\"https:\/\/secure.gravatar.com\/avatar\/72069dfb6c13772d9e8381e3638666d2?s=96&d=mm&r=g\",\"caption\":\"EDITOR\"},\"url\":\"https:\/\/laprensacristiana.com\/?author=3\"}]}<\/script>\n<!-- \/ Yoast SEO plugin. -->","yoast_head_json":{"title":"El Grupo musical Nueva Creaci\u00f3n lanza \u201cLocos por Ti\u201d - La Prensa Cristiana","robots":{"index":"index","follow":"follow","max-snippet":"max-snippet:-1","max-image-preview":"max-image-preview:large","max-video-preview":"max-video-preview:-1"},"canonical":"https:\/\/laprensacristiana.com\/?p=4101","og_locale":"es_ES","og_type":"article","og_title":"El Grupo musical Nueva Creaci\u00f3n lanza \u201cLocos por Ti\u201d - La Prensa Cristiana","og_description":"Por: Erika Menjivar Este viernes 22 de junio, se lanz\u00f3 oficialmente el sencillo Locos por ti, basada en 2 Corintios 5:13: \u201cPorque si estamos locos, es para Dios; y si somos cuerdos, es para vosotros\u201d. El vocalista de la agrupaci\u00f3n musical Nueva Creaci\u00f3n, el pastor Pedro Reyes, expresa que esta producci\u00f3n musical tiene como prop\u00f3sito [&hellip;]","og_url":"https:\/\/laprensacristiana.com\/?p=4101","og_site_name":"La Prensa Cristiana","article_published_time":"2018-06-23T02:26:51+00:00","article_modified_time":"2020-07-01T23:44:16+00:00","og_image":[{"width":960,"height":574,"url":"https:\/\/laprensacristiana.com\/wp-content\/uploads\/2018\/06\/35989850_10156529317904540_6522666476229361664_n.jpg","type":"image\/jpeg"}],"author":"EDITOR","twitter_card":"summary_large_image","twitter_misc":{"Escrito por":"EDITOR","Tiempo de lectura":"1 minuto"},"schema":{"@context":"https:\/\/schema.org","@graph":[{"@type":"WebPage","@id":"https:\/\/laprensacristiana.com\/?p=4101","url":"https:\/\/laprensacristiana.com\/?p=4101","name":"El Grupo musical Nueva Creaci\u00f3n lanza \u201cLocos por Ti\u201d - La Prensa Cristiana","isPartOf":{"@id":"https:\/\/laprensacristiana.com\/#website"},"datePublished":"2018-06-23T02:26:51+00:00","dateModified":"2020-07-01T23:44:16+00:00","author":{"@id":"https:\/\/laprensacristiana.com\/#\/schema\/person\/3e7d82c6bfd6b1fa67010f8f7cd5256e"},"breadcrumb":{"@id":"https:\/\/laprensacristiana.com\/?p=4101#breadcrumb"},"inLanguage":"es","potentialAction":[{"@type":"ReadAction","target":["https:\/\/laprensacristiana.com\/?p=4101"]}]},{"@type":"BreadcrumbList","@id":"https:\/\/laprensacristiana.com\/?p=4101#breadcrumb","itemListElement":[{"@type":"ListItem","position":1,"name":"Portada","item":"https:\/\/laprensacristiana.com\/"},{"@type":"ListItem","position":2,"name":"El Grupo musical Nueva Creaci\u00f3n lanza \u201cLocos por Ti\u201d"}]},{"@type":"WebSite","@id":"https:\/\/laprensacristiana.com\/#website","url":"https:\/\/laprensacristiana.com\/","name":"La Prensa Cristiana","description":"Anunciando Las Buenas Nuevas","potentialAction":[{"@type":"SearchAction","target":{"@type":"EntryPoint","urlTemplate":"https:\/\/laprensacristiana.com\/?s={search_term_string}"},"query-input":"required name=search_term_string"}],"inLanguage":"es"},{"@type":"Person","@id":"https:\/\/laprensacristiana.com\/#\/schema\/person\/3e7d82c6bfd6b1fa67010f8f7cd5256e","name":"EDITOR","image":{"@type":"ImageObject","inLanguage":"es","@id":"https:\/\/laprensacristiana.com\/#\/schema\/person\/image\/","url":"https:\/\/secure.gravatar.com\/avatar\/72069dfb6c13772d9e8381e3638666d2?s=96&d=mm&r=g","contentUrl":"https:\/\/secure.gravatar.com\/avatar\/72069dfb6c13772d9e8381e3638666d2?s=96&d=mm&r=g","caption":"EDITOR"},"url":"https:\/\/laprensacristiana.com\/?author=3"}]}},"_links":{"self":[{"href":"https:\/\/laprensacristiana.com\/index.php?rest_route=\/wp\/v2\/posts\/4101"}],"collection":[{"href":"https:\/\/laprensacristiana.com\/index.php?rest_route=\/wp\/v2\/posts"}],"about":[{"href":"https:\/\/laprensacristiana.com\/index.php?rest_route=\/wp\/v2\/types\/post"}],"author":[{"embeddable":true,"href":"https:\/\/laprensacristiana.com\/index.php?rest_route=\/wp\/v2\/users\/3"}],"replies":[{"embeddable":true,"href":"https:\/\/laprensacristiana.com\/index.php?rest_route=%2Fwp%2Fv2%2Fcomments&post=4101"}],"version-history":[{"count":2,"href":"https:\/\/laprensacristiana.com\/index.php?rest_route=\/wp\/v2\/posts\/4101\/revisions"}],"predecessor-version":[{"id":4105,"href":"https:\/\/laprensacristiana.com\/index.php?rest_route=\/wp\/v2\/posts\/4101\/revisions\/4105"}],"wp:featuredmedia":[{"embeddable":true,"href":"https:\/\/laprensacristiana.com\/index.php?rest_route=\/wp\/v2\/media\/4103"}],"wp:attachment":[{"href":"https:\/\/laprensacristiana.com\/index.php?rest_route=%2Fwp%2Fv2%2Fmedia&parent=4101"}],"wp:term":[{"taxonomy":"category","embeddable":true,"href":"https:\/\/laprensacristiana.com\/index.php?rest_route=%2Fwp%2Fv2%2Fcategories&post=4101"},{"taxonomy":"post_tag","embeddable":true,"href":"https:\/\/laprensacristiana.com\/index.php?rest_route=%2Fwp%2Fv2%2Ftags&post=4101"}],"curies":[{"name":"wp","href":"https:\/\/api.w.org\/{rel}","templated":true}]}}