{"id":4109,"date":"2018-06-25T16:57:36","date_gmt":"2018-06-25T16:57:36","guid":{"rendered":"https:\/\/laprensacristiana.com\/?p=4109"},"modified":"2020-07-01T23:43:57","modified_gmt":"2020-07-01T23:43:57","slug":"cantantes-cristianos-se-unen-y-lanzan-todos-por-el-salvador","status":"publish","type":"post","link":"https:\/\/laprensacristiana.com\/?p=4109","title":{"rendered":"Cantantes cristianos se unen y lanzan \u201cTodos por El Salvador\u201d"},"content":{"rendered":"<p><strong>Por: Erika Menjivar <\/strong><\/p>\n<p>Se estrena el sencillo denominado: \u201cTodos por El Salvador\u201d interpretado por diferentes cantantes cristianos salvadore\u00f1os con el prop\u00f3sito de estimular a la Iglesia a la unidad en Cristo y la b\u00fasqueda del Reino.<\/p>\n<p>Comenta el cantante, Ricardo Quinteros, que hab\u00edan tenido el deseo de hacer algo juntos como adoradores salvadore\u00f1os y fue hasta que el hrno. Carlos Ballesteros que contact\u00f3 a uno por uno, quien hab\u00eda tenido la idea de grabar \u201cTodos por Honduras\u201d, y as\u00ed de todos los pa\u00edses centroamericanos, esto fue una trabajo en unidad y con prop\u00f3sito espiritual.<\/p>\n<p>Los artistas que se hicieron parte en este proyecto musical son: Ricardo Quinteros, Gabby Chac\u00f3n, Bianca Palacios, V\u00edctor Hern\u00e1ndez, Pedro Reyes, Luis e Ingrid D\u00edaz (GDS Band), Carlos Ballesteros, Stefannie Ram\u00edrez, Antonio S\u00e1nchez, William Paname\u00f1o, Romy Jovel, Marianella Arru\u00e9, Anny V\u00e1squez, Joel Olivares, David Gonz\u00e1lez, Edward Aparicio, Jonathan Rivera, Alex y Geraldine Navas, Pablo Rosales, William Zetino, Luis Gerardo Aquino, Karlos Valle, Sa\u00fal Valle, Douglas Fern\u00e1ndez, Alex P\u00e9rez, Joel Ruano, Marina Jesenia, Abraham Reyes e Isabela Rodr\u00edguez.<\/p>\n<p>Adem\u00e1s, el coro estuvo dirigido por IDDO, en la bater\u00eda; Jonathan Tamacas, en el bajo; Marco Carranza, Guitarras; Kevin Mundarain en los teclados; Tito Mart\u00ednez. La producci\u00f3n y edici\u00f3n de esta producci\u00f3n musical fue desarrollada por Tito Mart\u00ednez en Genuino Estudios.<\/p>\n<p>\u201cEsperamos que esta sea una herramienta que estimule a la Iglesia a la uni\u00f3n en Cristo y hacer una invitaci\u00f3n a la oraci\u00f3n y b\u00fasqueda del Reino de Dios como soluci\u00f3n a los problemas de nuestra Naci\u00f3n\u201d, expres\u00f3 Ricardo Quinteros.<\/p>\n<p>Expresa tambi\u00e9n, que con este material esperan alcanzar muchas vidas nacional e internacionalmente, y como se\u00f1ala la Palabra en Juan 17:22-23: \u201cLes he dado la gloria que t\u00fa me diste, para que sean uno. Yo estoy en ellos, y t\u00fa est\u00e1s en m\u00ed.\u201d<\/p>\n<p>\u201cAs\u00ed mismo, esto se convierte en una invitaci\u00f3n a una constante intercesi\u00f3n de todos por El Salvador entendiendo que la \u00fanica soluci\u00f3n se encuentra cuando nos rendimos todos por El Salvador, Jesucristo\u201d, a\u00f1adi\u00f3.<\/p>\n<div class=\"youtube-embed\" data-video_id=\"fhrg4bqHcjY\"><iframe loading=\"lazy\" title=\"Todos Por El Salvador Video Oficial\" width=\"696\" height=\"392\" src=\"https:\/\/www.youtube.com\/embed\/fhrg4bqHcjY?feature=oembed&#038;enablejsapi=1\" frameborder=\"0\" allow=\"accelerometer; autoplay; encrypted-media; gyroscope; picture-in-picture\" allowfullscreen><\/iframe><\/div>\n","protected":false},"excerpt":{"rendered":"<p>Por: Erika Menjivar Se estrena el sencillo denominado: \u201cTodos por El Salvador\u201d interpretado por diferentes cantantes cristianos salvadore\u00f1os con el prop\u00f3sito de estimular a la Iglesia a la unidad en Cristo y la b\u00fasqueda del Reino. Comenta el cantante, Ricardo Quinteros, que hab\u00edan tenido el deseo de hacer algo juntos como adoradores salvadore\u00f1os y fue [&hellip;]<\/p>\n","protected":false},"author":3,"featured_media":4110,"comment_status":"open","ping_status":"open","sticky":false,"template":"","format":"standard","meta":[],"categories":[101],"tags":[],"yoast_head":"<!-- This site is optimized with the Yoast SEO plugin v20.8 - https:\/\/yoast.com\/wordpress\/plugins\/seo\/ -->\n<title>Cantantes cristianos se unen y lanzan \u201cTodos por El Salvador\u201d - La Prensa Cristiana<\/title>\n<meta name=\"robots\" content=\"index, follow, max-snippet:-1, max-image-preview:large, max-video-preview:-1\" \/>\n<link rel=\"canonical\" href=\"https:\/\/laprensacristiana.com\/?p=4109\" \/>\n<meta property=\"og:locale\" content=\"es_ES\" \/>\n<meta property=\"og:type\" content=\"article\" \/>\n<meta property=\"og:title\" content=\"Cantantes cristianos se unen y lanzan \u201cTodos por El Salvador\u201d - La Prensa Cristiana\" \/>\n<meta property=\"og:description\" content=\"Por: Erika Menjivar Se estrena el sencillo denominado: \u201cTodos por El Salvador\u201d interpretado por diferentes cantantes cristianos salvadore\u00f1os con el prop\u00f3sito de estimular a la Iglesia a la unidad en Cristo y la b\u00fasqueda del Reino. Comenta el cantante, Ricardo Quinteros, que hab\u00edan tenido el deseo de hacer algo juntos como adoradores salvadore\u00f1os y fue [&hellip;]\" \/>\n<meta property=\"og:url\" content=\"https:\/\/laprensacristiana.com\/?p=4109\" \/>\n<meta property=\"og:site_name\" content=\"La Prensa Cristiana\" \/>\n<meta property=\"article:published_time\" content=\"2018-06-25T16:57:36+00:00\" \/>\n<meta property=\"article:modified_time\" content=\"2020-07-01T23:43:57+00:00\" \/>\n<meta property=\"og:image\" content=\"https:\/\/laprensacristiana.com\/wp-content\/uploads\/2018\/06\/hhhh.png\" \/>\n\t<meta property=\"og:image:width\" content=\"851\" \/>\n\t<meta property=\"og:image:height\" content=\"360\" \/>\n\t<meta property=\"og:image:type\" content=\"image\/png\" \/>\n<meta name=\"author\" content=\"EDITOR\" \/>\n<meta name=\"twitter:card\" content=\"summary_large_image\" \/>\n<meta name=\"twitter:label1\" content=\"Escrito por\" \/>\n\t<meta name=\"twitter:data1\" content=\"EDITOR\" \/>\n\t<meta name=\"twitter:label2\" content=\"Tiempo de lectura\" \/>\n\t<meta name=\"twitter:data2\" content=\"2 minutos\" \/>\n<script type=\"application\/ld+json\" class=\"yoast-schema-graph\">{\"@context\":\"https:\/\/schema.org\",\"@graph\":[{\"@type\":\"WebPage\",\"@id\":\"https:\/\/laprensacristiana.com\/?p=4109\",\"url\":\"https:\/\/laprensacristiana.com\/?p=4109\",\"name\":\"Cantantes cristianos se unen y lanzan \u201cTodos por El Salvador\u201d - La Prensa Cristiana\",\"isPartOf\":{\"@id\":\"https:\/\/laprensacristiana.com\/#website\"},\"datePublished\":\"2018-06-25T16:57:36+00:00\",\"dateModified\":\"2020-07-01T23:43:57+00:00\",\"author\":{\"@id\":\"https:\/\/laprensacristiana.com\/#\/schema\/person\/3e7d82c6bfd6b1fa67010f8f7cd5256e\"},\"breadcrumb\":{\"@id\":\"https:\/\/laprensacristiana.com\/?p=4109#breadcrumb\"},\"inLanguage\":\"es\",\"potentialAction\":[{\"@type\":\"ReadAction\",\"target\":[\"https:\/\/laprensacristiana.com\/?p=4109\"]}]},{\"@type\":\"BreadcrumbList\",\"@id\":\"https:\/\/laprensacristiana.com\/?p=4109#breadcrumb\",\"itemListElement\":[{\"@type\":\"ListItem\",\"position\":1,\"name\":\"Portada\",\"item\":\"https:\/\/laprensacristiana.com\/\"},{\"@type\":\"ListItem\",\"position\":2,\"name\":\"Cantantes cristianos se unen y lanzan \u201cTodos por El Salvador\u201d\"}]},{\"@type\":\"WebSite\",\"@id\":\"https:\/\/laprensacristiana.com\/#website\",\"url\":\"https:\/\/laprensacristiana.com\/\",\"name\":\"La Prensa Cristiana\",\"description\":\"Anunciando Las Buenas Nuevas\",\"potentialAction\":[{\"@type\":\"SearchAction\",\"target\":{\"@type\":\"EntryPoint\",\"urlTemplate\":\"https:\/\/laprensacristiana.com\/?s={search_term_string}\"},\"query-input\":\"required name=search_term_string\"}],\"inLanguage\":\"es\"},{\"@type\":\"Person\",\"@id\":\"https:\/\/laprensacristiana.com\/#\/schema\/person\/3e7d82c6bfd6b1fa67010f8f7cd5256e\",\"name\":\"EDITOR\",\"image\":{\"@type\":\"ImageObject\",\"inLanguage\":\"es\",\"@id\":\"https:\/\/laprensacristiana.com\/#\/schema\/person\/image\/\",\"url\":\"https:\/\/secure.gravatar.com\/avatar\/72069dfb6c13772d9e8381e3638666d2?s=96&d=mm&r=g\",\"contentUrl\":\"https:\/\/secure.gravatar.com\/avatar\/72069dfb6c13772d9e8381e3638666d2?s=96&d=mm&r=g\",\"caption\":\"EDITOR\"},\"url\":\"https:\/\/laprensacristiana.com\/?author=3\"}]}<\/script>\n<!-- \/ Yoast SEO plugin. -->","yoast_head_json":{"title":"Cantantes cristianos se unen y lanzan \u201cTodos por El Salvador\u201d - La Prensa Cristiana","robots":{"index":"index","follow":"follow","max-snippet":"max-snippet:-1","max-image-preview":"max-image-preview:large","max-video-preview":"max-video-preview:-1"},"canonical":"https:\/\/laprensacristiana.com\/?p=4109","og_locale":"es_ES","og_type":"article","og_title":"Cantantes cristianos se unen y lanzan \u201cTodos por El Salvador\u201d - La Prensa Cristiana","og_description":"Por: Erika Menjivar Se estrena el sencillo denominado: \u201cTodos por El Salvador\u201d interpretado por diferentes cantantes cristianos salvadore\u00f1os con el prop\u00f3sito de estimular a la Iglesia a la unidad en Cristo y la b\u00fasqueda del Reino. Comenta el cantante, Ricardo Quinteros, que hab\u00edan tenido el deseo de hacer algo juntos como adoradores salvadore\u00f1os y fue [&hellip;]","og_url":"https:\/\/laprensacristiana.com\/?p=4109","og_site_name":"La Prensa Cristiana","article_published_time":"2018-06-25T16:57:36+00:00","article_modified_time":"2020-07-01T23:43:57+00:00","og_image":[{"width":851,"height":360,"url":"https:\/\/laprensacristiana.com\/wp-content\/uploads\/2018\/06\/hhhh.png","type":"image\/png"}],"author":"EDITOR","twitter_card":"summary_large_image","twitter_misc":{"Escrito por":"EDITOR","Tiempo de lectura":"2 minutos"},"schema":{"@context":"https:\/\/schema.org","@graph":[{"@type":"WebPage","@id":"https:\/\/laprensacristiana.com\/?p=4109","url":"https:\/\/laprensacristiana.com\/?p=4109","name":"Cantantes cristianos se unen y lanzan \u201cTodos por El Salvador\u201d - La Prensa Cristiana","isPartOf":{"@id":"https:\/\/laprensacristiana.com\/#website"},"datePublished":"2018-06-25T16:57:36+00:00","dateModified":"2020-07-01T23:43:57+00:00","author":{"@id":"https:\/\/laprensacristiana.com\/#\/schema\/person\/3e7d82c6bfd6b1fa67010f8f7cd5256e"},"breadcrumb":{"@id":"https:\/\/laprensacristiana.com\/?p=4109#breadcrumb"},"inLanguage":"es","potentialAction":[{"@type":"ReadAction","target":["https:\/\/laprensacristiana.com\/?p=4109"]}]},{"@type":"BreadcrumbList","@id":"https:\/\/laprensacristiana.com\/?p=4109#breadcrumb","itemListElement":[{"@type":"ListItem","position":1,"name":"Portada","item":"https:\/\/laprensacristiana.com\/"},{"@type":"ListItem","position":2,"name":"Cantantes cristianos se unen y lanzan \u201cTodos por El Salvador\u201d"}]},{"@type":"WebSite","@id":"https:\/\/laprensacristiana.com\/#website","url":"https:\/\/laprensacristiana.com\/","name":"La Prensa Cristiana","description":"Anunciando Las Buenas Nuevas","potentialAction":[{"@type":"SearchAction","target":{"@type":"EntryPoint","urlTemplate":"https:\/\/laprensacristiana.com\/?s={search_term_string}"},"query-input":"required name=search_term_string"}],"inLanguage":"es"},{"@type":"Person","@id":"https:\/\/laprensacristiana.com\/#\/schema\/person\/3e7d82c6bfd6b1fa67010f8f7cd5256e","name":"EDITOR","image":{"@type":"ImageObject","inLanguage":"es","@id":"https:\/\/laprensacristiana.com\/#\/schema\/person\/image\/","url":"https:\/\/secure.gravatar.com\/avatar\/72069dfb6c13772d9e8381e3638666d2?s=96&d=mm&r=g","contentUrl":"https:\/\/secure.gravatar.com\/avatar\/72069dfb6c13772d9e8381e3638666d2?s=96&d=mm&r=g","caption":"EDITOR"},"url":"https:\/\/laprensacristiana.com\/?author=3"}]}},"_links":{"self":[{"href":"https:\/\/laprensacristiana.com\/index.php?rest_route=\/wp\/v2\/posts\/4109"}],"collection":[{"href":"https:\/\/laprensacristiana.com\/index.php?rest_route=\/wp\/v2\/posts"}],"about":[{"href":"https:\/\/laprensacristiana.com\/index.php?rest_route=\/wp\/v2\/types\/post"}],"author":[{"embeddable":true,"href":"https:\/\/laprensacristiana.com\/index.php?rest_route=\/wp\/v2\/users\/3"}],"replies":[{"embeddable":true,"href":"https:\/\/laprensacristiana.com\/index.php?rest_route=%2Fwp%2Fv2%2Fcomments&post=4109"}],"version-history":[{"count":2,"href":"https:\/\/laprensacristiana.com\/index.php?rest_route=\/wp\/v2\/posts\/4109\/revisions"}],"predecessor-version":[{"id":4113,"href":"https:\/\/laprensacristiana.com\/index.php?rest_route=\/wp\/v2\/posts\/4109\/revisions\/4113"}],"wp:featuredmedia":[{"embeddable":true,"href":"https:\/\/laprensacristiana.com\/index.php?rest_route=\/wp\/v2\/media\/4110"}],"wp:attachment":[{"href":"https:\/\/laprensacristiana.com\/index.php?rest_route=%2Fwp%2Fv2%2Fmedia&parent=4109"}],"wp:term":[{"taxonomy":"category","embeddable":true,"href":"https:\/\/laprensacristiana.com\/index.php?rest_route=%2Fwp%2Fv2%2Fcategories&post=4109"},{"taxonomy":"post_tag","embeddable":true,"href":"https:\/\/laprensacristiana.com\/index.php?rest_route=%2Fwp%2Fv2%2Ftags&post=4109"}],"curies":[{"name":"wp","href":"https:\/\/api.w.org\/{rel}","templated":true}]}}