{"id":4136,"date":"2018-07-01T17:01:26","date_gmt":"2018-07-01T17:01:26","guid":{"rendered":"https:\/\/laprensacristiana.com\/?p=4136"},"modified":"2018-07-01T17:01:26","modified_gmt":"2018-07-01T17:01:26","slug":"fundamentos-perdidos","status":"publish","type":"post","link":"https:\/\/laprensacristiana.com\/?p=4136","title":{"rendered":"FUNDAMENTOS PERDIDOS"},"content":{"rendered":"<p>Salmos 11:3 \u201cSi los fundamentos son destruidos; \u00bfqu\u00e9 puede hacer el justo?\u201d<\/p>\n<p>Oseas 4:6b \u201ccomo has olvidado la ley de tu Dios,\u00a0yo tambi\u00e9n me olvidar\u00e9 de tus hijos\u201d<\/p>\n<p>Bueno, vamos a ser sinceros. No tratemos de tapar el sol con un dedo porque la causa de todo el engranaje desordenado que tenemos hoy en d\u00eca en nuestras calles, ciudades e iglesias, es debido a que el pueblo a olvidado la ley de Dios.<\/p>\n<p>Es cierto, vamos a la iglesia. Cantamos coros a toda garganta, aplaudimos hasta que nos salen ampollas en las palmas de las manos y hacemos todo el ritual evang\u00e9lico para aquietar nuestras conciencias\u2026 Pero las cosas no cambian. Nuestros j\u00f3venes cada vez m\u00e1s se entregan a sus placeres, a sus reuniones blasfemas jugando a la iglesita y al culto cada s\u00e1bado. Todo ante la vista tolerante de pastores que los dejan hacer lo que quieren y los padres que se sienten contentos con que sus hijos est\u00e9n en el culto. \u00bfA quien? A sus estrellas del mundial, a sus m\u00fasicos preferidos, a sus deleites vanidosos.<\/p>\n<p>Parezco aguafiestas pero lo que estoy tratando de dejar en este escrito es que mientras los padres no obedezcan la Palabra del Se\u00f1or funcionando en sus roles como es debido, los muchachos no har\u00e1n lo que les toca hacer. Ya lo dijo la Palabra: \u201cNada hace el hijo sino lo que ve hacer al padre\u201d. Es curioso que no dice que no hace nada sino lo que ve hacer al pastor o al l\u00edder de j\u00f3venes o a las hermanitas de la congregaci\u00f3n o a los diputados. Es el padre el que marca la pauta. Ya lo escrib\u00ed anteriormente y lo vuelvo a repetir.<\/p>\n<p>No hay nada m\u00e1s c\u00f3modo para un padre que quitarse de encima esa responsabilidad. Por lo tanto le provee a sus hijos cualquier cosa que los distraiga para que no molesten al se\u00f1or de la casa que llega cansado de tanto trabajar, olvidando que su verdadero trabajo es cuidar la Presencia de Dios en su hogar. Es vigilar a sus hijos, ense\u00f1arles buenos modales para que cuando salgan a la calle no lo averg\u00fcencen con sus conductas malcriadas. El verdadero trabajo de todo hombre es ser padre, no solo progenitor. Ser padre significa pastorear, cuidar, alimentar, vigilar, ense\u00f1ar y aconsejar entre otras cosas. Ser padre es ser modelo. Que cuando sus hijos le pregunten como es Dios, que pueda responder gallardamente \u201ccomo yo, hijo\u201d.<\/p>\n<p>Pero el error m\u00e1s com\u00fan que se comete, es que el padre o ambos, lo inscriben en un \u201cbuen\u201d colegio para que sea all\u00ed en donde lo eduquen. Y no saben que los mismos maestros tienen hijos con quienes lidiar y que no se les paga para que cumplan el papel que solamente a los padres les corresponde. Los maestros ense\u00f1an a leer y escribir, los padres ense\u00f1an los principios de la moral y las buenas costumbres. Siempre he dicho que cuando un ni\u00f1o va al k\u00ednder, ya debe ir ense\u00f1ado a obedecer, a decir muy bien, a ponerse de pie cuando entra la maestra a clase, a decir que manda cuando se le llama. Ya tiene que ir instruido desde su hogar a permanecer sentado escuchando a sus maestros porque aprendi\u00f3 en su casa a escuchar a sus padres.<\/p>\n<p>Hoy estamos viendo un fracaso total en la formaci\u00f3n de nuestra juventud. La falta de educaci\u00f3n, de moral y de buenas costumbres es el virus que est\u00e1 destruyendo los fundamentos familiares y sociales. Los fundamentos que puso Dios para la familia han sido removidos para que los ni\u00f1os \u201cno se traumen\u201d y los han dejado a su libre albedr\u00edo sin darse cuenta que un ni\u00f1o pide a gritos que se le ense\u00f1e y se le corrija con el amor que solo sus padres le pueden dar.<\/p>\n<p>Y muchos de ellos est\u00e1n en la Iglesia de Cristo. Listos para ser admitidos en su momento en los institutos teol\u00f3gicos de cada congregaci\u00f3n. La pregunta del mill\u00f3n que brota ante esta situaci\u00f3n es: \u00bfQu\u00e8 clase de pastores ser\u00e1n los que egresen de esta generaci\u00f3n? \u00bfPastores a la moda? \u00bfPelo largo, tatuajes, pantalones rotos, zapatos tenis, amantes de los placeres mundanos? Si, ya s\u00e9 que alguien estar\u00e1 acus\u00e1ndome de legalista. Pero si leemos bien la Biblia que debe ser el manual de moral y buenas costumbres debemos averiguar por qu\u00e9 el Se\u00f1or invirti\u00f3 tanto tiempo en ordenar las ropas sacerdotales. Por qu\u00e9 exigi\u00f3 que todo aquel que quiera entrar ante su Presencia lo har\u00e1 vestido de tal o cual forma. Pero esos fundamentos ya se olvidaron. Se removieron. Se quitaron de las p\u00e1ginas sagradas para poner un nuevo fundamento basado en conceptos humanos. Con raz\u00f3n Dios se ha olvidado de nuestros hijos como dice el profeta. Es asombrosa la cantidad de j\u00f3venes que se est\u00e1n muriendo en nuestro pa\u00ecs. Y son j\u00f3venes cristianos. J\u00f3venes que han estado dirigiendo cultos en la congregaci\u00f3n. Se\u00f1oritas que han sido maestras de escuela dominical y miembros de los grupos de alabanza.<\/p>\n<p>\u00bfPor qu\u00e9 est\u00e1n siendo muertos en las calles de los pasajes de muchas colonias? \u00bfPor qu\u00e8 hay tantos padres llorando la muerte de sus hijos? \u00bfQui\u00e9n ha provocado este caos? No. No preguntemos por quien doblan las campanas. Los culpables somos los pastores, padres espirituales de la juventud que nos escuchan y nos observan. Son los padres que no est\u00e1n cumpliendo su obligaci\u00f3n ante sus hijos y su Dios. Si usted se olvida de la Palabra de Dios, prep\u00e1rese: Dios se olvidara de sus hijos. Punto.<\/p>\n<p>Me llam\u00f3 la atenci\u00f3n la noticia que le\u00ed en un diario. Le transcribo a continuaci\u00f3n lo que hizo este presidente y que pueda servir para ense\u00f1arle a nuestros j\u00f3venes como dirigirse a sus mayores: Y cito:<\/p>\n<p>Par\u00eds (AFP).- \u00abA m\u00ed me llamas se\u00f1or Presidente o se\u00f1or\u00bb, le dijo el mandatario franc\u00e9s Emmanuel Macron a un adolescente que lo salud\u00f3 con un informal: \u00ab\u00bfQu\u00e9 tal Manu?\u00bb Ante ese comentario, el presidente respondi\u00f3: \u00abEst\u00e1s en una ceremonia oficial, comportate como se debe. Pod\u00e9s hacerte el tonto pero hoy es La Marsellesa [himno franc\u00e9s] y el Canto de los Partisanos [himno de la Resistencia francesa durante la ocupaci\u00f3n alemana]. Me llamas se\u00f1or Presidente de la Rep\u00fablica o se\u00f1or, \u00bfde acuerdo?\u201d. \u00abDe acuerdo, se\u00f1or\u00bb, respondi\u00f3 el estudiante\u201d (fin de la cita).<\/p>\n<p>\u00bfEra necesario que un Presidente corrigiera lo que un padre debi\u00f3 haber ense\u00f1ado?<\/p>\n<p>Juzgue usted\u2026<\/p>\n<p>&nbsp;<\/p>\n","protected":false},"excerpt":{"rendered":"<p>Salmos 11:3 \u201cSi los fundamentos son destruidos; \u00bfqu\u00e9 puede hacer el justo?\u201d Oseas 4:6b \u201ccomo has olvidado la ley de tu Dios,\u00a0yo tambi\u00e9n me olvidar\u00e9 de tus hijos\u201d Bueno, vamos a ser sinceros. No tratemos de tapar el sol con un dedo porque la causa de todo el engranaje desordenado que tenemos hoy en d\u00eca [&hellip;]<\/p>\n","protected":false},"author":3,"featured_media":3311,"comment_status":"open","ping_status":"open","sticky":false,"template":"","format":"standard","meta":[],"categories":[36],"tags":[],"yoast_head":"<!-- This site is optimized with the Yoast SEO plugin v20.8 - https:\/\/yoast.com\/wordpress\/plugins\/seo\/ -->\n<title>FUNDAMENTOS PERDIDOS - La Prensa Cristiana<\/title>\n<meta name=\"robots\" content=\"index, follow, max-snippet:-1, max-image-preview:large, max-video-preview:-1\" \/>\n<link rel=\"canonical\" href=\"https:\/\/laprensacristiana.com\/?p=4136\" \/>\n<meta property=\"og:locale\" content=\"es_ES\" \/>\n<meta property=\"og:type\" content=\"article\" \/>\n<meta property=\"og:title\" content=\"FUNDAMENTOS PERDIDOS - La Prensa Cristiana\" \/>\n<meta property=\"og:description\" content=\"Salmos 11:3 \u201cSi los fundamentos son destruidos; \u00bfqu\u00e9 puede hacer el justo?\u201d Oseas 4:6b \u201ccomo has olvidado la ley de tu Dios,\u00a0yo tambi\u00e9n me olvidar\u00e9 de tus hijos\u201d Bueno, vamos a ser sinceros. No tratemos de tapar el sol con un dedo porque la causa de todo el engranaje desordenado que tenemos hoy en d\u00eca [&hellip;]\" \/>\n<meta property=\"og:url\" content=\"https:\/\/laprensacristiana.com\/?p=4136\" \/>\n<meta property=\"og:site_name\" content=\"La Prensa Cristiana\" \/>\n<meta property=\"article:published_time\" content=\"2018-07-01T17:01:26+00:00\" \/>\n<meta property=\"og:image\" content=\"https:\/\/laprensacristiana.com\/wp-content\/uploads\/2017\/11\/2017-11-23-PHOTO-00003245.jpg\" \/>\n\t<meta property=\"og:image:width\" content=\"1280\" \/>\n\t<meta property=\"og:image:height\" content=\"714\" \/>\n\t<meta property=\"og:image:type\" content=\"image\/jpeg\" \/>\n<meta name=\"author\" content=\"EDITOR\" \/>\n<meta name=\"twitter:card\" content=\"summary_large_image\" \/>\n<meta name=\"twitter:label1\" content=\"Escrito por\" \/>\n\t<meta name=\"twitter:data1\" content=\"EDITOR\" \/>\n\t<meta name=\"twitter:label2\" content=\"Tiempo de lectura\" \/>\n\t<meta name=\"twitter:data2\" content=\"6 minutos\" \/>\n<script type=\"application\/ld+json\" class=\"yoast-schema-graph\">{\"@context\":\"https:\/\/schema.org\",\"@graph\":[{\"@type\":\"WebPage\",\"@id\":\"https:\/\/laprensacristiana.com\/?p=4136\",\"url\":\"https:\/\/laprensacristiana.com\/?p=4136\",\"name\":\"FUNDAMENTOS PERDIDOS - La Prensa Cristiana\",\"isPartOf\":{\"@id\":\"https:\/\/laprensacristiana.com\/#website\"},\"datePublished\":\"2018-07-01T17:01:26+00:00\",\"dateModified\":\"2018-07-01T17:01:26+00:00\",\"author\":{\"@id\":\"https:\/\/laprensacristiana.com\/#\/schema\/person\/3e7d82c6bfd6b1fa67010f8f7cd5256e\"},\"breadcrumb\":{\"@id\":\"https:\/\/laprensacristiana.com\/?p=4136#breadcrumb\"},\"inLanguage\":\"es\",\"potentialAction\":[{\"@type\":\"ReadAction\",\"target\":[\"https:\/\/laprensacristiana.com\/?p=4136\"]}]},{\"@type\":\"BreadcrumbList\",\"@id\":\"https:\/\/laprensacristiana.com\/?p=4136#breadcrumb\",\"itemListElement\":[{\"@type\":\"ListItem\",\"position\":1,\"name\":\"Portada\",\"item\":\"https:\/\/laprensacristiana.com\/\"},{\"@type\":\"ListItem\",\"position\":2,\"name\":\"FUNDAMENTOS PERDIDOS\"}]},{\"@type\":\"WebSite\",\"@id\":\"https:\/\/laprensacristiana.com\/#website\",\"url\":\"https:\/\/laprensacristiana.com\/\",\"name\":\"La Prensa Cristiana\",\"description\":\"Anunciando Las Buenas Nuevas\",\"potentialAction\":[{\"@type\":\"SearchAction\",\"target\":{\"@type\":\"EntryPoint\",\"urlTemplate\":\"https:\/\/laprensacristiana.com\/?s={search_term_string}\"},\"query-input\":\"required name=search_term_string\"}],\"inLanguage\":\"es\"},{\"@type\":\"Person\",\"@id\":\"https:\/\/laprensacristiana.com\/#\/schema\/person\/3e7d82c6bfd6b1fa67010f8f7cd5256e\",\"name\":\"EDITOR\",\"image\":{\"@type\":\"ImageObject\",\"inLanguage\":\"es\",\"@id\":\"https:\/\/laprensacristiana.com\/#\/schema\/person\/image\/\",\"url\":\"https:\/\/secure.gravatar.com\/avatar\/72069dfb6c13772d9e8381e3638666d2?s=96&d=mm&r=g\",\"contentUrl\":\"https:\/\/secure.gravatar.com\/avatar\/72069dfb6c13772d9e8381e3638666d2?s=96&d=mm&r=g\",\"caption\":\"EDITOR\"},\"url\":\"https:\/\/laprensacristiana.com\/?author=3\"}]}<\/script>\n<!-- \/ Yoast SEO plugin. -->","yoast_head_json":{"title":"FUNDAMENTOS PERDIDOS - La Prensa Cristiana","robots":{"index":"index","follow":"follow","max-snippet":"max-snippet:-1","max-image-preview":"max-image-preview:large","max-video-preview":"max-video-preview:-1"},"canonical":"https:\/\/laprensacristiana.com\/?p=4136","og_locale":"es_ES","og_type":"article","og_title":"FUNDAMENTOS PERDIDOS - La Prensa Cristiana","og_description":"Salmos 11:3 \u201cSi los fundamentos son destruidos; \u00bfqu\u00e9 puede hacer el justo?\u201d Oseas 4:6b \u201ccomo has olvidado la ley de tu Dios,\u00a0yo tambi\u00e9n me olvidar\u00e9 de tus hijos\u201d Bueno, vamos a ser sinceros. No tratemos de tapar el sol con un dedo porque la causa de todo el engranaje desordenado que tenemos hoy en d\u00eca [&hellip;]","og_url":"https:\/\/laprensacristiana.com\/?p=4136","og_site_name":"La Prensa Cristiana","article_published_time":"2018-07-01T17:01:26+00:00","og_image":[{"width":1280,"height":714,"url":"https:\/\/laprensacristiana.com\/wp-content\/uploads\/2017\/11\/2017-11-23-PHOTO-00003245.jpg","type":"image\/jpeg"}],"author":"EDITOR","twitter_card":"summary_large_image","twitter_misc":{"Escrito por":"EDITOR","Tiempo de lectura":"6 minutos"},"schema":{"@context":"https:\/\/schema.org","@graph":[{"@type":"WebPage","@id":"https:\/\/laprensacristiana.com\/?p=4136","url":"https:\/\/laprensacristiana.com\/?p=4136","name":"FUNDAMENTOS PERDIDOS - La Prensa Cristiana","isPartOf":{"@id":"https:\/\/laprensacristiana.com\/#website"},"datePublished":"2018-07-01T17:01:26+00:00","dateModified":"2018-07-01T17:01:26+00:00","author":{"@id":"https:\/\/laprensacristiana.com\/#\/schema\/person\/3e7d82c6bfd6b1fa67010f8f7cd5256e"},"breadcrumb":{"@id":"https:\/\/laprensacristiana.com\/?p=4136#breadcrumb"},"inLanguage":"es","potentialAction":[{"@type":"ReadAction","target":["https:\/\/laprensacristiana.com\/?p=4136"]}]},{"@type":"BreadcrumbList","@id":"https:\/\/laprensacristiana.com\/?p=4136#breadcrumb","itemListElement":[{"@type":"ListItem","position":1,"name":"Portada","item":"https:\/\/laprensacristiana.com\/"},{"@type":"ListItem","position":2,"name":"FUNDAMENTOS PERDIDOS"}]},{"@type":"WebSite","@id":"https:\/\/laprensacristiana.com\/#website","url":"https:\/\/laprensacristiana.com\/","name":"La Prensa Cristiana","description":"Anunciando Las Buenas Nuevas","potentialAction":[{"@type":"SearchAction","target":{"@type":"EntryPoint","urlTemplate":"https:\/\/laprensacristiana.com\/?s={search_term_string}"},"query-input":"required name=search_term_string"}],"inLanguage":"es"},{"@type":"Person","@id":"https:\/\/laprensacristiana.com\/#\/schema\/person\/3e7d82c6bfd6b1fa67010f8f7cd5256e","name":"EDITOR","image":{"@type":"ImageObject","inLanguage":"es","@id":"https:\/\/laprensacristiana.com\/#\/schema\/person\/image\/","url":"https:\/\/secure.gravatar.com\/avatar\/72069dfb6c13772d9e8381e3638666d2?s=96&d=mm&r=g","contentUrl":"https:\/\/secure.gravatar.com\/avatar\/72069dfb6c13772d9e8381e3638666d2?s=96&d=mm&r=g","caption":"EDITOR"},"url":"https:\/\/laprensacristiana.com\/?author=3"}]}},"_links":{"self":[{"href":"https:\/\/laprensacristiana.com\/index.php?rest_route=\/wp\/v2\/posts\/4136"}],"collection":[{"href":"https:\/\/laprensacristiana.com\/index.php?rest_route=\/wp\/v2\/posts"}],"about":[{"href":"https:\/\/laprensacristiana.com\/index.php?rest_route=\/wp\/v2\/types\/post"}],"author":[{"embeddable":true,"href":"https:\/\/laprensacristiana.com\/index.php?rest_route=\/wp\/v2\/users\/3"}],"replies":[{"embeddable":true,"href":"https:\/\/laprensacristiana.com\/index.php?rest_route=%2Fwp%2Fv2%2Fcomments&post=4136"}],"version-history":[{"count":1,"href":"https:\/\/laprensacristiana.com\/index.php?rest_route=\/wp\/v2\/posts\/4136\/revisions"}],"predecessor-version":[{"id":4137,"href":"https:\/\/laprensacristiana.com\/index.php?rest_route=\/wp\/v2\/posts\/4136\/revisions\/4137"}],"wp:featuredmedia":[{"embeddable":true,"href":"https:\/\/laprensacristiana.com\/index.php?rest_route=\/wp\/v2\/media\/3311"}],"wp:attachment":[{"href":"https:\/\/laprensacristiana.com\/index.php?rest_route=%2Fwp%2Fv2%2Fmedia&parent=4136"}],"wp:term":[{"taxonomy":"category","embeddable":true,"href":"https:\/\/laprensacristiana.com\/index.php?rest_route=%2Fwp%2Fv2%2Fcategories&post=4136"},{"taxonomy":"post_tag","embeddable":true,"href":"https:\/\/laprensacristiana.com\/index.php?rest_route=%2Fwp%2Fv2%2Ftags&post=4136"}],"curies":[{"name":"wp","href":"https:\/\/api.w.org\/{rel}","templated":true}]}}