{"id":4138,"date":"2018-07-03T18:17:13","date_gmt":"2018-07-03T18:17:13","guid":{"rendered":"https:\/\/laprensacristiana.com\/?p=4138"},"modified":"2020-07-01T23:43:09","modified_gmt":"2020-07-01T23:43:09","slug":"la-voz-del-interior","status":"publish","type":"post","link":"https:\/\/laprensacristiana.com\/?p=4138","title":{"rendered":"La voz del interior"},"content":{"rendered":"<p>POR JULY DE SOSA<\/p>\n<p><span class=\"s3\"><span class=\"bumpedFont15\">La voz del interior es nuestra conciencia<\/span><\/span><span class=\"s3\"><span class=\"bumpedFont15\">, <\/span><\/span><span class=\"s3\"><span class=\"bumpedFont15\">\u00bfSab\u00eda usted? \u00a0<\/span><\/span><span class=\"s3\"><span class=\"bumpedFont15\">Que<\/span><\/span><span class=\"s3\"><span class=\"bumpedFont15\">el t<\/span><\/span><span class=\"s3\"><span class=\"bumpedFont15\">\u00e9<\/span><\/span><span class=\"s3\"><span class=\"bumpedFont15\">rmino griego para la conciencia es <\/span><\/span><span class=\"s3\"><span class=\"bumpedFont15\">\u201c<\/span><\/span><span class=\"s3\"><span class=\"bumpedFont15\">Suneidesis<\/span><\/span><span class=\"s3\"><span class=\"bumpedFont15\">\u201d.<\/span><\/span><\/p>\n<p><span class=\"s3\"><span class=\"bumpedFont15\">Aunque se <\/span><\/span><span class=\"s3\"><span class=\"bumpedFont15\">mencione mucho<\/span><\/span><span class=\"s3\"><span class=\"bumpedFont15\"> la conciencia<\/span><\/span><span class=\"s3\"><span class=\"bumpedFont15\">,<\/span><\/span><span class=\"s3\"><span class=\"bumpedFont15\"> hay cosas que ignoramos acerca de ella<\/span><\/span><span class=\"s3\"><span class=\"bumpedFont15\">, empecemos por entender<\/span><\/span><span class=\"s3\"><span class=\"bumpedFont15\"> \u00bf<\/span><\/span><span class=\"s3\"><span class=\"bumpedFont15\">Qu\u00e9<\/span><\/span><span class=\"s3\"><span class=\"bumpedFont15\"> es exactamente?<\/span><\/span> <span class=\"s3\"><span class=\"bumpedFont15\">Conciencia: E<\/span><\/span><span class=\"s3\"><span class=\"bumpedFont15\">s <\/span><\/span><span class=\"s3\"><span class=\"bumpedFont15\">la<\/span><\/span><span class=\"s3\"><span class=\"bumpedFont15\"> capacidad racional interna<\/span><\/span><span class=\"s3\"><span class=\"bumpedFont15\">que testifica acerca de nuestros valores.<\/span><\/span><\/p>\n<p><span class=\"s3\"><span class=\"bumpedFont15\">Recuerdo que en los programas de cari<\/span><\/span><span class=\"s3\"><span class=\"bumpedFont15\">caturas que ve\u00eda <\/span><\/span><span class=\"s3\"><span class=\"bumpedFont15\">de ni\u00f1a<\/span><\/span><span class=\"s3\"><span class=\"bumpedFont15\">, presentaban<\/span><\/span><span class=\"s3\"><span class=\"bumpedFont15\"> a la conciencia <\/span><\/span><span class=\"s3\"><span class=\"bumpedFont15\">con <\/span><\/span><span class=\"s3\"><span class=\"bumpedFont15\">la figura de<\/span><\/span><span class=\"s3\"><span class=\"bumpedFont15\"> un <\/span><\/span><span class=\"s3\"><span class=\"bumpedFont15\">\u00e1ngel<\/span><\/span><span class=\"s3\"><span class=\"bumpedFont15\">bueno<\/span><\/span><span class=\"s3\"><span class=\"bumpedFont15\"> en el hombro derecho<\/span><\/span><span class=\"s3\"><span class=\"bumpedFont15\">, que luchaba con un <\/span><\/span><span class=\"s3\"><span class=\"bumpedFont15\">\u00e1ngel<\/span><\/span><span class=\"s3\"><span class=\"bumpedFont15\"> malo que estaba en el hombr<\/span><\/span><span class=\"s3\"><span class=\"bumpedFont15\">o<\/span><\/span><span class=\"s3\"><span class=\"bumpedFont15\"> izquierdo<\/span><\/span><span class=\"s3\"><span class=\"bumpedFont15\"> del personaje.<\/span><\/span><span class=\"s3\"><span class=\"bumpedFont15\"> Estas<\/span><\/span><span class=\"s3\"><span class=\"bumpedFont15\">folcl\u00f3ricas<\/span><\/span> <span class=\"s3\"><span class=\"bumpedFont15\">im\u00e1genes<\/span><\/span><span class=\"s3\"><span class=\"bumpedFont15\"> han llevado a las personas <\/span><\/span><span class=\"s3\"><span class=\"bumpedFont15\">ha hacerse una <\/span><\/span><span class=\"s3\"><span class=\"bumpedFont15\">idea de que <\/span><\/span><span class=\"s3\"><span class=\"bumpedFont15\">ese \u00e1ngel bueno es la voz de Dios habl\u00e1ndonos y que el \u00e1ngel ma<\/span><\/span><span class=\"s3\"><span class=\"bumpedFont15\">lo es la voz del diablo.<\/span><\/span><\/p>\n<p><span class=\"s3\"><span class=\"bumpedFont15\">La realidad es que nuestra conciencia es <\/span><\/span><span class=\"s3\"><span class=\"bumpedFont15\">parte de <\/span><\/span><span class=\"s3\"><span class=\"bumpedFont15\">las<\/span><\/span><span class=\"s3\"><span class=\"bumpedFont15\">facultades dadas por Dios<\/span><\/span><span class=\"s3\"><span class=\"bumpedFont15\">, y su funci\u00f3n es apercibirnos de <\/span><\/span><span class=\"s3\"><span class=\"bumpedFont15\">los valores <\/span><\/span><span class=\"s3\"><span class=\"bumpedFont15\">que poseemos<\/span><\/span><span class=\"s3\"><span class=\"bumpedFont15\">, y esta puede influenciarnos para bien, o para mal.<\/span><\/span><\/p>\n<p><span class=\"s3\"><span class=\"bumpedFont15\">En el lenguaje cristiano <\/span><\/span><span class=\"s3\"><span class=\"bumpedFont15\">la<\/span><\/span><span class=\"s3\"><span class=\"bumpedFont15\"> conciencia<\/span><\/span><span class=\"s3\"><span class=\"bumpedFont15\"> testifica de lo aprendido <\/span><\/span><span class=\"s3\"><span class=\"bumpedFont15\">Romanos 2:<\/span><\/span><span class=\"s3\"><span class=\"bumpedFont15\"> 14<\/span><\/span><span class=\"s3\"><span class=\"bumpedFont15\">&#8211;<\/span><\/span><span class=\"s3\"><span class=\"bumpedFont15\">15<\/span><\/span><\/p>\n<p><span class=\"s3\"><span class=\"bumpedFont15\">La conciencia <\/span><\/span><span class=\"s3\"><span class=\"bumpedFont15\">adem\u00e1s de <\/span><\/span><span class=\"s3\"><span class=\"bumpedFont15\">manifestarse en<\/span><\/span><span class=\"s3\"><span class=\"bumpedFont15\"> ese dialogo <\/span><\/span><span class=\"s3\"><span class=\"bumpedFont15\">interior<\/span><\/span><span class=\"s3\"><span class=\"bumpedFont15\">, lo <\/span><\/span><span class=\"s3\"><span class=\"bumpedFont15\">hace <\/span><\/span><span class=\"s3\"><span class=\"bumpedFont15\">en<\/span><\/span><span class=\"s3\"><span class=\"bumpedFont15\"> nuestras emoc<\/span><\/span><span class=\"s3\"><span class=\"bumpedFont15\">iones; <\/span><\/span><span class=\"s3\"><span class=\"bumpedFont15\">ya que cuando <\/span><\/span><span class=\"s3\"><span class=\"bumpedFont15\">llevamos a practica los valores y normas guardados en la conciencia<\/span><\/span><span class=\"s3\"><span class=\"bumpedFont15\">, sentimos placer y satisfacci\u00f3n en hacer lo correcto, pero si por el contrario actuamos en contra <\/span><\/span><span class=\"s3\"><span class=\"bumpedFont15\">de esto<\/span><\/span><span class=\"s3\"><span class=\"bumpedFont15\">; el sentimiento ser\u00e1 angustia y culpabilidad.<\/span><\/span> <span class=\"s3\"><span class=\"bumpedFont15\">Nuestra conciencia siempre ser\u00e1 confiable si esta bajo el gobierno de Dios.<\/span><\/span> <span class=\"s3\"><span class=\"bumpedFont15\">Solo as\u00ed tenemos claro <\/span><\/span><span class=\"s3\"><span class=\"bumpedFont15\">de llamar a lo bueno, bueno y a lo malo, malo. <\/span><\/span><span class=\"s3\"><span class=\"bumpedFont15\">No faltar\u00e1 quien pretenda<\/span><\/span><span class=\"s3\"><span class=\"bumpedFont15\"> minimizar su pecado defendiendo el hecho de que actuar de una forma<\/span><\/span><span class=\"s3\"><span class=\"bumpedFont15\"> en la que se practican cosas que est\u00e1n fuera de <\/span><\/span><span class=\"s3\"><span class=\"bumpedFont15\">una conciencia gobernada por Dios, <\/span><\/span><span class=\"s3\"><span class=\"bumpedFont15\">no es del todo mal<\/span><\/span><span class=\"s3\"><span class=\"bumpedFont15\">o,<\/span><\/span><span class=\"s3\"><span class=\"bumpedFont15\"> siempre y cuando no afecte \u201csus propias conciencias\u201d<\/span><\/span><span class=\"s3\"><span class=\"bumpedFont15\"> obviando el hecho de <\/span><\/span><span class=\"s3\"><span class=\"bumpedFont15\">que toda conciencia que nos lleva a <\/span><\/span><span class=\"s3\"><span class=\"bumpedFont15\">violar o ignorar las normas de Dios <\/span><\/span><span class=\"s3\"><span class=\"bumpedFont15\">para con nosotros mismos y para con la humanidad, <\/span><\/span><span class=\"s3\"><span class=\"bumpedFont15\">definitivamente nos seducir\u00e1 al \u201cpecado\u201d<\/span><\/span> <span class=\"s3\"><span class=\"bumpedFont15\">la carta <\/span><\/span><span class=\"s3\"><span class=\"bumpedFont15\">a los Roma<\/span><\/span><span class=\"s3\"><span class=\"bumpedFont15\">nos <\/span><\/span><span class=\"s3\"><span class=\"bumpedFont15\">ense\u00f1a un ejemplo de esto <\/span><\/span><span class=\"s3\"><span class=\"bumpedFont15\">en su capitulo 1 y los versos <\/span><\/span><span class=\"s3\"><span class=\"bumpedFont15\">del 21, al <\/span><\/span><span class=\"s3\"><span class=\"bumpedFont15\">26.<\/span><\/span><span class=\"s3\"><span class=\"bumpedFont15\"> Dios mismo <\/span><\/span><span class=\"s3\"><span class=\"bumpedFont15\">los entrega al poder de sus mentes reprobadas.<\/span><\/span><\/p>\n<p><span class=\"s3\"><span class=\"bumpedFont15\">El gran reto para los cristianos es <\/span><\/span><span class=\"s3\"><span class=\"bumpedFont15\">alimentar nuestra mente a diario<\/span><\/span><span class=\"s3\"><span class=\"bumpedFont15\">, con l<\/span><\/span><span class=\"s3\"><span class=\"bumpedFont15\">as santas escrituras y llevarla a nuestros hechos, para mante<\/span><\/span><span class=\"s3\"><span class=\"bumpedFont15\">nernos <\/span><\/span><span class=\"s3\"><span class=\"bumpedFont15\">alejados del pecado, que tiene como fruto la <\/span><\/span><span class=\"s3\"><span class=\"bumpedFont15\">cauterizaci\u00f3n de nuestra conciencia, volvi\u00e9ndola corruptible <\/span><\/span><span class=\"s3\"><span class=\"bumpedFont15\">y desconfiable. 1Tito<\/span><\/span><span class=\"s3\"><span class=\"bumpedFont15\"> 1:15-16.<\/span><\/span><\/p>\n<p><span class=\"s3\"><span class=\"bumpedFont15\">Sirva lo anterior para ocuparnos en proteger nuestra conciencia <\/span><\/span><span class=\"s3\"><span class=\"bumpedFont15\">y mantenerla saludable bajo el gobierno de Dios, quien dice que tenemos su mente<\/span><\/span><span class=\"s3\"><span class=\"bumpedFont15\">.<\/span><\/span><\/p>\n<p><span class=\"s3\"><span class=\"bumpedFont15\">Dios le permita que l<\/span><\/span><span class=\"s3\"><span class=\"bumpedFont15\">a pr\u00f3xima vez que escuche la voz en su interior<\/span><\/span><span class=\"s3\"><span class=\"bumpedFont15\">,<\/span><\/span><span class=\"s3\"><span class=\"bumpedFont15\"> esta le hable <\/span><\/span><span class=\"s3\"><span class=\"bumpedFont15\">de lo establecido<\/span><\/span><span class=\"s3\"><span class=\"bumpedFont15\"> por Dios<\/span><\/span><span class=\"s3\"><span class=\"bumpedFont15\">, y no de su propio juicio.<\/span><\/span><\/p>\n<p><a name=\"_GoBack\"><\/a><span class=\"s3\"><span class=\"bumpedFont15\">\u00a0 \u00a0 \u00a0\u00a1Feliz semana!<\/span><\/span><\/p>\n","protected":false},"excerpt":{"rendered":"<p>POR JULY DE SOSA La voz del interior es nuestra conciencia, \u00bfSab\u00eda usted? \u00a0Queel t\u00e9rmino griego para la conciencia es \u201cSuneidesis\u201d. Aunque se mencione mucho la conciencia, hay cosas que ignoramos acerca de ella, empecemos por entender \u00bfQu\u00e9 es exactamente? Conciencia: Es la capacidad racional internaque testifica acerca de nuestros valores. Recuerdo que en los [&hellip;]<\/p>\n","protected":false},"author":3,"featured_media":3639,"comment_status":"open","ping_status":"open","sticky":false,"template":"","format":"standard","meta":[],"categories":[36],"tags":[],"yoast_head":"<!-- This site is optimized with the Yoast SEO plugin v20.8 - https:\/\/yoast.com\/wordpress\/plugins\/seo\/ -->\n<title>La voz del interior - La Prensa Cristiana<\/title>\n<meta name=\"robots\" content=\"index, follow, max-snippet:-1, max-image-preview:large, max-video-preview:-1\" \/>\n<link rel=\"canonical\" href=\"https:\/\/laprensacristiana.com\/?p=4138\" \/>\n<meta property=\"og:locale\" content=\"es_ES\" \/>\n<meta property=\"og:type\" content=\"article\" \/>\n<meta property=\"og:title\" content=\"La voz del interior - La Prensa Cristiana\" \/>\n<meta property=\"og:description\" content=\"POR JULY DE SOSA La voz del interior es nuestra conciencia, \u00bfSab\u00eda usted? \u00a0Queel t\u00e9rmino griego para la conciencia es \u201cSuneidesis\u201d. Aunque se mencione mucho la conciencia, hay cosas que ignoramos acerca de ella, empecemos por entender \u00bfQu\u00e9 es exactamente? Conciencia: Es la capacidad racional internaque testifica acerca de nuestros valores. Recuerdo que en los [&hellip;]\" \/>\n<meta property=\"og:url\" content=\"https:\/\/laprensacristiana.com\/?p=4138\" \/>\n<meta property=\"og:site_name\" content=\"La Prensa Cristiana\" \/>\n<meta property=\"article:published_time\" content=\"2018-07-03T18:17:13+00:00\" \/>\n<meta property=\"article:modified_time\" content=\"2020-07-01T23:43:09+00:00\" \/>\n<meta property=\"og:image\" content=\"https:\/\/laprensacristiana.com\/wp-content\/uploads\/2018\/04\/JULY-LPG-2017.jpg\" \/>\n\t<meta property=\"og:image:width\" content=\"1240\" \/>\n\t<meta property=\"og:image:height\" content=\"692\" \/>\n\t<meta property=\"og:image:type\" content=\"image\/jpeg\" \/>\n<meta name=\"author\" content=\"EDITOR\" \/>\n<meta name=\"twitter:card\" content=\"summary_large_image\" \/>\n<meta name=\"twitter:label1\" content=\"Escrito por\" \/>\n\t<meta name=\"twitter:data1\" content=\"EDITOR\" \/>\n\t<meta name=\"twitter:label2\" content=\"Tiempo de lectura\" \/>\n\t<meta name=\"twitter:data2\" content=\"2 minutos\" \/>\n<script type=\"application\/ld+json\" class=\"yoast-schema-graph\">{\"@context\":\"https:\/\/schema.org\",\"@graph\":[{\"@type\":\"WebPage\",\"@id\":\"https:\/\/laprensacristiana.com\/?p=4138\",\"url\":\"https:\/\/laprensacristiana.com\/?p=4138\",\"name\":\"La voz del interior - La Prensa Cristiana\",\"isPartOf\":{\"@id\":\"https:\/\/laprensacristiana.com\/#website\"},\"datePublished\":\"2018-07-03T18:17:13+00:00\",\"dateModified\":\"2020-07-01T23:43:09+00:00\",\"author\":{\"@id\":\"https:\/\/laprensacristiana.com\/#\/schema\/person\/3e7d82c6bfd6b1fa67010f8f7cd5256e\"},\"breadcrumb\":{\"@id\":\"https:\/\/laprensacristiana.com\/?p=4138#breadcrumb\"},\"inLanguage\":\"es\",\"potentialAction\":[{\"@type\":\"ReadAction\",\"target\":[\"https:\/\/laprensacristiana.com\/?p=4138\"]}]},{\"@type\":\"BreadcrumbList\",\"@id\":\"https:\/\/laprensacristiana.com\/?p=4138#breadcrumb\",\"itemListElement\":[{\"@type\":\"ListItem\",\"position\":1,\"name\":\"Portada\",\"item\":\"https:\/\/laprensacristiana.com\/\"},{\"@type\":\"ListItem\",\"position\":2,\"name\":\"La voz del interior\"}]},{\"@type\":\"WebSite\",\"@id\":\"https:\/\/laprensacristiana.com\/#website\",\"url\":\"https:\/\/laprensacristiana.com\/\",\"name\":\"La Prensa Cristiana\",\"description\":\"Anunciando Las Buenas Nuevas\",\"potentialAction\":[{\"@type\":\"SearchAction\",\"target\":{\"@type\":\"EntryPoint\",\"urlTemplate\":\"https:\/\/laprensacristiana.com\/?s={search_term_string}\"},\"query-input\":\"required name=search_term_string\"}],\"inLanguage\":\"es\"},{\"@type\":\"Person\",\"@id\":\"https:\/\/laprensacristiana.com\/#\/schema\/person\/3e7d82c6bfd6b1fa67010f8f7cd5256e\",\"name\":\"EDITOR\",\"image\":{\"@type\":\"ImageObject\",\"inLanguage\":\"es\",\"@id\":\"https:\/\/laprensacristiana.com\/#\/schema\/person\/image\/\",\"url\":\"https:\/\/secure.gravatar.com\/avatar\/72069dfb6c13772d9e8381e3638666d2?s=96&d=mm&r=g\",\"contentUrl\":\"https:\/\/secure.gravatar.com\/avatar\/72069dfb6c13772d9e8381e3638666d2?s=96&d=mm&r=g\",\"caption\":\"EDITOR\"},\"url\":\"https:\/\/laprensacristiana.com\/?author=3\"}]}<\/script>\n<!-- \/ Yoast SEO plugin. -->","yoast_head_json":{"title":"La voz del interior - La Prensa Cristiana","robots":{"index":"index","follow":"follow","max-snippet":"max-snippet:-1","max-image-preview":"max-image-preview:large","max-video-preview":"max-video-preview:-1"},"canonical":"https:\/\/laprensacristiana.com\/?p=4138","og_locale":"es_ES","og_type":"article","og_title":"La voz del interior - La Prensa Cristiana","og_description":"POR JULY DE SOSA La voz del interior es nuestra conciencia, \u00bfSab\u00eda usted? \u00a0Queel t\u00e9rmino griego para la conciencia es \u201cSuneidesis\u201d. Aunque se mencione mucho la conciencia, hay cosas que ignoramos acerca de ella, empecemos por entender \u00bfQu\u00e9 es exactamente? Conciencia: Es la capacidad racional internaque testifica acerca de nuestros valores. Recuerdo que en los [&hellip;]","og_url":"https:\/\/laprensacristiana.com\/?p=4138","og_site_name":"La Prensa Cristiana","article_published_time":"2018-07-03T18:17:13+00:00","article_modified_time":"2020-07-01T23:43:09+00:00","og_image":[{"width":1240,"height":692,"url":"https:\/\/laprensacristiana.com\/wp-content\/uploads\/2018\/04\/JULY-LPG-2017.jpg","type":"image\/jpeg"}],"author":"EDITOR","twitter_card":"summary_large_image","twitter_misc":{"Escrito por":"EDITOR","Tiempo de lectura":"2 minutos"},"schema":{"@context":"https:\/\/schema.org","@graph":[{"@type":"WebPage","@id":"https:\/\/laprensacristiana.com\/?p=4138","url":"https:\/\/laprensacristiana.com\/?p=4138","name":"La voz del interior - La Prensa Cristiana","isPartOf":{"@id":"https:\/\/laprensacristiana.com\/#website"},"datePublished":"2018-07-03T18:17:13+00:00","dateModified":"2020-07-01T23:43:09+00:00","author":{"@id":"https:\/\/laprensacristiana.com\/#\/schema\/person\/3e7d82c6bfd6b1fa67010f8f7cd5256e"},"breadcrumb":{"@id":"https:\/\/laprensacristiana.com\/?p=4138#breadcrumb"},"inLanguage":"es","potentialAction":[{"@type":"ReadAction","target":["https:\/\/laprensacristiana.com\/?p=4138"]}]},{"@type":"BreadcrumbList","@id":"https:\/\/laprensacristiana.com\/?p=4138#breadcrumb","itemListElement":[{"@type":"ListItem","position":1,"name":"Portada","item":"https:\/\/laprensacristiana.com\/"},{"@type":"ListItem","position":2,"name":"La voz del interior"}]},{"@type":"WebSite","@id":"https:\/\/laprensacristiana.com\/#website","url":"https:\/\/laprensacristiana.com\/","name":"La Prensa Cristiana","description":"Anunciando Las Buenas Nuevas","potentialAction":[{"@type":"SearchAction","target":{"@type":"EntryPoint","urlTemplate":"https:\/\/laprensacristiana.com\/?s={search_term_string}"},"query-input":"required name=search_term_string"}],"inLanguage":"es"},{"@type":"Person","@id":"https:\/\/laprensacristiana.com\/#\/schema\/person\/3e7d82c6bfd6b1fa67010f8f7cd5256e","name":"EDITOR","image":{"@type":"ImageObject","inLanguage":"es","@id":"https:\/\/laprensacristiana.com\/#\/schema\/person\/image\/","url":"https:\/\/secure.gravatar.com\/avatar\/72069dfb6c13772d9e8381e3638666d2?s=96&d=mm&r=g","contentUrl":"https:\/\/secure.gravatar.com\/avatar\/72069dfb6c13772d9e8381e3638666d2?s=96&d=mm&r=g","caption":"EDITOR"},"url":"https:\/\/laprensacristiana.com\/?author=3"}]}},"_links":{"self":[{"href":"https:\/\/laprensacristiana.com\/index.php?rest_route=\/wp\/v2\/posts\/4138"}],"collection":[{"href":"https:\/\/laprensacristiana.com\/index.php?rest_route=\/wp\/v2\/posts"}],"about":[{"href":"https:\/\/laprensacristiana.com\/index.php?rest_route=\/wp\/v2\/types\/post"}],"author":[{"embeddable":true,"href":"https:\/\/laprensacristiana.com\/index.php?rest_route=\/wp\/v2\/users\/3"}],"replies":[{"embeddable":true,"href":"https:\/\/laprensacristiana.com\/index.php?rest_route=%2Fwp%2Fv2%2Fcomments&post=4138"}],"version-history":[{"count":1,"href":"https:\/\/laprensacristiana.com\/index.php?rest_route=\/wp\/v2\/posts\/4138\/revisions"}],"predecessor-version":[{"id":4139,"href":"https:\/\/laprensacristiana.com\/index.php?rest_route=\/wp\/v2\/posts\/4138\/revisions\/4139"}],"wp:featuredmedia":[{"embeddable":true,"href":"https:\/\/laprensacristiana.com\/index.php?rest_route=\/wp\/v2\/media\/3639"}],"wp:attachment":[{"href":"https:\/\/laprensacristiana.com\/index.php?rest_route=%2Fwp%2Fv2%2Fmedia&parent=4138"}],"wp:term":[{"taxonomy":"category","embeddable":true,"href":"https:\/\/laprensacristiana.com\/index.php?rest_route=%2Fwp%2Fv2%2Fcategories&post=4138"},{"taxonomy":"post_tag","embeddable":true,"href":"https:\/\/laprensacristiana.com\/index.php?rest_route=%2Fwp%2Fv2%2Ftags&post=4138"}],"curies":[{"name":"wp","href":"https:\/\/api.w.org\/{rel}","templated":true}]}}