{"id":4144,"date":"2018-07-04T22:47:58","date_gmt":"2018-07-04T22:47:58","guid":{"rendered":"https:\/\/laprensacristiana.com\/?p=4144"},"modified":"2020-07-01T23:42:55","modified_gmt":"2020-07-01T23:42:55","slug":"10-anos-de-la-tragedia-en-la-colonia-la-malaga","status":"publish","type":"post","link":"https:\/\/laprensacristiana.com\/?p=4144","title":{"rendered":"10 a\u00f1os de la tragedia en la Colonia La M\u00e1laga"},"content":{"rendered":"<p>Por: Erika Menjivar<\/p>\n<p>Este 3 de julio, se conmemoran 10 a\u00f1os de la tragedia en la que murieron 32 feligreses de Misi\u00f3n Cristiana Elim Central en la Colonia M\u00e1laga, en San Salvador.<\/p>\n<p>En el acto, se desarrollaron alabanzas y oraciones, el pastor General de Misi\u00f3n Cristiana Elim, Mario Vega, tuvo espacio para dar un mensaje y expres\u00f3 que: \u201cLa raz\u00f3n de estar una vez m\u00e1s ac\u00e1, es fundamentalmente para acompa\u00f1ar a los familiares\u201d, expres\u00f3 el pastor Mario Vega.<\/p>\n<figure id=\"attachment_4142\" aria-describedby=\"caption-attachment-4142\" style=\"width: 1080px\" class=\"wp-caption alignnone\"><img decoding=\"async\" loading=\"lazy\" class=\"size-full wp-image-4142\" src=\"https:\/\/laprensacristiana.com\/wp-content\/uploads\/2018\/07\/FB_IMG_1530743929974.jpg\" alt=\"Fotograf\u00eda cortes\u00eda de Misi\u00f3n Cristiana Elim\" width=\"1080\" height=\"720\" srcset=\"https:\/\/laprensacristiana.com\/wp-content\/uploads\/2018\/07\/FB_IMG_1530743929974.jpg 1080w, https:\/\/laprensacristiana.com\/wp-content\/uploads\/2018\/07\/FB_IMG_1530743929974-600x400.jpg 600w, https:\/\/laprensacristiana.com\/wp-content\/uploads\/2018\/07\/FB_IMG_1530743929974-300x200.jpg 300w, https:\/\/laprensacristiana.com\/wp-content\/uploads\/2018\/07\/FB_IMG_1530743929974-768x512.jpg 768w, https:\/\/laprensacristiana.com\/wp-content\/uploads\/2018\/07\/FB_IMG_1530743929974-1024x683.jpg 1024w, https:\/\/laprensacristiana.com\/wp-content\/uploads\/2018\/07\/FB_IMG_1530743929974-696x464.jpg 696w, https:\/\/laprensacristiana.com\/wp-content\/uploads\/2018\/07\/FB_IMG_1530743929974-1068x712.jpg 1068w, https:\/\/laprensacristiana.com\/wp-content\/uploads\/2018\/07\/FB_IMG_1530743929974-630x420.jpg 630w\" sizes=\"(max-width: 1080px) 100vw, 1080px\" \/><figcaption id=\"caption-attachment-4142\" class=\"wp-caption-text\">Fotograf\u00eda cortes\u00eda de Misi\u00f3n Cristiana Elim<\/figcaption><\/figure>\n<p>Misi\u00f3n Cristiana Elim, cada a\u00f1o realiza un evento de conmemoraci\u00f3n por la tragedia ocurrida cuando este autob\u00fas iba a dejar a todos los feligreses a sus hogares luego del culto de las 6:00 P.M en la iglesia. Este fue arrastrado por el desbordamiento del Arenal Monserrat.<\/p>\n<p>En ese autob\u00fas se conduc\u00edan ni\u00f1os, j\u00f3venes, adultos y personas de la tercera edad; l\u00edderes, anfitriones, supervisores, hermanos y amigos. Solo hubo persona sobreviviente, Fabricio Montoya. Quien cuando fue entrevistado en el 2008, expres\u00f3 sentirse triste por no haber podido ayudar a los hermanos que perdieron la vida esa noche.<\/p>\n<figure id=\"attachment_4143\" aria-describedby=\"caption-attachment-4143\" style=\"width: 1200px\" class=\"wp-caption alignnone\"><img decoding=\"async\" loading=\"lazy\" class=\"size-full wp-image-4143\" src=\"https:\/\/laprensacristiana.com\/wp-content\/uploads\/2018\/07\/FB_IMG_1530743910164.jpg\" alt=\"Fotograf\u00eda cortes\u00eda de Misi\u00f3n Cristiana Elim\" width=\"1200\" height=\"846\" srcset=\"https:\/\/laprensacristiana.com\/wp-content\/uploads\/2018\/07\/FB_IMG_1530743910164.jpg 1200w, https:\/\/laprensacristiana.com\/wp-content\/uploads\/2018\/07\/FB_IMG_1530743910164-600x423.jpg 600w, https:\/\/laprensacristiana.com\/wp-content\/uploads\/2018\/07\/FB_IMG_1530743910164-300x212.jpg 300w, https:\/\/laprensacristiana.com\/wp-content\/uploads\/2018\/07\/FB_IMG_1530743910164-768x541.jpg 768w, https:\/\/laprensacristiana.com\/wp-content\/uploads\/2018\/07\/FB_IMG_1530743910164-1024x722.jpg 1024w, https:\/\/laprensacristiana.com\/wp-content\/uploads\/2018\/07\/FB_IMG_1530743910164-100x70.jpg 100w, https:\/\/laprensacristiana.com\/wp-content\/uploads\/2018\/07\/FB_IMG_1530743910164-696x491.jpg 696w, https:\/\/laprensacristiana.com\/wp-content\/uploads\/2018\/07\/FB_IMG_1530743910164-1068x753.jpg 1068w, https:\/\/laprensacristiana.com\/wp-content\/uploads\/2018\/07\/FB_IMG_1530743910164-596x420.jpg 596w\" sizes=\"(max-width: 1200px) 100vw, 1200px\" \/><figcaption id=\"caption-attachment-4143\" class=\"wp-caption-text\">Fotograf\u00eda cortes\u00eda de Misi\u00f3n Cristiana Elim<\/figcaption><\/figure>\n<p style=\"text-align: left;\">Adem\u00e1s, el pastor general de la Misi\u00f3n, dice que la recomendaci\u00f3n que se brind\u00f3 hacia las autoridades pertinentes a\u00fan no han sido resueltas, pues hasta la fecha no se han tomado las medidas necesarias para evitar m\u00e1s tragedias como esta en la zona.<\/p>\n","protected":false},"excerpt":{"rendered":"<p>Por: Erika Menjivar Este 3 de julio, se conmemoran 10 a\u00f1os de la tragedia en la que murieron 32 feligreses de Misi\u00f3n Cristiana Elim Central en la Colonia M\u00e1laga, en San Salvador. En el acto, se desarrollaron alabanzas y oraciones, el pastor General de Misi\u00f3n Cristiana Elim, Mario Vega, tuvo espacio para dar un mensaje [&hellip;]<\/p>\n","protected":false},"author":3,"featured_media":4145,"comment_status":"open","ping_status":"open","sticky":false,"template":"","format":"standard","meta":[],"categories":[56],"tags":[],"yoast_head":"<!-- This site is optimized with the Yoast SEO plugin v20.8 - https:\/\/yoast.com\/wordpress\/plugins\/seo\/ -->\n<title>10 a\u00f1os de la tragedia en la Colonia La M\u00e1laga - La Prensa Cristiana<\/title>\n<meta name=\"robots\" content=\"index, follow, max-snippet:-1, max-image-preview:large, max-video-preview:-1\" \/>\n<link rel=\"canonical\" href=\"https:\/\/laprensacristiana.com\/?p=4144\" \/>\n<meta property=\"og:locale\" content=\"es_ES\" \/>\n<meta property=\"og:type\" content=\"article\" \/>\n<meta property=\"og:title\" content=\"10 a\u00f1os de la tragedia en la Colonia La M\u00e1laga - La Prensa Cristiana\" \/>\n<meta property=\"og:description\" content=\"Por: Erika Menjivar Este 3 de julio, se conmemoran 10 a\u00f1os de la tragedia en la que murieron 32 feligreses de Misi\u00f3n Cristiana Elim Central en la Colonia M\u00e1laga, en San Salvador. En el acto, se desarrollaron alabanzas y oraciones, el pastor General de Misi\u00f3n Cristiana Elim, Mario Vega, tuvo espacio para dar un mensaje [&hellip;]\" \/>\n<meta property=\"og:url\" content=\"https:\/\/laprensacristiana.com\/?p=4144\" \/>\n<meta property=\"og:site_name\" content=\"La Prensa Cristiana\" \/>\n<meta property=\"article:published_time\" content=\"2018-07-04T22:47:58+00:00\" \/>\n<meta property=\"article:modified_time\" content=\"2020-07-01T23:42:55+00:00\" \/>\n<meta property=\"og:image\" content=\"https:\/\/laprensacristiana.com\/wp-content\/uploads\/2018\/07\/FB_IMG_1530743942861.jpg\" \/>\n\t<meta property=\"og:image:width\" content=\"1080\" \/>\n\t<meta property=\"og:image:height\" content=\"720\" \/>\n\t<meta property=\"og:image:type\" content=\"image\/jpeg\" \/>\n<meta name=\"author\" content=\"EDITOR\" \/>\n<meta name=\"twitter:card\" content=\"summary_large_image\" \/>\n<meta name=\"twitter:label1\" content=\"Escrito por\" \/>\n\t<meta name=\"twitter:data1\" content=\"EDITOR\" \/>\n\t<meta name=\"twitter:label2\" content=\"Tiempo de lectura\" \/>\n\t<meta name=\"twitter:data2\" content=\"1 minuto\" \/>\n<script type=\"application\/ld+json\" class=\"yoast-schema-graph\">{\"@context\":\"https:\/\/schema.org\",\"@graph\":[{\"@type\":\"WebPage\",\"@id\":\"https:\/\/laprensacristiana.com\/?p=4144\",\"url\":\"https:\/\/laprensacristiana.com\/?p=4144\",\"name\":\"10 a\u00f1os de la tragedia en la Colonia La M\u00e1laga - La Prensa Cristiana\",\"isPartOf\":{\"@id\":\"https:\/\/laprensacristiana.com\/#website\"},\"datePublished\":\"2018-07-04T22:47:58+00:00\",\"dateModified\":\"2020-07-01T23:42:55+00:00\",\"author\":{\"@id\":\"https:\/\/laprensacristiana.com\/#\/schema\/person\/3e7d82c6bfd6b1fa67010f8f7cd5256e\"},\"breadcrumb\":{\"@id\":\"https:\/\/laprensacristiana.com\/?p=4144#breadcrumb\"},\"inLanguage\":\"es\",\"potentialAction\":[{\"@type\":\"ReadAction\",\"target\":[\"https:\/\/laprensacristiana.com\/?p=4144\"]}]},{\"@type\":\"BreadcrumbList\",\"@id\":\"https:\/\/laprensacristiana.com\/?p=4144#breadcrumb\",\"itemListElement\":[{\"@type\":\"ListItem\",\"position\":1,\"name\":\"Portada\",\"item\":\"https:\/\/laprensacristiana.com\/\"},{\"@type\":\"ListItem\",\"position\":2,\"name\":\"10 a\u00f1os de la tragedia en la Colonia La M\u00e1laga\"}]},{\"@type\":\"WebSite\",\"@id\":\"https:\/\/laprensacristiana.com\/#website\",\"url\":\"https:\/\/laprensacristiana.com\/\",\"name\":\"La Prensa Cristiana\",\"description\":\"Anunciando Las Buenas Nuevas\",\"potentialAction\":[{\"@type\":\"SearchAction\",\"target\":{\"@type\":\"EntryPoint\",\"urlTemplate\":\"https:\/\/laprensacristiana.com\/?s={search_term_string}\"},\"query-input\":\"required name=search_term_string\"}],\"inLanguage\":\"es\"},{\"@type\":\"Person\",\"@id\":\"https:\/\/laprensacristiana.com\/#\/schema\/person\/3e7d82c6bfd6b1fa67010f8f7cd5256e\",\"name\":\"EDITOR\",\"image\":{\"@type\":\"ImageObject\",\"inLanguage\":\"es\",\"@id\":\"https:\/\/laprensacristiana.com\/#\/schema\/person\/image\/\",\"url\":\"https:\/\/secure.gravatar.com\/avatar\/72069dfb6c13772d9e8381e3638666d2?s=96&d=mm&r=g\",\"contentUrl\":\"https:\/\/secure.gravatar.com\/avatar\/72069dfb6c13772d9e8381e3638666d2?s=96&d=mm&r=g\",\"caption\":\"EDITOR\"},\"url\":\"https:\/\/laprensacristiana.com\/?author=3\"}]}<\/script>\n<!-- \/ Yoast SEO plugin. -->","yoast_head_json":{"title":"10 a\u00f1os de la tragedia en la Colonia La M\u00e1laga - La Prensa Cristiana","robots":{"index":"index","follow":"follow","max-snippet":"max-snippet:-1","max-image-preview":"max-image-preview:large","max-video-preview":"max-video-preview:-1"},"canonical":"https:\/\/laprensacristiana.com\/?p=4144","og_locale":"es_ES","og_type":"article","og_title":"10 a\u00f1os de la tragedia en la Colonia La M\u00e1laga - La Prensa Cristiana","og_description":"Por: Erika Menjivar Este 3 de julio, se conmemoran 10 a\u00f1os de la tragedia en la que murieron 32 feligreses de Misi\u00f3n Cristiana Elim Central en la Colonia M\u00e1laga, en San Salvador. En el acto, se desarrollaron alabanzas y oraciones, el pastor General de Misi\u00f3n Cristiana Elim, Mario Vega, tuvo espacio para dar un mensaje [&hellip;]","og_url":"https:\/\/laprensacristiana.com\/?p=4144","og_site_name":"La Prensa Cristiana","article_published_time":"2018-07-04T22:47:58+00:00","article_modified_time":"2020-07-01T23:42:55+00:00","og_image":[{"width":1080,"height":720,"url":"https:\/\/laprensacristiana.com\/wp-content\/uploads\/2018\/07\/FB_IMG_1530743942861.jpg","type":"image\/jpeg"}],"author":"EDITOR","twitter_card":"summary_large_image","twitter_misc":{"Escrito por":"EDITOR","Tiempo de lectura":"1 minuto"},"schema":{"@context":"https:\/\/schema.org","@graph":[{"@type":"WebPage","@id":"https:\/\/laprensacristiana.com\/?p=4144","url":"https:\/\/laprensacristiana.com\/?p=4144","name":"10 a\u00f1os de la tragedia en la Colonia La M\u00e1laga - La Prensa Cristiana","isPartOf":{"@id":"https:\/\/laprensacristiana.com\/#website"},"datePublished":"2018-07-04T22:47:58+00:00","dateModified":"2020-07-01T23:42:55+00:00","author":{"@id":"https:\/\/laprensacristiana.com\/#\/schema\/person\/3e7d82c6bfd6b1fa67010f8f7cd5256e"},"breadcrumb":{"@id":"https:\/\/laprensacristiana.com\/?p=4144#breadcrumb"},"inLanguage":"es","potentialAction":[{"@type":"ReadAction","target":["https:\/\/laprensacristiana.com\/?p=4144"]}]},{"@type":"BreadcrumbList","@id":"https:\/\/laprensacristiana.com\/?p=4144#breadcrumb","itemListElement":[{"@type":"ListItem","position":1,"name":"Portada","item":"https:\/\/laprensacristiana.com\/"},{"@type":"ListItem","position":2,"name":"10 a\u00f1os de la tragedia en la Colonia La M\u00e1laga"}]},{"@type":"WebSite","@id":"https:\/\/laprensacristiana.com\/#website","url":"https:\/\/laprensacristiana.com\/","name":"La Prensa Cristiana","description":"Anunciando Las Buenas Nuevas","potentialAction":[{"@type":"SearchAction","target":{"@type":"EntryPoint","urlTemplate":"https:\/\/laprensacristiana.com\/?s={search_term_string}"},"query-input":"required name=search_term_string"}],"inLanguage":"es"},{"@type":"Person","@id":"https:\/\/laprensacristiana.com\/#\/schema\/person\/3e7d82c6bfd6b1fa67010f8f7cd5256e","name":"EDITOR","image":{"@type":"ImageObject","inLanguage":"es","@id":"https:\/\/laprensacristiana.com\/#\/schema\/person\/image\/","url":"https:\/\/secure.gravatar.com\/avatar\/72069dfb6c13772d9e8381e3638666d2?s=96&d=mm&r=g","contentUrl":"https:\/\/secure.gravatar.com\/avatar\/72069dfb6c13772d9e8381e3638666d2?s=96&d=mm&r=g","caption":"EDITOR"},"url":"https:\/\/laprensacristiana.com\/?author=3"}]}},"_links":{"self":[{"href":"https:\/\/laprensacristiana.com\/index.php?rest_route=\/wp\/v2\/posts\/4144"}],"collection":[{"href":"https:\/\/laprensacristiana.com\/index.php?rest_route=\/wp\/v2\/posts"}],"about":[{"href":"https:\/\/laprensacristiana.com\/index.php?rest_route=\/wp\/v2\/types\/post"}],"author":[{"embeddable":true,"href":"https:\/\/laprensacristiana.com\/index.php?rest_route=\/wp\/v2\/users\/3"}],"replies":[{"embeddable":true,"href":"https:\/\/laprensacristiana.com\/index.php?rest_route=%2Fwp%2Fv2%2Fcomments&post=4144"}],"version-history":[{"count":1,"href":"https:\/\/laprensacristiana.com\/index.php?rest_route=\/wp\/v2\/posts\/4144\/revisions"}],"predecessor-version":[{"id":4146,"href":"https:\/\/laprensacristiana.com\/index.php?rest_route=\/wp\/v2\/posts\/4144\/revisions\/4146"}],"wp:featuredmedia":[{"embeddable":true,"href":"https:\/\/laprensacristiana.com\/index.php?rest_route=\/wp\/v2\/media\/4145"}],"wp:attachment":[{"href":"https:\/\/laprensacristiana.com\/index.php?rest_route=%2Fwp%2Fv2%2Fmedia&parent=4144"}],"wp:term":[{"taxonomy":"category","embeddable":true,"href":"https:\/\/laprensacristiana.com\/index.php?rest_route=%2Fwp%2Fv2%2Fcategories&post=4144"},{"taxonomy":"post_tag","embeddable":true,"href":"https:\/\/laprensacristiana.com\/index.php?rest_route=%2Fwp%2Fv2%2Ftags&post=4144"}],"curies":[{"name":"wp","href":"https:\/\/api.w.org\/{rel}","templated":true}]}}