{"id":4179,"date":"2018-07-18T18:39:07","date_gmt":"2018-07-18T18:39:07","guid":{"rendered":"https:\/\/laprensacristiana.com\/?p=4179"},"modified":"2020-07-01T23:39:44","modified_gmt":"2020-07-01T23:39:44","slug":"premiacion-de-sol-de-justicia-2018","status":"publish","type":"post","link":"https:\/\/laprensacristiana.com\/?p=4179","title":{"rendered":"Entrega de Premio Sol de Justicia 2018"},"content":{"rendered":"<p><strong>Por: Erika Menjivar<\/strong><\/p>\n<p>El pasado lunes 16 de julio, en las instalaciones de la Universidad Evang\u00e9lica de El Salvador, se hizo ola entrega oficial del premio Sol de Justicia al galardonado Rev. Julio C\u00e9sar P\u00e9rez Maj\u00edco.<\/p>\n<p><img decoding=\"async\" loading=\"lazy\" class=\"alignnone size-full wp-image-4181\" src=\"https:\/\/laprensacristiana.com\/wp-content\/uploads\/2018\/07\/2.jpg\" alt=\"\" width=\"743\" height=\"1280\" srcset=\"https:\/\/laprensacristiana.com\/wp-content\/uploads\/2018\/07\/2.jpg 743w, https:\/\/laprensacristiana.com\/wp-content\/uploads\/2018\/07\/2-600x1034.jpg 600w, https:\/\/laprensacristiana.com\/wp-content\/uploads\/2018\/07\/2-174x300.jpg 174w, https:\/\/laprensacristiana.com\/wp-content\/uploads\/2018\/07\/2-594x1024.jpg 594w, https:\/\/laprensacristiana.com\/wp-content\/uploads\/2018\/07\/2-696x1199.jpg 696w, https:\/\/laprensacristiana.com\/wp-content\/uploads\/2018\/07\/2-244x420.jpg 244w\" sizes=\"(max-width: 743px) 100vw, 743px\" \/><\/p>\n<p style=\"text-align: left;\">La ceremonia tuvo espacio para la transmisi\u00f3n de materiales audiovisuales que demostraban el trabajo del Rev. Julio Maj\u00edco, quien ha trabajado para la obra de Dios desde los 17 a\u00f1os, recibi\u00f3 a Jes\u00fas en su coraz\u00f3n a los 15 a\u00f1os de edad.<\/p>\n<p>Al evento se hicieron presentes familiares, amigos, pastores e invitados especiales para acompa\u00f1ar al galardonado, seguidamente de la entre del reconocimiento y las palabras de agradecimiento del Rev. Maj\u00edco.<\/p>\n<p>Su legado pastoral ha sido su raz\u00f3n de vivir desde el a\u00f1o 1964, sirviendo en diferentes \u00e1reas de la misi\u00f3n evangelistica en el pa\u00eds.<\/p>\n<p>La Universidad Evang\u00e9lica de El Salvador, entrega este reconocimiento anualmente a una persona o instituci\u00f3n que trabaje para la obra de Dios. Este premio es entregado desde el 2004.<\/p>\n<p>\u201cMe siento feliz, porque hoy nos galardonan lo que hemos hecho en nuestra vida por la obra de Dios, por eso significa mucho el galard\u00f3n. He recibido algunos premios, pero no como este, que ha reunido familia, y personas que no conoc\u00eda\u201d, expresa Rev. Julio Maj\u00edco.<\/p>\n<p>Actualmente el Rev. Maj\u00edco, es consejero en Centro B\u00edblico El Cen\u00e1culo de Asambleas de Dios, pero su record evangelistico parte desde 1964 donde fue fundador de algunas iglesias, posteriormente Dios le permiti\u00f3 desarrollarse como pastor, presidente, director y superintendente de organizaciones e iglesias en todas partes de El Salvador.<\/p>\n<p>&nbsp;<\/p>\n","protected":false},"excerpt":{"rendered":"<p>Por: Erika Menjivar El pasado lunes 16 de julio, en las instalaciones de la Universidad Evang\u00e9lica de El Salvador, se hizo ola entrega oficial del premio Sol de Justicia al galardonado Rev. Julio C\u00e9sar P\u00e9rez Maj\u00edco. La ceremonia tuvo espacio para la transmisi\u00f3n de materiales audiovisuales que demostraban el trabajo del Rev. Julio Maj\u00edco, quien [&hellip;]<\/p>\n","protected":false},"author":3,"featured_media":4180,"comment_status":"open","ping_status":"open","sticky":false,"template":"","format":"standard","meta":[],"categories":[56],"tags":[],"yoast_head":"<!-- This site is optimized with the Yoast SEO plugin v20.8 - https:\/\/yoast.com\/wordpress\/plugins\/seo\/ -->\n<title>Entrega de Premio Sol de Justicia 2018 - La Prensa Cristiana<\/title>\n<meta name=\"robots\" content=\"index, follow, max-snippet:-1, max-image-preview:large, max-video-preview:-1\" \/>\n<link rel=\"canonical\" href=\"https:\/\/laprensacristiana.com\/?p=4179\" \/>\n<meta property=\"og:locale\" content=\"es_ES\" \/>\n<meta property=\"og:type\" content=\"article\" \/>\n<meta property=\"og:title\" content=\"Entrega de Premio Sol de Justicia 2018 - La Prensa Cristiana\" \/>\n<meta property=\"og:description\" content=\"Por: Erika Menjivar El pasado lunes 16 de julio, en las instalaciones de la Universidad Evang\u00e9lica de El Salvador, se hizo ola entrega oficial del premio Sol de Justicia al galardonado Rev. Julio C\u00e9sar P\u00e9rez Maj\u00edco. La ceremonia tuvo espacio para la transmisi\u00f3n de materiales audiovisuales que demostraban el trabajo del Rev. Julio Maj\u00edco, quien [&hellip;]\" \/>\n<meta property=\"og:url\" content=\"https:\/\/laprensacristiana.com\/?p=4179\" \/>\n<meta property=\"og:site_name\" content=\"La Prensa Cristiana\" \/>\n<meta property=\"article:published_time\" content=\"2018-07-18T18:39:07+00:00\" \/>\n<meta property=\"article:modified_time\" content=\"2020-07-01T23:39:44+00:00\" \/>\n<meta property=\"og:image\" content=\"https:\/\/laprensacristiana.com\/wp-content\/uploads\/2018\/07\/4.jpg\" \/>\n\t<meta property=\"og:image:width\" content=\"1280\" \/>\n\t<meta property=\"og:image:height\" content=\"587\" \/>\n\t<meta property=\"og:image:type\" content=\"image\/jpeg\" \/>\n<meta name=\"author\" content=\"EDITOR\" \/>\n<meta name=\"twitter:card\" content=\"summary_large_image\" \/>\n<meta name=\"twitter:label1\" content=\"Escrito por\" \/>\n\t<meta name=\"twitter:data1\" content=\"EDITOR\" \/>\n\t<meta name=\"twitter:label2\" content=\"Tiempo de lectura\" \/>\n\t<meta name=\"twitter:data2\" content=\"1 minuto\" \/>\n<script type=\"application\/ld+json\" class=\"yoast-schema-graph\">{\"@context\":\"https:\/\/schema.org\",\"@graph\":[{\"@type\":\"WebPage\",\"@id\":\"https:\/\/laprensacristiana.com\/?p=4179\",\"url\":\"https:\/\/laprensacristiana.com\/?p=4179\",\"name\":\"Entrega de Premio Sol de Justicia 2018 - La Prensa Cristiana\",\"isPartOf\":{\"@id\":\"https:\/\/laprensacristiana.com\/#website\"},\"datePublished\":\"2018-07-18T18:39:07+00:00\",\"dateModified\":\"2020-07-01T23:39:44+00:00\",\"author\":{\"@id\":\"https:\/\/laprensacristiana.com\/#\/schema\/person\/3e7d82c6bfd6b1fa67010f8f7cd5256e\"},\"breadcrumb\":{\"@id\":\"https:\/\/laprensacristiana.com\/?p=4179#breadcrumb\"},\"inLanguage\":\"es\",\"potentialAction\":[{\"@type\":\"ReadAction\",\"target\":[\"https:\/\/laprensacristiana.com\/?p=4179\"]}]},{\"@type\":\"BreadcrumbList\",\"@id\":\"https:\/\/laprensacristiana.com\/?p=4179#breadcrumb\",\"itemListElement\":[{\"@type\":\"ListItem\",\"position\":1,\"name\":\"Portada\",\"item\":\"https:\/\/laprensacristiana.com\/\"},{\"@type\":\"ListItem\",\"position\":2,\"name\":\"Entrega de Premio Sol de Justicia 2018\"}]},{\"@type\":\"WebSite\",\"@id\":\"https:\/\/laprensacristiana.com\/#website\",\"url\":\"https:\/\/laprensacristiana.com\/\",\"name\":\"La Prensa Cristiana\",\"description\":\"Anunciando Las Buenas Nuevas\",\"potentialAction\":[{\"@type\":\"SearchAction\",\"target\":{\"@type\":\"EntryPoint\",\"urlTemplate\":\"https:\/\/laprensacristiana.com\/?s={search_term_string}\"},\"query-input\":\"required name=search_term_string\"}],\"inLanguage\":\"es\"},{\"@type\":\"Person\",\"@id\":\"https:\/\/laprensacristiana.com\/#\/schema\/person\/3e7d82c6bfd6b1fa67010f8f7cd5256e\",\"name\":\"EDITOR\",\"image\":{\"@type\":\"ImageObject\",\"inLanguage\":\"es\",\"@id\":\"https:\/\/laprensacristiana.com\/#\/schema\/person\/image\/\",\"url\":\"https:\/\/secure.gravatar.com\/avatar\/72069dfb6c13772d9e8381e3638666d2?s=96&d=mm&r=g\",\"contentUrl\":\"https:\/\/secure.gravatar.com\/avatar\/72069dfb6c13772d9e8381e3638666d2?s=96&d=mm&r=g\",\"caption\":\"EDITOR\"},\"url\":\"https:\/\/laprensacristiana.com\/?author=3\"}]}<\/script>\n<!-- \/ Yoast SEO plugin. -->","yoast_head_json":{"title":"Entrega de Premio Sol de Justicia 2018 - La Prensa Cristiana","robots":{"index":"index","follow":"follow","max-snippet":"max-snippet:-1","max-image-preview":"max-image-preview:large","max-video-preview":"max-video-preview:-1"},"canonical":"https:\/\/laprensacristiana.com\/?p=4179","og_locale":"es_ES","og_type":"article","og_title":"Entrega de Premio Sol de Justicia 2018 - La Prensa Cristiana","og_description":"Por: Erika Menjivar El pasado lunes 16 de julio, en las instalaciones de la Universidad Evang\u00e9lica de El Salvador, se hizo ola entrega oficial del premio Sol de Justicia al galardonado Rev. Julio C\u00e9sar P\u00e9rez Maj\u00edco. La ceremonia tuvo espacio para la transmisi\u00f3n de materiales audiovisuales que demostraban el trabajo del Rev. Julio Maj\u00edco, quien [&hellip;]","og_url":"https:\/\/laprensacristiana.com\/?p=4179","og_site_name":"La Prensa Cristiana","article_published_time":"2018-07-18T18:39:07+00:00","article_modified_time":"2020-07-01T23:39:44+00:00","og_image":[{"width":1280,"height":587,"url":"https:\/\/laprensacristiana.com\/wp-content\/uploads\/2018\/07\/4.jpg","type":"image\/jpeg"}],"author":"EDITOR","twitter_card":"summary_large_image","twitter_misc":{"Escrito por":"EDITOR","Tiempo de lectura":"1 minuto"},"schema":{"@context":"https:\/\/schema.org","@graph":[{"@type":"WebPage","@id":"https:\/\/laprensacristiana.com\/?p=4179","url":"https:\/\/laprensacristiana.com\/?p=4179","name":"Entrega de Premio Sol de Justicia 2018 - La Prensa Cristiana","isPartOf":{"@id":"https:\/\/laprensacristiana.com\/#website"},"datePublished":"2018-07-18T18:39:07+00:00","dateModified":"2020-07-01T23:39:44+00:00","author":{"@id":"https:\/\/laprensacristiana.com\/#\/schema\/person\/3e7d82c6bfd6b1fa67010f8f7cd5256e"},"breadcrumb":{"@id":"https:\/\/laprensacristiana.com\/?p=4179#breadcrumb"},"inLanguage":"es","potentialAction":[{"@type":"ReadAction","target":["https:\/\/laprensacristiana.com\/?p=4179"]}]},{"@type":"BreadcrumbList","@id":"https:\/\/laprensacristiana.com\/?p=4179#breadcrumb","itemListElement":[{"@type":"ListItem","position":1,"name":"Portada","item":"https:\/\/laprensacristiana.com\/"},{"@type":"ListItem","position":2,"name":"Entrega de Premio Sol de Justicia 2018"}]},{"@type":"WebSite","@id":"https:\/\/laprensacristiana.com\/#website","url":"https:\/\/laprensacristiana.com\/","name":"La Prensa Cristiana","description":"Anunciando Las Buenas Nuevas","potentialAction":[{"@type":"SearchAction","target":{"@type":"EntryPoint","urlTemplate":"https:\/\/laprensacristiana.com\/?s={search_term_string}"},"query-input":"required name=search_term_string"}],"inLanguage":"es"},{"@type":"Person","@id":"https:\/\/laprensacristiana.com\/#\/schema\/person\/3e7d82c6bfd6b1fa67010f8f7cd5256e","name":"EDITOR","image":{"@type":"ImageObject","inLanguage":"es","@id":"https:\/\/laprensacristiana.com\/#\/schema\/person\/image\/","url":"https:\/\/secure.gravatar.com\/avatar\/72069dfb6c13772d9e8381e3638666d2?s=96&d=mm&r=g","contentUrl":"https:\/\/secure.gravatar.com\/avatar\/72069dfb6c13772d9e8381e3638666d2?s=96&d=mm&r=g","caption":"EDITOR"},"url":"https:\/\/laprensacristiana.com\/?author=3"}]}},"_links":{"self":[{"href":"https:\/\/laprensacristiana.com\/index.php?rest_route=\/wp\/v2\/posts\/4179"}],"collection":[{"href":"https:\/\/laprensacristiana.com\/index.php?rest_route=\/wp\/v2\/posts"}],"about":[{"href":"https:\/\/laprensacristiana.com\/index.php?rest_route=\/wp\/v2\/types\/post"}],"author":[{"embeddable":true,"href":"https:\/\/laprensacristiana.com\/index.php?rest_route=\/wp\/v2\/users\/3"}],"replies":[{"embeddable":true,"href":"https:\/\/laprensacristiana.com\/index.php?rest_route=%2Fwp%2Fv2%2Fcomments&post=4179"}],"version-history":[{"count":2,"href":"https:\/\/laprensacristiana.com\/index.php?rest_route=\/wp\/v2\/posts\/4179\/revisions"}],"predecessor-version":[{"id":4183,"href":"https:\/\/laprensacristiana.com\/index.php?rest_route=\/wp\/v2\/posts\/4179\/revisions\/4183"}],"wp:featuredmedia":[{"embeddable":true,"href":"https:\/\/laprensacristiana.com\/index.php?rest_route=\/wp\/v2\/media\/4180"}],"wp:attachment":[{"href":"https:\/\/laprensacristiana.com\/index.php?rest_route=%2Fwp%2Fv2%2Fmedia&parent=4179"}],"wp:term":[{"taxonomy":"category","embeddable":true,"href":"https:\/\/laprensacristiana.com\/index.php?rest_route=%2Fwp%2Fv2%2Fcategories&post=4179"},{"taxonomy":"post_tag","embeddable":true,"href":"https:\/\/laprensacristiana.com\/index.php?rest_route=%2Fwp%2Fv2%2Ftags&post=4179"}],"curies":[{"name":"wp","href":"https:\/\/api.w.org\/{rel}","templated":true}]}}