{"id":4184,"date":"2018-07-20T21:32:33","date_gmt":"2018-07-20T21:32:33","guid":{"rendered":"https:\/\/laprensacristiana.com\/?p=4184"},"modified":"2020-07-01T23:39:34","modified_gmt":"2020-07-01T23:39:34","slug":"conferencia-internacional-riquezas-verdaderas","status":"publish","type":"post","link":"https:\/\/laprensacristiana.com\/?p=4184","title":{"rendered":"Conferencia Internacional Riquezas Verdaderas"},"content":{"rendered":"<p>&nbsp;<\/p>\n<p>El d\u00eda de hoy se realiz\u00f3 una conferencia dirigida a empresarios, gerentes, emprendedores y todas las personas que tengan a su cargo personal humano.<\/p>\n<p>En el desarrollo de este evento, el conferencista invitado; Dr. Alejandro Espinoza, comparti\u00f3 puntos de mucha importancia acerca de las riquezas y las verdades de las finanzas. Entre los puntos que se implementaron se encuentran: productividad y excelencia, identidad, creatividad, innovaci\u00f3n, flexibilidad y otros.<\/p>\n<p>Jos\u00e9 \u00a0D\u00edaz, organizador de la conferencia menciona: \u00abQuisimos venir a El Salvador para sembrar una semilla de Dios en los empresarios, a nivel financiero, de servicio, a nivel de trabajo, a un nivel m\u00e1s alto con el ejemplo, el de nuestro Se\u00f1or Jesucristo\u201d expres\u00f3 D\u00edaz.<\/p>\n<p><img decoding=\"async\" loading=\"lazy\" class=\"alignnone size-full wp-image-4186\" src=\"https:\/\/laprensacristiana.com\/wp-content\/uploads\/2018\/07\/IMAG0302.jpg\" alt=\"\" width=\"2047\" height=\"1518\" srcset=\"https:\/\/laprensacristiana.com\/wp-content\/uploads\/2018\/07\/IMAG0302.jpg 2047w, https:\/\/laprensacristiana.com\/wp-content\/uploads\/2018\/07\/IMAG0302-600x445.jpg 600w, https:\/\/laprensacristiana.com\/wp-content\/uploads\/2018\/07\/IMAG0302-300x222.jpg 300w, https:\/\/laprensacristiana.com\/wp-content\/uploads\/2018\/07\/IMAG0302-768x570.jpg 768w, https:\/\/laprensacristiana.com\/wp-content\/uploads\/2018\/07\/IMAG0302-1024x759.jpg 1024w, https:\/\/laprensacristiana.com\/wp-content\/uploads\/2018\/07\/IMAG0302-80x60.jpg 80w, https:\/\/laprensacristiana.com\/wp-content\/uploads\/2018\/07\/IMAG0302-265x198.jpg 265w, https:\/\/laprensacristiana.com\/wp-content\/uploads\/2018\/07\/IMAG0302-696x516.jpg 696w, https:\/\/laprensacristiana.com\/wp-content\/uploads\/2018\/07\/IMAG0302-1068x792.jpg 1068w, https:\/\/laprensacristiana.com\/wp-content\/uploads\/2018\/07\/IMAG0302-566x420.jpg 566w\" sizes=\"(max-width: 2047px) 100vw, 2047px\" \/><\/p>\n<p>Comenta que es importante desarrollar este tipo de temas en el \u00e1mbito cristiano, pues de ah\u00ed depende mucho, se tiene que hacer buen uso del recurso financiero.<\/p>\n<p>\u00abEstamos contentos del tiempo que hemos compartido, pudimos impartir no solamente un conocimiento, sino una experiencia, una vivencia. Hablar de riquezas, es hablar mucho m\u00e1s que dinero, los hijos de Dios, dicen las escrituras que Dios nos ha dado la gracia y el favor \u00a0para tener salud y tener prosperidad\u00bb, expres\u00f3 el exponente, Dr. Alejandro Espinoza.<\/p>\n<p>Adem\u00e1s menciona que como empresario o emprendedor es importante comprometerse a dejar un legado para las nuevas generaciones y ser personas diferentes, con la ayuda de Dios y cuando se es de bendici\u00f3n las cosas toman el rumbo que deben.<\/p>\n<p><img decoding=\"async\" loading=\"lazy\" class=\"alignnone size-full wp-image-4187\" src=\"https:\/\/laprensacristiana.com\/wp-content\/uploads\/2018\/07\/IMAG0329.jpg\" alt=\"IMAG0329\" width=\"2047\" height=\"1518\" srcset=\"https:\/\/laprensacristiana.com\/wp-content\/uploads\/2018\/07\/IMAG0329.jpg 2047w, https:\/\/laprensacristiana.com\/wp-content\/uploads\/2018\/07\/IMAG0329-600x445.jpg 600w, https:\/\/laprensacristiana.com\/wp-content\/uploads\/2018\/07\/IMAG0329-300x222.jpg 300w, https:\/\/laprensacristiana.com\/wp-content\/uploads\/2018\/07\/IMAG0329-768x570.jpg 768w, https:\/\/laprensacristiana.com\/wp-content\/uploads\/2018\/07\/IMAG0329-1024x759.jpg 1024w, https:\/\/laprensacristiana.com\/wp-content\/uploads\/2018\/07\/IMAG0329-80x60.jpg 80w, https:\/\/laprensacristiana.com\/wp-content\/uploads\/2018\/07\/IMAG0329-265x198.jpg 265w, https:\/\/laprensacristiana.com\/wp-content\/uploads\/2018\/07\/IMAG0329-696x516.jpg 696w, https:\/\/laprensacristiana.com\/wp-content\/uploads\/2018\/07\/IMAG0329-1068x792.jpg 1068w, https:\/\/laprensacristiana.com\/wp-content\/uploads\/2018\/07\/IMAG0329-566x420.jpg 566w\" sizes=\"(max-width: 2047px) 100vw, 2047px\" \/><\/p>\n<p>Por otra parte, el Dr. Espinoza comparti\u00f3 con los asistentes a la conferencia experiencias que ha vivido a lo largo de su vida empresarial, \u00abun conocimiento que no pr\u00e1cticas, no te pertenece\u00bb, a\u00f1ade.<\/p>\n<p>Tambi\u00e9n mencion\u00f3 la importancia de las relaciones divinas, visi\u00f3n divina y compromiso divino en cualquier \u00e1rea en la que una persona se desarrolle, \u00a0seg\u00fan sus palabras son par\u00e1metros necesarios para alcanzar el \u00e9xito de una empresa.<\/p>\n<p>El Dr. Espinoza enfatiz\u00f3 especialmente en honrar a Dios en todo momento para cultivar buenas relaciones y procesos financieros, porque \u00c9l ser\u00e1 quien gu\u00ede todos los pasos, y las decisiones que se tomen en el camino. A su vez hizo una reflexi\u00f3n de darle a Dios lo que le pertenece, esto en concepto financiero, expresa que en el \u00e1mbito empresarial es importante el pago de los impuestos, a pesar de las circunstancias, se debe dar lo que corresponde, as\u00ed tambi\u00e9n se debe hacer con Dios.<\/p>\n<p>En el cierre de esta conferencia se dio lugar a una oraci\u00f3n dirigida por el exponente, Dr. Espinoza, donde \u00a0bendijo la vida de cada asistente y dio gracias a Dios por el tiempo que se pudo compartir en esta ocasi\u00f3n. \u00abEl mejor negocio que puedes hacer, es invitar a Dios a tu empresa\u00bb, finaliz\u00f3.<\/p>\n","protected":false},"excerpt":{"rendered":"<p>&nbsp; El d\u00eda de hoy se realiz\u00f3 una conferencia dirigida a empresarios, gerentes, emprendedores y todas las personas que tengan a su cargo personal humano. En el desarrollo de este evento, el conferencista invitado; Dr. Alejandro Espinoza, comparti\u00f3 puntos de mucha importancia acerca de las riquezas y las verdades de las finanzas. Entre los puntos [&hellip;]<\/p>\n","protected":false},"author":3,"featured_media":4185,"comment_status":"open","ping_status":"open","sticky":false,"template":"","format":"standard","meta":[],"categories":[56],"tags":[],"yoast_head":"<!-- This site is optimized with the Yoast SEO plugin v20.8 - https:\/\/yoast.com\/wordpress\/plugins\/seo\/ -->\n<title>Conferencia Internacional Riquezas Verdaderas - La Prensa Cristiana<\/title>\n<meta name=\"robots\" content=\"index, follow, max-snippet:-1, max-image-preview:large, max-video-preview:-1\" \/>\n<link rel=\"canonical\" href=\"https:\/\/laprensacristiana.com\/?p=4184\" \/>\n<meta property=\"og:locale\" content=\"es_ES\" \/>\n<meta property=\"og:type\" content=\"article\" \/>\n<meta property=\"og:title\" content=\"Conferencia Internacional Riquezas Verdaderas - La Prensa Cristiana\" \/>\n<meta property=\"og:description\" content=\"&nbsp; El d\u00eda de hoy se realiz\u00f3 una conferencia dirigida a empresarios, gerentes, emprendedores y todas las personas que tengan a su cargo personal humano. En el desarrollo de este evento, el conferencista invitado; Dr. Alejandro Espinoza, comparti\u00f3 puntos de mucha importancia acerca de las riquezas y las verdades de las finanzas. Entre los puntos [&hellip;]\" \/>\n<meta property=\"og:url\" content=\"https:\/\/laprensacristiana.com\/?p=4184\" \/>\n<meta property=\"og:site_name\" content=\"La Prensa Cristiana\" \/>\n<meta property=\"article:published_time\" content=\"2018-07-20T21:32:33+00:00\" \/>\n<meta property=\"article:modified_time\" content=\"2020-07-01T23:39:34+00:00\" \/>\n<meta property=\"og:image\" content=\"https:\/\/laprensacristiana.com\/wp-content\/uploads\/2018\/07\/IMAG0324_20180720151722891.jpg\" \/>\n\t<meta property=\"og:image:width\" content=\"2047\" \/>\n\t<meta property=\"og:image:height\" content=\"1518\" \/>\n\t<meta property=\"og:image:type\" content=\"image\/jpeg\" \/>\n<meta name=\"author\" content=\"EDITOR\" \/>\n<meta name=\"twitter:card\" content=\"summary_large_image\" \/>\n<meta name=\"twitter:label1\" content=\"Escrito por\" \/>\n\t<meta name=\"twitter:data1\" content=\"EDITOR\" \/>\n\t<meta name=\"twitter:label2\" content=\"Tiempo de lectura\" \/>\n\t<meta name=\"twitter:data2\" content=\"2 minutos\" \/>\n<script type=\"application\/ld+json\" class=\"yoast-schema-graph\">{\"@context\":\"https:\/\/schema.org\",\"@graph\":[{\"@type\":\"WebPage\",\"@id\":\"https:\/\/laprensacristiana.com\/?p=4184\",\"url\":\"https:\/\/laprensacristiana.com\/?p=4184\",\"name\":\"Conferencia Internacional Riquezas Verdaderas - La Prensa Cristiana\",\"isPartOf\":{\"@id\":\"https:\/\/laprensacristiana.com\/#website\"},\"datePublished\":\"2018-07-20T21:32:33+00:00\",\"dateModified\":\"2020-07-01T23:39:34+00:00\",\"author\":{\"@id\":\"https:\/\/laprensacristiana.com\/#\/schema\/person\/3e7d82c6bfd6b1fa67010f8f7cd5256e\"},\"breadcrumb\":{\"@id\":\"https:\/\/laprensacristiana.com\/?p=4184#breadcrumb\"},\"inLanguage\":\"es\",\"potentialAction\":[{\"@type\":\"ReadAction\",\"target\":[\"https:\/\/laprensacristiana.com\/?p=4184\"]}]},{\"@type\":\"BreadcrumbList\",\"@id\":\"https:\/\/laprensacristiana.com\/?p=4184#breadcrumb\",\"itemListElement\":[{\"@type\":\"ListItem\",\"position\":1,\"name\":\"Portada\",\"item\":\"https:\/\/laprensacristiana.com\/\"},{\"@type\":\"ListItem\",\"position\":2,\"name\":\"Conferencia Internacional Riquezas Verdaderas\"}]},{\"@type\":\"WebSite\",\"@id\":\"https:\/\/laprensacristiana.com\/#website\",\"url\":\"https:\/\/laprensacristiana.com\/\",\"name\":\"La Prensa Cristiana\",\"description\":\"Anunciando Las Buenas Nuevas\",\"potentialAction\":[{\"@type\":\"SearchAction\",\"target\":{\"@type\":\"EntryPoint\",\"urlTemplate\":\"https:\/\/laprensacristiana.com\/?s={search_term_string}\"},\"query-input\":\"required name=search_term_string\"}],\"inLanguage\":\"es\"},{\"@type\":\"Person\",\"@id\":\"https:\/\/laprensacristiana.com\/#\/schema\/person\/3e7d82c6bfd6b1fa67010f8f7cd5256e\",\"name\":\"EDITOR\",\"image\":{\"@type\":\"ImageObject\",\"inLanguage\":\"es\",\"@id\":\"https:\/\/laprensacristiana.com\/#\/schema\/person\/image\/\",\"url\":\"https:\/\/secure.gravatar.com\/avatar\/72069dfb6c13772d9e8381e3638666d2?s=96&d=mm&r=g\",\"contentUrl\":\"https:\/\/secure.gravatar.com\/avatar\/72069dfb6c13772d9e8381e3638666d2?s=96&d=mm&r=g\",\"caption\":\"EDITOR\"},\"url\":\"https:\/\/laprensacristiana.com\/?author=3\"}]}<\/script>\n<!-- \/ Yoast SEO plugin. -->","yoast_head_json":{"title":"Conferencia Internacional Riquezas Verdaderas - La Prensa Cristiana","robots":{"index":"index","follow":"follow","max-snippet":"max-snippet:-1","max-image-preview":"max-image-preview:large","max-video-preview":"max-video-preview:-1"},"canonical":"https:\/\/laprensacristiana.com\/?p=4184","og_locale":"es_ES","og_type":"article","og_title":"Conferencia Internacional Riquezas Verdaderas - La Prensa Cristiana","og_description":"&nbsp; El d\u00eda de hoy se realiz\u00f3 una conferencia dirigida a empresarios, gerentes, emprendedores y todas las personas que tengan a su cargo personal humano. En el desarrollo de este evento, el conferencista invitado; Dr. Alejandro Espinoza, comparti\u00f3 puntos de mucha importancia acerca de las riquezas y las verdades de las finanzas. Entre los puntos [&hellip;]","og_url":"https:\/\/laprensacristiana.com\/?p=4184","og_site_name":"La Prensa Cristiana","article_published_time":"2018-07-20T21:32:33+00:00","article_modified_time":"2020-07-01T23:39:34+00:00","og_image":[{"width":2047,"height":1518,"url":"https:\/\/laprensacristiana.com\/wp-content\/uploads\/2018\/07\/IMAG0324_20180720151722891.jpg","type":"image\/jpeg"}],"author":"EDITOR","twitter_card":"summary_large_image","twitter_misc":{"Escrito por":"EDITOR","Tiempo de lectura":"2 minutos"},"schema":{"@context":"https:\/\/schema.org","@graph":[{"@type":"WebPage","@id":"https:\/\/laprensacristiana.com\/?p=4184","url":"https:\/\/laprensacristiana.com\/?p=4184","name":"Conferencia Internacional Riquezas Verdaderas - La Prensa Cristiana","isPartOf":{"@id":"https:\/\/laprensacristiana.com\/#website"},"datePublished":"2018-07-20T21:32:33+00:00","dateModified":"2020-07-01T23:39:34+00:00","author":{"@id":"https:\/\/laprensacristiana.com\/#\/schema\/person\/3e7d82c6bfd6b1fa67010f8f7cd5256e"},"breadcrumb":{"@id":"https:\/\/laprensacristiana.com\/?p=4184#breadcrumb"},"inLanguage":"es","potentialAction":[{"@type":"ReadAction","target":["https:\/\/laprensacristiana.com\/?p=4184"]}]},{"@type":"BreadcrumbList","@id":"https:\/\/laprensacristiana.com\/?p=4184#breadcrumb","itemListElement":[{"@type":"ListItem","position":1,"name":"Portada","item":"https:\/\/laprensacristiana.com\/"},{"@type":"ListItem","position":2,"name":"Conferencia Internacional Riquezas Verdaderas"}]},{"@type":"WebSite","@id":"https:\/\/laprensacristiana.com\/#website","url":"https:\/\/laprensacristiana.com\/","name":"La Prensa Cristiana","description":"Anunciando Las Buenas Nuevas","potentialAction":[{"@type":"SearchAction","target":{"@type":"EntryPoint","urlTemplate":"https:\/\/laprensacristiana.com\/?s={search_term_string}"},"query-input":"required name=search_term_string"}],"inLanguage":"es"},{"@type":"Person","@id":"https:\/\/laprensacristiana.com\/#\/schema\/person\/3e7d82c6bfd6b1fa67010f8f7cd5256e","name":"EDITOR","image":{"@type":"ImageObject","inLanguage":"es","@id":"https:\/\/laprensacristiana.com\/#\/schema\/person\/image\/","url":"https:\/\/secure.gravatar.com\/avatar\/72069dfb6c13772d9e8381e3638666d2?s=96&d=mm&r=g","contentUrl":"https:\/\/secure.gravatar.com\/avatar\/72069dfb6c13772d9e8381e3638666d2?s=96&d=mm&r=g","caption":"EDITOR"},"url":"https:\/\/laprensacristiana.com\/?author=3"}]}},"_links":{"self":[{"href":"https:\/\/laprensacristiana.com\/index.php?rest_route=\/wp\/v2\/posts\/4184"}],"collection":[{"href":"https:\/\/laprensacristiana.com\/index.php?rest_route=\/wp\/v2\/posts"}],"about":[{"href":"https:\/\/laprensacristiana.com\/index.php?rest_route=\/wp\/v2\/types\/post"}],"author":[{"embeddable":true,"href":"https:\/\/laprensacristiana.com\/index.php?rest_route=\/wp\/v2\/users\/3"}],"replies":[{"embeddable":true,"href":"https:\/\/laprensacristiana.com\/index.php?rest_route=%2Fwp%2Fv2%2Fcomments&post=4184"}],"version-history":[{"count":1,"href":"https:\/\/laprensacristiana.com\/index.php?rest_route=\/wp\/v2\/posts\/4184\/revisions"}],"predecessor-version":[{"id":4188,"href":"https:\/\/laprensacristiana.com\/index.php?rest_route=\/wp\/v2\/posts\/4184\/revisions\/4188"}],"wp:featuredmedia":[{"embeddable":true,"href":"https:\/\/laprensacristiana.com\/index.php?rest_route=\/wp\/v2\/media\/4185"}],"wp:attachment":[{"href":"https:\/\/laprensacristiana.com\/index.php?rest_route=%2Fwp%2Fv2%2Fmedia&parent=4184"}],"wp:term":[{"taxonomy":"category","embeddable":true,"href":"https:\/\/laprensacristiana.com\/index.php?rest_route=%2Fwp%2Fv2%2Fcategories&post=4184"},{"taxonomy":"post_tag","embeddable":true,"href":"https:\/\/laprensacristiana.com\/index.php?rest_route=%2Fwp%2Fv2%2Ftags&post=4184"}],"curies":[{"name":"wp","href":"https:\/\/api.w.org\/{rel}","templated":true}]}}