{"id":4189,"date":"2018-07-21T15:25:39","date_gmt":"2018-07-21T15:25:39","guid":{"rendered":"https:\/\/laprensacristiana.com\/?p=4189"},"modified":"2018-07-21T15:28:41","modified_gmt":"2018-07-21T15:28:41","slug":"un-llamado-a-la-iglesia-ante-la-violencia-social","status":"publish","type":"post","link":"https:\/\/laprensacristiana.com\/?p=4189","title":{"rendered":"Un llamado a la iglesia ante la violencia social"},"content":{"rendered":"<p>Por: <strong>Pastor\u00a0<span class=\"il\">Javier<\/span>\u00a0<span class=\"il\">Dom\u00ednguez &#8211; Iglesia Gracia Sobre Gracia<\/span><\/strong><\/p>\n<p><i><span style=\"font-weight: 400;\">Ya no hay entre mi pueblo fidelidad ni amor, ni conocimiento de Dios.\u00a0\u00a02\u00a0Cunden, m\u00e1s bien, el perjurio y la mentira. Abundan el robo, el adulterio y el asesinato. Hay violencia en todas partes \u00a1Un homicidio sigue a otro!<\/span><\/i><span style=\"font-weight: 400;\"> (Oseas 4:1b-2)<\/span><\/p>\n<p>A trav\u00e9s de este editorial quiero hablar sobre la naturaleza de la violencia en nuestro pa\u00eds, y las urgentes y necesarias intervenciones ante este mal que llena de dolor y muerte a los salvadore\u00f1os. Comenzar\u00e9 describiendo la perspectiva b\u00edblica, luego se\u00f1alar\u00e9 el punto de vista social, y por \u00faltimo mencionar\u00e9 las principales y sorprendentes responsabilidades de la iglesia ante este fen\u00f3meno.<\/p>\n<p>La violencia es la met\u00e1stasis del c\u00e1ncer llamado \u201cno hay conocimiento de Dios\u201d. Desde el G\u00e9nesis hasta el Apocalipsis hay una verdad que vemos de forma expl\u00edcita en el libro de Oseas: cuando una sociedad menosprecia el conocimiento de Dios, abandona tambi\u00e9n su amor y fidelidad hacia \u00c9l, y al hacerlo se pierde la paz, la dignidad y el respeto entre sus miembros. La sentencia social para un pueblo que abandona a Dios es sufrir las perversiones humanas unos contra otros.<\/p>\n<p>Todo acto de violencia, cualquiera que sea la justificaci\u00f3n del agresor, implica el menosprecio a la dignidad humana, esto se debe a que cuando menospreciamos el conocimiento del Dios, de qui\u00e9n fuimos creados a imagen, autom\u00e1ticamente despreciamos la dignidad humana que proviene de esa semejanza. Vemos una clara evidencia de esta perversi\u00f3n es el primer acto de violencia familiar registrado en la Biblia: el asesinato de Ca\u00edn contra Abel; qui\u00e9n por no temer a Dios no tuvo reparo en obrar con violencia contra la voluntad de su Creador y contra su creaci\u00f3n. Hoy en d\u00eda vemos lo mismo en nuestra sociedad salvadore\u00f1a: desconocimiento de Dios, infidelidad hacia \u00c9l y violencia contra los dem\u00e1s. El mismo patr\u00f3n.<\/p>\n<p><span style=\"font-weight: 400;\">\u00bfCu\u00e1l es el rol de las autoridades civiles en todo esto? Es interesante que, en el mismo libro de Oseas, una de las acusaciones de Dios contra Israel fue que sus autoridades, en lugar de accionarse contra la violencia de las pandillas que se levantaron en esa \u00e9poca, se alegraron con ellas. Dice Ose 7:1\u00a0<\/span><i><span style=\"font-weight: 400;\">\u201cCuando Yo quer\u00eda sanar a Israel, se descubri\u00f3 la iniquidad de Efra\u00edn Y las maldades de Samaria. Porque obran con enga\u00f1o: El ladr\u00f3n se mete por dentro, y la pandilla despoja por afuera, 2 y no se ponen a reflexionar\u2026 3 Con su maldad deleitan al rey; con sus mentiras, a las autoridades\u201d<\/span><\/i><span style=\"font-weight: 400;\">. Las autoridades no estorbaron la violencia de los abusadores y pandillas contra los ciudadanos de esa \u00e9poca, por lo que Dios los acus\u00f3 de ser injustos y pervertir lo ordenado por \u00c9l en sus funciones. Dios los juzg\u00f3.<\/span><\/p>\n<p>Parte de las responsabilidades del gobierno salvadore\u00f1o, seg\u00fan el orden de Dios, es juzgar, sentenciar y condenar a los que violentan la dignidad humana de hombres y mujeres, de los ni\u00f1os nacidos y no nacidos, pobres y ricos. Si nuestras autoridades no cumplen con esta funci\u00f3n, no solo estar\u00edan traicionando a la Patria, sino que a su vez estar\u00edan pecando de desobediencia hacia Dios, considerando su no intervenci\u00f3n, pasotismo e indiferencia a solucionar de ra\u00edz estos males sociales, como una afrenta flagrante a su Justicia y Santidad; lo cual podr\u00eda traer la ira de Dios contra esta naci\u00f3n (L\u00e9ase Romanos 1:18); si no es que ya se est\u00e1 manifestado. La demanda de un Dios santo a las autoridades de una naci\u00f3n es levantar la espada contra el malhechor, aunque este estuviera dentro de ellos mismos.<\/p>\n<p>\u00bfCu\u00e1l es la responsabilidad de la iglesia ante la violencia en general? la iglesia est\u00e1 llamada a tres cosas:<\/p>\n<ol>\n<li style=\"font-weight: 400;\"><strong>A condenar <\/strong><\/li>\n<\/ol>\n<p>La iglesia debe ejercer su responsabilidad de ser la conciencia del pueblo salvadore\u00f1o en temas \u00e9ticos y morales. Por tanto, en primer lugar, debe condenar p\u00fablicamente todo acto de violencia contra la dignidad humana. Hacer un firme llamado para que se cumpla la ley y se reconozca la responsabilidad ordenada por Dios, que le corresponde al gobierno civil, de proteger, investigar y procesar a los violentos.<\/p>\n<p>Adem\u00e1s, la iglesia protestante debe condenar la doble moral del actual gobierno que mientras hace una adecuada y en\u00e9rgica denuncia ante la violencia contra la dignidad de la mujer, a la vez apoyan la desvalorizaci\u00f3n de la dignidad humana a trav\u00e9s de patrocinar al lobby LGTBI y pro-aborto; movimientos que en s\u00ed mismos son violentos y destruyen la dignidad de los seres humanos rebaj\u00e1ndolos a simples animales evolucionados. Esta hipocres\u00eda pol\u00edtica es parte de la causa sist\u00e9mica de la actual violencia en nuestro pa\u00eds, y por tanto debe ser denunciada, tal como la historia de la iglesia protestante exige.<\/p>\n<p>Tambi\u00e9n la iglesia debe denunciar a los impulsadores de violencia culturalmente aceptados. Por ejemplo, el uso denigrante del cuerpo de las mujeres, ni\u00f1os y en algunos casos de hombres en publicidad y marketing; o el patrocinio que los padres hacen al comprarle juegos electr\u00f3nicos a sus hijos de contenido expl\u00edcitamente violento o sexual. \u00bfC\u00f3mo queremos que haya paz y salud mental si la familia salvadore\u00f1a compra los anti-valores culturales para su ocio y diversi\u00f3n?<\/p>\n<p>2. <strong>A ense\u00f1ar<\/strong><\/p>\n<p>La iglesia, dejando a un lado las modas actuales de predicaci\u00f3n, debe regresar a predicar expositivamente el texto b\u00edblico. Debe recuperar la ense\u00f1anza b\u00edblica-teol\u00f3gica del evangelio en los p\u00falpitos. Las modas cristianas, aunque pueden impactar las mentes no tienen el poder de transformar corazones; esto solo lo logra el evangelio de Jesucristo.<\/p>\n<p>La iglesia debe recuperar y ense\u00f1ar algunas doctrinas importantes actualmente olvidadas o desestimadas: la infabilidad de la Biblia, su perspicuidad, as\u00ed como el complementarismo entre el hombre y la mujer, entre sus roles y funciones distintivas ordenadas por Dios dentro de una sociedad.<\/p>\n<p>3.\u00a0<strong>A orar<\/strong><\/p>\n<p>Debemos orar por nuestras autoridades, para que teman a Dios, se conviertan a \u00c9l y se humillen ante su Justicia y Santidad. Por los pastores, para que sean obreros que no tengan de qu\u00e9 avergonzarse, que tracen fielmente la Palabra de Verdad. Y por todos los creyentes, para que cumplan su ministerio de hablar el evangelio y lo muestren con su santa manera de vivir.<\/p>\n","protected":false},"excerpt":{"rendered":"<p>Por: Pastor\u00a0Javier\u00a0Dom\u00ednguez &#8211; Iglesia Gracia Sobre Gracia Ya no hay entre mi pueblo fidelidad ni amor, ni conocimiento de Dios.\u00a0\u00a02\u00a0Cunden, m\u00e1s bien, el perjurio y la mentira. Abundan el robo, el adulterio y el asesinato. Hay violencia en todas partes \u00a1Un homicidio sigue a otro! (Oseas 4:1b-2) A trav\u00e9s de este editorial quiero hablar sobre [&hellip;]<\/p>\n","protected":false},"author":3,"featured_media":3276,"comment_status":"open","ping_status":"open","sticky":false,"template":"","format":"standard","meta":[],"categories":[23],"tags":[],"yoast_head":"<!-- This site is optimized with the Yoast SEO plugin v20.8 - https:\/\/yoast.com\/wordpress\/plugins\/seo\/ -->\n<title>Un llamado a la iglesia ante la violencia social - La Prensa Cristiana<\/title>\n<meta name=\"robots\" content=\"index, follow, max-snippet:-1, max-image-preview:large, max-video-preview:-1\" \/>\n<link rel=\"canonical\" href=\"https:\/\/laprensacristiana.com\/?p=4189\" \/>\n<meta property=\"og:locale\" content=\"es_ES\" \/>\n<meta property=\"og:type\" content=\"article\" \/>\n<meta property=\"og:title\" content=\"Un llamado a la iglesia ante la violencia social - La Prensa Cristiana\" \/>\n<meta property=\"og:description\" content=\"Por: Pastor\u00a0Javier\u00a0Dom\u00ednguez &#8211; Iglesia Gracia Sobre Gracia Ya no hay entre mi pueblo fidelidad ni amor, ni conocimiento de Dios.\u00a0\u00a02\u00a0Cunden, m\u00e1s bien, el perjurio y la mentira. Abundan el robo, el adulterio y el asesinato. Hay violencia en todas partes \u00a1Un homicidio sigue a otro! (Oseas 4:1b-2) A trav\u00e9s de este editorial quiero hablar sobre [&hellip;]\" \/>\n<meta property=\"og:url\" content=\"https:\/\/laprensacristiana.com\/?p=4189\" \/>\n<meta property=\"og:site_name\" content=\"La Prensa Cristiana\" \/>\n<meta property=\"article:published_time\" content=\"2018-07-21T15:25:39+00:00\" \/>\n<meta property=\"article:modified_time\" content=\"2018-07-21T15:28:41+00:00\" \/>\n<meta property=\"og:image\" content=\"https:\/\/laprensacristiana.com\/wp-content\/uploads\/2017\/10\/OPINION-PASTOR-DOMINGUEZ-01-scaled.jpg\" \/>\n\t<meta property=\"og:image:width\" content=\"2560\" \/>\n\t<meta property=\"og:image:height\" content=\"1429\" \/>\n\t<meta property=\"og:image:type\" content=\"image\/jpeg\" \/>\n<meta name=\"author\" content=\"EDITOR\" \/>\n<meta name=\"twitter:card\" content=\"summary_large_image\" \/>\n<meta name=\"twitter:label1\" content=\"Escrito por\" \/>\n\t<meta name=\"twitter:data1\" content=\"EDITOR\" \/>\n\t<meta name=\"twitter:label2\" content=\"Tiempo de lectura\" \/>\n\t<meta name=\"twitter:data2\" content=\"5 minutos\" \/>\n<script type=\"application\/ld+json\" class=\"yoast-schema-graph\">{\"@context\":\"https:\/\/schema.org\",\"@graph\":[{\"@type\":\"WebPage\",\"@id\":\"https:\/\/laprensacristiana.com\/?p=4189\",\"url\":\"https:\/\/laprensacristiana.com\/?p=4189\",\"name\":\"Un llamado a la iglesia ante la violencia social - La Prensa Cristiana\",\"isPartOf\":{\"@id\":\"https:\/\/laprensacristiana.com\/#website\"},\"datePublished\":\"2018-07-21T15:25:39+00:00\",\"dateModified\":\"2018-07-21T15:28:41+00:00\",\"author\":{\"@id\":\"https:\/\/laprensacristiana.com\/#\/schema\/person\/3e7d82c6bfd6b1fa67010f8f7cd5256e\"},\"breadcrumb\":{\"@id\":\"https:\/\/laprensacristiana.com\/?p=4189#breadcrumb\"},\"inLanguage\":\"es\",\"potentialAction\":[{\"@type\":\"ReadAction\",\"target\":[\"https:\/\/laprensacristiana.com\/?p=4189\"]}]},{\"@type\":\"BreadcrumbList\",\"@id\":\"https:\/\/laprensacristiana.com\/?p=4189#breadcrumb\",\"itemListElement\":[{\"@type\":\"ListItem\",\"position\":1,\"name\":\"Portada\",\"item\":\"https:\/\/laprensacristiana.com\/\"},{\"@type\":\"ListItem\",\"position\":2,\"name\":\"Un llamado a la iglesia ante la violencia social\"}]},{\"@type\":\"WebSite\",\"@id\":\"https:\/\/laprensacristiana.com\/#website\",\"url\":\"https:\/\/laprensacristiana.com\/\",\"name\":\"La Prensa Cristiana\",\"description\":\"Anunciando Las Buenas Nuevas\",\"potentialAction\":[{\"@type\":\"SearchAction\",\"target\":{\"@type\":\"EntryPoint\",\"urlTemplate\":\"https:\/\/laprensacristiana.com\/?s={search_term_string}\"},\"query-input\":\"required name=search_term_string\"}],\"inLanguage\":\"es\"},{\"@type\":\"Person\",\"@id\":\"https:\/\/laprensacristiana.com\/#\/schema\/person\/3e7d82c6bfd6b1fa67010f8f7cd5256e\",\"name\":\"EDITOR\",\"image\":{\"@type\":\"ImageObject\",\"inLanguage\":\"es\",\"@id\":\"https:\/\/laprensacristiana.com\/#\/schema\/person\/image\/\",\"url\":\"https:\/\/secure.gravatar.com\/avatar\/72069dfb6c13772d9e8381e3638666d2?s=96&d=mm&r=g\",\"contentUrl\":\"https:\/\/secure.gravatar.com\/avatar\/72069dfb6c13772d9e8381e3638666d2?s=96&d=mm&r=g\",\"caption\":\"EDITOR\"},\"url\":\"https:\/\/laprensacristiana.com\/?author=3\"}]}<\/script>\n<!-- \/ Yoast SEO plugin. -->","yoast_head_json":{"title":"Un llamado a la iglesia ante la violencia social - La Prensa Cristiana","robots":{"index":"index","follow":"follow","max-snippet":"max-snippet:-1","max-image-preview":"max-image-preview:large","max-video-preview":"max-video-preview:-1"},"canonical":"https:\/\/laprensacristiana.com\/?p=4189","og_locale":"es_ES","og_type":"article","og_title":"Un llamado a la iglesia ante la violencia social - La Prensa Cristiana","og_description":"Por: Pastor\u00a0Javier\u00a0Dom\u00ednguez &#8211; Iglesia Gracia Sobre Gracia Ya no hay entre mi pueblo fidelidad ni amor, ni conocimiento de Dios.\u00a0\u00a02\u00a0Cunden, m\u00e1s bien, el perjurio y la mentira. Abundan el robo, el adulterio y el asesinato. Hay violencia en todas partes \u00a1Un homicidio sigue a otro! (Oseas 4:1b-2) A trav\u00e9s de este editorial quiero hablar sobre [&hellip;]","og_url":"https:\/\/laprensacristiana.com\/?p=4189","og_site_name":"La Prensa Cristiana","article_published_time":"2018-07-21T15:25:39+00:00","article_modified_time":"2018-07-21T15:28:41+00:00","og_image":[{"width":2560,"height":1429,"url":"https:\/\/laprensacristiana.com\/wp-content\/uploads\/2017\/10\/OPINION-PASTOR-DOMINGUEZ-01-scaled.jpg","type":"image\/jpeg"}],"author":"EDITOR","twitter_card":"summary_large_image","twitter_misc":{"Escrito por":"EDITOR","Tiempo de lectura":"5 minutos"},"schema":{"@context":"https:\/\/schema.org","@graph":[{"@type":"WebPage","@id":"https:\/\/laprensacristiana.com\/?p=4189","url":"https:\/\/laprensacristiana.com\/?p=4189","name":"Un llamado a la iglesia ante la violencia social - La Prensa Cristiana","isPartOf":{"@id":"https:\/\/laprensacristiana.com\/#website"},"datePublished":"2018-07-21T15:25:39+00:00","dateModified":"2018-07-21T15:28:41+00:00","author":{"@id":"https:\/\/laprensacristiana.com\/#\/schema\/person\/3e7d82c6bfd6b1fa67010f8f7cd5256e"},"breadcrumb":{"@id":"https:\/\/laprensacristiana.com\/?p=4189#breadcrumb"},"inLanguage":"es","potentialAction":[{"@type":"ReadAction","target":["https:\/\/laprensacristiana.com\/?p=4189"]}]},{"@type":"BreadcrumbList","@id":"https:\/\/laprensacristiana.com\/?p=4189#breadcrumb","itemListElement":[{"@type":"ListItem","position":1,"name":"Portada","item":"https:\/\/laprensacristiana.com\/"},{"@type":"ListItem","position":2,"name":"Un llamado a la iglesia ante la violencia social"}]},{"@type":"WebSite","@id":"https:\/\/laprensacristiana.com\/#website","url":"https:\/\/laprensacristiana.com\/","name":"La Prensa Cristiana","description":"Anunciando Las Buenas Nuevas","potentialAction":[{"@type":"SearchAction","target":{"@type":"EntryPoint","urlTemplate":"https:\/\/laprensacristiana.com\/?s={search_term_string}"},"query-input":"required name=search_term_string"}],"inLanguage":"es"},{"@type":"Person","@id":"https:\/\/laprensacristiana.com\/#\/schema\/person\/3e7d82c6bfd6b1fa67010f8f7cd5256e","name":"EDITOR","image":{"@type":"ImageObject","inLanguage":"es","@id":"https:\/\/laprensacristiana.com\/#\/schema\/person\/image\/","url":"https:\/\/secure.gravatar.com\/avatar\/72069dfb6c13772d9e8381e3638666d2?s=96&d=mm&r=g","contentUrl":"https:\/\/secure.gravatar.com\/avatar\/72069dfb6c13772d9e8381e3638666d2?s=96&d=mm&r=g","caption":"EDITOR"},"url":"https:\/\/laprensacristiana.com\/?author=3"}]}},"_links":{"self":[{"href":"https:\/\/laprensacristiana.com\/index.php?rest_route=\/wp\/v2\/posts\/4189"}],"collection":[{"href":"https:\/\/laprensacristiana.com\/index.php?rest_route=\/wp\/v2\/posts"}],"about":[{"href":"https:\/\/laprensacristiana.com\/index.php?rest_route=\/wp\/v2\/types\/post"}],"author":[{"embeddable":true,"href":"https:\/\/laprensacristiana.com\/index.php?rest_route=\/wp\/v2\/users\/3"}],"replies":[{"embeddable":true,"href":"https:\/\/laprensacristiana.com\/index.php?rest_route=%2Fwp%2Fv2%2Fcomments&post=4189"}],"version-history":[{"count":2,"href":"https:\/\/laprensacristiana.com\/index.php?rest_route=\/wp\/v2\/posts\/4189\/revisions"}],"predecessor-version":[{"id":4191,"href":"https:\/\/laprensacristiana.com\/index.php?rest_route=\/wp\/v2\/posts\/4189\/revisions\/4191"}],"wp:featuredmedia":[{"embeddable":true,"href":"https:\/\/laprensacristiana.com\/index.php?rest_route=\/wp\/v2\/media\/3276"}],"wp:attachment":[{"href":"https:\/\/laprensacristiana.com\/index.php?rest_route=%2Fwp%2Fv2%2Fmedia&parent=4189"}],"wp:term":[{"taxonomy":"category","embeddable":true,"href":"https:\/\/laprensacristiana.com\/index.php?rest_route=%2Fwp%2Fv2%2Fcategories&post=4189"},{"taxonomy":"post_tag","embeddable":true,"href":"https:\/\/laprensacristiana.com\/index.php?rest_route=%2Fwp%2Fv2%2Ftags&post=4189"}],"curies":[{"name":"wp","href":"https:\/\/api.w.org\/{rel}","templated":true}]}}