{"id":4193,"date":"2018-07-23T17:22:21","date_gmt":"2018-07-23T17:22:21","guid":{"rendered":"https:\/\/laprensacristiana.com\/?p=4193"},"modified":"2020-07-01T23:39:22","modified_gmt":"2020-07-01T23:39:22","slug":"fallece-pastor-en-tacuba-ahuachapan","status":"publish","type":"post","link":"https:\/\/laprensacristiana.com\/?p=4193","title":{"rendered":"Fallece pastor en Tacuba, Ahuachap\u00e1n"},"content":{"rendered":"<p><strong>Por: Erika Menjivar<\/strong><\/p>\n<p>El pasado domingo 15 de julio, se registraba el asesinato del pastor de Iglesia Prof\u00e9tica La Ciudad de Dios, Jos\u00e9 Isaac Garc\u00eda Zalda\u00f1a<\/p>\n<p>Era un joven campesino sin estudios superiores de teolog\u00eda, pero con el deseo de llevar la palabra de Dios a las naciones, quien a pesar de las adversidades continu\u00f3 hasta el final su legado evangelistico.<\/p>\n<p>El pastor Omar D\u00edaz, pastor de Iglesia Elim en Zacatecoluca, expresa que: \u201cLamento que la violencia continu\u00e9 infringiendo dolor en la poblaci\u00f3n salvadore\u00f1a como consecuencia de su falta de valores y el gobierno de Dios en las personas\u201d, a\u00f1ade. Adem\u00e1s, expresa que a pesar de las condiciones de inseguridad que el pa\u00eds vive, como creyentes no se debe desmayar del servicio a los dem\u00e1s.<\/p>\n<p>\u201cAs\u00ed mismo, expreso mis condolencias a la familia y honro a este disc\u00edpulo que no solo am\u00f3 a Dios, sino hasta la muerte am\u00f3 y sirvi\u00f3 a su pr\u00f3jimo. Ejemplo que debemos seguir para todo bien\u201d, coment\u00f3 el pastor Omar D\u00edaz.<\/p>\n<p>Seg\u00fan las autoridades, el asesinato del pastor Garc\u00eda fue a causa de la ola de delincuencia que El Salvador vive desde hace muchos a\u00f1os, hasta el momento no se han esclarecido los hechos de este caso.<\/p>\n","protected":false},"excerpt":{"rendered":"<p>Por: Erika Menjivar El pasado domingo 15 de julio, se registraba el asesinato del pastor de Iglesia Prof\u00e9tica La Ciudad de Dios, Jos\u00e9 Isaac Garc\u00eda Zalda\u00f1a Era un joven campesino sin estudios superiores de teolog\u00eda, pero con el deseo de llevar la palabra de Dios a las naciones, quien a pesar de las adversidades continu\u00f3 [&hellip;]<\/p>\n","protected":false},"author":3,"featured_media":4194,"comment_status":"open","ping_status":"open","sticky":false,"template":"","format":"standard","meta":[],"categories":[56],"tags":[],"yoast_head":"<!-- This site is optimized with the Yoast SEO plugin v20.8 - https:\/\/yoast.com\/wordpress\/plugins\/seo\/ -->\n<title>Fallece pastor en Tacuba, Ahuachap\u00e1n - La Prensa Cristiana<\/title>\n<meta name=\"robots\" content=\"index, follow, max-snippet:-1, max-image-preview:large, max-video-preview:-1\" \/>\n<link rel=\"canonical\" href=\"https:\/\/laprensacristiana.com\/?p=4193\" \/>\n<meta property=\"og:locale\" content=\"es_ES\" \/>\n<meta property=\"og:type\" content=\"article\" \/>\n<meta property=\"og:title\" content=\"Fallece pastor en Tacuba, Ahuachap\u00e1n - La Prensa Cristiana\" \/>\n<meta property=\"og:description\" content=\"Por: Erika Menjivar El pasado domingo 15 de julio, se registraba el asesinato del pastor de Iglesia Prof\u00e9tica La Ciudad de Dios, Jos\u00e9 Isaac Garc\u00eda Zalda\u00f1a Era un joven campesino sin estudios superiores de teolog\u00eda, pero con el deseo de llevar la palabra de Dios a las naciones, quien a pesar de las adversidades continu\u00f3 [&hellip;]\" \/>\n<meta property=\"og:url\" content=\"https:\/\/laprensacristiana.com\/?p=4193\" \/>\n<meta property=\"og:site_name\" content=\"La Prensa Cristiana\" \/>\n<meta property=\"article:published_time\" content=\"2018-07-23T17:22:21+00:00\" \/>\n<meta property=\"article:modified_time\" content=\"2020-07-01T23:39:22+00:00\" \/>\n<meta property=\"og:image\" content=\"https:\/\/laprensacristiana.com\/wp-content\/uploads\/2018\/07\/qqqq.jpg\" \/>\n\t<meta property=\"og:image:width\" content=\"2000\" \/>\n\t<meta property=\"og:image:height\" content=\"1000\" \/>\n\t<meta property=\"og:image:type\" content=\"image\/jpeg\" \/>\n<meta name=\"author\" content=\"EDITOR\" \/>\n<meta name=\"twitter:card\" content=\"summary_large_image\" \/>\n<meta name=\"twitter:label1\" content=\"Escrito por\" \/>\n\t<meta name=\"twitter:data1\" content=\"EDITOR\" \/>\n\t<meta name=\"twitter:label2\" content=\"Tiempo de lectura\" \/>\n\t<meta name=\"twitter:data2\" content=\"1 minuto\" \/>\n<script type=\"application\/ld+json\" class=\"yoast-schema-graph\">{\"@context\":\"https:\/\/schema.org\",\"@graph\":[{\"@type\":\"WebPage\",\"@id\":\"https:\/\/laprensacristiana.com\/?p=4193\",\"url\":\"https:\/\/laprensacristiana.com\/?p=4193\",\"name\":\"Fallece pastor en Tacuba, Ahuachap\u00e1n - La Prensa Cristiana\",\"isPartOf\":{\"@id\":\"https:\/\/laprensacristiana.com\/#website\"},\"datePublished\":\"2018-07-23T17:22:21+00:00\",\"dateModified\":\"2020-07-01T23:39:22+00:00\",\"author\":{\"@id\":\"https:\/\/laprensacristiana.com\/#\/schema\/person\/3e7d82c6bfd6b1fa67010f8f7cd5256e\"},\"breadcrumb\":{\"@id\":\"https:\/\/laprensacristiana.com\/?p=4193#breadcrumb\"},\"inLanguage\":\"es\",\"potentialAction\":[{\"@type\":\"ReadAction\",\"target\":[\"https:\/\/laprensacristiana.com\/?p=4193\"]}]},{\"@type\":\"BreadcrumbList\",\"@id\":\"https:\/\/laprensacristiana.com\/?p=4193#breadcrumb\",\"itemListElement\":[{\"@type\":\"ListItem\",\"position\":1,\"name\":\"Portada\",\"item\":\"https:\/\/laprensacristiana.com\/\"},{\"@type\":\"ListItem\",\"position\":2,\"name\":\"Fallece pastor en Tacuba, Ahuachap\u00e1n\"}]},{\"@type\":\"WebSite\",\"@id\":\"https:\/\/laprensacristiana.com\/#website\",\"url\":\"https:\/\/laprensacristiana.com\/\",\"name\":\"La Prensa Cristiana\",\"description\":\"Anunciando Las Buenas Nuevas\",\"potentialAction\":[{\"@type\":\"SearchAction\",\"target\":{\"@type\":\"EntryPoint\",\"urlTemplate\":\"https:\/\/laprensacristiana.com\/?s={search_term_string}\"},\"query-input\":\"required name=search_term_string\"}],\"inLanguage\":\"es\"},{\"@type\":\"Person\",\"@id\":\"https:\/\/laprensacristiana.com\/#\/schema\/person\/3e7d82c6bfd6b1fa67010f8f7cd5256e\",\"name\":\"EDITOR\",\"image\":{\"@type\":\"ImageObject\",\"inLanguage\":\"es\",\"@id\":\"https:\/\/laprensacristiana.com\/#\/schema\/person\/image\/\",\"url\":\"https:\/\/secure.gravatar.com\/avatar\/72069dfb6c13772d9e8381e3638666d2?s=96&d=mm&r=g\",\"contentUrl\":\"https:\/\/secure.gravatar.com\/avatar\/72069dfb6c13772d9e8381e3638666d2?s=96&d=mm&r=g\",\"caption\":\"EDITOR\"},\"url\":\"https:\/\/laprensacristiana.com\/?author=3\"}]}<\/script>\n<!-- \/ Yoast SEO plugin. -->","yoast_head_json":{"title":"Fallece pastor en Tacuba, Ahuachap\u00e1n - La Prensa Cristiana","robots":{"index":"index","follow":"follow","max-snippet":"max-snippet:-1","max-image-preview":"max-image-preview:large","max-video-preview":"max-video-preview:-1"},"canonical":"https:\/\/laprensacristiana.com\/?p=4193","og_locale":"es_ES","og_type":"article","og_title":"Fallece pastor en Tacuba, Ahuachap\u00e1n - La Prensa Cristiana","og_description":"Por: Erika Menjivar El pasado domingo 15 de julio, se registraba el asesinato del pastor de Iglesia Prof\u00e9tica La Ciudad de Dios, Jos\u00e9 Isaac Garc\u00eda Zalda\u00f1a Era un joven campesino sin estudios superiores de teolog\u00eda, pero con el deseo de llevar la palabra de Dios a las naciones, quien a pesar de las adversidades continu\u00f3 [&hellip;]","og_url":"https:\/\/laprensacristiana.com\/?p=4193","og_site_name":"La Prensa Cristiana","article_published_time":"2018-07-23T17:22:21+00:00","article_modified_time":"2020-07-01T23:39:22+00:00","og_image":[{"width":2000,"height":1000,"url":"https:\/\/laprensacristiana.com\/wp-content\/uploads\/2018\/07\/qqqq.jpg","type":"image\/jpeg"}],"author":"EDITOR","twitter_card":"summary_large_image","twitter_misc":{"Escrito por":"EDITOR","Tiempo de lectura":"1 minuto"},"schema":{"@context":"https:\/\/schema.org","@graph":[{"@type":"WebPage","@id":"https:\/\/laprensacristiana.com\/?p=4193","url":"https:\/\/laprensacristiana.com\/?p=4193","name":"Fallece pastor en Tacuba, Ahuachap\u00e1n - La Prensa Cristiana","isPartOf":{"@id":"https:\/\/laprensacristiana.com\/#website"},"datePublished":"2018-07-23T17:22:21+00:00","dateModified":"2020-07-01T23:39:22+00:00","author":{"@id":"https:\/\/laprensacristiana.com\/#\/schema\/person\/3e7d82c6bfd6b1fa67010f8f7cd5256e"},"breadcrumb":{"@id":"https:\/\/laprensacristiana.com\/?p=4193#breadcrumb"},"inLanguage":"es","potentialAction":[{"@type":"ReadAction","target":["https:\/\/laprensacristiana.com\/?p=4193"]}]},{"@type":"BreadcrumbList","@id":"https:\/\/laprensacristiana.com\/?p=4193#breadcrumb","itemListElement":[{"@type":"ListItem","position":1,"name":"Portada","item":"https:\/\/laprensacristiana.com\/"},{"@type":"ListItem","position":2,"name":"Fallece pastor en Tacuba, Ahuachap\u00e1n"}]},{"@type":"WebSite","@id":"https:\/\/laprensacristiana.com\/#website","url":"https:\/\/laprensacristiana.com\/","name":"La Prensa Cristiana","description":"Anunciando Las Buenas Nuevas","potentialAction":[{"@type":"SearchAction","target":{"@type":"EntryPoint","urlTemplate":"https:\/\/laprensacristiana.com\/?s={search_term_string}"},"query-input":"required name=search_term_string"}],"inLanguage":"es"},{"@type":"Person","@id":"https:\/\/laprensacristiana.com\/#\/schema\/person\/3e7d82c6bfd6b1fa67010f8f7cd5256e","name":"EDITOR","image":{"@type":"ImageObject","inLanguage":"es","@id":"https:\/\/laprensacristiana.com\/#\/schema\/person\/image\/","url":"https:\/\/secure.gravatar.com\/avatar\/72069dfb6c13772d9e8381e3638666d2?s=96&d=mm&r=g","contentUrl":"https:\/\/secure.gravatar.com\/avatar\/72069dfb6c13772d9e8381e3638666d2?s=96&d=mm&r=g","caption":"EDITOR"},"url":"https:\/\/laprensacristiana.com\/?author=3"}]}},"_links":{"self":[{"href":"https:\/\/laprensacristiana.com\/index.php?rest_route=\/wp\/v2\/posts\/4193"}],"collection":[{"href":"https:\/\/laprensacristiana.com\/index.php?rest_route=\/wp\/v2\/posts"}],"about":[{"href":"https:\/\/laprensacristiana.com\/index.php?rest_route=\/wp\/v2\/types\/post"}],"author":[{"embeddable":true,"href":"https:\/\/laprensacristiana.com\/index.php?rest_route=\/wp\/v2\/users\/3"}],"replies":[{"embeddable":true,"href":"https:\/\/laprensacristiana.com\/index.php?rest_route=%2Fwp%2Fv2%2Fcomments&post=4193"}],"version-history":[{"count":1,"href":"https:\/\/laprensacristiana.com\/index.php?rest_route=\/wp\/v2\/posts\/4193\/revisions"}],"predecessor-version":[{"id":4195,"href":"https:\/\/laprensacristiana.com\/index.php?rest_route=\/wp\/v2\/posts\/4193\/revisions\/4195"}],"wp:featuredmedia":[{"embeddable":true,"href":"https:\/\/laprensacristiana.com\/index.php?rest_route=\/wp\/v2\/media\/4194"}],"wp:attachment":[{"href":"https:\/\/laprensacristiana.com\/index.php?rest_route=%2Fwp%2Fv2%2Fmedia&parent=4193"}],"wp:term":[{"taxonomy":"category","embeddable":true,"href":"https:\/\/laprensacristiana.com\/index.php?rest_route=%2Fwp%2Fv2%2Fcategories&post=4193"},{"taxonomy":"post_tag","embeddable":true,"href":"https:\/\/laprensacristiana.com\/index.php?rest_route=%2Fwp%2Fv2%2Ftags&post=4193"}],"curies":[{"name":"wp","href":"https:\/\/api.w.org\/{rel}","templated":true}]}}